{"id":9964,"date":"2024-05-29T09:00:00","date_gmt":"2024-05-29T09:00:00","guid":{"rendered":"https:\/\/www.mojemedunka.cz\/?p=9964"},"modified":"2024-06-27T09:10:33","modified_gmt":"2024-06-27T09:10:33","slug":"cervnova-medunko-vitej","status":"publish","type":"post","link":"https:\/\/www.mojemedunka.cz\/index.php\/2024\/05\/29\/cervnova-medunko-vitej\/","title":{"rendered":"\u010cERVNOV\u00c1 MEDU\u0147KO, V\u00cdTEJ!!!"},"content":{"rendered":"\n<p><strong>P\u0159\u00e1tel\u00e9, p\u0159edpokl\u00e1d\u00e1me, \u017ee p\u0159\u00edznivci Medu\u0148ky u\u017e to sice v\u011bd\u00ed, ale i tak p\u0159ipom\u00edn\u00e1me, \u017ee PR\u00c1V\u011a VY\u0160LO \u010dervnov\u00e9 \u010d\u00edslo s kr\u00e1sn\u00fdm obr\u00e1zkem na ob\u00e1lce a je pro v\u00e1s k\u00a0dispozici na st\u00e1nc\u00edch, v\u00a0obchodech a na dal\u0161\u00edch prodejn\u00edch m\u00edstech. A samoz\u0159ejm\u011b tak\u00e9 na <a href=\"http:\/\/emedunka.cz\" data-type=\"link\" data-id=\"emedunka.cz\">emedunka.cz<\/a><\/strong><br><br><br>A co jsme pro v\u00e1s spole\u010dn\u011b s\u00a0na\u0161imi autory v\u00a0\u010dervnov\u00e9m \u010d\u00edsle p\u0159ipravili? Nap\u0159\u00edklad rozhovor s\u00a0filozofem a spisovatelem Janem Konfr\u0161tem, s\u00e9rii \u010dl\u00e1nk\u016f \u00a0na hlavn\u00ed t\u00e9ma SPOKOJEN\u00c1 RODINA, ZDRAV\u00c9 D\u011aTI (nap\u0159. \u010dl\u00e1nek o l\u00e9\u010db\u011b porodn\u00edho traumatu, o speci\u00e1ln\u00edch pot\u0159eb\u00e1ch vysoce citliv\u00fdch d\u011bt\u00ed nebo o p\u00e9\u010di o d\u011btsk\u00e9 zuby), dal\u0161\u00ed d\u00edl seri\u00e1lu o hormonech od MUDr. L. Elekov\u00e9 \u2013 tentokr\u00e1t o inzul\u00ednu, \u010dl\u00e1nek \u00a0o v\u00fdchov\u011b d\u011bt\u00ed z\u00a0duchovn\u00edho pohledu a mnoho dal\u0161\u00edho zaj\u00edmav\u00e9ho \u010dten\u00ed&#8230;<br><strong>I v\u00a0tomto \u010d\u00edsle najdete tak\u00e9 k\u00f3d pro vstup do \u010dten\u00e1\u0159sk\u00e9 sekce na na\u0161em medu\u0148kov\u00e9m webu.<\/strong><\/p>\n\n\n\n<p><em><strong>P\u0159ejeme v\u00e1m za celou redakci p\u0159\u00edjemn\u00e9 chv\u00edle s&nbsp;novou Medu\u0148kou, a\u0165 je v\u00e1m k u\u017eitku!<\/strong><\/em><\/p>\n","protected":false},"excerpt":{"rendered":"<p>P\u0159\u00e1tel\u00e9, p\u0159edpokl\u00e1d\u00e1me, \u017ee p\u0159\u00edznivci Medu\u0148ky u\u017e to sice v\u011bd\u00ed, ale i tak p\u0159ipom\u00edn\u00e1me, \u017ee PR\u00c1V\u011a VY\u0160LO \u010dervnov\u00e9 \u010d\u00edslo s kr\u00e1sn\u00fdm obr\u00e1zkem na ob\u00e1lce a je pro v\u00e1s k\u00a0dispozici na st\u00e1nc\u00edch, v\u00a0obchodech a na dal\u0161\u00edch prodejn\u00edch m\u00edstech. A samoz\u0159ejm\u011b tak\u00e9 na emedunka.cz A co jsme pro v\u00e1s spole\u010dn\u011b s\u00a0na\u0161imi autory v\u00a0\u010dervnov\u00e9m \u010d\u00edsle p\u0159ipravili? Nap\u0159\u00edklad rozhovor s\u00a0filozofem a spisovatelem Janem Konfr\u0161tem, s\u00e9rii \u010dl\u00e1nk\u016f \u00a0na hlavn\u00ed t\u00e9ma SPOKOJEN\u00c1 RODINA, ZDRAV\u00c9 D\u011aTI (nap\u0159. \u010dl\u00e1nek o l\u00e9\u010db\u011b porodn\u00edho traumatu, o speci\u00e1ln\u00edch pot\u0159eb\u00e1ch vysoce citliv\u00fdch d\u011bt\u00ed nebo o p\u00e9\u010di o d\u011btsk\u00e9 zuby), dal\u0161\u00ed d\u00edl seri\u00e1lu o hormonech od MUDr. L. Elekov\u00e9 \u2013 tentokr\u00e1t o inzul\u00ednu, \u010dl\u00e1nek \u00a0o v\u00fdchov\u011b d\u011bt\u00ed z\u00a0duchovn\u00edho pohledu a mnoho dal\u0161\u00edho zaj\u00edmav\u00e9ho \u010dten\u00ed&#8230;I v\u00a0tomto \u010d\u00edsle najdete tak\u00e9 k\u00f3d pro vstup do \u010dten\u00e1\u0159sk\u00e9 sekce na na\u0161em medu\u0148kov\u00e9m webu. P\u0159ejeme v\u00e1m za celou redakci p\u0159\u00edjemn\u00e9 chv\u00edle s&nbsp;novou Medu\u0148kou, a\u0165 je v\u00e1m k u\u017eitku!<\/p>\n","protected":false},"author":3,"featured_media":9982,"comment_status":"closed","ping_status":"closed","sticky":false,"template":"","format":"standard","meta":{"footnotes":""},"categories":[134,1,31],"tags":[],"class_list":["post-9964","post","type-post","status-publish","format-standard","has-post-thumbnail","hentry","category-ctenarska-sekce","category-medunka","category-pro-inspiraci"],"acf":[],"_links":{"self":[{"href":"https:\/\/www.mojemedunka.cz\/index.php\/wp-json\/wp\/v2\/posts\/9964","targetHints":{"allow":["GET"]}}],"collection":[{"href":"https:\/\/www.mojemedunka.cz\/index.php\/wp-json\/wp\/v2\/posts"}],"about":[{"href":"https:\/\/www.mojemedunka.cz\/index.php\/wp-json\/wp\/v2\/types\/post"}],"author":[{"embeddable":true,"href":"https:\/\/www.mojemedunka.cz\/index.php\/wp-json\/wp\/v2\/users\/3"}],"replies":[{"embeddable":true,"href":"https:\/\/www.mojemedunka.cz\/index.php\/wp-json\/wp\/v2\/comments?post=9964"}],"version-history":[{"count":5,"href":"https:\/\/www.mojemedunka.cz\/index.php\/wp-json\/wp\/v2\/posts\/9964\/revisions"}],"predecessor-version":[{"id":9971,"href":"https:\/\/www.mojemedunka.cz\/index.php\/wp-json\/wp\/v2\/posts\/9964\/revisions\/9971"}],"wp:featuredmedia":[{"embeddable":true,"href":"https:\/\/www.mojemedunka.cz\/index.php\/wp-json\/wp\/v2\/media\/9982"}],"wp:attachment":[{"href":"https:\/\/www.mojemedunka.cz\/index.php\/wp-json\/wp\/v2\/media?parent=9964"}],"wp:term":[{"taxonomy":"category","embeddable":true,"href":"https:\/\/www.mojemedunka.cz\/index.php\/wp-json\/wp\/v2\/categories?post=9964"},{"taxonomy":"post_tag","embeddable":true,"href":"https:\/\/www.mojemedunka.cz\/index.php\/wp-json\/wp\/v2\/tags?post=9964"}],"curies":[{"name":"wp","href":"https:\/\/api.w.org\/{rel}","templated":true}]}}