{"id":9674,"date":"2024-03-10T07:33:00","date_gmt":"2024-03-10T07:33:00","guid":{"rendered":"https:\/\/www.mojemedunka.cz\/?p=9674"},"modified":"2024-03-11T18:40:56","modified_gmt":"2024-03-11T18:40:56","slug":"meduncina-detoxikacni-poradna-s-vladkou-malovou-brezen-2024","status":"publish","type":"post","link":"https:\/\/www.mojemedunka.cz\/index.php\/2024\/03\/10\/meduncina-detoxikacni-poradna-s-vladkou-malovou-brezen-2024\/","title":{"rendered":"Medu\u0148\u010dina detoxika\u010dn\u00ed poradna s Vla\u010fkou M\u00e1lovou: b\u0159ezen 2024"},"content":{"rendered":"\n<p><strong>Psychosomatick\u00e9 obt\u00ed\u017ee<\/strong><br><em>Vybrala jsem pro tento m\u011bs\u00edc p\u0159\u00edb\u011bh z poradny a v\u011b\u0159\u00edm, \u017ee oslov\u00ed mnoh\u00e9 z v\u00e1s. P\u0159\u00edb\u011bh m\u00e1 dv\u011b roviny. Jedna z nich je fyzick\u00e1 s projevy v nervov\u00e9m syst\u00e9mu a druh\u00e1 je emo\u010dn\u00ed. Pr\u00e1v\u011b kv\u016fli emo\u010dn\u00ed rovin\u011b jsem ho vybrala.<\/em><\/p>\n\n\n\n<p><em>V listopadu 2023 za mnou p\u0159i\u0161la mlad\u00e1 maminka s chlapcem, kter\u00e9mu budou letos v kv\u011btnu t\u0159i roky. P\u0159ich\u00e1z\u00ed kv\u016fli projev\u016fm chlapce p\u0159i emo\u010dn\u00edm vzru\u0161en\u00ed, kter\u00e9 nejsou p\u0159irozen\u00e9. Z rozhovoru vyplynulo, \u017ee chlapec prod\u011blal okolo prvn\u00edho roku covid s n\u011bkolikadenn\u00ed hospitalizac\u00ed kv\u016fli laryngitid\u011b. V\u0161e s t\u00edm spojen\u00e9 bylo traumatizuj\u00edc\u00ed jak pro chlapce, tak i matku. Od t\u00e9 doby pozoruje rodina zm\u011bny ve v\u00fdvoji. Chlapec \u010dasto bezd\u016fvodn\u011b padal, za\u010dal nep\u0159irozen\u011b t\u0159epat a m\u00e1vat rukama, celkov\u011b je excitovan\u00fd, rychle a nesrozumiteln\u011b drmol\u00ed. M\u00e1 vysok\u00fd pr\u00e1h bolesti. \u2028Po n\u011bkolika t\u00fddnech za\u010dal m\u00edt probl\u00e9m s polyk\u00e1n\u00edm a kous\u00e1n\u00edm potravy. Zubn\u00ed l\u00e9ka\u0159 zjistil, \u017ee spodn\u00ed \u010delist je men\u0161\u00ed a m\u00e1 podez\u0159en\u00ed na jej\u00ed zpomalen\u00fd r\u016fst. Zuby nemaj\u00ed dostatek prostoru, k\u0159iv\u00ed se. Druh\u00fd d\u016fvod n\u00e1v\u0161t\u011bvy je chov\u00e1n\u00ed \u2013 chlapec m\u00e1 obrovsk\u00fd strach a\u017e hysterick\u00e9 z\u00e1chvaty u jak\u00e9hokoliv l\u00e9ka\u0159e a kdekoli, kde to by\u0165 jen trochu p\u0159ipom\u00edn\u00e1 l\u00e9ka\u0159sk\u00e9 prost\u0159ed\u00ed. I u m\u011b v poradn\u011b n\u00e1m dalo hodn\u011b pr\u00e1ce chlapce zklidnit, abychom si mohly s maminkou popov\u00eddat. Testov\u00e1n\u00ed v\u016fbec nebylo mo\u017en\u00e9, chlapec v\u0161e odm\u00edtal. Od mala pou\u017e\u00edvaj\u00ed po ka\u017ed\u00e9m o\u010dkov\u00e1n\u00ed k\u00faru z Joalisu. Tak\u00e9 vyu\u017e\u00edval Imun a Gripin na pos\u00edlen\u00ed imunity v\u00a0dob\u011b respira\u010dn\u00edch onemocn\u011bn\u00ed. V\u00fdvoj prob\u00edhal dob\u0159e a\u017e do doby laryngitidy.<\/em><\/p>\n\n\n\n<p>Ka\u017ed\u00fd z n\u00e1s m\u00e1 ve sv\u00e9m nitru spoustu vzpom\u00ednek a pro\u017eitk\u016f, n\u011bkter\u00e9 si pamatujeme, n\u011bkter\u00e9 zapomeneme a n\u011bkter\u00e9 rad\u011bji vyt\u011bsn\u00edme. Tyto emo\u010dn\u00ed bloky n\u00e1m nep\u0159\u00edjemn\u011b ovliv\u0148uj\u00ed dal\u0161\u00ed \u017eivot, ka\u017edou budouc\u00ed situaci, kter\u00e1 n\u00e1m n\u011bjak\u00fdm zp\u016fsobem pro\u017eitek p\u0159ipomene. Nejde jen o situace, ale \u010dasto o chov\u00e1n\u00ed lid\u00ed v\u016f\u010di na\u0161\u00ed osob\u011b. Autority z na\u0161eho d\u011btstv\u00ed, na\u0161i nejbli\u017e\u0161\u00ed i ciz\u00ed lid\u00e9, prost\u0159ed\u00ed atd. Transformovat tyto skryt\u00e9 vzpom\u00ednky, kter\u00e9 pak ovliv\u0148uj\u00ed n\u00e1\u0161 dal\u0161\u00ed \u017eivot, to je t\u00e9matem p\u0159\u00edpravku Nodegen. \u2028\u010clov\u011bk jedn\u00e1 podv\u011bdom\u011b, na z\u00e1klad\u011b p\u016fvodn\u011b ulo\u017een\u00e9ho vzoru a emo\u010dn\u011b siln\u011b modulovan\u00e9 vzpom\u00ednky a nem\u00e1 nad t\u00edm kontrolu. V\u0161echny tyto emo\u010dn\u00ed bloky \u2013 t\u00e9mata zahrnuje komplexn\u00ed p\u0159\u00edpravek Nodegen. \u010casto nejen j\u00e1, ale i m\u00ed kolegov\u00e9 vyu\u017e\u00edv\u00e1me jednotliv\u00e9 kapitoly p\u0159\u00edpravku Nodegen samostatn\u011b, vybereme t\u00e9ma, kter\u00e9 klient pot\u0159ebuje po\u0159e\u0161it. V\u011bt\u0161inou se n\u00e1s t\u00fdk\u00e1 v\u00edce t\u00e9mat. Proto je nejvhodn\u011bj\u0161\u00ed cestou v\u00fdb\u011bru toho p\u0159\u00edpravku nechat se vytestovat u poradce. Nodegen v t\u00e9to podob\u011b vyu\u017e\u00edv\u00e1me ji\u017e sedm\u00fdm rokem a neust\u00e1le m\u011b p\u0159ekvapuj\u00ed jeho obrovsk\u00e9 pozitivn\u00ed prom\u011bny u d\u011bt\u00ed i dosp\u011bl\u00fdch.<br>Jednou z\u00a0kapitol tohoto p\u0159\u00edpravku je l\u00e9ka\u0159sk\u00e9 prost\u0159ed\u00ed, to znamen\u00e1, \u017ee jsou zde zahrnut\u00e9 nep\u0159\u00edjemn\u00e9 z\u00e1\u017eitky spojen\u00e9 s\u00a0ordinacemi, vy\u0161et\u0159en\u00edm, z\u00e1krokem, pobytem v nemocnici, chov\u00e1n\u00edm lid\u00ed v tomto prost\u0159ed\u00ed, bolesti a podobn\u011b. S maminkou chlapce jsme se domluvily na trojkombinaci p\u0159\u00edpravk\u016f.<\/p>\n\n\n\n<ol class=\"wp-block-list\">\n<li>k\u00fara:<br><strong>Joalis Vegeton <\/strong>\u2013 vegetativn\u00ed nervov\u00fd syst\u00e9m, mimo jin\u00e9 podv\u011bdom\u00e9 reakce na emoce<br><strong>Joalis OroDren<\/strong> \u2013 \u00fastn\u00ed dutina komplet v\u010detn\u011b \u010delist\u00ed<br><strong>Joalis Nodegen \u2013 Hospital <\/strong>\u2013 emo\u010dn\u00ed p\u0159\u00edpravek s t\u00e9matem l\u00e9ka\u0159sk\u00e9 prost\u0159ed\u00ed<br>Prvn\u00ed kontrola prob\u011bhla po m\u011bs\u00edci \u2013 maminka uv\u00e1d\u00ed detoxika\u010dn\u00ed projev \u2013 po\u010d\u00e1te\u010dn\u00ed zhor\u0161en\u00ed t\u0159ep\u00e1n\u00ed rukama a zhor\u0161en\u00e9 us\u00edn\u00e1n\u00ed kolem \u00fapl\u0148ku (odpov\u00edd\u00e1 obvykl\u00fdm projev\u016fm). St\u00e1le se nenech\u00e1 testovat, ale je klidn\u011bj\u0161\u00ed, bral si do ruky sondy, chvilku posed\u011bl u maminky na kl\u00edn\u011b. Domluvily jsme se na pokra\u010dov\u00e1n\u00ed st\u00e1vaj\u00edch p\u0159\u00edpravk\u016f je\u0161t\u011b dva t\u00fddny.<\/li>\n<\/ol>\n\n\n\n<ol class=\"wp-block-list\" start=\"2\">\n<li>k\u00fara:<br><strong>Joalis OroDren<\/strong> \u2013 pokra\u010dovat v\u00a0u\u017e\u00edv\u00e1n\u00ed<br><strong>Joalis EmoDren<\/strong> \u2013 mimo jin\u00e9 zm\u011bna prahu bolesti, poruchy emocionality (p\u0159ehnan\u00e1 \/sn\u00ed\u017een\u00e1), \u0159\u00edd\u00ed emoce, chov\u00e1n\u00ed, stresov\u00e9 ud\u00e1losti<br><strong>Joalis Relaxon<\/strong> \u2013 uvoln\u011bn\u00ed, zklidn\u011bn\u00ed, uvoln\u011bn\u00ed psychick\u00e9ho nap\u011bt\u00ed, harmonizuje sympatikus a parasympatikus<br>Druh\u00e1 kontrola prob\u011bhla po m\u011bs\u00edci a p\u016fl. Chlapec mezit\u00edm ne\u0161\u0165astn\u011b spadl a museli s n\u00edm na pohotovost a tam i na rentgen. Zlomen\u00e9ho nem\u011bl nic. Velk\u00fdm p\u0159ekvapen\u00edm byl pr\u016fb\u011bh n\u00e1v\u0161t\u011bvy pohotovosti, vy\u0161et\u0159en\u00ed a pr\u016fb\u011bh rentgenu. \u201eDoktora nechci\u201c \u0159ekl. A to bylo v\u0161e. \u010cek\u00e1n\u00ed, vy\u0161et\u0159en\u00ed, RTG , v\u0161e prob\u011bhlo v klidu bez strachu a jedin\u00e9 slzy. Pouze dv\u011b slova!!! Obrovsk\u00fd pokrok.<br>V detoxikaci pokra\u010dujeme chlapec je celkov\u011b mnohem klidn\u011bj\u0161\u00ed, t\u0159ep\u00e1n\u00ed rukama ji\u017e nen\u00ed p\u0159i ka\u017ed\u00e9 situaci, mluv\u00ed mnohem z\u0159eteln\u011bji a kr\u00e1tce se nechal i testovat. Je zn\u00e1t celkov\u011b velk\u00fd posun.<\/li>\n<\/ol>\n\n\n\n<p>Kr\u00e1sn\u00e9 u\u017e skoro jarn\u00ed dny p\u0159eji,<br>Vla\u010fka M\u00e1lov\u00e1<\/p>\n\n\n\n<p><em><strong>Vla\u010fka M\u00e1lov\u00e1 <\/strong>p\u016fsob\u00ed v\u00a0Praze v\u00a0Centru Informa\u010dn\u00ed metody (K\u0159i\u0161\u0165anova 20, Praha 3) a v Jablonci nad Nisou v\u00a0Centru zdrav\u00ed \u2013 Radost (Po\u0161tovn\u00ed 8, Jablonec nad Nisou). Sv\u00e9 dotazy j\u00ed m\u016f\u017eete pos\u00edlat na email: <a href=\"mailto:poradna@vladkamalova.cz\">poradna@vladkamalova.cz<\/a>, do p\u0159edm\u011btu uve\u010fte <strong>Poradna Medu\u0148ka<\/strong>.<br>V\u00edce informac\u00ed najdete na webu <a href=\"http:\/\/www.joalis.cz\">www.joalis.cz<\/a><\/em><\/p>\n","protected":false},"excerpt":{"rendered":"<p>Psychosomatick\u00e9 obt\u00ed\u017eeVybrala jsem pro tento m\u011bs\u00edc p\u0159\u00edb\u011bh z poradny a v\u011b\u0159\u00edm, \u017ee oslov\u00ed mnoh\u00e9 z v\u00e1s. P\u0159\u00edb\u011bh m\u00e1 dv\u011b roviny. Jedna z nich je fyzick\u00e1 s projevy v nervov\u00e9m syst\u00e9mu a druh\u00e1 je emo\u010dn\u00ed. Pr\u00e1v\u011b kv\u016fli emo\u010dn\u00ed rovin\u011b jsem ho vybrala. V listopadu 2023 za mnou p\u0159i\u0161la mlad\u00e1 maminka s chlapcem, kter\u00e9mu budou letos v kv\u011btnu t\u0159i roky. P\u0159ich\u00e1z\u00ed kv\u016fli projev\u016fm chlapce p\u0159i emo\u010dn\u00edm vzru\u0161en\u00ed, kter\u00e9 nejsou p\u0159irozen\u00e9. Z rozhovoru vyplynulo, \u017ee chlapec prod\u011blal okolo prvn\u00edho roku covid s n\u011bkolikadenn\u00ed hospitalizac\u00ed kv\u016fli laryngitid\u011b. V\u0161e s t\u00edm spojen\u00e9 bylo traumatizuj\u00edc\u00ed jak pro chlapce, tak i matku. Od t\u00e9 doby pozoruje rodina zm\u011bny ve v\u00fdvoji. Chlapec \u010dasto bezd\u016fvodn\u011b padal, za\u010dal nep\u0159irozen\u011b t\u0159epat a m\u00e1vat rukama, celkov\u011b je excitovan\u00fd, rychle a nesrozumiteln\u011b drmol\u00ed. M\u00e1 vysok\u00fd pr\u00e1h bolesti. \u2028Po n\u011bkolika t\u00fddnech za\u010dal m\u00edt probl\u00e9m s polyk\u00e1n\u00edm a kous\u00e1n\u00edm potravy. Zubn\u00ed l\u00e9ka\u0159 zjistil, \u017ee spodn\u00ed \u010delist je men\u0161\u00ed a m\u00e1 podez\u0159en\u00ed na jej\u00ed zpomalen\u00fd r\u016fst. Zuby nemaj\u00ed dostatek prostoru, k\u0159iv\u00ed se. Druh\u00fd d\u016fvod n\u00e1v\u0161t\u011bvy je chov\u00e1n\u00ed \u2013 chlapec m\u00e1 obrovsk\u00fd strach a\u017e hysterick\u00e9 z\u00e1chvaty u jak\u00e9hokoliv l\u00e9ka\u0159e a kdekoli, kde to by\u0165 jen trochu p\u0159ipom\u00edn\u00e1 l\u00e9ka\u0159sk\u00e9 prost\u0159ed\u00ed. I u m\u011b v poradn\u011b n\u00e1m dalo hodn\u011b pr\u00e1ce chlapce zklidnit, abychom si mohly s maminkou popov\u00eddat. Testov\u00e1n\u00ed v\u016fbec nebylo mo\u017en\u00e9, chlapec v\u0161e odm\u00edtal. Od mala pou\u017e\u00edvaj\u00ed po ka\u017ed\u00e9m o\u010dkov\u00e1n\u00ed k\u00faru z Joalisu. Tak\u00e9 vyu\u017e\u00edval Imun a Gripin na pos\u00edlen\u00ed imunity v\u00a0dob\u011b respira\u010dn\u00edch onemocn\u011bn\u00ed. V\u00fdvoj prob\u00edhal dob\u0159e a\u017e do doby laryngitidy. Ka\u017ed\u00fd z n\u00e1s m\u00e1 ve sv\u00e9m nitru spoustu vzpom\u00ednek a pro\u017eitk\u016f, n\u011bkter\u00e9 si pamatujeme, n\u011bkter\u00e9 zapomeneme a n\u011bkter\u00e9 rad\u011bji vyt\u011bsn\u00edme. Tyto emo\u010dn\u00ed bloky n\u00e1m nep\u0159\u00edjemn\u011b ovliv\u0148uj\u00ed dal\u0161\u00ed \u017eivot, ka\u017edou budouc\u00ed situaci, kter\u00e1 n\u00e1m n\u011bjak\u00fdm zp\u016fsobem pro\u017eitek p\u0159ipomene. Nejde jen o situace, ale \u010dasto o chov\u00e1n\u00ed lid\u00ed v\u016f\u010di na\u0161\u00ed osob\u011b. Autority z na\u0161eho d\u011btstv\u00ed, na\u0161i nejbli\u017e\u0161\u00ed i ciz\u00ed lid\u00e9, prost\u0159ed\u00ed atd. Transformovat tyto skryt\u00e9 vzpom\u00ednky, kter\u00e9 pak ovliv\u0148uj\u00ed n\u00e1\u0161 dal\u0161\u00ed \u017eivot, to je t\u00e9matem p\u0159\u00edpravku Nodegen. \u2028\u010clov\u011bk jedn\u00e1 podv\u011bdom\u011b, na z\u00e1klad\u011b p\u016fvodn\u011b ulo\u017een\u00e9ho vzoru a emo\u010dn\u011b siln\u011b modulovan\u00e9 vzpom\u00ednky a nem\u00e1 nad t\u00edm kontrolu. V\u0161echny tyto emo\u010dn\u00ed bloky \u2013 t\u00e9mata zahrnuje komplexn\u00ed p\u0159\u00edpravek Nodegen. \u010casto nejen j\u00e1, ale i m\u00ed kolegov\u00e9 vyu\u017e\u00edv\u00e1me jednotliv\u00e9 kapitoly p\u0159\u00edpravku Nodegen samostatn\u011b, vybereme t\u00e9ma, kter\u00e9 klient pot\u0159ebuje po\u0159e\u0161it. V\u011bt\u0161inou se n\u00e1s t\u00fdk\u00e1 v\u00edce t\u00e9mat. Proto je nejvhodn\u011bj\u0161\u00ed cestou v\u00fdb\u011bru toho p\u0159\u00edpravku nechat se vytestovat u poradce. Nodegen v t\u00e9to podob\u011b vyu\u017e\u00edv\u00e1me ji\u017e sedm\u00fdm rokem a neust\u00e1le m\u011b p\u0159ekvapuj\u00ed jeho obrovsk\u00e9 pozitivn\u00ed prom\u011bny u d\u011bt\u00ed i dosp\u011bl\u00fdch.Jednou z\u00a0kapitol tohoto p\u0159\u00edpravku je l\u00e9ka\u0159sk\u00e9 prost\u0159ed\u00ed, to znamen\u00e1, \u017ee jsou zde zahrnut\u00e9 nep\u0159\u00edjemn\u00e9 z\u00e1\u017eitky spojen\u00e9 s\u00a0ordinacemi, vy\u0161et\u0159en\u00edm, z\u00e1krokem, pobytem v nemocnici, chov\u00e1n\u00edm lid\u00ed v tomto prost\u0159ed\u00ed, bolesti a podobn\u011b. S maminkou chlapce jsme se domluvily na trojkombinaci p\u0159\u00edpravk\u016f. Kr\u00e1sn\u00e9 u\u017e skoro jarn\u00ed dny p\u0159eji,Vla\u010fka M\u00e1lov\u00e1 Vla\u010fka M\u00e1lov\u00e1 p\u016fsob\u00ed v\u00a0Praze v\u00a0Centru Informa\u010dn\u00ed metody (K\u0159i\u0161\u0165anova 20, Praha 3) a v Jablonci nad Nisou v\u00a0Centru zdrav\u00ed \u2013 Radost (Po\u0161tovn\u00ed 8, Jablonec nad Nisou). Sv\u00e9 dotazy j\u00ed m\u016f\u017eete pos\u00edlat na email: poradna@vladkamalova.cz, do p\u0159edm\u011btu uve\u010fte Poradna Medu\u0148ka.V\u00edce informac\u00ed najdete na webu www.joalis.cz<\/p>\n","protected":false},"author":2,"featured_media":9675,"comment_status":"closed","ping_status":"closed","sticky":false,"template":"","format":"standard","meta":{"footnotes":""},"categories":[37],"tags":[],"class_list":["post-9674","post","type-post","status-publish","format-standard","has-post-thumbnail","hentry","category-poradna"],"acf":[],"_links":{"self":[{"href":"https:\/\/www.mojemedunka.cz\/index.php\/wp-json\/wp\/v2\/posts\/9674","targetHints":{"allow":["GET"]}}],"collection":[{"href":"https:\/\/www.mojemedunka.cz\/index.php\/wp-json\/wp\/v2\/posts"}],"about":[{"href":"https:\/\/www.mojemedunka.cz\/index.php\/wp-json\/wp\/v2\/types\/post"}],"author":[{"embeddable":true,"href":"https:\/\/www.mojemedunka.cz\/index.php\/wp-json\/wp\/v2\/users\/2"}],"replies":[{"embeddable":true,"href":"https:\/\/www.mojemedunka.cz\/index.php\/wp-json\/wp\/v2\/comments?post=9674"}],"version-history":[{"count":1,"href":"https:\/\/www.mojemedunka.cz\/index.php\/wp-json\/wp\/v2\/posts\/9674\/revisions"}],"predecessor-version":[{"id":9676,"href":"https:\/\/www.mojemedunka.cz\/index.php\/wp-json\/wp\/v2\/posts\/9674\/revisions\/9676"}],"wp:featuredmedia":[{"embeddable":true,"href":"https:\/\/www.mojemedunka.cz\/index.php\/wp-json\/wp\/v2\/media\/9675"}],"wp:attachment":[{"href":"https:\/\/www.mojemedunka.cz\/index.php\/wp-json\/wp\/v2\/media?parent=9674"}],"wp:term":[{"taxonomy":"category","embeddable":true,"href":"https:\/\/www.mojemedunka.cz\/index.php\/wp-json\/wp\/v2\/categories?post=9674"},{"taxonomy":"post_tag","embeddable":true,"href":"https:\/\/www.mojemedunka.cz\/index.php\/wp-json\/wp\/v2\/tags?post=9674"}],"curies":[{"name":"wp","href":"https:\/\/api.w.org\/{rel}","templated":true}]}}