{"id":9257,"date":"2023-12-30T06:00:00","date_gmt":"2023-12-30T06:00:00","guid":{"rendered":"https:\/\/www.mojemedunka.cz\/?p=9257"},"modified":"2024-01-05T19:44:36","modified_gmt":"2024-01-05T19:44:36","slug":"lukas-pollert-caj-z-medunky-si-varim-casto","status":"publish","type":"post","link":"https:\/\/www.mojemedunka.cz\/index.php\/2023\/12\/30\/lukas-pollert-caj-z-medunky-si-varim-casto\/","title":{"rendered":"Luk\u00e1\u0161 Pollert: \u010caj z\u00a0medu\u0148ky si va\u0159\u00edm \u010dasto"},"content":{"rendered":"\n<p><strong><em>Z tituln\u00edho rozhovoru nov\u00e9ho \u010d\u00edsla Medu\u0148ky &#8211; tedy prvn\u00edho \u010d\u00edsla roku 2024, vyb\u00edr\u00e1me \u010d\u00e1st rozhovoru V\u011bry  Keilov\u00e9 se zn\u00e1m\u00fdm l\u00e9ka\u0159em a sportovcem  MUDr. Luk\u00e1\u0161em Pollertem. \u010ct\u011bte Medu\u0148ku, mil\u00ed p\u0159\u00e1tel\u00e9, a bu\u010fte v obraze! <a href=\"https:\/\/www.mojemedunka.cz\/index.php\/2020\/03\/18\/elektronickou-verzi-medunky-sezenete-na-emedunka-cz\/\" data-type=\"post\" data-id=\"2535\">emedunka.cz<\/a><\/em><\/strong><\/p>\n\n\n\n<p><\/p>\n\n\n\n<p><strong>S MUDr. Luk\u00e1\u0161em Pollertem jsem si pov\u00eddala na tzv. l\u00e9ka\u0159\u00e1ku \u010dili na l\u00e9ka\u0159sk\u00e9m pokoji odd\u011blen\u00ed JIP na kardiochirurgii v pra\u017esk\u00e9 fakultn\u00ed nemocnici Motol. Sv\u00fdmi n\u00e1zory a v\u00fdroky k&nbsp;aktu\u00e1ln\u00edmu d\u011bn\u00ed ve spole\u010dnosti i ve sv\u011bt\u011b n\u011bkter\u00e9 lidi dr\u00e1\u017ed\u00ed a roz\u010diluje, zat\u00edmco jin\u00e9 sv\u00fdm selsk\u00fdm rozumem sp\u00ed\u0161e pot\u011b\u0161\u00ed. Pat\u0159\u00edm mezi n\u011b, a tak bych si s&nbsp;n\u00edm klidn\u011b pov\u00eddala t\u0159eba cel\u00fd t\u00fdden.<\/strong><\/p>\n\n\n\n<p><strong>Jak dlouhou vlastn\u011b pracujete v&nbsp;Motole? Nemocnice je dost specifick\u00e9 prost\u0159ed\u00ed a tro\u0161ku p\u0159ipom\u00edn\u00e1 fabriku\u2026&nbsp;<\/strong><br>Ka\u017ed\u00e1 nemocnice je vlastn\u011b trochu fabrika, proto\u017ee lidem tady vyr\u00e1b\u00edme diagn\u00f3zy a pak je l\u00e9\u010d\u00edme. Te\u010f jsem to \u0159ekl o\u0161kliv\u011b a p\u0159ehnal jsem to, proto\u017ee diagn\u00f3zy samoz\u0159ejm\u011b jen stanovujeme, kdy\u017e sem pacient p\u0159ijde s t\u00edm, \u017ee m\u00e1 n\u011bjak\u00fd zdravotn\u00ed probl\u00e9m. Ur\u010den\u00e9 diagn\u00f3zy potom l\u00e9\u010d\u00edme, proto\u017ee tak funguje z\u00e1padn\u00ed medic\u00edna. I kdy\u017e se c\u00edt\u00edte zdrav\u00e1, najdu v\u00e1m mnoho diagn\u00f3z, a samoz\u0159ejm\u011b za t\u00edm je farmaceutick\u00fd pr\u016fmysl, kter\u00fd je chce l\u00e9\u010dit. A \u010dasto je to v\u00fdborn\u00e1 v\u011bc, opravdu.<br>Motol je hodn\u011b velk\u00e1 nemocnice, jsou tu tis\u00edce zam\u011bstnanc\u016f a v\u00edce ne\u017e dva tis\u00edce l\u016f\u017eek. Pro m\u011b to je Alma mater, proto\u017ee jsem tu studoval. U\u017e tenkr\u00e1t mi prof. Josef Kouteck\u00fd, kter\u00fd byl zakladatelem d\u011btsk\u00e9 onkologie v&nbsp;\u010ceskoslovensku, \u0159\u00edkal, \u017ee se sem jednou zase vr\u00e1t\u00edm. Tak jsem tady a u\u017e je to asi 15 let. V&nbsp;nemocnici chod\u00edm do na\u0161eho l\u00e9ka\u0159sk\u00e9ho pokoje, kde si s&nbsp;kolegy \u0159\u00edk\u00e1me v\u0161e o pacientech u n\u00e1s na kardiochirurgii, pak zn\u00e1m cestu na opera\u010dn\u00ed s\u00e1l a do kant\u00fdny, kde se setk\u00e1v\u00e1me \u00fapln\u011b v\u0161ichni. Chod\u00ed sem i prof. Robert Lischke, kter\u00fd jinak zn\u00e1 hlavn\u011b III. Chirurgickou kliniku, stejn\u011b jako prof. Pavel Pafko, i kdy\u017e tito p\u00e1nov\u00e9 asi dob\u0159e znaj\u00ed i cestu na \u0159editelstv\u00ed\u2026 Pro lidi, kte\u0159\u00ed sem p\u0159ijdou za n\u011bk\u00fdm na n\u00e1v\u0161t\u011bvu, je Motol n\u011bco jako mal\u00e9 m\u011bsto a nejl\u00edp ze v\u0161ech se tu vyznaj\u00ed sanit\u00e1\u0159i.<\/p>\n\n\n\n<p><strong>Va\u0159\u00ed v\u00e1m v&nbsp;kant\u00fdn\u011b dob\u0159e?&nbsp;<\/strong><br>J\u00e1 jsem spokojen\u00fd. Na z\u00e1kladn\u00ed \u0161kole i na gymn\u00e1ziu jsem byl zvykl\u00fd na jednotn\u00e1 j\u00eddla, co\u017e se po revoluci za\u010dalo zlep\u0161ovat, ale samoz\u0159ejm\u011b i zdra\u017eovat. Tady m\u00e1me na v\u00fdb\u011br dv\u011b nebo dokonce t\u0159i minutky, \u010dty\u0159i hotovky a mezi t\u00edm je i vegetari\u00e1nsk\u00e9 j\u00eddlo. V\u011bt\u0161inou je v&nbsp;nab\u00eddce i ryba, pol\u00e9vky jsou dv\u011b a n\u011bkolik druh\u016f sal\u00e1t\u016f, tak\u017ee v\u00fdb\u011br je.<\/p>\n\n\n\n<p><strong>Nejen o cest\u011b k medic\u00edn\u011b<\/strong><br><strong>Ned\u00e1vno jste se zastal Jaroslava Du\u0161ka, kter\u00fd \u0159ekl, \u017ee v\u0161echny nemoci v\u010detn\u011b rakoviny si lid\u00e9 zp\u016fsobuj\u00ed sami \u2013 jak jinak ne\u017e sv\u00fdm \u017eivotn\u00ed stylem \u2013 a byla z&nbsp;toho pom\u011brn\u011b velk\u00e1 kauza&#8230;&nbsp;<\/strong><br>Zastal jsem se ho proto, \u017ee ve\u0159ejnost se dok\u00e1\u017ee prom\u011bnit v&nbsp;nel\u00edtostn\u00fd dav. Zn\u00e1m to s\u00e1m a uk\u00e1zalo se to i na mnoha jin\u00fdch lidech v\u010detn\u011b skv\u011bl\u00fdch odborn\u00edk\u016f t\u0159eba za covidu. Osobn\u011b u\u017e ne\u0159e\u0161\u00edm, jak lid\u00e9 n\u011bkdy reaguj\u00ed, a jsem na to zvykl\u00fd, ale pravda je, \u017ee Jardu dehonestovali za v\u011btu, kter\u00e1 byla ryze pravdiv\u00e1. N\u011bkte\u0159\u00ed ji nepochopili, ale i tak si mysl\u00edm, \u017ee pokud by se to cel\u00e9 v&nbsp;klidu vysv\u011btlilo, nakonec by s t\u00edm souhlasili. A je\u0161t\u011b bychom se tomu pak spole\u010dn\u011b zasm\u00e1li.&nbsp;<\/p>\n\n\n\n<p><strong>Pravda je, \u017ee nikdo nechce b\u00fdt nemocn\u00fd, ale ve fin\u00e1le \u017eijeme v\u0161ichni vlastn\u011b tak, \u017ee k&nbsp;nemocem sm\u011b\u0159ujeme\u2026<\/strong><br>To je ale norm\u00e1ln\u00ed \u017eivot. Nikdo tady p\u0159ece nem\u016f\u017ee b\u00fdt donekone\u010dna a b\u00fdt donekone\u010dna zdr\u00e1v. P\u0159iznejme si, \u017ee p\u0159\u00edroda n\u00e1s chr\u00e1n\u00ed do t\u00e9 doby, dokud jsme schopni reprodukce. Jakmile ale vychov\u00e1me d\u011bti a jsme u\u017e ve zral\u00e9m v\u011bku, p\u0159\u00edroda od n\u00e1s d\u00e1 ruce pry\u010d. Imunita sl\u00e1bne a zdrav\u00ed najednou za\u010dne kulhat \u2013 takhle to je jednoduch\u00e9. Jen\u017ee my chceme vid\u011bt i svoje vnuky, tedy nejen svoje syny a dcery, nebo dokonce i pravnuky. A v&nbsp;tu chv\u00edli p\u0159ijde klasick\u00e1 medic\u00edna, kter\u00e1 dok\u00e1\u017ee pomoci. Vlastn\u011b nen\u00ed moc star\u00e1, ale p\u0159esto se j\u00ed \u0159\u00edk\u00e1 klasick\u00e1. A t\u00e9 star\u00e9 medic\u00edn\u011b, kter\u00e1 tu byla p\u0159edt\u00edm tis\u00edce let, se \u0159\u00edk\u00e1 alternativn\u00ed, tak\u017ee se to naz\u00fdv\u00e1 p\u0159esn\u011b naopak.<br>Dnes u\u017e asi ka\u017ed\u00fd v\u00ed, co znamen\u00e1 \u017e\u00edt nezdrav\u011b anebo naopak zdrav\u011bji, a podle toho bude d\u0159\u00edve nebo pozd\u011bji n\u011b\u010d\u00edm nemocn\u00fd. Kdy\u017e n\u011bkdo bude m\u00edt nadv\u00e1hu a obezitu, asi tu\u0161\u00ed, \u017ee se to odraz\u00ed v&nbsp;\u010dinnostech jeho org\u00e1n\u016f, nebo \u017ee nevydr\u017e\u00ed ky\u010dle, a ani imunita nen\u00ed u ob\u00e9zn\u00edho \u010dlov\u011bka nic moc, co\u017e dob\u0159e uk\u00e1zal covid. A pak je tu samoz\u0159ejm\u011b zni\u010duj\u00edc\u00ed stres, z\u00e1vislosti na nikotinu, alkoholu, na nezdrav\u00e9 strav\u011b atd. To v\u0161echno si vyb\u00edr\u00e1 svoji da\u0148, a lid\u00e9 si tak zkracuj\u00ed sv\u016fj \u017eivot v&nbsp;podstat\u011b sami.<\/p>\n\n\n\n<p><strong>Kdy jste se vlastn\u011b rozhodl, \u017ee budete l\u00e9ka\u0159em?<\/strong><br>M\u016fj t\u00e1ta pracoval ve Fyzik\u00e1ln\u00edm \u00fastavu \u010cSAV, ale byl sp\u00ed\u0161 chemik ne\u017e fyzik. A maminka pracovala tady v&nbsp;Motole jako laborantka na mikrobiologii. Kdy\u017e jsme byly d\u011bti, chodily jsme za m\u00e1mou do pr\u00e1ce, a to hlavn\u011b tehdy, kdy\u017e jsme m\u011bly t\u0159eba tu a tam ang\u00ednu. Ang\u00edna se nejl\u00e9pe l\u00e9\u010d\u00ed tak, \u017ee se ud\u011bl\u00e1 v\u00fdt\u011br z&nbsp;krku, a podle mikrobiologick\u00e9ho rozboru se nasad\u00ed ur\u010dit\u00e9 antibiotikum anebo se nenasad\u00ed. Takhle by to m\u011blo b\u00fdt, ale proto\u017ee je hodn\u011b ang\u00edn, tak se l\u00e9ka\u0159 v\u011bt\u0161inou u\u017e jen pod\u00edv\u00e1 do krku, p\u0159edep\u00ed\u0161e n\u011bjak\u00e1 antibiotika, a t\u00edm to hasne.<br>V\u00fdt\u011br z&nbsp;krku je stra\u0161n\u011b nep\u0159\u00edjemn\u00fd, a kdy\u017e jsem byl d\u00edt\u011b, v\u017edycky mi to hrozn\u011b vadilo. Tak\u00e9 jsem musel absolvovat odb\u011bry krve a n\u00e1v\u0161t\u011bva nemocnice pro m\u011b v\u017edycky byla hodn\u011b stresuj\u00edc\u00ed. Z\u016fstalo mi to do te\u010f, tak\u017ee nesn\u00e1\u0161\u00edm jak\u00e9koliv injekce do sv\u00e9ho t\u011bla. Pamatuji si, jak jsem jako d\u00edt\u011b z\u00e1vid\u011bl zdravotn\u00edm sestr\u00e1m a v\u0161em, kte\u0159\u00ed m\u011b vy\u0161et\u0159ovali, a cht\u011bl jsem b\u00fdt na jejich m\u00edst\u011b. Cht\u011bl jsem se st\u00e1t zdravotn\u00edm person\u00e1lem, a t\u00edm to cel\u00e9 za\u010dalo.<\/p>\n\n\n\n<p><strong>P\u00edchat do druh\u00e9ho v\u00e1m nevad\u00ed?<\/strong><br>To ne, samoz\u0159ejm\u011b kdy\u017e je to indikovan\u00e9. Cht\u011bl jsem prost\u011b st\u00e1t na t\u00e9 druh\u00e9 stran\u011b, a ne na stran\u011b pacienta. I dnes kdy\u017e jdu na\u0161\u00edm odd\u011blen\u00edm, tak si \u0159\u00edk\u00e1m, jak jsem stra\u0161n\u011b r\u00e1d, \u017ee tam nemus\u00edm le\u017eet a \u017ee tu m\u016f\u017eu b\u00fdt jako doktor, kter\u00fd jde odpoledne dom\u016f. Vn\u00edm\u00e1m \u00fazkost a stres v\u0161ech, co tu le\u017e\u00ed, a z\u00e1rove\u0148 d\u011bkuji Bohu, \u017ee nejsem mezi nimi.<\/p>\n\n\n\n<p><strong>O p\u0159\u00edrod\u011b a sportu<\/strong><\/p>\n\n\n\n<p><strong>Tomu, \u017ee jste na letn\u00edch olympijsk\u00fdch hr\u00e1ch v&nbsp;Barcelon\u011b v&nbsp;roce 1992 z\u00edskal zlatou medaili ve vodn\u00edm slalomu a v&nbsp;roce 1996 v&nbsp;Atlant\u011b st\u0159\u00edbrnou a dal\u0161\u00ed medaile jste p\u0159ivezl z&nbsp;r\u016fzn\u00fdch mistrovstv\u00ed, se v&nbsp;rozhovoru vyhnout ned\u00e1. Je obdivuhodn\u00e9, co jste dok\u00e1zal ve sportu\u2026<\/strong><br>Pozn\u00e1mka o tom, co jsem dok\u00e1zal ve sportu, je dost relativn\u00ed, proto\u017ee zab\u011bhnout t\u0159eba sto metr\u016f za dev\u011bt vte\u0159in podle m\u011b nen\u00ed v\u00fdkon hodn\u00fd n\u011bjak\u00e9ho uct\u00edv\u00e1n\u00ed. Je to \u00fapln\u011b stejn\u00fd v\u00fdkon, jako kdybyste cht\u011bla v&nbsp;n\u011bjak\u00e9m \u010dase vykopat t\u0159eba kanalizaci. Je to ur\u010dit\u00e1 fyzick\u00e1 dispozice, a to je v\u0161e&#8230;<\/p>\n\n\n\n<p><em><strong>Cel\u00fd rozhovor najdete v Medu\u0148ce 1\/24.<\/strong><\/em><\/p>\n","protected":false},"excerpt":{"rendered":"<p>Z tituln\u00edho rozhovoru nov\u00e9ho \u010d\u00edsla Medu\u0148ky &#8211; tedy prvn\u00edho \u010d\u00edsla roku 2024, vyb\u00edr\u00e1me \u010d\u00e1st rozhovoru V\u011bry Keilov\u00e9 se zn\u00e1m\u00fdm l\u00e9ka\u0159em a sportovcem MUDr. Luk\u00e1\u0161em Pollertem. \u010ct\u011bte Medu\u0148ku, mil\u00ed p\u0159\u00e1tel\u00e9, a bu\u010fte v obraze! emedunka.cz S MUDr. Luk\u00e1\u0161em Pollertem jsem si pov\u00eddala na tzv. l\u00e9ka\u0159\u00e1ku \u010dili na l\u00e9ka\u0159sk\u00e9m pokoji odd\u011blen\u00ed JIP na kardiochirurgii v pra\u017esk\u00e9 fakultn\u00ed nemocnici Motol. Sv\u00fdmi n\u00e1zory a v\u00fdroky k&nbsp;aktu\u00e1ln\u00edmu d\u011bn\u00ed ve spole\u010dnosti i ve sv\u011bt\u011b n\u011bkter\u00e9 lidi dr\u00e1\u017ed\u00ed a roz\u010diluje, zat\u00edmco jin\u00e9 sv\u00fdm selsk\u00fdm rozumem sp\u00ed\u0161e pot\u011b\u0161\u00ed. Pat\u0159\u00edm mezi n\u011b, a tak bych si s&nbsp;n\u00edm klidn\u011b pov\u00eddala t\u0159eba cel\u00fd t\u00fdden. Jak dlouhou vlastn\u011b pracujete v&nbsp;Motole? Nemocnice je dost specifick\u00e9 prost\u0159ed\u00ed a tro\u0161ku p\u0159ipom\u00edn\u00e1 fabriku\u2026&nbsp;Ka\u017ed\u00e1 nemocnice je vlastn\u011b trochu fabrika, proto\u017ee lidem tady vyr\u00e1b\u00edme diagn\u00f3zy a pak je l\u00e9\u010d\u00edme. Te\u010f jsem to \u0159ekl o\u0161kliv\u011b a p\u0159ehnal jsem to, proto\u017ee diagn\u00f3zy samoz\u0159ejm\u011b jen stanovujeme, kdy\u017e sem pacient p\u0159ijde s t\u00edm, \u017ee m\u00e1 n\u011bjak\u00fd zdravotn\u00ed probl\u00e9m. Ur\u010den\u00e9 diagn\u00f3zy potom l\u00e9\u010d\u00edme, proto\u017ee tak funguje z\u00e1padn\u00ed medic\u00edna. I kdy\u017e se c\u00edt\u00edte zdrav\u00e1, najdu v\u00e1m mnoho diagn\u00f3z, a samoz\u0159ejm\u011b za t\u00edm je farmaceutick\u00fd pr\u016fmysl, kter\u00fd je chce l\u00e9\u010dit. A \u010dasto je to v\u00fdborn\u00e1 v\u011bc, opravdu.Motol je hodn\u011b velk\u00e1 nemocnice, jsou tu tis\u00edce zam\u011bstnanc\u016f a v\u00edce ne\u017e dva tis\u00edce l\u016f\u017eek. Pro m\u011b to je Alma mater, proto\u017ee jsem tu studoval. U\u017e tenkr\u00e1t mi prof. Josef Kouteck\u00fd, kter\u00fd byl zakladatelem d\u011btsk\u00e9 onkologie v&nbsp;\u010ceskoslovensku, \u0159\u00edkal, \u017ee se sem jednou zase vr\u00e1t\u00edm. Tak jsem tady a u\u017e je to asi 15 let. V&nbsp;nemocnici chod\u00edm do na\u0161eho l\u00e9ka\u0159sk\u00e9ho pokoje, kde si s&nbsp;kolegy \u0159\u00edk\u00e1me v\u0161e o pacientech u n\u00e1s na kardiochirurgii, pak zn\u00e1m cestu na opera\u010dn\u00ed s\u00e1l a do kant\u00fdny, kde se setk\u00e1v\u00e1me \u00fapln\u011b v\u0161ichni. Chod\u00ed sem i prof. Robert Lischke, kter\u00fd jinak zn\u00e1 hlavn\u011b III. Chirurgickou kliniku, stejn\u011b jako prof. Pavel Pafko, i kdy\u017e tito p\u00e1nov\u00e9 asi dob\u0159e znaj\u00ed i cestu na \u0159editelstv\u00ed\u2026 Pro lidi, kte\u0159\u00ed sem p\u0159ijdou za n\u011bk\u00fdm na n\u00e1v\u0161t\u011bvu, je Motol n\u011bco jako mal\u00e9 m\u011bsto a nejl\u00edp ze v\u0161ech se tu vyznaj\u00ed sanit\u00e1\u0159i. Va\u0159\u00ed v\u00e1m v&nbsp;kant\u00fdn\u011b dob\u0159e?&nbsp;J\u00e1 jsem spokojen\u00fd. Na z\u00e1kladn\u00ed \u0161kole i na gymn\u00e1ziu jsem byl zvykl\u00fd na jednotn\u00e1 j\u00eddla, co\u017e se po revoluci za\u010dalo zlep\u0161ovat, ale samoz\u0159ejm\u011b i zdra\u017eovat. Tady m\u00e1me na v\u00fdb\u011br dv\u011b nebo dokonce t\u0159i minutky, \u010dty\u0159i hotovky a mezi t\u00edm je i vegetari\u00e1nsk\u00e9 j\u00eddlo. V\u011bt\u0161inou je v&nbsp;nab\u00eddce i ryba, pol\u00e9vky jsou dv\u011b a n\u011bkolik druh\u016f sal\u00e1t\u016f, tak\u017ee v\u00fdb\u011br je. Nejen o cest\u011b k medic\u00edn\u011bNed\u00e1vno jste se zastal Jaroslava Du\u0161ka, kter\u00fd \u0159ekl, \u017ee v\u0161echny nemoci v\u010detn\u011b rakoviny si lid\u00e9 zp\u016fsobuj\u00ed sami \u2013 jak jinak ne\u017e sv\u00fdm \u017eivotn\u00ed stylem \u2013 a byla z&nbsp;toho pom\u011brn\u011b velk\u00e1 kauza&#8230;&nbsp;Zastal jsem se ho proto, \u017ee ve\u0159ejnost se dok\u00e1\u017ee prom\u011bnit v&nbsp;nel\u00edtostn\u00fd dav. Zn\u00e1m to s\u00e1m a uk\u00e1zalo se to i na mnoha jin\u00fdch lidech v\u010detn\u011b skv\u011bl\u00fdch odborn\u00edk\u016f t\u0159eba za covidu. Osobn\u011b u\u017e ne\u0159e\u0161\u00edm, jak lid\u00e9 n\u011bkdy reaguj\u00ed, a jsem na to zvykl\u00fd, ale pravda je, \u017ee Jardu dehonestovali za v\u011btu, kter\u00e1 byla ryze pravdiv\u00e1. N\u011bkte\u0159\u00ed ji nepochopili, ale i tak si mysl\u00edm, \u017ee pokud by se to cel\u00e9 v&nbsp;klidu vysv\u011btlilo, nakonec by s t\u00edm souhlasili. A je\u0161t\u011b bychom se tomu pak spole\u010dn\u011b zasm\u00e1li.&nbsp; Pravda je, \u017ee nikdo nechce b\u00fdt nemocn\u00fd, ale ve fin\u00e1le \u017eijeme v\u0161ichni vlastn\u011b tak, \u017ee k&nbsp;nemocem sm\u011b\u0159ujeme\u2026To je ale norm\u00e1ln\u00ed \u017eivot. Nikdo tady p\u0159ece nem\u016f\u017ee b\u00fdt donekone\u010dna a b\u00fdt donekone\u010dna zdr\u00e1v. P\u0159iznejme si, \u017ee p\u0159\u00edroda n\u00e1s chr\u00e1n\u00ed do t\u00e9 doby, dokud jsme schopni reprodukce. Jakmile ale vychov\u00e1me d\u011bti a jsme u\u017e ve zral\u00e9m v\u011bku, p\u0159\u00edroda od n\u00e1s d\u00e1 ruce pry\u010d. Imunita sl\u00e1bne a zdrav\u00ed najednou za\u010dne kulhat \u2013 takhle to je jednoduch\u00e9. Jen\u017ee my chceme vid\u011bt i svoje vnuky, tedy nejen svoje syny a dcery, nebo dokonce i pravnuky. A v&nbsp;tu chv\u00edli p\u0159ijde klasick\u00e1 medic\u00edna, kter\u00e1 dok\u00e1\u017ee pomoci. Vlastn\u011b nen\u00ed moc star\u00e1, ale p\u0159esto se j\u00ed \u0159\u00edk\u00e1 klasick\u00e1. A t\u00e9 star\u00e9 medic\u00edn\u011b, kter\u00e1 tu byla p\u0159edt\u00edm tis\u00edce let, se \u0159\u00edk\u00e1 alternativn\u00ed, tak\u017ee se to naz\u00fdv\u00e1 p\u0159esn\u011b naopak.Dnes u\u017e asi ka\u017ed\u00fd v\u00ed, co znamen\u00e1 \u017e\u00edt nezdrav\u011b anebo naopak zdrav\u011bji, a podle toho bude d\u0159\u00edve nebo pozd\u011bji n\u011b\u010d\u00edm nemocn\u00fd. Kdy\u017e n\u011bkdo bude m\u00edt nadv\u00e1hu a obezitu, asi tu\u0161\u00ed, \u017ee se to odraz\u00ed v&nbsp;\u010dinnostech jeho org\u00e1n\u016f, nebo \u017ee nevydr\u017e\u00ed ky\u010dle, a ani imunita nen\u00ed u ob\u00e9zn\u00edho \u010dlov\u011bka nic moc, co\u017e dob\u0159e uk\u00e1zal covid. A pak je tu samoz\u0159ejm\u011b zni\u010duj\u00edc\u00ed stres, z\u00e1vislosti na nikotinu, alkoholu, na nezdrav\u00e9 strav\u011b atd. To v\u0161echno si vyb\u00edr\u00e1 svoji da\u0148, a lid\u00e9 si tak zkracuj\u00ed sv\u016fj \u017eivot v&nbsp;podstat\u011b sami. Kdy jste se vlastn\u011b rozhodl, \u017ee budete l\u00e9ka\u0159em?M\u016fj t\u00e1ta pracoval ve Fyzik\u00e1ln\u00edm \u00fastavu \u010cSAV, ale byl sp\u00ed\u0161 chemik ne\u017e fyzik. A maminka pracovala tady v&nbsp;Motole jako laborantka na mikrobiologii. Kdy\u017e jsme byly d\u011bti, chodily jsme za m\u00e1mou do pr\u00e1ce, a to hlavn\u011b tehdy, kdy\u017e jsme m\u011bly t\u0159eba tu a tam ang\u00ednu. Ang\u00edna se nejl\u00e9pe l\u00e9\u010d\u00ed tak, \u017ee se ud\u011bl\u00e1 v\u00fdt\u011br z&nbsp;krku, a podle mikrobiologick\u00e9ho rozboru se nasad\u00ed ur\u010dit\u00e9 antibiotikum anebo se nenasad\u00ed. Takhle by to m\u011blo b\u00fdt, ale proto\u017ee je hodn\u011b ang\u00edn, tak se l\u00e9ka\u0159 v\u011bt\u0161inou u\u017e jen pod\u00edv\u00e1 do krku, p\u0159edep\u00ed\u0161e n\u011bjak\u00e1 antibiotika, a t\u00edm to hasne.V\u00fdt\u011br z&nbsp;krku je stra\u0161n\u011b nep\u0159\u00edjemn\u00fd, a kdy\u017e jsem byl d\u00edt\u011b, v\u017edycky mi to hrozn\u011b vadilo. Tak\u00e9 jsem musel absolvovat odb\u011bry krve a n\u00e1v\u0161t\u011bva nemocnice pro m\u011b v\u017edycky byla hodn\u011b stresuj\u00edc\u00ed. Z\u016fstalo mi to do te\u010f, tak\u017ee nesn\u00e1\u0161\u00edm jak\u00e9koliv injekce do sv\u00e9ho t\u011bla. Pamatuji si, jak jsem jako d\u00edt\u011b z\u00e1vid\u011bl zdravotn\u00edm sestr\u00e1m a v\u0161em, kte\u0159\u00ed m\u011b vy\u0161et\u0159ovali, a cht\u011bl jsem b\u00fdt na jejich m\u00edst\u011b. Cht\u011bl jsem se st\u00e1t zdravotn\u00edm person\u00e1lem, a t\u00edm to cel\u00e9 za\u010dalo. P\u00edchat do druh\u00e9ho v\u00e1m nevad\u00ed?To ne, samoz\u0159ejm\u011b kdy\u017e je to indikovan\u00e9. Cht\u011bl jsem prost\u011b st\u00e1t na t\u00e9 druh\u00e9 stran\u011b, a ne na stran\u011b pacienta. I dnes kdy\u017e jdu na\u0161\u00edm odd\u011blen\u00edm, tak si \u0159\u00edk\u00e1m, jak jsem stra\u0161n\u011b r\u00e1d, \u017ee tam nemus\u00edm le\u017eet a \u017ee tu m\u016f\u017eu b\u00fdt jako doktor, kter\u00fd jde odpoledne dom\u016f. Vn\u00edm\u00e1m \u00fazkost a stres v\u0161ech, co tu le\u017e\u00ed, a z\u00e1rove\u0148 d\u011bkuji Bohu, \u017ee nejsem mezi nimi. O p\u0159\u00edrod\u011b a sportu Tomu, \u017ee jste na letn\u00edch olympijsk\u00fdch hr\u00e1ch v&nbsp;Barcelon\u011b v&nbsp;roce 1992 z\u00edskal zlatou medaili ve vodn\u00edm slalomu a v&nbsp;roce 1996 v&nbsp;Atlant\u011b st\u0159\u00edbrnou a dal\u0161\u00ed medaile jste p\u0159ivezl z&nbsp;r\u016fzn\u00fdch mistrovstv\u00ed, se v&nbsp;rozhovoru vyhnout ned\u00e1. Je obdivuhodn\u00e9, co jste dok\u00e1zal ve sportu\u2026Pozn\u00e1mka o tom, co jsem dok\u00e1zal ve sportu, je dost relativn\u00ed, proto\u017ee zab\u011bhnout t\u0159eba sto metr\u016f za dev\u011bt vte\u0159in podle m\u011b nen\u00ed v\u00fdkon hodn\u00fd n\u011bjak\u00e9ho uct\u00edv\u00e1n\u00ed. Je to \u00fapln\u011b stejn\u00fd v\u00fdkon, jako kdybyste cht\u011bla v&nbsp;n\u011bjak\u00e9m \u010dase vykopat t\u0159eba kanalizaci. Je to ur\u010dit\u00e1 fyzick\u00e1 dispozice, a to je v\u0161e&#8230; Cel\u00fd rozhovor najdete v Medu\u0148ce 1\/24.<\/p>\n","protected":false},"author":3,"featured_media":9302,"comment_status":"closed","ping_status":"closed","sticky":false,"template":"","format":"standard","meta":{"footnotes":""},"categories":[1,31],"tags":[],"class_list":["post-9257","post","type-post","status-publish","format-standard","has-post-thumbnail","hentry","category-medunka","category-pro-inspiraci"],"acf":[],"_links":{"self":[{"href":"https:\/\/www.mojemedunka.cz\/index.php\/wp-json\/wp\/v2\/posts\/9257","targetHints":{"allow":["GET"]}}],"collection":[{"href":"https:\/\/www.mojemedunka.cz\/index.php\/wp-json\/wp\/v2\/posts"}],"about":[{"href":"https:\/\/www.mojemedunka.cz\/index.php\/wp-json\/wp\/v2\/types\/post"}],"author":[{"embeddable":true,"href":"https:\/\/www.mojemedunka.cz\/index.php\/wp-json\/wp\/v2\/users\/3"}],"replies":[{"embeddable":true,"href":"https:\/\/www.mojemedunka.cz\/index.php\/wp-json\/wp\/v2\/comments?post=9257"}],"version-history":[{"count":3,"href":"https:\/\/www.mojemedunka.cz\/index.php\/wp-json\/wp\/v2\/posts\/9257\/revisions"}],"predecessor-version":[{"id":9260,"href":"https:\/\/www.mojemedunka.cz\/index.php\/wp-json\/wp\/v2\/posts\/9257\/revisions\/9260"}],"wp:featuredmedia":[{"embeddable":true,"href":"https:\/\/www.mojemedunka.cz\/index.php\/wp-json\/wp\/v2\/media\/9302"}],"wp:attachment":[{"href":"https:\/\/www.mojemedunka.cz\/index.php\/wp-json\/wp\/v2\/media?parent=9257"}],"wp:term":[{"taxonomy":"category","embeddable":true,"href":"https:\/\/www.mojemedunka.cz\/index.php\/wp-json\/wp\/v2\/categories?post=9257"},{"taxonomy":"post_tag","embeddable":true,"href":"https:\/\/www.mojemedunka.cz\/index.php\/wp-json\/wp\/v2\/tags?post=9257"}],"curies":[{"name":"wp","href":"https:\/\/api.w.org\/{rel}","templated":true}]}}