{"id":9241,"date":"2023-12-29T09:00:00","date_gmt":"2023-12-29T09:00:00","guid":{"rendered":"https:\/\/www.mojemedunka.cz\/?p=9241"},"modified":"2024-01-30T13:44:01","modified_gmt":"2024-01-30T13:44:01","slug":"lednova-medunka-je-tady","status":"publish","type":"post","link":"https:\/\/www.mojemedunka.cz\/index.php\/2023\/12\/29\/lednova-medunka-je-tady\/","title":{"rendered":"Lednov\u00e1 MEDU\u0147KA je TADY! A je to jubilejn\u00ed \u010d\u00edslo!!"},"content":{"rendered":"\n<p><strong>Prvn\u00ed \u010d\u00edslo Medu\u0148ky s letopo\u010dtem 2024 pr\u00e1v\u011b vych\u00e1z\u00ed a je pro v\u00e1s dostupn\u00e9 na pultech novinov\u00fdch st\u00e1nk\u016f, v obchodech, na benzinov\u00fdch pump\u00e1ch i na dal\u0161\u00edch prodejn\u00edch m\u00edstech.  A tak\u00e9 si m\u016f\u017eete Medu\u0148ku \u010d\u00edst na odkaze <a href=\"https:\/\/www.mojemedunka.cz\/index.php\/2020\/03\/18\/elektronickou-verzi-medunky-sezenete-na-emedunka-cz\/\" data-type=\"post\" data-id=\"2535\">emedunka.cz <\/a><\/strong> <strong>A pro\u010d jde o jubilejn\u00ed \u010d\u00edslo? Proto\u017ee \u00fapln\u011b prvn\u00ed \u010d\u00edslo Medu\u0148ky vy\u0161lo p\u0159esn\u011b p\u0159ed 20 lety &#8211; v lednu 2004. Jsme tady  pro v\u00e1s u\u017e 20 let, mil\u00ed \u010dten\u00e1\u0159i a p\u0159\u00e1tel\u00e9, a v\u011b\u0159\u00edme, \u017ee spolu budeme pokra\u010dovat i roce, kter\u00fd pr\u00e1v\u011b za\u010d\u00edn\u00e1.  <\/strong><br><\/p>\n\n\n\n<p><strong>Jak\u00e9 t\u00e9ma jsme vybrali pro prvn\u00ed \u010d\u00edslo nov\u00e9ho roku? Nazvali jsme ho N\u00c1VRAT KE KO\u0158EN\u016eM A TRADIC\u00cdM a op\u011bt se m\u016f\u017eete t\u011b\u0161it na r\u016fzn\u00e9 \u00fahly pohledu &#8211; tak jak je ostatn\u011b v Medu\u0148ce zvykem.<\/strong> Do t\u00e9matu p\u0159isp\u011bli v\u011bdkyn\u011b <strong>prof. Anna Struneck\u00e1<\/strong>, specialist\u00e9 na v\u00fd\u017eivu <strong>MUDr. Vla\u010fka Strnadelov\u00e1 a Jan Zerz\u00e1n<\/strong>, terapeutka Bachov\u00fdch esenc\u00ed <strong>Mgr. Petra Such\u00e1<\/strong>, kou\u010dka a spisovatelka <strong>Mgr. Na\u010fa Pa\u017eoutov\u00e1<\/strong> a genealog <strong>Vojt\u011bch Kemenny<\/strong>. V tituln\u00edm rozhovoru jsme se popov\u00eddali se zn\u00e1m\u00fdm l\u00e9ka\u0159em <strong>MUDr. Luk\u00e1\u0161em Pollertem<\/strong>, \u00fasp\u011b\u0161n\u00fdm sportovcem, a tak\u00e9 otcem \u0161esti d\u011bt\u00ed&#8230; P\u0159e\u010dtete si tak\u00e9 \u010dl\u00e1nek <strong>MUDr. Rudolfa Zemka<\/strong> o bolestech zad, <strong>MUDr. Ludmila Elekov\u00e1<\/strong> zah\u00e1jila nov\u00fd seri\u00e1l o hormonech \u010dl\u00e1nkem o kortizolu &#8211; hormonu, bez kter\u00e9ho bychom nemohli \u017e\u00edt, jak\u00fd bude rok D\u0159ev\u011bn\u00e9ho draka &#8211; tedy rok 2024 v\u00ed <strong>Eva Joachimov\u00e1<\/strong>, jak se na antidepresiva d\u00edv\u00e1 tradi\u010dn\u00ed \u010d\u00ednsk\u00e1 medic\u00edna vysv\u011btluje <strong>Eva Zimmelov\u00e1<\/strong> a  jak vyu\u017e\u00edt moudrost a inspiraci Tarotu pro rozvoj kreativity i pro chytrou z\u00e1bavu si p\u0159e\u010dtete v \u010dl\u00e1nku <strong>Judity Peschlov\u00e9<\/strong>. A tak\u00e9 se v\u011bnujeme <strong>Medu\u0148\u010din\u00fdm dvac\u00e1t\u00fdm narozenin\u00e1m <\/strong>&#8211; po\u017e\u00e1dali jsme n\u011bkolik autor\u016f, kte\u0159\u00ed tehdy p\u0159ed 20 lety  &#8222;byli u toho&#8220;, aby kr\u00e1tce zavzpom\u00ednali na za\u010d\u00e1tky vyd\u00e1v\u00e1n\u00ed \u010dasopisu a aby tak\u00e9 Medu\u0148ce n\u011bco pop\u0159\u00e1li do dal\u0161\u00edch let. A k jejich p\u0159\u00e1n\u00ed se p\u0159ipojilo i n\u011bkolik sou\u010dasn\u00fdch autor\u016f&#8230;    <br><strong>V lednov\u00e9 Medu\u0148ce je \u010dl\u00e1nk\u016f na r\u016fzn\u00e1 t\u00e9mata samoz\u0159ejm\u011b je\u0161t\u011b mnohem v\u00edce, n\u011bkter\u00e9 v\u00e1m postupn\u011b na tomto m\u00edst\u011b v uk\u00e1zk\u00e1ch p\u0159edstav\u00edme, ale nejlep\u0161\u00ed je si \u010dl\u00e1nky p\u0159e\u010d\u00edst &#8222;na vlastn\u00ed o\u010di&#8220; &#8211; a tak si jubilejn\u00ed narozeninovou Medu\u0148ku nenechte uj\u00edt &#8211; a my v\u00e1m p\u0159ejeme p\u0159\u00edjemn\u00e9 \u010dten\u00ed!<\/strong><\/p>\n\n\n\n<p>                                                     <strong>V\u00e1\u0161 (n\u00e1\u0161) medu\u0148kov\u00fd t\u00fdm&#8230; -:)<\/strong><\/p>\n\n\n\n<p><\/p>\n\n\n\n<p><\/p>\n","protected":false},"excerpt":{"rendered":"<p>Prvn\u00ed \u010d\u00edslo Medu\u0148ky s letopo\u010dtem 2024 pr\u00e1v\u011b vych\u00e1z\u00ed a je pro v\u00e1s dostupn\u00e9 na pultech novinov\u00fdch st\u00e1nk\u016f, v obchodech, na benzinov\u00fdch pump\u00e1ch i na dal\u0161\u00edch prodejn\u00edch m\u00edstech. A tak\u00e9 si m\u016f\u017eete Medu\u0148ku \u010d\u00edst na odkaze emedunka.cz A pro\u010d jde o jubilejn\u00ed \u010d\u00edslo? Proto\u017ee \u00fapln\u011b prvn\u00ed \u010d\u00edslo Medu\u0148ky vy\u0161lo p\u0159esn\u011b p\u0159ed 20 lety &#8211; v lednu 2004. Jsme tady pro v\u00e1s u\u017e 20 let, mil\u00ed \u010dten\u00e1\u0159i a p\u0159\u00e1tel\u00e9, a v\u011b\u0159\u00edme, \u017ee spolu budeme pokra\u010dovat i roce, kter\u00fd pr\u00e1v\u011b za\u010d\u00edn\u00e1. Jak\u00e9 t\u00e9ma jsme vybrali pro prvn\u00ed \u010d\u00edslo nov\u00e9ho roku? Nazvali jsme ho N\u00c1VRAT KE KO\u0158EN\u016eM A TRADIC\u00cdM a op\u011bt se m\u016f\u017eete t\u011b\u0161it na r\u016fzn\u00e9 \u00fahly pohledu &#8211; tak jak je ostatn\u011b v Medu\u0148ce zvykem. Do t\u00e9matu p\u0159isp\u011bli v\u011bdkyn\u011b prof. Anna Struneck\u00e1, specialist\u00e9 na v\u00fd\u017eivu MUDr. Vla\u010fka Strnadelov\u00e1 a Jan Zerz\u00e1n, terapeutka Bachov\u00fdch esenc\u00ed Mgr. Petra Such\u00e1, kou\u010dka a spisovatelka Mgr. Na\u010fa Pa\u017eoutov\u00e1 a genealog Vojt\u011bch Kemenny. V tituln\u00edm rozhovoru jsme se popov\u00eddali se zn\u00e1m\u00fdm l\u00e9ka\u0159em MUDr. Luk\u00e1\u0161em Pollertem, \u00fasp\u011b\u0161n\u00fdm sportovcem, a tak\u00e9 otcem \u0161esti d\u011bt\u00ed&#8230; P\u0159e\u010dtete si tak\u00e9 \u010dl\u00e1nek MUDr. Rudolfa Zemka o bolestech zad, MUDr. Ludmila Elekov\u00e1 zah\u00e1jila nov\u00fd seri\u00e1l o hormonech \u010dl\u00e1nkem o kortizolu &#8211; hormonu, bez kter\u00e9ho bychom nemohli \u017e\u00edt, jak\u00fd bude rok D\u0159ev\u011bn\u00e9ho draka &#8211; tedy rok 2024 v\u00ed Eva Joachimov\u00e1, jak se na antidepresiva d\u00edv\u00e1 tradi\u010dn\u00ed \u010d\u00ednsk\u00e1 medic\u00edna vysv\u011btluje Eva Zimmelov\u00e1 a jak vyu\u017e\u00edt moudrost a inspiraci Tarotu pro rozvoj kreativity i pro chytrou z\u00e1bavu si p\u0159e\u010dtete v \u010dl\u00e1nku Judity Peschlov\u00e9. A tak\u00e9 se v\u011bnujeme Medu\u0148\u010din\u00fdm dvac\u00e1t\u00fdm narozenin\u00e1m &#8211; po\u017e\u00e1dali jsme n\u011bkolik autor\u016f, kte\u0159\u00ed tehdy p\u0159ed 20 lety &#8222;byli u toho&#8220;, aby kr\u00e1tce zavzpom\u00ednali na za\u010d\u00e1tky vyd\u00e1v\u00e1n\u00ed \u010dasopisu a aby tak\u00e9 Medu\u0148ce n\u011bco pop\u0159\u00e1li do dal\u0161\u00edch let. A k jejich p\u0159\u00e1n\u00ed se p\u0159ipojilo i n\u011bkolik sou\u010dasn\u00fdch autor\u016f&#8230; V lednov\u00e9 Medu\u0148ce je \u010dl\u00e1nk\u016f na r\u016fzn\u00e1 t\u00e9mata samoz\u0159ejm\u011b je\u0161t\u011b mnohem v\u00edce, n\u011bkter\u00e9 v\u00e1m postupn\u011b na tomto m\u00edst\u011b v uk\u00e1zk\u00e1ch p\u0159edstav\u00edme, ale nejlep\u0161\u00ed je si \u010dl\u00e1nky p\u0159e\u010d\u00edst &#8222;na vlastn\u00ed o\u010di&#8220; &#8211; a tak si jubilejn\u00ed narozeninovou Medu\u0148ku nenechte uj\u00edt &#8211; a my v\u00e1m p\u0159ejeme p\u0159\u00edjemn\u00e9 \u010dten\u00ed! V\u00e1\u0161 (n\u00e1\u0161) medu\u0148kov\u00fd t\u00fdm&#8230; -:)<\/p>\n","protected":false},"author":3,"featured_media":9300,"comment_status":"closed","ping_status":"closed","sticky":false,"template":"","format":"standard","meta":{"footnotes":""},"categories":[1,31],"tags":[],"class_list":["post-9241","post","type-post","status-publish","format-standard","has-post-thumbnail","hentry","category-medunka","category-pro-inspiraci"],"acf":[],"_links":{"self":[{"href":"https:\/\/www.mojemedunka.cz\/index.php\/wp-json\/wp\/v2\/posts\/9241","targetHints":{"allow":["GET"]}}],"collection":[{"href":"https:\/\/www.mojemedunka.cz\/index.php\/wp-json\/wp\/v2\/posts"}],"about":[{"href":"https:\/\/www.mojemedunka.cz\/index.php\/wp-json\/wp\/v2\/types\/post"}],"author":[{"embeddable":true,"href":"https:\/\/www.mojemedunka.cz\/index.php\/wp-json\/wp\/v2\/users\/3"}],"replies":[{"embeddable":true,"href":"https:\/\/www.mojemedunka.cz\/index.php\/wp-json\/wp\/v2\/comments?post=9241"}],"version-history":[{"count":4,"href":"https:\/\/www.mojemedunka.cz\/index.php\/wp-json\/wp\/v2\/posts\/9241\/revisions"}],"predecessor-version":[{"id":9249,"href":"https:\/\/www.mojemedunka.cz\/index.php\/wp-json\/wp\/v2\/posts\/9241\/revisions\/9249"}],"wp:featuredmedia":[{"embeddable":true,"href":"https:\/\/www.mojemedunka.cz\/index.php\/wp-json\/wp\/v2\/media\/9300"}],"wp:attachment":[{"href":"https:\/\/www.mojemedunka.cz\/index.php\/wp-json\/wp\/v2\/media?parent=9241"}],"wp:term":[{"taxonomy":"category","embeddable":true,"href":"https:\/\/www.mojemedunka.cz\/index.php\/wp-json\/wp\/v2\/categories?post=9241"},{"taxonomy":"post_tag","embeddable":true,"href":"https:\/\/www.mojemedunka.cz\/index.php\/wp-json\/wp\/v2\/tags?post=9241"}],"curies":[{"name":"wp","href":"https:\/\/api.w.org\/{rel}","templated":true}]}}