{"id":9163,"date":"2025-12-07T06:00:00","date_gmt":"2025-12-07T06:00:00","guid":{"rendered":"https:\/\/www.mojemedunka.cz\/?p=9163"},"modified":"2025-12-03T11:07:09","modified_gmt":"2025-12-03T11:07:09","slug":"druha-nedele-adventni","status":"publish","type":"post","link":"https:\/\/www.mojemedunka.cz\/index.php\/2025\/12\/07\/druha-nedele-adventni\/","title":{"rendered":"Druh\u00e1 ned\u011ble adventn\u00ed"},"content":{"rendered":"\n<p><strong>Jak\u00e1 t\u00e9mata k rozj\u00edm\u00e1n\u00ed se poj\u00ed s druhou adventn\u00ed ned\u011bl\u00ed?<\/strong> P\u0159ipravila <em><strong>Marie Bene\u0161ov\u00e1<\/strong><\/em>&#8230; <br><br><strong>Druh\u00e1 sv\u00edce &#8211; t\u00e9ma:\u00a0 \u017dit\u00ed v\u00a0p\u0159\u00edtomnosti<\/strong><br>Pod pojmem \u017eit\u00ed v p\u0159\u00edtomnosti se skr\u00fdv\u00e1 tajemstv\u00ed \u0161\u0165astn\u00e9ho \u017eivota. Je to byt\u00ed zde na Zemi ve fyzick\u00e9m t\u011ble, ve kter\u00e9m pro\u017e\u00edv\u00e1me v\u011bdom\u00ed sama sebe. D\u016fle\u017eit\u00e9 je, abychom svou nev\u011bdomost\u00ed neubli\u017eovali sob\u011b ani druh\u00fdm. \u010c\u00edm v\u00fd\u0161e pozvedneme sv\u00e9 v\u011bdom\u00ed, t\u00edm l\u00e9pe se n\u00e1m \u017eije. V\u0161e, co v p\u0159\u00edtomnosti pro\u017e\u00edv\u00e1me, je v\u017edy v souladu s Bo\u017e\u00ed v\u016fl\u00ed. Nez\u00e1le\u017e\u00ed na tom, zda pr\u00e1v\u011b pro\u017e\u00edv\u00e1me radostn\u00e9 chv\u00edle nebo chv\u00edle strastipln\u00e9 a smutn\u00e9.\u00a0<br>Co to znamen\u00e1 \u017e\u00edt v p\u0159\u00edtomnosti. P\u0159\u00edtomnost pro\u017e\u00edv\u00e1me na\u0161\u00edm sou\u010dasn\u00fdm \u017eivotem zde na Zemi. Pokud \u017eijeme v p\u0159\u00edtomnosti, soust\u0159ed\u00edme svou pozornost, svou mysl na v\u0161e, co se v tomto pozemsk\u00e9m \u017eivot\u011b odehr\u00e1v\u00e1, ani\u017e bychom se nechali ru\u0161it my\u0161lenkami na minulost nebo budoucnost. Na\u0161e mysl je tv\u016frcem t\u00e9to p\u0159\u00edtomnosti. D\u00edky svobodn\u00e9 v\u016fli, kter\u00e1 n\u00e1m byla d\u00e1na, jsme z\u00e1rove\u0148 p\u0159evzali zodpov\u011bdnost za to, jak\u00e1 na\u0161e p\u0159\u00edtomnost bude. Je t\u0159eba, abychom pro svou du\u0161i zajistili pestrou n\u00e1pl\u0148 pro ka\u017ed\u00fd den. N\u00e1pl\u0148, kterou si zvol\u00edme, pot\u0159ebuje b\u00fdt v\u017edy v souladu s Bo\u017e\u00ed v\u016fl\u00ed, a B\u016fh n\u00e1m pak pom\u00e1h\u00e1 plout v proudu ud\u00e1lost\u00ed, kter\u00e9 pro n\u00e1s p\u0159ipravil. My se za tuto pomoc m\u016f\u017eeme ka\u017ed\u00fd den modlit. T\u00edmto zp\u016fsobem jsme tak\u00e9 vedeni k tomu, abychom na\u0161li co nejd\u0159\u00edve posl\u00e1n\u00ed sv\u00e9 du\u0161e. Pokud toho dos\u00e1hneme, dost\u00e1v\u00e1me se do energetick\u00e9ho proudu, kter\u00fd n\u00e1m dod\u00e1v\u00e1 energii pro v\u0161e bohulib\u00e9, na co mysl\u00edme, co kon\u00e1me a co tvo\u0159\u00edme. T\u00edmto zp\u016fsobem se u n\u00e1s navy\u0161uje schopnost jednat podle intuice, kter\u00e1 k n\u00e1m p\u0159ich\u00e1z\u00ed od Boha.<br>Pokud \u017eijeme v p\u0159\u00edtomnosti, soust\u0159ed\u00edme svou mysl a pozornost v\u017edy pouze na to, co pr\u00e1v\u011b te\u010f d\u011bl\u00e1me, a na nic jin\u00e9ho. Na\u0161e mysl je pak jako laserov\u00fd paprsek, do kter\u00e9ho je soust\u0159ed\u011bna ve\u0161ker\u00e1 energie, kterou m\u00e1me od Boha k dispozici. T\u00edmto zp\u016fsobem je mo\u017en\u00e9 dosahovat \u00fasp\u011bchu v podnik\u00e1n\u00ed, v zam\u011bstn\u00e1n\u00ed, v dom\u00e1cnosti, ve v\u00fdchov\u011b d\u011bt\u00ed, ve sportu, v r\u016fzn\u00fdch z\u00e1jmov\u00fdch \u010dinnostech, v\u0161ude tam, kde se m\u016f\u017eeme spol\u00e9hat jenom sami na sebe. \u010c\u00edm pest\u0159ej\u0161\u00ed je n\u00e1\u0161 \u017eivot, t\u00edm v\u00edce \u017eijeme v p\u0159\u00edtomnosti. \u010c\u00edm v\u00edce se n\u00e1m d\u00edky soust\u0159ed\u011bn\u00ed energie do jednoho bodu da\u0159\u00ed, t\u00edm radostn\u011bj\u0161\u00ed je n\u00e1\u0161 \u017eivot.<br><strong>\u010c\u00edm d\u0159\u00edve najdeme posl\u00e1n\u00ed sv\u00e9 du\u0161e a pln\u00edme ho s\u00a0radost\u00ed, t\u00edm jsme \u0161\u0165astn\u011bj\u0161\u00ed.\u00a0<\/strong><br>N\u00e1\u0161 \u017eivot v p\u0159\u00edtomnosti je napln\u011bn vd\u011b\u010dnost\u00ed za v\u0161echny dary, kter\u00e9 k n\u00e1m p\u0159ich\u00e1zej\u00ed. Minulost nepot\u0159ebujeme \u0159e\u0161it ani na ni nem\u00e1me \u010das a budoucnost si vytv\u00e1\u0159\u00edme svou \u0161\u0165astnou p\u0159\u00edtomnost\u00ed. M\u00edsto toho, abychom obvi\u0148ovali minulost a m\u011bli strach z budoucnosti, \u017eijeme sv\u016fj \u017eivot v poko\u0159e te\u010f a tady pod Bo\u017e\u00edm veden\u00edm a ochranou.\u00a0\u00a0<\/p>\n","protected":false},"excerpt":{"rendered":"<p>Jak\u00e1 t\u00e9mata k rozj\u00edm\u00e1n\u00ed se poj\u00ed s druhou adventn\u00ed ned\u011bl\u00ed? P\u0159ipravila Marie Bene\u0161ov\u00e1&#8230; Druh\u00e1 sv\u00edce &#8211; t\u00e9ma:\u00a0 \u017dit\u00ed v\u00a0p\u0159\u00edtomnostiPod pojmem \u017eit\u00ed v p\u0159\u00edtomnosti se skr\u00fdv\u00e1 tajemstv\u00ed \u0161\u0165astn\u00e9ho \u017eivota. Je to byt\u00ed zde na Zemi ve fyzick\u00e9m t\u011ble, ve kter\u00e9m pro\u017e\u00edv\u00e1me v\u011bdom\u00ed sama sebe. D\u016fle\u017eit\u00e9 je, abychom svou nev\u011bdomost\u00ed neubli\u017eovali sob\u011b ani druh\u00fdm. \u010c\u00edm v\u00fd\u0161e pozvedneme sv\u00e9 v\u011bdom\u00ed, t\u00edm l\u00e9pe se n\u00e1m \u017eije. V\u0161e, co v p\u0159\u00edtomnosti pro\u017e\u00edv\u00e1me, je v\u017edy v souladu s Bo\u017e\u00ed v\u016fl\u00ed. Nez\u00e1le\u017e\u00ed na tom, zda pr\u00e1v\u011b pro\u017e\u00edv\u00e1me radostn\u00e9 chv\u00edle nebo chv\u00edle strastipln\u00e9 a smutn\u00e9.\u00a0Co to znamen\u00e1 \u017e\u00edt v p\u0159\u00edtomnosti. P\u0159\u00edtomnost pro\u017e\u00edv\u00e1me na\u0161\u00edm sou\u010dasn\u00fdm \u017eivotem zde na Zemi. Pokud \u017eijeme v p\u0159\u00edtomnosti, soust\u0159ed\u00edme svou pozornost, svou mysl na v\u0161e, co se v tomto pozemsk\u00e9m \u017eivot\u011b odehr\u00e1v\u00e1, ani\u017e bychom se nechali ru\u0161it my\u0161lenkami na minulost nebo budoucnost. Na\u0161e mysl je tv\u016frcem t\u00e9to p\u0159\u00edtomnosti. D\u00edky svobodn\u00e9 v\u016fli, kter\u00e1 n\u00e1m byla d\u00e1na, jsme z\u00e1rove\u0148 p\u0159evzali zodpov\u011bdnost za to, jak\u00e1 na\u0161e p\u0159\u00edtomnost bude. Je t\u0159eba, abychom pro svou du\u0161i zajistili pestrou n\u00e1pl\u0148 pro ka\u017ed\u00fd den. N\u00e1pl\u0148, kterou si zvol\u00edme, pot\u0159ebuje b\u00fdt v\u017edy v souladu s Bo\u017e\u00ed v\u016fl\u00ed, a B\u016fh n\u00e1m pak pom\u00e1h\u00e1 plout v proudu ud\u00e1lost\u00ed, kter\u00e9 pro n\u00e1s p\u0159ipravil. My se za tuto pomoc m\u016f\u017eeme ka\u017ed\u00fd den modlit. T\u00edmto zp\u016fsobem jsme tak\u00e9 vedeni k tomu, abychom na\u0161li co nejd\u0159\u00edve posl\u00e1n\u00ed sv\u00e9 du\u0161e. Pokud toho dos\u00e1hneme, dost\u00e1v\u00e1me se do energetick\u00e9ho proudu, kter\u00fd n\u00e1m dod\u00e1v\u00e1 energii pro v\u0161e bohulib\u00e9, na co mysl\u00edme, co kon\u00e1me a co tvo\u0159\u00edme. T\u00edmto zp\u016fsobem se u n\u00e1s navy\u0161uje schopnost jednat podle intuice, kter\u00e1 k n\u00e1m p\u0159ich\u00e1z\u00ed od Boha.Pokud \u017eijeme v p\u0159\u00edtomnosti, soust\u0159ed\u00edme svou mysl a pozornost v\u017edy pouze na to, co pr\u00e1v\u011b te\u010f d\u011bl\u00e1me, a na nic jin\u00e9ho. Na\u0161e mysl je pak jako laserov\u00fd paprsek, do kter\u00e9ho je soust\u0159ed\u011bna ve\u0161ker\u00e1 energie, kterou m\u00e1me od Boha k dispozici. T\u00edmto zp\u016fsobem je mo\u017en\u00e9 dosahovat \u00fasp\u011bchu v podnik\u00e1n\u00ed, v zam\u011bstn\u00e1n\u00ed, v dom\u00e1cnosti, ve v\u00fdchov\u011b d\u011bt\u00ed, ve sportu, v r\u016fzn\u00fdch z\u00e1jmov\u00fdch \u010dinnostech, v\u0161ude tam, kde se m\u016f\u017eeme spol\u00e9hat jenom sami na sebe. \u010c\u00edm pest\u0159ej\u0161\u00ed je n\u00e1\u0161 \u017eivot, t\u00edm v\u00edce \u017eijeme v p\u0159\u00edtomnosti. \u010c\u00edm v\u00edce se n\u00e1m d\u00edky soust\u0159ed\u011bn\u00ed energie do jednoho bodu da\u0159\u00ed, t\u00edm radostn\u011bj\u0161\u00ed je n\u00e1\u0161 \u017eivot.\u010c\u00edm d\u0159\u00edve najdeme posl\u00e1n\u00ed sv\u00e9 du\u0161e a pln\u00edme ho s\u00a0radost\u00ed, t\u00edm jsme \u0161\u0165astn\u011bj\u0161\u00ed.\u00a0N\u00e1\u0161 \u017eivot v p\u0159\u00edtomnosti je napln\u011bn vd\u011b\u010dnost\u00ed za v\u0161echny dary, kter\u00e9 k n\u00e1m p\u0159ich\u00e1zej\u00ed. Minulost nepot\u0159ebujeme \u0159e\u0161it ani na ni nem\u00e1me \u010das a budoucnost si vytv\u00e1\u0159\u00edme svou \u0161\u0165astnou p\u0159\u00edtomnost\u00ed. M\u00edsto toho, abychom obvi\u0148ovali minulost a m\u011bli strach z budoucnosti, \u017eijeme sv\u016fj \u017eivot v poko\u0159e te\u010f a tady pod Bo\u017e\u00edm veden\u00edm a ochranou.\u00a0\u00a0<\/p>\n","protected":false},"author":3,"featured_media":9166,"comment_status":"closed","ping_status":"closed","sticky":false,"template":"","format":"standard","meta":{"footnotes":""},"categories":[21,1,31],"tags":[],"class_list":["post-9163","post","type-post","status-publish","format-standard","has-post-thumbnail","hentry","category-duchovni-clanky","category-medunka","category-pro-inspiraci"],"acf":[],"_links":{"self":[{"href":"https:\/\/www.mojemedunka.cz\/index.php\/wp-json\/wp\/v2\/posts\/9163","targetHints":{"allow":["GET"]}}],"collection":[{"href":"https:\/\/www.mojemedunka.cz\/index.php\/wp-json\/wp\/v2\/posts"}],"about":[{"href":"https:\/\/www.mojemedunka.cz\/index.php\/wp-json\/wp\/v2\/types\/post"}],"author":[{"embeddable":true,"href":"https:\/\/www.mojemedunka.cz\/index.php\/wp-json\/wp\/v2\/users\/3"}],"replies":[{"embeddable":true,"href":"https:\/\/www.mojemedunka.cz\/index.php\/wp-json\/wp\/v2\/comments?post=9163"}],"version-history":[{"count":3,"href":"https:\/\/www.mojemedunka.cz\/index.php\/wp-json\/wp\/v2\/posts\/9163\/revisions"}],"predecessor-version":[{"id":11987,"href":"https:\/\/www.mojemedunka.cz\/index.php\/wp-json\/wp\/v2\/posts\/9163\/revisions\/11987"}],"wp:featuredmedia":[{"embeddable":true,"href":"https:\/\/www.mojemedunka.cz\/index.php\/wp-json\/wp\/v2\/media\/9166"}],"wp:attachment":[{"href":"https:\/\/www.mojemedunka.cz\/index.php\/wp-json\/wp\/v2\/media?parent=9163"}],"wp:term":[{"taxonomy":"category","embeddable":true,"href":"https:\/\/www.mojemedunka.cz\/index.php\/wp-json\/wp\/v2\/categories?post=9163"},{"taxonomy":"post_tag","embeddable":true,"href":"https:\/\/www.mojemedunka.cz\/index.php\/wp-json\/wp\/v2\/tags?post=9163"}],"curies":[{"name":"wp","href":"https:\/\/api.w.org\/{rel}","templated":true}]}}