{"id":9096,"date":"2023-12-01T06:00:00","date_gmt":"2023-12-01T06:00:00","guid":{"rendered":"https:\/\/www.mojemedunka.cz\/?p=9096"},"modified":"2023-11-29T12:57:18","modified_gmt":"2023-11-29T12:57:18","slug":"adrspach-jako-mozek-a-knihovna-ceske-krajiny","status":"publish","type":"post","link":"https:\/\/www.mojemedunka.cz\/index.php\/2023\/12\/01\/adrspach-jako-mozek-a-knihovna-ceske-krajiny\/","title":{"rendered":"Adr\u0161pach jako mozek a knihovna \u010desk\u00e9 krajiny"},"content":{"rendered":"\n<p><strong>Tento \u010dl\u00e1nek p\u0159ipravil v roce 2014 pro Medu\u0148ku <em>Ji\u0159\u00ed Glabaz\u0148a<\/em>. I kdy\u017e od semin\u00e1\u0159e, o n\u011bm\u017e \u010dl\u00e1nek informuje, uplynulo u\u017e dost \u010dasu, t\u00e9ma modern\u00ed evropsk\u00e9 geomantie je nad\u010dasov\u00e9 a \u010dinnost Marka Poga\u010dnika si rozhodn\u011b zaslou\u017e\u00ed pozornost i dnes&#8230; <\/strong><\/p>\n\n\n\n<p><\/p>\n\n\n\n<p><\/p>\n\n\n\n<p><strong>Adr\u0161pa\u0161sko-teplick\u00e9 skaln\u00ed m\u011bsto je jedine\u010dn\u00fdm v\u00fdtvorem p\u0159\u00edrody. Na mal\u00e9 plo\u0161e najdeme velk\u00e9 mno\u017estv\u00ed skaln\u00edch v\u011b\u017e\u00ed, vysok\u00fdch a\u017e devades\u00e1t metr\u016f, mnoh\u00e9 z&nbsp;nich maj\u00ed zna\u010dn\u011b neobvykl\u00e9 tvary. Oblast, kter\u00e1 je od roku 1933 n\u00e1rodn\u00ed p\u0159\u00edrodn\u00ed rezervac\u00ed, nav\u0161t\u00edv\u00ed ka\u017edoro\u010dn\u011b desetitis\u00edce n\u00e1v\u0161t\u011bvn\u00edk\u016f. A pr\u00e1v\u011b na tomto kr\u00e1sn\u00e9m m\u00edst\u011b prob\u011bhl 10.-11.&nbsp;kv\u011btna 2014 krajinn\u00fd semin\u00e1\u0159 pod veden\u00edm slovinsk\u00e9ho um\u011blce a geomanta Marko Poga\u010dnika, autora knih <em>Element\u00e1rn\u00ed bytosti<\/em>, <em>Cesty l\u00e9\u010den\u00ed Zem\u011b<\/em> a mnoha dal\u0161\u00edch titul\u016f.<\/strong><\/p>\n\n\n\n<p><strong>P\u0159\u00edrodn\u00ed velkom\u011bsto<\/strong><br>\u201eZdej\u0161\u00ed skaln\u00ed m\u011bsto by se sv\u00fdm tvarem a vlastnostmi dalo p\u0159irovnat k&nbsp;mozku \u010desk\u00e9 krajiny. A\u017e budeme z\u00edtra chodit po cest\u00e1ch mezi skalami, budeme se vlastn\u011b pohybovat v&nbsp;mozkov\u00fdch z\u00e1vitech,\u201c uvedl Marko Poga\u010dnik na p\u0159edn\u00e1\u0161ce, kter\u00e1 p\u0159edch\u00e1zela dvoudenn\u00edmu semin\u00e1\u0159i. Na \u00favod vysv\u011btloval z\u00e1kladn\u00ed postupy modern\u00ed evropsk\u00e9 geomantie \u2013 pr\u00e1ci s&nbsp;t\u011blem, hlasem, imaginac\u00ed, princip rezonance mezi t\u011blem \u010dlov\u011bka a krajiny. \u201ePlaneta Zem\u011b nen\u00ed nic jin\u00e9ho ne\u017e hlava, kter\u00e1 m\u00e1 sv\u00e9 vlastn\u00ed v\u011bdom\u00ed. Nelze ji pova\u017eovat jen za hmotu, to je jako by si n\u011bkdo o va\u0161\u00ed hlav\u011b myslel, \u017ee v&nbsp;n\u00ed nen\u00ed \u017e\u00e1dn\u00e9 v\u011bdom\u00ed, \u017ee je to jen takov\u00e1 koule s&nbsp;k\u016f\u017e\u00ed a vlasy,\u201c uvedl slovinsk\u00fd socha\u0159, kter\u00fd svou um\u011bleckou tvorbu zam\u011b\u0159uje na krajinu a v\u0161e, co je s&nbsp;n\u00ed spojeno.<br>V&nbsp;sobotu r\u00e1no vyrazilo \u010dty\u0159icet \u00fa\u010dastn\u00edk\u016f semin\u00e1\u0159e do \u00fatrob skaln\u00edho m\u011bsta. \u201eTam, kde Zem\u011b v minulosti zhustila sv\u00e9 v\u011bdom\u00ed, vznikly sk\u00e1ly, kter\u00e9 maj\u00ed v krajin\u011b nezastupitelnou funkci. Ka\u017ed\u00e1 skaln\u00ed v\u011b\u017e v&nbsp;sob\u011b nese jednu informaci d\u016fle\u017eitou pro \u017eivot na Zemi i mimo ni \u2013 dohromady je adr\u0161pa\u0161sk\u00e9 skaln\u00ed m\u011bsto vlastn\u011b takov\u00e1 vesm\u00edrn\u00e1 knihovna,\u201c uvedl Marko Poga\u010dnik. Zm\u00ednil se p\u0159itom o roli k\u0159em\u00edku, na n\u011bj\u017e je bohat\u00fd p\u00edskovec, kter\u00fd sk\u00e1ly tvo\u0159\u00ed.<br>A je\u0161t\u011b jedno p\u0159irovn\u00e1n\u00ed od n\u011bj sly\u0161eli \u00fa\u010dastn\u00edci semin\u00e1\u0159e ohledn\u011b Adr\u0161pachu. To kdy\u017e zn\u00e1m\u00fd geomant hovo\u0159il o sv\u011bt\u011b element\u00e1rn\u00edch bytost\u00ed, tedy o p\u016fvodn\u00ed civilizaci Zem\u011b, kter\u00e1 byla obrazn\u011b ztv\u00e1rn\u011bna jako lid Na\u00b4vi ve filmu Avatar. \u201eTyto bytosti, \u017eij\u00edc\u00ed v&nbsp;jemn\u011bhmotn\u00fdch sf\u00e9r\u00e1ch krajiny, se st\u00e1hly do ostrov\u016f, kter\u00e9 jsou neporu\u0161en\u00e9 negativn\u00edmi vlivy civilizace. Adr\u0161pa\u0161sk\u00e9 skaln\u00ed m\u011bsto je jedn\u00edm z&nbsp;nich. Je to takov\u00fd v\u00edl\u00ed Manhattan.\u201c<\/p>\n\n\n\n<p><strong>Dar skal\u00e1m<\/strong><br>Ka\u017ed\u00fd z&nbsp;n\u00e1s m\u00e1 schopnost vn\u00edmat skryt\u00e9 dimenze p\u0159\u00edrody a komunikovat s&nbsp;planetou Zem\u00ed. Markovy semin\u00e1\u0159e jsou zam\u011b\u0159eny na rozvoj t\u011bchto schopnost\u00ed. Jejich c\u00edlem je v\u0161ak tak\u00e9 ud\u011blat pro nav\u0161t\u00edven\u00e1 m\u00edsta \u201ekus pr\u00e1ce\u201c, tedy vtisknout du\u0161i krajiny ozdravn\u00e9 impulsy.<br>\u201eCht\u011bl bych spolu s&nbsp;v\u00e1mi d\u00e1t zdej\u0161\u00edm skal\u00e1m dva dary. Prvn\u00ed z&nbsp;nich bude podn\u011bt skaln\u00edmu m\u011bstu, aby nav\u00e1zalo kontakt s&nbsp;elementem vody v&nbsp;zatopen\u00e9 p\u00edskovn\u011b. To je zde nov\u00fd, nep\u0159irozen\u00fd prvek, kter\u00fd vznikl pom\u011brn\u011b ned\u00e1vno a sk\u00e1ly s&nbsp;n\u00edm nejsou spojeny. Ani krajin\u00e1m, kter\u00e9 jsou p\u0159\u00edrodn\u00edmi rezervacemi, se nevyh\u00fdbaj\u00ed nesn\u00e1ze. Jen jsou jin\u00e9ho druhu ne\u017e v&nbsp;p\u0159\u00edpad\u011b obydlen\u00fdch m\u00edst,\u201c \u0159ekl Marko. Pak popsal, jak negativn\u011b se na Adr\u0161pachu projevuje, \u017ee se na sk\u00e1ly d\u00edvaj\u00ed lid\u00e9 pouze jako na ne\u017eiv\u00e9 objekty. \u201eTo je probl\u00e9m mnoha posv\u00e1tn\u00fdch m\u00edst, kter\u00e1 se stala turistick\u00fdmi destinacemi. U n\u00e1s ve Slovinsku jde nap\u0159\u00edklad o okol\u00ed jezera Bled.\u201c \u00da\u010dastn\u00edci semin\u00e1\u0159e m\u011bli pot\u00e9 mo\u017enost zapojit se do imaginace, kter\u00e1 by tuto neviditelnou z\u00e1t\u011b\u017e eliminovala. To byl druh\u00fd dar skaln\u00edmu m\u011bstu.<\/p>\n\n\n\n<p><strong>Po\u0161kozen\u00fd mu\u017esk\u00fd princip<\/strong><br>Prvn\u00ed den zakon\u010dila skupina u t\u0159\u00ed solit\u00e9rn\u00edch skal p\u0159ed vstupem do p\u0159\u00edrodn\u00edho \u201evelkom\u011bsta\u201c. Tato trojice vyjad\u0159uje mu\u017esk\u00fd aspekt zdej\u0161\u00ed krajiny a na jej\u00ed kondici se zrcadl\u00ed po\u0161kozen\u00fd mu\u017esk\u00fd princip sou\u010dasn\u00e9 lidsk\u00e9 civilizace, kter\u00e1 po stalet\u00ed pl\u00fdtv\u00e1 silou v&nbsp;agresivn\u00edch v\u00e1lk\u00e1ch a boj\u00edch v\u0161eho druhu. Seminarist\u00e9 si zde vyzkou\u0161eli cvi\u010den\u00ed, kter\u00e9 mu\u017eskou s\u00edlu usm\u011br\u0148uje do tv\u016fr\u010d\u00ed \u010dinnosti a harmonick\u00fdm zp\u016fsobem ji spojuje s&nbsp;\u017eensk\u00fdm prvkem. To ale nebylo v\u0161e.<br>U\u017easl\u00ed turist\u00e9 opou\u0161t\u011bj\u00edc\u00ed Adr\u0161pach okolo p\u016fl \u010dtvrt\u00e9 nev\u011b\u0159\u00edcn\u011b hled\u011bli na \u201ezp\u00edvaj\u00edc\u00ed sk\u00e1lu\u201c, rozezvu\u010denou \u010dty\u0159iceti hlasy \u00fa\u010dastn\u00edk\u016f semin\u00e1\u0159e. Ti se nat\u011bsnali v&nbsp;\u00fazk\u00fdch \u00fatrob\u00e1ch skaln\u00edho \u00fatvaru a po n\u011bkolik minut se pod Markov\u00fdm veden\u00edm v\u011bnovali alikv\u00f3tn\u00edmu zp\u011bvu, aby t\u00e9to skaln\u00ed v\u011b\u017ei pomohli ze \u201ezaklet\u00ed\u201c .&nbsp;<br>U\u017easl\u00ed turist\u00e9 opou\u0161t\u011bj\u00edc\u00ed Adr\u0161pach okolo p\u016fl \u010dtvrt\u00e9 nev\u011b\u0159\u00edcn\u011b hled\u011bli na \u201ezp\u00edvaj\u00edc\u00ed sk\u00e1lu\u201c, rozezvu\u010denou \u010dty\u0159iceti hlasy \u00fa\u010dastn\u00edk\u016f semin\u00e1\u0159e. Ti se nat\u011bsnali v&nbsp;\u00fazk\u00fdch \u00fatrob\u00e1ch skaln\u00edho \u00fatvaru a po n\u011bkolik minut se pod Markov\u00fdm veden\u00edm v\u011bnovali alikv\u00f3tn\u00edmu zp\u011bvu, aby t\u00e9to skaln\u00ed v\u011b\u017ei pomohli ze \u201ezaklet\u00ed\u201c .&nbsp;<\/p>\n\n\n\n<p><strong>Pr\u00e1ce s&nbsp;traumatem Sudet<\/strong><br>V&nbsp;ned\u011bli se pak semin\u00e1\u0159 odehr\u00e1val v&nbsp;oblasti K\u0159\u00ed\u017eov\u00e9ho vrchu, severn\u011b od skaln\u00edho m\u011bsta, kde se odr\u00e1\u017e\u00ed \u017eensk\u00e1 polarita t\u00e9to krajiny. C\u00edlem bylo dokon\u010dit pr\u00e1ci na uvoln\u011bn\u00ed spoutan\u00e9 s\u00edly Adr\u0161pachu a odstranit z\u00e1voj manipulace a zneu\u017e\u00edv\u00e1n\u00ed, zanechan\u00fd zde v&nbsp;minulosti.<br>\u201eS\u00edly temnoty se objev\u00ed v\u017edy tam, kde \u010dlov\u011bk sejde z&nbsp;prav\u00e9 cesty. A nav\u00edc, m\u00edsto aby se pou\u010dili a vr\u00e1tili zp\u011bt, n\u011bkte\u0159\u00ed lid\u00e9 se s&nbsp;nimi je\u0161t\u011b v\u00edce zapletou ve snaze vyu\u017e\u00edt je ve sv\u016fj prosp\u011bch. Doba, kdy toto bylo mo\u017en\u00e9, ale kon\u010d\u00ed,\u201c uvedl Marko Poga\u010dnik a sezn\u00e1mil \u010deskou skupinu se cvi\u010den\u00edm, kter\u00e9 s&nbsp;t\u00edmto t\u00e9matem pracuje. Zm\u00ednil tak\u00e9, \u017ee bylo poprv\u00e9 \u201epou\u017eito\u201c na podzim 2012 v&nbsp;italsk\u00fdch Ben\u00e1tk\u00e1ch.<br>Tato \u010d\u00e1st semin\u00e1\u0159e se odehr\u00e1vala &nbsp;na vr\u0161ku zvan\u00e9m Zbo\u0159e\u0148\u00e1k u z\u0159\u00edceniny kostela Panny Marie, kde bylo na prvn\u00ed pohled patrn\u00e9, \u017ee minul\u00e9 stolet\u00ed nebylo pro tuto krajinu zrovna idylick\u00e9. Marko zde vzpomn\u011bl sv\u00e9 prvn\u00ed anga\u017em\u00e1 v&nbsp;\u010desk\u00e9 krajin\u011b p\u0159ed \u0161estn\u00e1cti lety, kdy spolu s holandskou skupinou pracoval v&nbsp;oblasti \u0160umavy na l\u00e9\u010db\u011b \u201esudetsk\u00e9ho traumatu\u201c, a prozradil, \u017ee tato z\u00e1t\u011b\u017e je zde tak\u00e9 z\u0159eteln\u00e1.<\/p>\n\n\n\n<p><strong>Cesta Equilibria<\/strong><br>Sou\u010d\u00e1st\u00ed cel\u00e9 akce byla inaugurace geopunkturn\u00edho kruhu Equilibrium, zam\u011b\u0159en\u00e9ho na podporu planet\u00e1rn\u00ed rovnov\u00e1hy. Ten byl um\u00edst\u011bn uprost\u0159ed mezi ob\u011bma v\u00fd\u0161e zm\u00edn\u011bn\u00fdmi &nbsp;polaritn\u00edmi oblastmi adr\u0161pa\u0161sk\u00e9 krajiny. Um\u011bleck\u00e9 d\u00edlo, skl\u00e1daj\u00edc\u00ed se z&nbsp;39 \u017eulov\u00fdch kamen\u016f s&nbsp;odlitky kosmogram\u016f, se sem p\u0159est\u011bhovalo z&nbsp;pra\u017esk\u00e9 botanick\u00e9 zahrady, kde bylo um\u00edst\u011bno v&nbsp;letech 2007-2012. Nov\u00fd domov na\u0161lo d\u00edky majiteli Farmy Zdo\u0148ov Bernardu Lainkovi, kter\u00fd ve zdej\u0161\u00ed krajin\u011b hospoda\u0159\u00ed a sna\u017e\u00ed se o zdroj sv\u00e9ho \u017eivobyt\u00ed pe\u010dovat po v\u0161ech str\u00e1nk\u00e1ch, \u201ecelostn\u011b\u201c.<br>\u201eNa na\u0161\u00ed planet\u011b panuje rovnov\u00e1ha. Nejvy\u0161\u0161\u00ed hory jsou stejn\u011b vysok\u00e9, jako jsou hlubok\u00e9 nejhlub\u0161\u00ed oce\u00e1ny. My lid\u00e9 m\u016f\u017eeme svou \u010dinnost\u00ed a tvorbou tuto rovnov\u00e1hu podporovat a posilovat,\u201c uvedl p\u0159i inauguraci Marko Poga\u010dnik.<br>Equilibrium vyjad\u0159uje kvality rozli\u010dn\u00fdch krajin Evropy a dal\u0161\u00edch p\u011bti kontinent\u016f a d\u00e1v\u00e1 jim tv\u016fr\u010d\u00ed impuls. Pat\u0159\u00ed k&nbsp;n\u011bmu tak\u00e9 nov\u00fd prvek v&nbsp;podob\u011b trojice \u017eulov\u00fdch menhir\u016f, kter\u00e9 vedle n\u011bj instaloval \u010desk\u00fd spoluautor Equilibria Jan Tajbo\u0161. Tyto kameny maj\u00ed \u201eza \u00fakol\u201c sladit celoplanet\u00e1rn\u00ed povahu d\u00edla s&nbsp;m\u00edstn\u00ed krajinou.<br>Dal\u0161\u00ed realizace od Marko Poga\u010dnika by m\u011bla na Adr\u0161pa\u0161sku vzniknout v&nbsp; roce 2015 a bude op\u011bt \u201euvedena\u201c krajinn\u00fdm semin\u00e1\u0159em..<\/p>\n\n\n\n<p><strong>Pocta krajin\u011b<\/strong><br>Adr\u0161pask\u00fd geomantick\u00fd v\u00edkend byl sou\u010d\u00e1st\u00ed rozs\u00e1hl\u00e9ho projektu <em>Pocta krajin\u011b<\/em>, kter\u00fd v lo\u0148sk\u00e9m roce zah\u00e1jil Jan Tajbo\u0161. \u201eTo nejpodstatn\u011bj\u0161\u00ed na v\u0161em je n\u00e1\u0161 z\u00e1m\u011br, tedy pro\u010d to \u010di ono v\u016fbec d\u011bl\u00e1me. M\u00fdm z\u00e1m\u011brem v tomto nov\u011b vznikl\u00e9m konceptu je propojit krajinu \u010cech, Moravy a Slezska do spolupracuj\u00edc\u00edho celku lid\u00ed a P\u0159\u00edrody na\u0161\u00ed planety. Vytvo\u0159it podm\u00ednky<br>pro vlo\u017een\u00ed a rozvinut\u00ed impuls\u016f ke zm\u011bn\u011b dosavadn\u00edho vn\u00edm\u00e1n\u00ed Prostoru \u017divota, ve kter\u00e9m \u017eijeme. V&nbsp;sou\u010dasn\u00e9 dob\u011b prob\u00edhaj\u00ed konkr\u00e9tn\u00ed aktivity na P\u00e1lav\u011b, K\u0159ivokl\u00e1tsku, v Praze, prob\u011bhla setk\u00e1n\u00ed v Opav\u011b a Ostrav\u011b.\u201c<br>Sou\u010d\u00e1st\u00ed projektu se stala tak\u00e9 kniha <em>Jinosv\u011bt skaln\u00edch m\u011bst<\/em>, kde Jan Tajbo\u0161 ve form\u011b p\u0159\u00edb\u011bh\u016f popsal sv\u00e9 pro\u017eitky z krajiny Broumovsk\u00e9ho v\u00fdb\u011b\u017eku a okol\u00ed a zpracoval je do geomantick\u00e9 mapy. &#8222;Adr\u0161pa\u0161sko-teplick\u00e1 a broumovsk\u00e1 skaln\u00ed m\u011bsta jsou jedno vedle<br>druh\u00e9ho poseta unik\u00e1tn\u00edmi variacemi rozmanit\u00fdch motiv\u016f zcela osobit\u00fdch tvar\u016f, velikost\u00ed a struktur. P\u016fsob\u00ed jako v\u00fdstava n\u011bkolika um\u011blc\u016f rozd\u00edln\u00fdch styl\u016f, kte\u0159\u00ed se rozhodli tvo\u0159it ze stejn\u00e9ho materi\u00e1lu,\u201d uv\u00e1d\u00ed v knize mimo jin\u00e9 autor. N\u00e1zvy n\u011bkter\u00fdch kapitol (<em>Zapomenut\u00e9 cihly z\u00e1klad\u016f Sv\u011bta, Kapky vesm\u00edrn\u00e9 rosy, T\u0159et\u00ed oko sokola, Srdce Zem\u011b v&nbsp;kleci, T\u0159i hrby<\/em> <em>podp\u00edraj\u00edc\u00ed nebesa<\/em>) nazna\u010duj\u00ed, \u017ee na sv\u00e9 by si p\u0159i \u010dten\u00ed <em>Jinosv\u011bta<\/em> mohli p\u0159ij\u00edt i p\u0159\u00edznivci literatury sci-fi, \u010di literatury nov\u00e9ho paradigmatu.<\/p>\n\n\n\n<p>\u201eHomeopatie\u201c Zem\u011b<\/p>\n\n\n\n<p>Kr\u00e1tce p\u0159ed n\u00e1v\u0161t\u011bvou Adr\u0161pachu pracoval Marko Poga\u010dnik v&nbsp;N\u011bmecku, p\u0159edt\u00edm v&nbsp;Braz\u00edlii, a je\u0161t\u011b d\u0159\u00edve v&nbsp;oblasti Mrtv\u00e9ho mo\u0159e v&nbsp;Izraeli. Podobn\u011b n\u00e1ro\u010dn\u00fd program m\u00e1 ji\u017e n\u011bkolik desetilet\u00ed, jeho semin\u00e1\u0159e se konaj\u00ed po cel\u00e9m sv\u011bt\u011b. \u201eD\u00e1v\u00e1me krajin\u00e1m a planet\u011b Zemi jemn\u00e9, homeopatick\u00e9 impulsy, abychom j\u00ed a jej\u00edm obyvatel\u016fm pomohli&nbsp; p\u0159i n\u00e1ro\u010dn\u00e9m procesu prom\u011bny, kter\u00fdm v\u0161ichni proch\u00e1z\u00edme,\u201c \u0159\u00edk\u00e1 o sv\u00e9 pr\u00e1ci Marko Poga\u010dnik.<\/p>\n","protected":false},"excerpt":{"rendered":"<p>Tento \u010dl\u00e1nek p\u0159ipravil v roce 2014 pro Medu\u0148ku Ji\u0159\u00ed Glabaz\u0148a. I kdy\u017e od semin\u00e1\u0159e, o n\u011bm\u017e \u010dl\u00e1nek informuje, uplynulo u\u017e dost \u010dasu, t\u00e9ma modern\u00ed evropsk\u00e9 geomantie je nad\u010dasov\u00e9 a \u010dinnost Marka Poga\u010dnika si rozhodn\u011b zaslou\u017e\u00ed pozornost i dnes&#8230; Adr\u0161pa\u0161sko-teplick\u00e9 skaln\u00ed m\u011bsto je jedine\u010dn\u00fdm v\u00fdtvorem p\u0159\u00edrody. Na mal\u00e9 plo\u0161e najdeme velk\u00e9 mno\u017estv\u00ed skaln\u00edch v\u011b\u017e\u00ed, vysok\u00fdch a\u017e devades\u00e1t metr\u016f, mnoh\u00e9 z&nbsp;nich maj\u00ed zna\u010dn\u011b neobvykl\u00e9 tvary. Oblast, kter\u00e1 je od roku 1933 n\u00e1rodn\u00ed p\u0159\u00edrodn\u00ed rezervac\u00ed, nav\u0161t\u00edv\u00ed ka\u017edoro\u010dn\u011b desetitis\u00edce n\u00e1v\u0161t\u011bvn\u00edk\u016f. A pr\u00e1v\u011b na tomto kr\u00e1sn\u00e9m m\u00edst\u011b prob\u011bhl 10.-11.&nbsp;kv\u011btna 2014 krajinn\u00fd semin\u00e1\u0159 pod veden\u00edm slovinsk\u00e9ho um\u011blce a geomanta Marko Poga\u010dnika, autora knih Element\u00e1rn\u00ed bytosti, Cesty l\u00e9\u010den\u00ed Zem\u011b a mnoha dal\u0161\u00edch titul\u016f. P\u0159\u00edrodn\u00ed velkom\u011bsto\u201eZdej\u0161\u00ed skaln\u00ed m\u011bsto by se sv\u00fdm tvarem a vlastnostmi dalo p\u0159irovnat k&nbsp;mozku \u010desk\u00e9 krajiny. A\u017e budeme z\u00edtra chodit po cest\u00e1ch mezi skalami, budeme se vlastn\u011b pohybovat v&nbsp;mozkov\u00fdch z\u00e1vitech,\u201c uvedl Marko Poga\u010dnik na p\u0159edn\u00e1\u0161ce, kter\u00e1 p\u0159edch\u00e1zela dvoudenn\u00edmu semin\u00e1\u0159i. Na \u00favod vysv\u011btloval z\u00e1kladn\u00ed postupy modern\u00ed evropsk\u00e9 geomantie \u2013 pr\u00e1ci s&nbsp;t\u011blem, hlasem, imaginac\u00ed, princip rezonance mezi t\u011blem \u010dlov\u011bka a krajiny. \u201ePlaneta Zem\u011b nen\u00ed nic jin\u00e9ho ne\u017e hlava, kter\u00e1 m\u00e1 sv\u00e9 vlastn\u00ed v\u011bdom\u00ed. Nelze ji pova\u017eovat jen za hmotu, to je jako by si n\u011bkdo o va\u0161\u00ed hlav\u011b myslel, \u017ee v&nbsp;n\u00ed nen\u00ed \u017e\u00e1dn\u00e9 v\u011bdom\u00ed, \u017ee je to jen takov\u00e1 koule s&nbsp;k\u016f\u017e\u00ed a vlasy,\u201c uvedl slovinsk\u00fd socha\u0159, kter\u00fd svou um\u011bleckou tvorbu zam\u011b\u0159uje na krajinu a v\u0161e, co je s&nbsp;n\u00ed spojeno.V&nbsp;sobotu r\u00e1no vyrazilo \u010dty\u0159icet \u00fa\u010dastn\u00edk\u016f semin\u00e1\u0159e do \u00fatrob skaln\u00edho m\u011bsta. \u201eTam, kde Zem\u011b v minulosti zhustila sv\u00e9 v\u011bdom\u00ed, vznikly sk\u00e1ly, kter\u00e9 maj\u00ed v krajin\u011b nezastupitelnou funkci. Ka\u017ed\u00e1 skaln\u00ed v\u011b\u017e v&nbsp;sob\u011b nese jednu informaci d\u016fle\u017eitou pro \u017eivot na Zemi i mimo ni \u2013 dohromady je adr\u0161pa\u0161sk\u00e9 skaln\u00ed m\u011bsto vlastn\u011b takov\u00e1 vesm\u00edrn\u00e1 knihovna,\u201c uvedl Marko Poga\u010dnik. Zm\u00ednil se p\u0159itom o roli k\u0159em\u00edku, na n\u011bj\u017e je bohat\u00fd p\u00edskovec, kter\u00fd sk\u00e1ly tvo\u0159\u00ed.A je\u0161t\u011b jedno p\u0159irovn\u00e1n\u00ed od n\u011bj sly\u0161eli \u00fa\u010dastn\u00edci semin\u00e1\u0159e ohledn\u011b Adr\u0161pachu. To kdy\u017e zn\u00e1m\u00fd geomant hovo\u0159il o sv\u011bt\u011b element\u00e1rn\u00edch bytost\u00ed, tedy o p\u016fvodn\u00ed civilizaci Zem\u011b, kter\u00e1 byla obrazn\u011b ztv\u00e1rn\u011bna jako lid Na\u00b4vi ve filmu Avatar. \u201eTyto bytosti, \u017eij\u00edc\u00ed v&nbsp;jemn\u011bhmotn\u00fdch sf\u00e9r\u00e1ch krajiny, se st\u00e1hly do ostrov\u016f, kter\u00e9 jsou neporu\u0161en\u00e9 negativn\u00edmi vlivy civilizace. Adr\u0161pa\u0161sk\u00e9 skaln\u00ed m\u011bsto je jedn\u00edm z&nbsp;nich. Je to takov\u00fd v\u00edl\u00ed Manhattan.\u201c Dar skal\u00e1mKa\u017ed\u00fd z&nbsp;n\u00e1s m\u00e1 schopnost vn\u00edmat skryt\u00e9 dimenze p\u0159\u00edrody a komunikovat s&nbsp;planetou Zem\u00ed. Markovy semin\u00e1\u0159e jsou zam\u011b\u0159eny na rozvoj t\u011bchto schopnost\u00ed. Jejich c\u00edlem je v\u0161ak tak\u00e9 ud\u011blat pro nav\u0161t\u00edven\u00e1 m\u00edsta \u201ekus pr\u00e1ce\u201c, tedy vtisknout du\u0161i krajiny ozdravn\u00e9 impulsy.\u201eCht\u011bl bych spolu s&nbsp;v\u00e1mi d\u00e1t zdej\u0161\u00edm skal\u00e1m dva dary. Prvn\u00ed z&nbsp;nich bude podn\u011bt skaln\u00edmu m\u011bstu, aby nav\u00e1zalo kontakt s&nbsp;elementem vody v&nbsp;zatopen\u00e9 p\u00edskovn\u011b. To je zde nov\u00fd, nep\u0159irozen\u00fd prvek, kter\u00fd vznikl pom\u011brn\u011b ned\u00e1vno a sk\u00e1ly s&nbsp;n\u00edm nejsou spojeny. Ani krajin\u00e1m, kter\u00e9 jsou p\u0159\u00edrodn\u00edmi rezervacemi, se nevyh\u00fdbaj\u00ed nesn\u00e1ze. Jen jsou jin\u00e9ho druhu ne\u017e v&nbsp;p\u0159\u00edpad\u011b obydlen\u00fdch m\u00edst,\u201c \u0159ekl Marko. Pak popsal, jak negativn\u011b se na Adr\u0161pachu projevuje, \u017ee se na sk\u00e1ly d\u00edvaj\u00ed lid\u00e9 pouze jako na ne\u017eiv\u00e9 objekty. \u201eTo je probl\u00e9m mnoha posv\u00e1tn\u00fdch m\u00edst, kter\u00e1 se stala turistick\u00fdmi destinacemi. U n\u00e1s ve Slovinsku jde nap\u0159\u00edklad o okol\u00ed jezera Bled.\u201c \u00da\u010dastn\u00edci semin\u00e1\u0159e m\u011bli pot\u00e9 mo\u017enost zapojit se do imaginace, kter\u00e1 by tuto neviditelnou z\u00e1t\u011b\u017e eliminovala. To byl druh\u00fd dar skaln\u00edmu m\u011bstu. Po\u0161kozen\u00fd mu\u017esk\u00fd principPrvn\u00ed den zakon\u010dila skupina u t\u0159\u00ed solit\u00e9rn\u00edch skal p\u0159ed vstupem do p\u0159\u00edrodn\u00edho \u201evelkom\u011bsta\u201c. Tato trojice vyjad\u0159uje mu\u017esk\u00fd aspekt zdej\u0161\u00ed krajiny a na jej\u00ed kondici se zrcadl\u00ed po\u0161kozen\u00fd mu\u017esk\u00fd princip sou\u010dasn\u00e9 lidsk\u00e9 civilizace, kter\u00e1 po stalet\u00ed pl\u00fdtv\u00e1 silou v&nbsp;agresivn\u00edch v\u00e1lk\u00e1ch a boj\u00edch v\u0161eho druhu. Seminarist\u00e9 si zde vyzkou\u0161eli cvi\u010den\u00ed, kter\u00e9 mu\u017eskou s\u00edlu usm\u011br\u0148uje do tv\u016fr\u010d\u00ed \u010dinnosti a harmonick\u00fdm zp\u016fsobem ji spojuje s&nbsp;\u017eensk\u00fdm prvkem. To ale nebylo v\u0161e.U\u017easl\u00ed turist\u00e9 opou\u0161t\u011bj\u00edc\u00ed Adr\u0161pach okolo p\u016fl \u010dtvrt\u00e9 nev\u011b\u0159\u00edcn\u011b hled\u011bli na \u201ezp\u00edvaj\u00edc\u00ed sk\u00e1lu\u201c, rozezvu\u010denou \u010dty\u0159iceti hlasy \u00fa\u010dastn\u00edk\u016f semin\u00e1\u0159e. Ti se nat\u011bsnali v&nbsp;\u00fazk\u00fdch \u00fatrob\u00e1ch skaln\u00edho \u00fatvaru a po n\u011bkolik minut se pod Markov\u00fdm veden\u00edm v\u011bnovali alikv\u00f3tn\u00edmu zp\u011bvu, aby t\u00e9to skaln\u00ed v\u011b\u017ei pomohli ze \u201ezaklet\u00ed\u201c .&nbsp;U\u017easl\u00ed turist\u00e9 opou\u0161t\u011bj\u00edc\u00ed Adr\u0161pach okolo p\u016fl \u010dtvrt\u00e9 nev\u011b\u0159\u00edcn\u011b hled\u011bli na \u201ezp\u00edvaj\u00edc\u00ed sk\u00e1lu\u201c, rozezvu\u010denou \u010dty\u0159iceti hlasy \u00fa\u010dastn\u00edk\u016f semin\u00e1\u0159e. Ti se nat\u011bsnali v&nbsp;\u00fazk\u00fdch \u00fatrob\u00e1ch skaln\u00edho \u00fatvaru a po n\u011bkolik minut se pod Markov\u00fdm veden\u00edm v\u011bnovali alikv\u00f3tn\u00edmu zp\u011bvu, aby t\u00e9to skaln\u00ed v\u011b\u017ei pomohli ze \u201ezaklet\u00ed\u201c .&nbsp; Pr\u00e1ce s&nbsp;traumatem SudetV&nbsp;ned\u011bli se pak semin\u00e1\u0159 odehr\u00e1val v&nbsp;oblasti K\u0159\u00ed\u017eov\u00e9ho vrchu, severn\u011b od skaln\u00edho m\u011bsta, kde se odr\u00e1\u017e\u00ed \u017eensk\u00e1 polarita t\u00e9to krajiny. C\u00edlem bylo dokon\u010dit pr\u00e1ci na uvoln\u011bn\u00ed spoutan\u00e9 s\u00edly Adr\u0161pachu a odstranit z\u00e1voj manipulace a zneu\u017e\u00edv\u00e1n\u00ed, zanechan\u00fd zde v&nbsp;minulosti.\u201eS\u00edly temnoty se objev\u00ed v\u017edy tam, kde \u010dlov\u011bk sejde z&nbsp;prav\u00e9 cesty. A nav\u00edc, m\u00edsto aby se pou\u010dili a vr\u00e1tili zp\u011bt, n\u011bkte\u0159\u00ed lid\u00e9 se s&nbsp;nimi je\u0161t\u011b v\u00edce zapletou ve snaze vyu\u017e\u00edt je ve sv\u016fj prosp\u011bch. Doba, kdy toto bylo mo\u017en\u00e9, ale kon\u010d\u00ed,\u201c uvedl Marko Poga\u010dnik a sezn\u00e1mil \u010deskou skupinu se cvi\u010den\u00edm, kter\u00e9 s&nbsp;t\u00edmto t\u00e9matem pracuje. Zm\u00ednil tak\u00e9, \u017ee bylo poprv\u00e9 \u201epou\u017eito\u201c na podzim 2012 v&nbsp;italsk\u00fdch Ben\u00e1tk\u00e1ch.Tato \u010d\u00e1st semin\u00e1\u0159e se odehr\u00e1vala &nbsp;na vr\u0161ku zvan\u00e9m Zbo\u0159e\u0148\u00e1k u z\u0159\u00edceniny kostela Panny Marie, kde bylo na prvn\u00ed pohled patrn\u00e9, \u017ee minul\u00e9 stolet\u00ed nebylo pro tuto krajinu zrovna idylick\u00e9. Marko zde vzpomn\u011bl sv\u00e9 prvn\u00ed anga\u017em\u00e1 v&nbsp;\u010desk\u00e9 krajin\u011b p\u0159ed \u0161estn\u00e1cti lety, kdy spolu s holandskou skupinou pracoval v&nbsp;oblasti \u0160umavy na l\u00e9\u010db\u011b \u201esudetsk\u00e9ho traumatu\u201c, a prozradil, \u017ee tato z\u00e1t\u011b\u017e je zde tak\u00e9 z\u0159eteln\u00e1. Cesta EquilibriaSou\u010d\u00e1st\u00ed cel\u00e9 akce byla inaugurace geopunkturn\u00edho kruhu Equilibrium, zam\u011b\u0159en\u00e9ho na podporu planet\u00e1rn\u00ed rovnov\u00e1hy. Ten byl um\u00edst\u011bn uprost\u0159ed mezi ob\u011bma v\u00fd\u0161e zm\u00edn\u011bn\u00fdmi &nbsp;polaritn\u00edmi oblastmi adr\u0161pa\u0161sk\u00e9 krajiny. Um\u011bleck\u00e9 d\u00edlo, skl\u00e1daj\u00edc\u00ed se z&nbsp;39 \u017eulov\u00fdch kamen\u016f s&nbsp;odlitky kosmogram\u016f, se sem p\u0159est\u011bhovalo z&nbsp;pra\u017esk\u00e9 botanick\u00e9 zahrady, kde bylo um\u00edst\u011bno v&nbsp;letech 2007-2012. Nov\u00fd domov na\u0161lo d\u00edky majiteli Farmy Zdo\u0148ov Bernardu Lainkovi, kter\u00fd ve zdej\u0161\u00ed krajin\u011b hospoda\u0159\u00ed a sna\u017e\u00ed se o zdroj sv\u00e9ho \u017eivobyt\u00ed pe\u010dovat po v\u0161ech str\u00e1nk\u00e1ch, \u201ecelostn\u011b\u201c.\u201eNa na\u0161\u00ed planet\u011b panuje rovnov\u00e1ha. Nejvy\u0161\u0161\u00ed hory jsou stejn\u011b vysok\u00e9, jako jsou hlubok\u00e9 nejhlub\u0161\u00ed oce\u00e1ny. My lid\u00e9 m\u016f\u017eeme svou \u010dinnost\u00ed a tvorbou tuto rovnov\u00e1hu podporovat a posilovat,\u201c uvedl p\u0159i inauguraci Marko Poga\u010dnik.Equilibrium vyjad\u0159uje kvality rozli\u010dn\u00fdch krajin Evropy a dal\u0161\u00edch p\u011bti kontinent\u016f a d\u00e1v\u00e1 jim tv\u016fr\u010d\u00ed impuls. Pat\u0159\u00ed k&nbsp;n\u011bmu tak\u00e9 nov\u00fd prvek v&nbsp;podob\u011b trojice \u017eulov\u00fdch menhir\u016f, kter\u00e9 vedle n\u011bj instaloval \u010desk\u00fd spoluautor Equilibria Jan Tajbo\u0161. Tyto kameny maj\u00ed \u201eza \u00fakol\u201c sladit celoplanet\u00e1rn\u00ed povahu d\u00edla s&nbsp;m\u00edstn\u00ed krajinou.Dal\u0161\u00ed realizace od Marko Poga\u010dnika by m\u011bla na Adr\u0161pa\u0161sku vzniknout v&nbsp; roce 2015 a bude op\u011bt \u201euvedena\u201c krajinn\u00fdm semin\u00e1\u0159em.. Pocta krajin\u011bAdr\u0161pask\u00fd geomantick\u00fd v\u00edkend byl sou\u010d\u00e1st\u00ed rozs\u00e1hl\u00e9ho projektu Pocta krajin\u011b, kter\u00fd v lo\u0148sk\u00e9m roce zah\u00e1jil Jan Tajbo\u0161. \u201eTo nejpodstatn\u011bj\u0161\u00ed na v\u0161em je n\u00e1\u0161 z\u00e1m\u011br, tedy pro\u010d to \u010di ono v\u016fbec d\u011bl\u00e1me. M\u00fdm z\u00e1m\u011brem v tomto nov\u011b vznikl\u00e9m konceptu je propojit krajinu \u010cech, Moravy a Slezska do spolupracuj\u00edc\u00edho celku lid\u00ed a P\u0159\u00edrody na\u0161\u00ed planety. Vytvo\u0159it podm\u00ednkypro vlo\u017een\u00ed a rozvinut\u00ed impuls\u016f ke zm\u011bn\u011b dosavadn\u00edho vn\u00edm\u00e1n\u00ed Prostoru \u017divota, ve kter\u00e9m \u017eijeme. V&nbsp;sou\u010dasn\u00e9 dob\u011b prob\u00edhaj\u00ed konkr\u00e9tn\u00ed aktivity na P\u00e1lav\u011b, K\u0159ivokl\u00e1tsku, v Praze, prob\u011bhla setk\u00e1n\u00ed v Opav\u011b a Ostrav\u011b.\u201cSou\u010d\u00e1st\u00ed projektu se stala tak\u00e9 kniha Jinosv\u011bt skaln\u00edch m\u011bst, kde Jan Tajbo\u0161 ve form\u011b p\u0159\u00edb\u011bh\u016f popsal sv\u00e9 pro\u017eitky z krajiny Broumovsk\u00e9ho v\u00fdb\u011b\u017eku a okol\u00ed a zpracoval je do geomantick\u00e9 mapy. &#8222;Adr\u0161pa\u0161sko-teplick\u00e1 a broumovsk\u00e1 skaln\u00ed m\u011bsta jsou jedno vedledruh\u00e9ho poseta unik\u00e1tn\u00edmi variacemi rozmanit\u00fdch motiv\u016f zcela osobit\u00fdch tvar\u016f, velikost\u00ed a struktur. P\u016fsob\u00ed jako v\u00fdstava n\u011bkolika um\u011blc\u016f rozd\u00edln\u00fdch styl\u016f, kte\u0159\u00ed se rozhodli tvo\u0159it ze stejn\u00e9ho materi\u00e1lu,\u201d uv\u00e1d\u00ed v knize mimo jin\u00e9 autor. N\u00e1zvy n\u011bkter\u00fdch kapitol (Zapomenut\u00e9 cihly z\u00e1klad\u016f Sv\u011bta, Kapky vesm\u00edrn\u00e9 rosy, T\u0159et\u00ed oko sokola, Srdce Zem\u011b v&nbsp;kleci, T\u0159i hrby podp\u00edraj\u00edc\u00ed nebesa) nazna\u010duj\u00ed, \u017ee na sv\u00e9 by si p\u0159i \u010dten\u00ed Jinosv\u011bta mohli p\u0159ij\u00edt i p\u0159\u00edznivci literatury sci-fi, \u010di literatury nov\u00e9ho paradigmatu. \u201eHomeopatie\u201c Zem\u011b Kr\u00e1tce p\u0159ed n\u00e1v\u0161t\u011bvou Adr\u0161pachu pracoval Marko Poga\u010dnik v&nbsp;N\u011bmecku, p\u0159edt\u00edm v&nbsp;Braz\u00edlii, a je\u0161t\u011b d\u0159\u00edve v&nbsp;oblasti Mrtv\u00e9ho mo\u0159e v&nbsp;Izraeli. Podobn\u011b n\u00e1ro\u010dn\u00fd program m\u00e1 ji\u017e n\u011bkolik desetilet\u00ed, jeho semin\u00e1\u0159e se konaj\u00ed po cel\u00e9m sv\u011bt\u011b. \u201eD\u00e1v\u00e1me krajin\u00e1m a planet\u011b Zemi jemn\u00e9, homeopatick\u00e9 impulsy, abychom j\u00ed a jej\u00edm obyvatel\u016fm pomohli&nbsp; p\u0159i n\u00e1ro\u010dn\u00e9m procesu prom\u011bny, kter\u00fdm v\u0161ichni proch\u00e1z\u00edme,\u201c \u0159\u00edk\u00e1 o sv\u00e9 pr\u00e1ci Marko Poga\u010dnik.<\/p>\n","protected":false},"author":3,"featured_media":9099,"comment_status":"closed","ping_status":"closed","sticky":false,"template":"","format":"standard","meta":{"footnotes":""},"categories":[134,1],"tags":[],"class_list":["post-9096","post","type-post","status-publish","format-standard","has-post-thumbnail","hentry","category-ctenarska-sekce","category-medunka"],"acf":[],"_links":{"self":[{"href":"https:\/\/www.mojemedunka.cz\/index.php\/wp-json\/wp\/v2\/posts\/9096","targetHints":{"allow":["GET"]}}],"collection":[{"href":"https:\/\/www.mojemedunka.cz\/index.php\/wp-json\/wp\/v2\/posts"}],"about":[{"href":"https:\/\/www.mojemedunka.cz\/index.php\/wp-json\/wp\/v2\/types\/post"}],"author":[{"embeddable":true,"href":"https:\/\/www.mojemedunka.cz\/index.php\/wp-json\/wp\/v2\/users\/3"}],"replies":[{"embeddable":true,"href":"https:\/\/www.mojemedunka.cz\/index.php\/wp-json\/wp\/v2\/comments?post=9096"}],"version-history":[{"count":2,"href":"https:\/\/www.mojemedunka.cz\/index.php\/wp-json\/wp\/v2\/posts\/9096\/revisions"}],"predecessor-version":[{"id":9098,"href":"https:\/\/www.mojemedunka.cz\/index.php\/wp-json\/wp\/v2\/posts\/9096\/revisions\/9098"}],"wp:featuredmedia":[{"embeddable":true,"href":"https:\/\/www.mojemedunka.cz\/index.php\/wp-json\/wp\/v2\/media\/9099"}],"wp:attachment":[{"href":"https:\/\/www.mojemedunka.cz\/index.php\/wp-json\/wp\/v2\/media?parent=9096"}],"wp:term":[{"taxonomy":"category","embeddable":true,"href":"https:\/\/www.mojemedunka.cz\/index.php\/wp-json\/wp\/v2\/categories?post=9096"},{"taxonomy":"post_tag","embeddable":true,"href":"https:\/\/www.mojemedunka.cz\/index.php\/wp-json\/wp\/v2\/tags?post=9096"}],"curies":[{"name":"wp","href":"https:\/\/api.w.org\/{rel}","templated":true}]}}