{"id":9026,"date":"2023-11-14T20:05:55","date_gmt":"2023-11-14T20:05:55","guid":{"rendered":"https:\/\/www.mojemedunka.cz\/?p=9026"},"modified":"2023-11-14T20:05:57","modified_gmt":"2023-11-14T20:05:57","slug":"pozvanka-na-seminare-nedirektivniho-vzdelavani","status":"publish","type":"post","link":"https:\/\/www.mojemedunka.cz\/index.php\/2023\/11\/14\/pozvanka-na-seminare-nedirektivniho-vzdelavani\/","title":{"rendered":"Pozv\u00e1nka na semin\u00e1\u0159e nedirektivn\u00edho vzd\u011bl\u00e1v\u00e1n\u00ed"},"content":{"rendered":"\n<p><strong><em><strong><em>Na kv\u011bten, \u010derven, \u010dervenec 2024 p\u0159ij\u00edm\u00e1me p\u0159edb\u011b\u017en\u00e9 nez\u00e1vazn\u00e9 p\u0159ihl\u00e1\u0161ky na pozoruhodn\u00e9 studijn\u00ed a z\u00e1\u017eitkov\u00e9 semin\u00e1\u0159e v\u011bnovan\u00e9 t\u00e9matu nedirektivn\u00edho vzd\u011bl\u00e1v\u00e1n\u00ed, v\u00fdchovy a mezilidsk\u00e9ho sou\u017eit\u00ed v\u016fbec. Lektory budou t\u016fvrci projetku Laboratorio Autodidacta Esperanza Chac\u00f3n a Edgar Espinosa z Kostariky\/Ekv\u00e1doru, oba s letitou \u017eivotn\u00ed zku\u0161enost\u00ed a prax\u00ed, zalo\u017eenou na respektov\u00e1n\u00ed \u017eivotn\u00edch proces\u016f.<\/em><\/strong><\/em><\/strong><\/p>\n\n\n\n<p><strong><em><strong><em>Na z\u00e1klad\u011b Va\u0161eho ohlasu budou v pr\u016fb\u011bhu zimn\u00edch m\u011bs\u00edc\u016f stanovena p\u0159esn\u00e1 data a m\u00edsta kon\u00e1n\u00ed. Ve\u0161ker\u00e9 dal\u0161\u00ed podrobnosti:\u00a0<a href=\"mailto:klaraeliasova@tutanota.com\">klaraeliasova@tutanota.com<\/a>, tel.: 491 814 035 (se z\u00e1znamn\u00edkem),\u00a0<a href=\"http:\/\/www.laboratorioautodidactico.com\/\">www.laboratorioautodidactico.com<\/a>.<\/em><\/strong><\/em><\/strong><\/p>\n\n\n\n<p><strong><em><strong><em>T\u011b\u0161\u00edme se na V\u00e1s.<\/em><\/strong><\/em><\/strong><\/p>\n\n\n\n<figure class=\"wp-block-image size-large\"><img loading=\"lazy\" decoding=\"async\" width=\"817\" height=\"1024\" src=\"https:\/\/www.mojemedunka.cz\/wp-content\/uploads\/2023\/11\/LETAK-STR.-1-817x1024.jpg\" alt=\"\" class=\"wp-image-9028\" srcset=\"https:\/\/www.mojemedunka.cz\/wp-content\/uploads\/2023\/11\/LETAK-STR.-1-817x1024.jpg 817w, https:\/\/www.mojemedunka.cz\/wp-content\/uploads\/2023\/11\/LETAK-STR.-1-300x376.jpg 300w, https:\/\/www.mojemedunka.cz\/wp-content\/uploads\/2023\/11\/LETAK-STR.-1-768x962.jpg 768w, https:\/\/www.mojemedunka.cz\/wp-content\/uploads\/2023\/11\/LETAK-STR.-1-239x300.jpg 239w, https:\/\/www.mojemedunka.cz\/wp-content\/uploads\/2023\/11\/LETAK-STR.-1.jpg 1076w\" sizes=\"auto, (max-width: 817px) 100vw, 817px\" \/><\/figure>\n\n\n","protected":false},"excerpt":{"rendered":"<p>Na kv\u011bten, \u010derven, \u010dervenec 2024 p\u0159ij\u00edm\u00e1me p\u0159edb\u011b\u017en\u00e9 nez\u00e1vazn\u00e9 p\u0159ihl\u00e1\u0161ky na pozoruhodn\u00e9 studijn\u00ed a z\u00e1\u017eitkov\u00e9 semin\u00e1\u0159e v\u011bnovan\u00e9 t\u00e9matu nedirektivn\u00edho vzd\u011bl\u00e1v\u00e1n\u00ed, v\u00fdchovy a mezilidsk\u00e9ho sou\u017eit\u00ed v\u016fbec. Lektory budou t\u016fvrci projetku Laboratorio Autodidacta Esperanza Chac\u00f3n a Edgar Espinosa z Kostariky\/Ekv\u00e1doru, oba s letitou \u017eivotn\u00ed zku\u0161enost\u00ed a prax\u00ed, zalo\u017eenou na respektov\u00e1n\u00ed \u017eivotn\u00edch proces\u016f. Na z\u00e1klad\u011b Va\u0161eho ohlasu budou v pr\u016fb\u011bhu zimn\u00edch m\u011bs\u00edc\u016f stanovena p\u0159esn\u00e1 data a m\u00edsta kon\u00e1n\u00ed. Ve\u0161ker\u00e9 dal\u0161\u00ed podrobnosti:\u00a0klaraeliasova@tutanota.com, tel.: 491 814 035 (se z\u00e1znamn\u00edkem),\u00a0www.laboratorioautodidactico.com. T\u011b\u0161\u00edme se na V\u00e1s.<\/p>\n","protected":false},"author":2,"featured_media":9027,"comment_status":"closed","ping_status":"closed","sticky":false,"template":"","format":"standard","meta":{"footnotes":""},"categories":[55],"tags":[],"class_list":["post-9026","post","type-post","status-publish","format-standard","has-post-thumbnail","hentry","category-pozvanky"],"acf":[],"_links":{"self":[{"href":"https:\/\/www.mojemedunka.cz\/index.php\/wp-json\/wp\/v2\/posts\/9026","targetHints":{"allow":["GET"]}}],"collection":[{"href":"https:\/\/www.mojemedunka.cz\/index.php\/wp-json\/wp\/v2\/posts"}],"about":[{"href":"https:\/\/www.mojemedunka.cz\/index.php\/wp-json\/wp\/v2\/types\/post"}],"author":[{"embeddable":true,"href":"https:\/\/www.mojemedunka.cz\/index.php\/wp-json\/wp\/v2\/users\/2"}],"replies":[{"embeddable":true,"href":"https:\/\/www.mojemedunka.cz\/index.php\/wp-json\/wp\/v2\/comments?post=9026"}],"version-history":[{"count":1,"href":"https:\/\/www.mojemedunka.cz\/index.php\/wp-json\/wp\/v2\/posts\/9026\/revisions"}],"predecessor-version":[{"id":9029,"href":"https:\/\/www.mojemedunka.cz\/index.php\/wp-json\/wp\/v2\/posts\/9026\/revisions\/9029"}],"wp:featuredmedia":[{"embeddable":true,"href":"https:\/\/www.mojemedunka.cz\/index.php\/wp-json\/wp\/v2\/media\/9027"}],"wp:attachment":[{"href":"https:\/\/www.mojemedunka.cz\/index.php\/wp-json\/wp\/v2\/media?parent=9026"}],"wp:term":[{"taxonomy":"category","embeddable":true,"href":"https:\/\/www.mojemedunka.cz\/index.php\/wp-json\/wp\/v2\/categories?post=9026"},{"taxonomy":"post_tag","embeddable":true,"href":"https:\/\/www.mojemedunka.cz\/index.php\/wp-json\/wp\/v2\/tags?post=9026"}],"curies":[{"name":"wp","href":"https:\/\/api.w.org\/{rel}","templated":true}]}}