{"id":8880,"date":"2023-10-21T06:00:00","date_gmt":"2023-10-21T06:00:00","guid":{"rendered":"https:\/\/www.mojemedunka.cz\/?p=8880"},"modified":"2023-10-20T11:18:36","modified_gmt":"2023-10-20T11:18:36","slug":"podekovani-medunce-za-spolupraci-pri-propagaci-mezinarodniho-kongresu-zdravi-2023","status":"publish","type":"post","link":"https:\/\/www.mojemedunka.cz\/index.php\/2023\/10\/21\/podekovani-medunce-za-spolupraci-pri-propagaci-mezinarodniho-kongresu-zdravi-2023\/","title":{"rendered":"Pod\u011bkov\u00e1n\u00ed Medu\u0148ce za spolupr\u00e1ci p\u0159i propagaci Mezin\u00e1rodn\u00edho kongresu zdrav\u00ed 2023 Z\u00e1znamy z kongresu jsou k dispozici pro v\u0161echny z\u00e1jemce!"},"content":{"rendered":"\n<p><\/p>\n\n\n\n<p><strong>Za organiza\u010dn\u00ed t\u00fdm kongresu pod\u011bkoval Medu\u0148ce pan Tom\u00e1\u0161 Pfeiffer, \u0159editel Institutu pro TCIM\/CAM z.\u00fa.:<\/strong><\/p>\n\n\n\n<p>R\u00e1d bych V\u00e1m pod\u011bkoval za Va\u0161i spolupr\u00e1ci p\u0159i prezentaci mezin\u00e1rodn\u00edho kongresu zdrav\u00ed 2023 Praha.&nbsp;Tak\u00e9 d\u00edky V\u00e1m se poda\u0159ilo kongres p\u0159edstavit ve\u0159ejnosti.&nbsp;Sledovalo ho t\u00e9m\u011b\u0159 2000 \u00fa\u010dastn\u00edk\u016f z&nbsp;55 zem\u00ed sv\u011bta, z&nbsp;toho 370 osobn\u011b. V&nbsp;kongresu bylo zve\u0159ejn\u011bno v\u00edce ne\u017e 140 prezentac\u00ed z oblasti TCIM (tradi\u010dn\u00ed, komplement\u00e1rn\u00ed a integrativn\u00ed medic\u00edny) a medic\u00edny EBM (medic\u00edny zalo\u017een\u00e9 na d\u016fkazech). Kongres se tak stal m\u00edstem sd\u00edlen\u00ed informac\u00ed od odborn\u00edk\u016f z cel\u00e9ho sv\u011bta pracuj\u00edc\u00edch v oblasti podpory zdrav\u00ed a zdravotn\u00ed p\u00e9\u010de.<br><strong>Z\u00e1znam naleznete na<\/strong>&nbsp;&nbsp;<a href=\"https:\/\/whc.itcim.org\/zaznamy\/\">whc.itcim.org<\/a>&nbsp;a tak\u00e9 na&nbsp;<a href=\"https:\/\/www.mkz2023praha.cz\/\">www.mkz2023praha.cz<\/a>.&nbsp;&nbsp;<strong>Je k dispozici zdarma a\u017e do doby kon\u00e1n\u00ed dal\u0161\u00edho ro\u010dn\u00edku kongresu v roce 2025. Je\u0161t\u011b jednou d\u011bkujeme a t\u011b\u0161\u00edme se na dal\u0161\u00ed spole\u010dnou spolupr\u00e1ci.&nbsp;<\/strong><\/p>\n\n\n\n<p>Institut pro TCIM\/CAM z.\u00fa.<br>Soukenick\u00e1 21<br>110 00&nbsp; Praha 1<br>E-mail:&nbsp;<a href=\"mailto:info@itcim.cz\">info@itcim.cz<\/a><br>Tel.: +420 721 150 871<br><a href=\"https:\/\/www.itcim.cz\/\">www.itcim.cz<\/a><\/p>\n","protected":false},"excerpt":{"rendered":"<p>Za organiza\u010dn\u00ed t\u00fdm kongresu pod\u011bkoval Medu\u0148ce pan Tom\u00e1\u0161 Pfeiffer, \u0159editel Institutu pro TCIM\/CAM z.\u00fa.: R\u00e1d bych V\u00e1m pod\u011bkoval za Va\u0161i spolupr\u00e1ci p\u0159i prezentaci mezin\u00e1rodn\u00edho kongresu zdrav\u00ed 2023 Praha.&nbsp;Tak\u00e9 d\u00edky V\u00e1m se poda\u0159ilo kongres p\u0159edstavit ve\u0159ejnosti.&nbsp;Sledovalo ho t\u00e9m\u011b\u0159 2000 \u00fa\u010dastn\u00edk\u016f z&nbsp;55 zem\u00ed sv\u011bta, z&nbsp;toho 370 osobn\u011b. V&nbsp;kongresu bylo zve\u0159ejn\u011bno v\u00edce ne\u017e 140 prezentac\u00ed z oblasti TCIM (tradi\u010dn\u00ed, komplement\u00e1rn\u00ed a integrativn\u00ed medic\u00edny) a medic\u00edny EBM (medic\u00edny zalo\u017een\u00e9 na d\u016fkazech). Kongres se tak stal m\u00edstem sd\u00edlen\u00ed informac\u00ed od odborn\u00edk\u016f z cel\u00e9ho sv\u011bta pracuj\u00edc\u00edch v oblasti podpory zdrav\u00ed a zdravotn\u00ed p\u00e9\u010de.Z\u00e1znam naleznete na&nbsp;&nbsp;whc.itcim.org&nbsp;a tak\u00e9 na&nbsp;www.mkz2023praha.cz.&nbsp;&nbsp;Je k dispozici zdarma a\u017e do doby kon\u00e1n\u00ed dal\u0161\u00edho ro\u010dn\u00edku kongresu v roce 2025. Je\u0161t\u011b jednou d\u011bkujeme a t\u011b\u0161\u00edme se na dal\u0161\u00ed spole\u010dnou spolupr\u00e1ci.&nbsp; Institut pro TCIM\/CAM z.\u00fa.Soukenick\u00e1 21110 00&nbsp; Praha 1E-mail:&nbsp;info@itcim.czTel.: +420 721 150 871www.itcim.cz<\/p>\n","protected":false},"author":3,"featured_media":8883,"comment_status":"closed","ping_status":"closed","sticky":false,"template":"","format":"standard","meta":{"footnotes":""},"categories":[11,16,1,31,10],"tags":[],"class_list":["post-8880","post","type-post","status-publish","format-standard","has-post-thumbnail","hentry","category-alternativni-medicina","category-lecitelstvi","category-medunka","category-pro-inspiraci","category-zdravi"],"acf":[],"_links":{"self":[{"href":"https:\/\/www.mojemedunka.cz\/index.php\/wp-json\/wp\/v2\/posts\/8880","targetHints":{"allow":["GET"]}}],"collection":[{"href":"https:\/\/www.mojemedunka.cz\/index.php\/wp-json\/wp\/v2\/posts"}],"about":[{"href":"https:\/\/www.mojemedunka.cz\/index.php\/wp-json\/wp\/v2\/types\/post"}],"author":[{"embeddable":true,"href":"https:\/\/www.mojemedunka.cz\/index.php\/wp-json\/wp\/v2\/users\/3"}],"replies":[{"embeddable":true,"href":"https:\/\/www.mojemedunka.cz\/index.php\/wp-json\/wp\/v2\/comments?post=8880"}],"version-history":[{"count":4,"href":"https:\/\/www.mojemedunka.cz\/index.php\/wp-json\/wp\/v2\/posts\/8880\/revisions"}],"predecessor-version":[{"id":8886,"href":"https:\/\/www.mojemedunka.cz\/index.php\/wp-json\/wp\/v2\/posts\/8880\/revisions\/8886"}],"wp:featuredmedia":[{"embeddable":true,"href":"https:\/\/www.mojemedunka.cz\/index.php\/wp-json\/wp\/v2\/media\/8883"}],"wp:attachment":[{"href":"https:\/\/www.mojemedunka.cz\/index.php\/wp-json\/wp\/v2\/media?parent=8880"}],"wp:term":[{"taxonomy":"category","embeddable":true,"href":"https:\/\/www.mojemedunka.cz\/index.php\/wp-json\/wp\/v2\/categories?post=8880"},{"taxonomy":"post_tag","embeddable":true,"href":"https:\/\/www.mojemedunka.cz\/index.php\/wp-json\/wp\/v2\/tags?post=8880"}],"curies":[{"name":"wp","href":"https:\/\/api.w.org\/{rel}","templated":true}]}}