{"id":874,"date":"2019-03-30T06:00:25","date_gmt":"2019-03-30T06:00:25","guid":{"rendered":"http:\/\/www.mojemedunka.cz\/?p=874"},"modified":"2019-03-30T10:45:23","modified_gmt":"2019-03-30T10:45:23","slug":"hodina-zeme","status":"publish","type":"post","link":"https:\/\/www.mojemedunka.cz\/index.php\/2019\/03\/30\/hodina-zeme\/","title":{"rendered":"HODINA ZEM\u011a"},"content":{"rendered":"<p><strong>Co je hodina Zem\u011b?<\/strong><\/p>\n<p><strong><img loading=\"lazy\" decoding=\"async\" class=\"alignnone size-full wp-image-878 alignleft\" src=\"http:\/\/www.mojemedunka.cz\/wp-content\/uploads\/2019\/03\/logo_veronica_200.jpg\" alt=\"\" width=\"200\" height=\"73\" \/>Hodina Zem\u011b je ka\u017edoro\u010dn\u00ed mezin\u00e1rodn\u00ed akce zaveden\u00e1 Sv\u011btov\u00fdm fondem na ochranu p\u0159\u00edrody (World Wildlife Fund, zkr\u00e1cen\u011b WWF). Prvn\u00ed ro\u010dn\u00edk se konal v\u00a0roce 2007 v\u00a0Sydney v\u00a0Austr\u00e1lii, kdy c\u00edlem organiz\u00e1tor\u016f bylo atraktivn\u00edm zp\u016fsobem upozornit na zm\u011bnu klimatu.<\/strong> Na hodinu tehdy zhasla sv\u011btla na slavn\u00e9 budov\u011b australsk\u00e9 opery, do kampan\u011b se zapojily v\u00edce ne\u017e 2 miliony lid\u00ed. B\u011bhem let se tato \u00fasp\u011b\u0161n\u00e1 akce roz\u0161\u00ed\u0159ila do cel\u00e9ho sv\u011bta a kon\u00e1 se v\u017edy posledn\u00ed sobotu v\u00a0m\u011bs\u00edci b\u0159eznu. Ka\u017edoro\u010dn\u011b ji v\u00a0\u010cR koordinuje Ekologick\u00fd institut Veronica.<br \/>\nV \u010cesk\u00e9 republice se k\u00a0akci v\u00a0roce 2018 p\u0159ipojilo p\u0159es sto m\u011bst, obc\u00ed, pam\u00e1tek a dal\u0161\u00edch subjekt\u016f. Na cel\u00e9m sv\u011bt\u011b se zapojilo 187 zem\u00ed, zhaslo 3000 v\u00fdznamn\u00fdch pam\u00e1tek a p\u0159ipojily se miliony jednotlivc\u016f a organizac\u00ed.<br \/>\nKlimatick\u00fd syst\u00e9m Zem\u011b se razantn\u011b m\u011bn\u00ed a dopady poci\u0165ujeme st\u00e1le v\u00edce i\u00a0u n\u00e1s doma. Abychom odvr\u00e1tili nejv\u011bt\u0161\u00ed probl\u00e9my, mus\u00edme v\u00fdrazn\u011b prom\u011bnit na\u0161e chov\u00e1n\u00ed a fungov\u00e1n\u00ed cel\u00e9 spole\u010dnosti. Pot\u0159ebujeme skute\u010dn\u011b za\u010d\u00edt \u0161et\u0159it s\u00a0energiemi, v\u011bt\u0161\u00ed pod\u00edl energie z\u00edsk\u00e1vat z\u00a0obnoviteln\u00fdch zdroj\u016f a skon\u010dit s\u00a0p\u00e1len\u00edm fosiln\u00edch paliv, kter\u00e9 ke zm\u011bn\u011b klimatu p\u0159isp\u00edvaj\u00ed nejv\u00edc. Proto\u017ee \u010d\u00e1st \u010dasu na zlep\u0161en\u00ed jsme u\u017e ztratili, mus\u00edme na\u0161e domovy p\u0159ipravit na \u010dast\u011bj\u0161\u00ed povodn\u011b, sucha nebo letn\u00ed vlny vedra, kter\u00e9 zm\u011bna klimatu p\u0159in\u00e1\u0161\u00ed.<br \/>\nCelkem 17 z\u00a018 nejteplej\u0161\u00edch let se objevilo od roku 2001. Rychlost r\u016fstu teplot se nav\u00edc v\u00a0posledn\u00edch letech zvy\u0161uje. V\u00fdznamn\u00fdm dopadem klimatick\u00fdch zm\u011bn je nedostatek vody. Sucho se st\u00e1v\u00e1 probl\u00e9mem nejen u\u00a0n\u00e1s, ale zejm\u00e9na v\u00a0rozvojov\u00fdch zem\u00edch. C\u00edlem kampan\u011b je tak mimo jin\u00e9 upozornit na to, jak na\u0161e ka\u017edodenn\u00ed spot\u0159ebitelsk\u00e9 chov\u00e1n\u00ed ovliv\u0148uje \u017eivotn\u00ed prost\u0159ed\u00ed po cel\u00e9m sv\u011bt\u011b. Klimatick\u00fdm z\u00e1vazkem, kter\u00fd mohou p\u0159ijmout instituce i\u00a0jednotlivci, jsou tedy i\u00a0c\u00edlen\u00e9 \u00faspory vody. Nejen t\u00e9, kter\u00e1 te\u010de v\u00a0na\u0161ich kohoutc\u00edch, ale zejm\u00e9na vody spot\u0159ebovan\u00e9 na p\u011bstov\u00e1n\u00ed a v\u00fdrobu potravin.<br \/>\nZm\u011bna klimatu se dotkne n\u00e1s v\u0161ech a k\u00a0odvr\u00e1cen\u00ed jejich nejhor\u0161\u00edch dopad\u016f mus\u00edme sv\u00fdm d\u00edlem p\u0159isp\u011bt v\u0161ichni. Alespo\u0148 symbolicky to m\u016f\u017eeme ud\u011blat pr\u00e1v\u011b na Hodinu Zem\u011b, kdy na \u0161edes\u00e1t minut zhasneme byty, domy, pam\u00e1tky a firmy.<br \/>\nSami jako jednotlivci zm\u011bnu klimatu odvr\u00e1tit nedok\u00e1\u017eeme. Mus\u00edme se spojit na \u00farovni jednotliv\u00fdch obc\u00ed nebo m\u011bst a hledat \u0159e\u0161en\u00ed, jak na\u0161e domovy ochr\u00e1nit p\u0159ed extr\u00e9my po\u010das\u00ed, a jak sn\u00ed\u017eit emise sklen\u00edkov\u00fdch plyn\u016f, kter\u00e9 jsou p\u0159\u00ed\u010dinou zm\u011bny klimatu.<br \/>\nZ mimo\u0159\u00e1dn\u00e9 zpr\u00e1vy Mezivl\u00e1dn\u00edho panelu pro klimatickou zm\u011bnu IPCC, vydan\u00e9 v\u00a0\u0159\u00edjnu 2018, plyne, \u017ee je st\u00e1le mo\u017en\u00e9, i\u00a0kdy\u017e velice obt\u00ed\u017en\u00e9, zastavit oteplov\u00e1n\u00ed na 1,5 \u00b0C. Tedy na \u00farovni, kdy dopady klimatick\u00e9 zm\u011bny budou sice v\u00fdrazn\u00e9, ale zvl\u00e1dnuteln\u00e9. Glob\u00e1ln\u00ed emise sklen\u00edkov\u00fdch plyn\u016f mus\u00ed za\u010d\u00edt rapidn\u011b klesat. P\u0159ibli\u017en\u011b na polovinu v\u00a0roce 2030 a na nulu v\u00a0roce 2050. Aby se to stalo, je nutn\u00e9 p\u0159estat spalovat fosiln\u00ed paliva, zefektivnit pr\u016fmysl, zm\u011bnit slo\u017een\u00ed na\u0161\u00ed stravy a sn\u00ed\u017eit spot\u0159ebu ve vysp\u011bl\u00fdch zem\u00edch. K\u00a0tomu je za\u00adpot\u0159eb\u00ed, aby ruku v\u00a0ruce \u0161la zodpov\u011bdn\u00e1 klimatick\u00e1 politika p\u0159edstavitel\u016f na v\u0161ech \u00faro\u00advn\u00edch (obce, kraje, st\u00e1t) a uv\u011bdom\u011bl\u00e1 zm\u011bna chov\u00e1n\u00ed ob\u010dan\u016f (nap\u0159. zateplen\u00ed dom\u016f, vyu\u017e\u00ed\u00adv\u00e1n\u00ed hromadn\u00e9 dopravy, omezen\u00ed konzumace \u017eivo\u010di\u0161n\u00fdch produkt\u016f).<br \/>\nPr\u00e1v\u011b te\u010f nastal \u010das, aby se i\u00a0\u010cesko za\u010dalo m\u011bnit, pokud chceme skute\u010dn\u011b udr\u017eet oteplov\u00e1n\u00ed planety v\u00a0alespo\u0148 relativn\u011b bezpe\u010dn\u00fdch mantinelech.<br \/>\n<strong>Klima jsme u\u017e zm\u011bnili, te\u010f se poj\u010fme zm\u011bnit my.<br \/>\nSv\u00e9 z\u00e1vazky pro klima zapisujte na <\/strong><a href=\"https:\/\/www.hodinazeme.cz\/pridejte-se\"><strong>https:\/\/www.hodinazeme.cz\/pridejte-se<\/strong><\/a><\/p>\n<p><em>Kontakty:<\/em><\/p>\n<ul>\n<li><em>Petr Ledvina, Ekologick\u00fd institut Veronica, petr.ledvina@veronica.cz, 776 057 637, koordin\u00e1tor kampan\u011b<\/em><\/li>\n<li><em>Hana Mach\u016f, Ekologick\u00fd institut Veronica, hana.machu@veronica.cz, medi\u00e1ln\u00ed koordin\u00e1torka<\/em><\/li>\n<\/ul>\n<p>&nbsp;<\/p>\n<p>&nbsp;<\/p>\n","protected":false},"excerpt":{"rendered":"<p>Co je hodina Zem\u011b? Hodina Zem\u011b je ka\u017edoro\u010dn\u00ed mezin\u00e1rodn\u00ed akce zaveden\u00e1 Sv\u011btov\u00fdm fondem na ochranu p\u0159\u00edrody (World Wildlife Fund, zkr\u00e1cen\u011b WWF). Prvn\u00ed ro\u010dn\u00edk se konal v\u00a0roce 2007 v\u00a0Sydney v\u00a0Austr\u00e1lii, kdy c\u00edlem organiz\u00e1tor\u016f bylo atraktivn\u00edm zp\u016fsobem upozornit na zm\u011bnu klimatu. Na hodinu tehdy zhasla sv\u011btla na slavn\u00e9 budov\u011b australsk\u00e9 opery, do kampan\u011b se zapojily v\u00edce ne\u017e 2 miliony lid\u00ed. B\u011bhem let se tato \u00fasp\u011b\u0161n\u00e1 akce roz\u0161\u00ed\u0159ila do cel\u00e9ho sv\u011bta a kon\u00e1 se v\u017edy posledn\u00ed sobotu v\u00a0m\u011bs\u00edci b\u0159eznu. Ka\u017edoro\u010dn\u011b ji v\u00a0\u010cR koordinuje Ekologick\u00fd institut Veronica. V \u010cesk\u00e9 republice se k\u00a0akci v\u00a0roce 2018 p\u0159ipojilo p\u0159es sto m\u011bst, obc\u00ed, pam\u00e1tek a dal\u0161\u00edch subjekt\u016f. Na cel\u00e9m sv\u011bt\u011b se zapojilo 187 zem\u00ed, zhaslo 3000 v\u00fdznamn\u00fdch pam\u00e1tek a p\u0159ipojily se miliony jednotlivc\u016f a organizac\u00ed. Klimatick\u00fd syst\u00e9m Zem\u011b se razantn\u011b m\u011bn\u00ed a dopady poci\u0165ujeme st\u00e1le v\u00edce i\u00a0u n\u00e1s doma. Abychom odvr\u00e1tili nejv\u011bt\u0161\u00ed probl\u00e9my, mus\u00edme v\u00fdrazn\u011b prom\u011bnit na\u0161e chov\u00e1n\u00ed a fungov\u00e1n\u00ed cel\u00e9 spole\u010dnosti. Pot\u0159ebujeme skute\u010dn\u011b za\u010d\u00edt \u0161et\u0159it s\u00a0energiemi, v\u011bt\u0161\u00ed pod\u00edl energie z\u00edsk\u00e1vat z\u00a0obnoviteln\u00fdch zdroj\u016f a skon\u010dit s\u00a0p\u00e1len\u00edm fosiln\u00edch paliv, kter\u00e9 ke zm\u011bn\u011b klimatu p\u0159isp\u00edvaj\u00ed nejv\u00edc. Proto\u017ee \u010d\u00e1st \u010dasu na zlep\u0161en\u00ed jsme u\u017e ztratili, mus\u00edme na\u0161e domovy p\u0159ipravit na \u010dast\u011bj\u0161\u00ed povodn\u011b, sucha nebo letn\u00ed vlny vedra, kter\u00e9 zm\u011bna klimatu p\u0159in\u00e1\u0161\u00ed. Celkem 17 z\u00a018 nejteplej\u0161\u00edch let se objevilo od roku 2001. Rychlost r\u016fstu teplot se nav\u00edc v\u00a0posledn\u00edch letech zvy\u0161uje. V\u00fdznamn\u00fdm dopadem klimatick\u00fdch zm\u011bn je nedostatek vody. Sucho se st\u00e1v\u00e1 probl\u00e9mem nejen u\u00a0n\u00e1s, ale zejm\u00e9na v\u00a0rozvojov\u00fdch zem\u00edch. C\u00edlem kampan\u011b je tak mimo jin\u00e9 upozornit na to, jak na\u0161e ka\u017edodenn\u00ed spot\u0159ebitelsk\u00e9 chov\u00e1n\u00ed ovliv\u0148uje \u017eivotn\u00ed prost\u0159ed\u00ed po cel\u00e9m sv\u011bt\u011b. Klimatick\u00fdm z\u00e1vazkem, kter\u00fd mohou p\u0159ijmout instituce i\u00a0jednotlivci, jsou tedy i\u00a0c\u00edlen\u00e9 \u00faspory vody. Nejen t\u00e9, kter\u00e1 te\u010de v\u00a0na\u0161ich kohoutc\u00edch, ale zejm\u00e9na vody spot\u0159ebovan\u00e9 na p\u011bstov\u00e1n\u00ed a v\u00fdrobu potravin. Zm\u011bna klimatu se dotkne n\u00e1s v\u0161ech a k\u00a0odvr\u00e1cen\u00ed jejich nejhor\u0161\u00edch dopad\u016f mus\u00edme sv\u00fdm d\u00edlem p\u0159isp\u011bt v\u0161ichni. Alespo\u0148 symbolicky to m\u016f\u017eeme ud\u011blat pr\u00e1v\u011b na Hodinu Zem\u011b, kdy na \u0161edes\u00e1t minut zhasneme byty, domy, pam\u00e1tky a firmy. Sami jako jednotlivci zm\u011bnu klimatu odvr\u00e1tit nedok\u00e1\u017eeme. Mus\u00edme se spojit na \u00farovni jednotliv\u00fdch obc\u00ed nebo m\u011bst a hledat \u0159e\u0161en\u00ed, jak na\u0161e domovy ochr\u00e1nit p\u0159ed extr\u00e9my po\u010das\u00ed, a jak sn\u00ed\u017eit emise sklen\u00edkov\u00fdch plyn\u016f, kter\u00e9 jsou p\u0159\u00ed\u010dinou zm\u011bny klimatu. Z mimo\u0159\u00e1dn\u00e9 zpr\u00e1vy Mezivl\u00e1dn\u00edho panelu pro klimatickou zm\u011bnu IPCC, vydan\u00e9 v\u00a0\u0159\u00edjnu 2018, plyne, \u017ee je st\u00e1le mo\u017en\u00e9, i\u00a0kdy\u017e velice obt\u00ed\u017en\u00e9, zastavit oteplov\u00e1n\u00ed na 1,5 \u00b0C. Tedy na \u00farovni, kdy dopady klimatick\u00e9 zm\u011bny budou sice v\u00fdrazn\u00e9, ale zvl\u00e1dnuteln\u00e9. Glob\u00e1ln\u00ed emise sklen\u00edkov\u00fdch plyn\u016f mus\u00ed za\u010d\u00edt rapidn\u011b klesat. P\u0159ibli\u017en\u011b na polovinu v\u00a0roce 2030 a na nulu v\u00a0roce 2050. Aby se to stalo, je nutn\u00e9 p\u0159estat spalovat fosiln\u00ed paliva, zefektivnit pr\u016fmysl, zm\u011bnit slo\u017een\u00ed na\u0161\u00ed stravy a sn\u00ed\u017eit spot\u0159ebu ve vysp\u011bl\u00fdch zem\u00edch. K\u00a0tomu je za\u00adpot\u0159eb\u00ed, aby ruku v\u00a0ruce \u0161la zodpov\u011bdn\u00e1 klimatick\u00e1 politika p\u0159edstavitel\u016f na v\u0161ech \u00faro\u00advn\u00edch (obce, kraje, st\u00e1t) a uv\u011bdom\u011bl\u00e1 zm\u011bna chov\u00e1n\u00ed ob\u010dan\u016f (nap\u0159. zateplen\u00ed dom\u016f, vyu\u017e\u00ed\u00adv\u00e1n\u00ed hromadn\u00e9 dopravy, omezen\u00ed konzumace \u017eivo\u010di\u0161n\u00fdch produkt\u016f). Pr\u00e1v\u011b te\u010f nastal \u010das, aby se i\u00a0\u010cesko za\u010dalo m\u011bnit, pokud chceme skute\u010dn\u011b udr\u017eet oteplov\u00e1n\u00ed planety v\u00a0alespo\u0148 relativn\u011b bezpe\u010dn\u00fdch mantinelech. Klima jsme u\u017e zm\u011bnili, te\u010f se poj\u010fme zm\u011bnit my. Sv\u00e9 z\u00e1vazky pro klima zapisujte na https:\/\/www.hodinazeme.cz\/pridejte-se Kontakty: Petr Ledvina, Ekologick\u00fd institut Veronica, petr.ledvina@veronica.cz, 776 057 637, koordin\u00e1tor kampan\u011b Hana Mach\u016f, Ekologick\u00fd institut Veronica, hana.machu@veronica.cz, medi\u00e1ln\u00ed koordin\u00e1torka &nbsp; &nbsp;<\/p>\n","protected":false},"author":3,"featured_media":877,"comment_status":"closed","ping_status":"closed","sticky":false,"template":"","format":"standard","meta":{"footnotes":""},"categories":[27],"tags":[],"class_list":["post-874","post","type-post","status-publish","format-standard","has-post-thumbnail","hentry","category-ekologie-priroda"],"acf":[],"_links":{"self":[{"href":"https:\/\/www.mojemedunka.cz\/index.php\/wp-json\/wp\/v2\/posts\/874","targetHints":{"allow":["GET"]}}],"collection":[{"href":"https:\/\/www.mojemedunka.cz\/index.php\/wp-json\/wp\/v2\/posts"}],"about":[{"href":"https:\/\/www.mojemedunka.cz\/index.php\/wp-json\/wp\/v2\/types\/post"}],"author":[{"embeddable":true,"href":"https:\/\/www.mojemedunka.cz\/index.php\/wp-json\/wp\/v2\/users\/3"}],"replies":[{"embeddable":true,"href":"https:\/\/www.mojemedunka.cz\/index.php\/wp-json\/wp\/v2\/comments?post=874"}],"version-history":[{"count":3,"href":"https:\/\/www.mojemedunka.cz\/index.php\/wp-json\/wp\/v2\/posts\/874\/revisions"}],"predecessor-version":[{"id":880,"href":"https:\/\/www.mojemedunka.cz\/index.php\/wp-json\/wp\/v2\/posts\/874\/revisions\/880"}],"wp:featuredmedia":[{"embeddable":true,"href":"https:\/\/www.mojemedunka.cz\/index.php\/wp-json\/wp\/v2\/media\/877"}],"wp:attachment":[{"href":"https:\/\/www.mojemedunka.cz\/index.php\/wp-json\/wp\/v2\/media?parent=874"}],"wp:term":[{"taxonomy":"category","embeddable":true,"href":"https:\/\/www.mojemedunka.cz\/index.php\/wp-json\/wp\/v2\/categories?post=874"},{"taxonomy":"post_tag","embeddable":true,"href":"https:\/\/www.mojemedunka.cz\/index.php\/wp-json\/wp\/v2\/tags?post=874"}],"curies":[{"name":"wp","href":"https:\/\/api.w.org\/{rel}","templated":true}]}}