{"id":8619,"date":"2023-09-02T18:00:00","date_gmt":"2023-09-02T18:00:00","guid":{"rendered":"https:\/\/www.mojemedunka.cz\/?p=8619"},"modified":"2023-08-31T16:57:21","modified_gmt":"2023-08-31T16:57:21","slug":"dva-jeste-letni-recepty","status":"publish","type":"post","link":"https:\/\/www.mojemedunka.cz\/index.php\/2023\/09\/02\/dva-jeste-letni-recepty\/","title":{"rendered":"Dva je\u0161t\u011b letn\u00ed recepty&#8230;"},"content":{"rendered":"\n<p>I kdy\u017e se pr\u00e1zdniny u\u017e nach\u00fdlily ke sv\u00e9mu konci, <strong>l\u00e9to st\u00e1le trv\u00e1 &#8211; a tak si m\u016f\u017eeme uva\u0159it lehkou letn\u00ed okurkovou  pol\u00e9vku a pokud r\u00e1di grilujete, tak doporu\u010dujeme skv\u011bl\u00fd zeleninov\u00fd \u0161p\u00edz s dipem<\/strong> &#8211; zelenina p\u0159ece k letn\u00edmu \u010dasu pat\u0159\u00ed! A kdyby v\u00e1s ty recepty zaujaly, tak v\u011bzte, \u017ee jsou <em><strong>z knihy Marcely \u0160ebestov\u00e9 Babi\u010dka va\u0159\u00ed s vnou\u010daty v\u00edkendov\u00e1 menu &#8211; <\/strong><\/em>a \u017ee v t\u00e9to sympatick\u00e9 kn\u00ed\u017ece, kterou p\u0159ed \u010dasem vydala na\u0161e <strong>medu\u0148kov\u00e1 edice<\/strong>, najdete takov\u00fdch recept\u016f<em><strong> <\/strong><\/em>mnohem v\u00edc&#8230; <a href=\"http:\/\/www.knihovnickamedunky.cz\" data-type=\"URL\" data-id=\"www.knihovnickamedunky.cz\">www.knihovnickamedunky.cz<\/a><\/p>\n\n\n\n<p><\/p>\n\n\n\n<p><strong>Letn\u00ed okurkov\u00e1 pol\u00e9vka<\/strong><br><strong>1 kg sal\u00e1tov\u00fdch okurek, 3 l\u017e\u00edce olivov\u00e9ho oleje, 3 strou\u017eky \u010desneku, s\u016fl, sekan\u00fd zelen\u00fd kopr, 1 mlad\u00fd p\u00f3rek, citronov\u00e1 \u0161\u0165\u00e1va, 2 b\u00edl\u00e9 jogurty<\/strong><br>Okurky oloupeme, nastrouh\u00e1me na jemn\u00e9 nudli\u010dky do m\u00edsy, p\u0159id\u00e1me na kole\u010dka nakr\u00e1jen\u00fd p\u00f3rek a se sol\u00ed ut\u0159en\u00fd \u010desnek. V b\u00edl\u00e9m jogurtu rozm\u00edch\u00e1me olej, s\u016fl a citronovou \u0161\u0165\u00e1vu. Prom\u00edch\u00e1me se zeleninou, posypeme sekan\u00fdm koprem a pod\u00e1v\u00e1me vychlazen\u00e9.<\/p>\n\n\n\n<p><strong>Zeleninov\u00fd \u0161p\u00edz s dipem<\/strong><br><strong>1 mlad\u00e1 cuketa, 100 g cherry raj\u010dat, 1 mrkev, 1 \u017elut\u00e1 paprika, 3 mlad\u00e9 cibulky, s\u016fl, 2 l\u017ei\u010dky grilovac\u00edho ko\u0159en\u00ed, \u0161alv\u011bj, tymi\u00e1n<\/strong><br>Dip: 1 mlad\u00e1 cibulka s nat\u00ed, 1 strou\u017eek \u010desneku, 1 b\u00edl\u00fd jogurt, 3 l\u017e\u00edce olivov\u00e9ho oleje, s\u016fl<br>O\u010di\u0161t\u011bnou a omytou zeleninu nakr\u00e1j\u00edme na kousky a st\u0159\u00eddav\u011b napichujeme na kovov\u00e9 jehly. Osol\u00edme je a prolo\u017e\u00edme \u010derstv\u00fdmi bylinkami. Posypeme grilovac\u00edm ko\u0159en\u00edm a nech\u00e1me v ledni\u010dce ule\u017eet. \u0160p\u00edzy op\u00e9k\u00e1me 5 minut na grilu ze v\u0161ech stran. Pod\u00e1v\u00e1me s jogurtov\u00fdm dipem.<br>Cibulku jemn\u011b nasek\u00e1me, \u010desnek prolisujeme, prom\u00edch\u00e1me s jogurtem a olejem. Podle chuti osol\u00edme.<\/p>\n","protected":false},"excerpt":{"rendered":"<p>I kdy\u017e se pr\u00e1zdniny u\u017e nach\u00fdlily ke sv\u00e9mu konci, l\u00e9to st\u00e1le trv\u00e1 &#8211; a tak si m\u016f\u017eeme uva\u0159it lehkou letn\u00ed okurkovou pol\u00e9vku a pokud r\u00e1di grilujete, tak doporu\u010dujeme skv\u011bl\u00fd zeleninov\u00fd \u0161p\u00edz s dipem &#8211; zelenina p\u0159ece k letn\u00edmu \u010dasu pat\u0159\u00ed! A kdyby v\u00e1s ty recepty zaujaly, tak v\u011bzte, \u017ee jsou z knihy Marcely \u0160ebestov\u00e9 Babi\u010dka va\u0159\u00ed s vnou\u010daty v\u00edkendov\u00e1 menu &#8211; a \u017ee v t\u00e9to sympatick\u00e9 kn\u00ed\u017ece, kterou p\u0159ed \u010dasem vydala na\u0161e medu\u0148kov\u00e1 edice, najdete takov\u00fdch recept\u016f mnohem v\u00edc&#8230; www.knihovnickamedunky.cz Letn\u00ed okurkov\u00e1 pol\u00e9vka1 kg sal\u00e1tov\u00fdch okurek, 3 l\u017e\u00edce olivov\u00e9ho oleje, 3 strou\u017eky \u010desneku, s\u016fl, sekan\u00fd zelen\u00fd kopr, 1 mlad\u00fd p\u00f3rek, citronov\u00e1 \u0161\u0165\u00e1va, 2 b\u00edl\u00e9 jogurtyOkurky oloupeme, nastrouh\u00e1me na jemn\u00e9 nudli\u010dky do m\u00edsy, p\u0159id\u00e1me na kole\u010dka nakr\u00e1jen\u00fd p\u00f3rek a se sol\u00ed ut\u0159en\u00fd \u010desnek. V b\u00edl\u00e9m jogurtu rozm\u00edch\u00e1me olej, s\u016fl a citronovou \u0161\u0165\u00e1vu. Prom\u00edch\u00e1me se zeleninou, posypeme sekan\u00fdm koprem a pod\u00e1v\u00e1me vychlazen\u00e9. Zeleninov\u00fd \u0161p\u00edz s dipem1 mlad\u00e1 cuketa, 100 g cherry raj\u010dat, 1 mrkev, 1 \u017elut\u00e1 paprika, 3 mlad\u00e9 cibulky, s\u016fl, 2 l\u017ei\u010dky grilovac\u00edho ko\u0159en\u00ed, \u0161alv\u011bj, tymi\u00e1nDip: 1 mlad\u00e1 cibulka s nat\u00ed, 1 strou\u017eek \u010desneku, 1 b\u00edl\u00fd jogurt, 3 l\u017e\u00edce olivov\u00e9ho oleje, s\u016flO\u010di\u0161t\u011bnou a omytou zeleninu nakr\u00e1j\u00edme na kousky a st\u0159\u00eddav\u011b napichujeme na kovov\u00e9 jehly. Osol\u00edme je a prolo\u017e\u00edme \u010derstv\u00fdmi bylinkami. Posypeme grilovac\u00edm ko\u0159en\u00edm a nech\u00e1me v ledni\u010dce ule\u017eet. \u0160p\u00edzy op\u00e9k\u00e1me 5 minut na grilu ze v\u0161ech stran. Pod\u00e1v\u00e1me s jogurtov\u00fdm dipem.Cibulku jemn\u011b nasek\u00e1me, \u010desnek prolisujeme, prom\u00edch\u00e1me s jogurtem a olejem. Podle chuti osol\u00edme.<\/p>\n","protected":false},"author":3,"featured_media":2204,"comment_status":"closed","ping_status":"closed","sticky":false,"template":"","format":"standard","meta":{"footnotes":""},"categories":[28,1,33,32],"tags":[],"class_list":["post-8619","post","type-post","status-publish","format-standard","has-post-thumbnail","hentry","category-knihovnicka-medunky","category-medunka","category-rady-a-tipy","category-recepty"],"acf":[],"_links":{"self":[{"href":"https:\/\/www.mojemedunka.cz\/index.php\/wp-json\/wp\/v2\/posts\/8619","targetHints":{"allow":["GET"]}}],"collection":[{"href":"https:\/\/www.mojemedunka.cz\/index.php\/wp-json\/wp\/v2\/posts"}],"about":[{"href":"https:\/\/www.mojemedunka.cz\/index.php\/wp-json\/wp\/v2\/types\/post"}],"author":[{"embeddable":true,"href":"https:\/\/www.mojemedunka.cz\/index.php\/wp-json\/wp\/v2\/users\/3"}],"replies":[{"embeddable":true,"href":"https:\/\/www.mojemedunka.cz\/index.php\/wp-json\/wp\/v2\/comments?post=8619"}],"version-history":[{"count":4,"href":"https:\/\/www.mojemedunka.cz\/index.php\/wp-json\/wp\/v2\/posts\/8619\/revisions"}],"predecessor-version":[{"id":8624,"href":"https:\/\/www.mojemedunka.cz\/index.php\/wp-json\/wp\/v2\/posts\/8619\/revisions\/8624"}],"wp:featuredmedia":[{"embeddable":true,"href":"https:\/\/www.mojemedunka.cz\/index.php\/wp-json\/wp\/v2\/media\/2204"}],"wp:attachment":[{"href":"https:\/\/www.mojemedunka.cz\/index.php\/wp-json\/wp\/v2\/media?parent=8619"}],"wp:term":[{"taxonomy":"category","embeddable":true,"href":"https:\/\/www.mojemedunka.cz\/index.php\/wp-json\/wp\/v2\/categories?post=8619"},{"taxonomy":"post_tag","embeddable":true,"href":"https:\/\/www.mojemedunka.cz\/index.php\/wp-json\/wp\/v2\/tags?post=8619"}],"curies":[{"name":"wp","href":"https:\/\/api.w.org\/{rel}","templated":true}]}}