{"id":8609,"date":"2023-09-01T18:00:00","date_gmt":"2023-09-01T18:00:00","guid":{"rendered":"https:\/\/www.mojemedunka.cz\/?p=8609"},"modified":"2023-09-01T19:36:10","modified_gmt":"2023-09-01T19:36:10","slug":"vybirame-z-nove-zarijove-medunky-praha-privita-gabora-mate","status":"publish","type":"post","link":"https:\/\/www.mojemedunka.cz\/index.php\/2023\/09\/01\/vybirame-z-nove-zarijove-medunky-praha-privita-gabora-mate\/","title":{"rendered":"Vyb\u00edr\u00e1me z nov\u00e9, z\u00e1\u0159ijov\u00e9 Medu\u0148ky: Praha p\u0159iv\u00edt\u00e1 Gabora Mat\u00e9"},"content":{"rendered":"\n<p><strong>Z\u00e1\u0159ijov\u00e9 \u010d\u00edslo Medu\u0148ky (pr\u00e1v\u011b vy\u0161lo!!) se je\u0161t\u011b ani &#8222;neoh\u0159\u00e1lo&#8220; na prodejn\u00edch pultech a my u\u017e v\u00e1m z n\u011bj nab\u00edz\u00edme prvn\u00ed uk\u00e1zku<\/strong>. <strong>V \u010dl\u00e1nku V. Keilov\u00e9, kter\u00fd za\u010d\u00edn\u00e1 na str. 6<\/strong>, se dozv\u00edte spoustu informac\u00ed o l\u00e9ka\u0159i, kter\u00fd si jako <strong>hlavn\u00ed oblast sv\u00e9ho odborn\u00e9ho p\u016fsoben\u00ed zvolil pr\u00e1ci s traumatem<\/strong>. Je to <strong>kanadsk\u00fd l\u00e9ka\u0159 Gabor Mat\u00e9, <\/strong>autor \u0159ady knih a respektovan\u00fd odborn\u00edk na ot\u00e1zky traumatu. Pro n\u00e1s je zaj\u00edmav\u00e9, \u017ee G\u00e1bor Mat\u00e9 v \u0159\u00edjnu p\u0159ijede do Prahy.  <strong>Z\u00e1\u0159ijovou Medu\u0148u m\u016f\u017eete \u010d\u00edst tak\u00e9 na <a href=\"https:\/\/www.mojemedunka.cz\/index.php\/2020\/03\/18\/elektronickou-verzi-medunky-sezenete-na-emedunka-cz\/\" data-type=\"post\" data-id=\"2535\">emedunka.cz <\/a>    <\/strong><\/p>\n\n\n\n<p><\/p>\n\n\n\n<p><\/p>\n\n\n\n<p><strong>Na podzim budeme m\u00edt i u n\u00e1s mo\u017enost z\u00fa\u010dastnit se unik\u00e1tn\u00edho programu sv\u011btov\u011b proslul\u00e9ho l\u00e9ka\u0159e, terapeuta a myslitele dr. Gabora Mat\u00e9, kter\u00fd pat\u0159\u00ed k&nbsp;nejv\u011bt\u0161\u00edm sv\u011btov\u00fdm odborn\u00edk\u016fm na l\u00e9\u010den\u00ed z\u00e1vislost\u00ed a traumatu. Konference s&nbsp;n\u00e1zvem Moudrost rodi\u010dovstv\u00ed v&nbsp;kontextu traumatu ve velk\u00e9m s\u00e1le pra\u017esk\u00e9 Lucerny prob\u011bhne 16. 10. a dal\u0161\u00ed den 17. 10. se bude konat workshop v&nbsp;kin\u011b a n\u00e1sledn\u011b v&nbsp;galerii Lucerna. Co d\u016fle\u017eit\u00e9ho p\u0159ed\u00e1v\u00e1 sv\u011btu a \u010d\u00edm strhl doslova lavinu z\u00e1jmu o svoji pr\u00e1ci?<\/strong><\/p>\n\n\n\n<p>Kanadsk\u00fd l\u00e9ka\u0159 Gabor Mat\u00e9 se narodil v&nbsp;lednu 1944 v&nbsp;Budape\u0161ti \u017eidovsk\u00fdm rodi\u010d\u016fm, a kdy\u017e mu byly dva m\u011bs\u00edce, Budape\u0161\u0165 obsadili nacist\u00e9. Jak dnes s\u00e1m \u0159\u00edk\u00e1, u sv\u00fdch rodi\u010d\u016f \u2013 a p\u0159edev\u0161\u00edm matky \u2013 c\u00edtil hr\u016fzu a strach, a kdy\u017e ho maminka na m\u011bs\u00edc schovala u ciz\u00edch lid\u00ed, vzniklo u n\u011bj automaticky podv\u011bdom\u00e9 p\u0159esv\u011bd\u010den\u00ed a pocit, \u017ee je na sv\u011bt\u011b necht\u011bn\u00fd. Jeho maminka nebyla \u0161\u0165astn\u00e1, a to je pro mal\u00e9 d\u00edt\u011b jasn\u00fd vzkaz o tom, \u017ee n\u011bco nen\u00ed v po\u0159\u00e1dku. Vedlo to k&nbsp;tomu, \u017ee se pozd\u011bji stal l\u00e9ka\u0159em workoholikem, proto\u017ee na pocit \u201enejsem cht\u011bn\u00fd\u201c si vytvo\u0159il adapta\u010dn\u00ed strategii \u201emus\u00edm b\u00fdt pot\u0159ebn\u00fd\u201c. Svoje vlastn\u00ed trauma hluboce a otev\u0159en\u011b reflektuje a ukazuje na n\u011bm, \u017ee pr\u00e1v\u011b tak doch\u00e1z\u00ed k&nbsp;p\u0159ed\u00e1v\u00e1n\u00ed traumatu dal\u0161\u00edm generac\u00edm. Jedno ze st\u011b\u017eejn\u00edch sd\u011blen\u00ed, kter\u00e9 sv\u011btov\u011b uzn\u00e1van\u00fd l\u00e9ka\u0159 v\u011bnuj\u00edc\u00ed se du\u0161evn\u00edmu zdrav\u00ed p\u0159ed\u00e1v\u00e1, je, \u017ee ka\u017ed\u00fd \u010dlov\u011bk pak vnit\u0159n\u00ed pr\u00e1zdnotu z&nbsp;toho, co jsme jako mal\u00ed nedostali, a dostat m\u011bli, zapl\u0148uje jinak.<\/p>\n\n\n\n<p><a>Jako l\u00e9ka\u0159 se po dvaceti letech praxe v&nbsp;rodinn\u00e9 a paliativn\u00ed p\u00e9\u010di v&nbsp;centru Vancouveru v\u011bnoval p\u0159es deset let lidem trp\u00edc\u00edm t\u011b\u017ekou formou z\u00e1vislost\u00ed<\/a>, a\u0165 u\u017e na alkoholu, heroinu, pervitinu, morfiu aj. \u010casto bohu\u017eel um\u00edrali na hepatitidu C, AIDS, infekce mozku, p\u00e1te\u0159e, p\u0159ed\u00e1vkovali se anebo p\u00e1chali sebevra\u017edy. Gabor Mat\u00e9 si kladl si ot\u00e1zku, pro\u010d se lid\u00e9 vlastn\u011b st\u00e1vaj\u00ed z\u00e1visl\u00fdmi, a do\u0161el k&nbsp;tomu, \u017ee z\u00e1vislost na t\u011bchto l\u00e1tk\u00e1ch jim p\u0159in\u00e1\u0161\u00ed alespo\u0148 kr\u00e1tkou \u00falevu, pocit klidu, m\u00edru a chv\u00edle, kdy mohou zapomenout na bolest ze sv\u00e9ho traumatu a zran\u011bn\u00ed.<br>Z\u00e1vislost na drog\u00e1ch poskytuje do\u010dasnou \u00falevu a pot\u011b\u0161en\u00ed v&nbsp;d\u016fsledku vyplaven\u00ed hormonu uspokojen\u00ed dopaminu, ale z dlouhodob\u00e9ho hlediska \u010dlov\u011bku ubli\u017euje. Nen\u00ed to v\u0161ak jen ot\u00e1zka nikotinu, alkoholu \u010di drog, proto\u017ee z\u00e1visl\u00ed se m\u016f\u017eeme st\u00e1t tak\u00e9 na sexu, nakupov\u00e1n\u00ed, internetu, j\u00eddle, ale tak\u00e9 na moci, pr\u00e1ci, sl\u00e1v\u011b atd. Paradoxn\u011b pr\u00e1v\u011b ti nejpracovit\u011bj\u0161\u00ed a nej\u00fasp\u011b\u0161n\u011bj\u0161\u00ed lid\u00e9 b\u00fdvaj\u00ed vnit\u0159n\u011b siln\u011b zran\u011bni a workholismem a pocitem, co v\u0161echno dok\u00e1zali, si potvrzuj\u00ed svoji vlastn\u00ed hodnotu ve sv\u011bt\u011b. Reakc\u00ed na trauma je tedy tak\u00e9 touha po v\u00fdkonu i po pochvale, ale i stres a neust\u00e1l\u00fd sp\u011bch.<br>Uzn\u00e1van\u00fd l\u00e9ka\u0159 p\u0159izn\u00e1v\u00e1, \u017ee s\u00e1m byl z\u00e1visl\u00fd nejen na sv\u00e9 pr\u00e1ci, ale tak\u00e9 na nakupov\u00e1n\u00ed CD s klasickou hudbou. P\u0159i ti\u0161en\u00ed sv\u00e9 siln\u00e9 touhy \u010dlov\u011bk c\u00edt\u00ed alespo\u0148 na chv\u00edli n\u011bco jako l\u00e1sku a p\u0159ijet\u00ed, zat\u00edmco bolest, utrpen\u00ed, vnit\u0159n\u00ed pr\u00e1zdnota a odd\u011blenost mizej\u00ed. V\u0161echny tyto negativn\u00ed pocity p\u0159itom pramen\u00ed z&nbsp;toho, \u017ee v&nbsp;ran\u00e9m d\u011btstv\u00ed byli lid\u00e9 r\u016fzn\u011b zneu\u017e\u00edv\u00e1ni, emo\u010dn\u011b zra\u0148ov\u00e1ni, zanedb\u00e1v\u00e1ni \u010di opu\u0161t\u011bni, co\u017e ovlivnilo v\u00fdvoj jejich mozku. Proto existuje \u00fazk\u00e1 souvislost mezi traumaty a strastmi v&nbsp;d\u011btstv\u00ed a du\u0161evn\u00edmi nemocemi \u010di psych\u00f3zami v&nbsp;dosp\u011blosti.<\/p>\n\n\n\n<p><strong>Z\u00e1vislost jako reakce na trauma<\/strong><br>Gabor Mat\u00e9 z\u00e1rove\u0148 dod\u00e1v\u00e1, \u017ee trauma je ned\u00edlnou sou\u010d\u00e1st\u00ed lidsk\u00e9 zku\u0161enosti u\u017e proto, \u017ee j\u00edm je tak\u00e9 porod (alespo\u0148 tak, jak ho zn\u00e1me v&nbsp;na\u0161\u00ed modern\u00ed civilizaci a kultu\u0159e). Skrze utrpen\u00ed se u\u010d\u00edme, ale v\u017edy pak pot\u0159ebujeme n\u011bkoho, kdo n\u00e1m bude naslouchat a pom\u016f\u017ee n\u00e1m porozum\u011bt sob\u011b sam\u00fdm, abychom traumatu nepodlehli, ale vyt\u011b\u017eili z&nbsp;n\u011bj pozn\u00e1n\u00ed. S&nbsp;introspekc\u00ed m\u016f\u017ee ka\u017ed\u00fd za\u010d\u00edt tak\u00e9 s\u00e1m, a proto slavn\u00fd l\u00e9ka\u0159 apeluje zejm\u00e9na na mlad\u00e9, aby otev\u0159eli sv\u00e1 srdce, nezam\u011b\u0159ovali se pouze na mozek a racion\u00e1ln\u00ed mysl, a krom\u011b vn\u011bj\u0161\u00edho sv\u011bta se tak\u00e9 d\u00edvali do sv\u00e9ho nitra.<br>Gabor Mat\u00e9 z\u00e1rove\u0148 dod\u00e1v\u00e1, \u017ee trauma je ned\u00edlnou sou\u010d\u00e1st\u00ed lidsk\u00e9 zku\u0161enosti u\u017e proto, \u017ee j\u00edm je tak\u00e9 porod (alespo\u0148 tak, jak ho zn\u00e1me v&nbsp;na\u0161\u00ed modern\u00ed civilizaci a kultu\u0159e). Skrze utrpen\u00ed se u\u010d\u00edme, ale v\u017edy pak pot\u0159ebujeme n\u011bkoho, kdo n\u00e1m bude naslouchat a pom\u016f\u017ee n\u00e1m porozum\u011bt sob\u011b sam\u00fdm, abychom traumatu nepodlehli, ale vyt\u011b\u017eili z&nbsp;n\u011bj pozn\u00e1n\u00ed. S&nbsp;introspekc\u00ed m\u016f\u017ee ka\u017ed\u00fd za\u010d\u00edt tak\u00e9 s\u00e1m, a proto slavn\u00fd l\u00e9ka\u0159 apeluje zejm\u00e9na na mlad\u00e9, aby otev\u0159eli sv\u00e1 srdce, nezam\u011b\u0159ovali se pouze na mozek a racion\u00e1ln\u00ed mysl, a krom\u011b vn\u011bj\u0161\u00edho sv\u011bta se tak\u00e9 d\u00edvali do sv\u00e9ho nitra.<br><strong>\u201eNa\u0161e \u017eivoty nejsou jen fyzickou existenc\u00ed,\u201c \u0159\u00edk\u00e1. \u201eNen\u00ed to va\u0161e chyba, \u017ee sv\u011bt je takov\u00fd, jak\u00fd je, a tak\u00e9 vy se p\u0159ijm\u011bte takov\u00ed, jac\u00ed jste. Nikoho z&nbsp;ni\u010deho nelze vinit, proto\u017ee v\u0161ichni v\u017edycky d\u011blali to nejlep\u0161\u00ed, co mohli, a ur\u010dit\u00e9 dysfunk\u010dn\u00ed vzorce v\u00e1m p\u0159edali nev\u011bdom\u011b<\/strong>. Lid\u00e9 v\u017edy jednaj\u00ed jen na z\u00e1klad\u011b sv\u00fdch vnit\u0159n\u00edch zran\u011bn\u00ed pramen\u00edc\u00edch z pocitu nedostate\u010dnosti. Obrovsk\u00fdm \u00fasp\u011bchem je u\u017e to, kdy\u017e my svoje d\u011bti budeme traumatizovat o 10 % m\u00e9n\u011b, ne\u017e n\u00e1s na\u0161i rodi\u010de! P\u0159ijm\u011bte tedy sami sebe a sv\u00fdch st\u00edn\u016f se nebojte, proto\u017ee v\u00fdbu\u0161ninu, kterou v sob\u011b m\u00e1te, m\u016f\u017eete zne\u0161kodnit hlubok\u00fdm p\u0159ijet\u00edm, uvoln\u011bn\u00edm a soucitem k&nbsp;sob\u011b sam\u00fdm. To v\u0161e je p\u0159irozen\u011b l\u00e9\u010div\u00e9 a vr\u00e1t\u00ed v\u00e1s to do proudu \u017eivota. Je to na\u0161e zodpov\u011bdnost, jinak trauma z\u016fstane v&nbsp;t\u011ble uzam\u010deno, co\u017e vede k&nbsp;nemocem t\u011bla i du\u0161e. V\u0161ichni jsme disponov\u00e1ni k&nbsp;tomu, abychom to zvl\u00e1dli, a \u010dasto sta\u010d\u00ed, kdy\u017e n\u00e1s druh\u00fd \u010dlov\u011bk jenom navede a poskytne n\u00e1m pocit bezpe\u010d\u00ed, p\u0159ijet\u00ed a l\u00e1sku.\u201c<\/p>\n\n\n\n<p><a>D\u016fle\u017eit\u00e9 je nevyv\u00edjet na sebe tlak, ale mluvit o sv\u00fdch emoc\u00edch a nau\u010dit se p\u0159ij\u00edmat v\u011bci, na kter\u00e9 bychom nejrad\u011bji zapomn\u011bli. <\/a>Kdy\u017e se \u010dlov\u011bku poda\u0159\u00ed svoje trauma a vnit\u0159n\u00ed zran\u011bn\u00ed zpracovat, stane se sv\u011btlem i pro ostatn\u00ed, ostatn\u011b ka\u017ed\u00fd p\u0159\u00edb\u011bh je p\u0159\u00edb\u011bhem n\u00e1s v\u0161ech, proto\u017ee \u017e\u00e1dn\u00e9 odd\u011blen\u00e9 j\u00e1 ve skute\u010dnosti neexistuje\u2026<br>N\u011bkdy se p\u0159i l\u00e9\u010den\u00ed traumatu daj\u00ed n\u00e1razov\u011b pou\u017e\u00edt i psychedelika a kr\u00e1tkodob\u011b samoz\u0159ejm\u011b tak\u00e9 l\u00e9ky. Podle Gabora Mat\u00e9 je v\u0161ak l\u00e9ka\u0159i \u010dasto p\u0159edepisuj\u00ed k&nbsp;u\u017e\u00edv\u00e1n\u00ed dlouhodob\u011b, ani\u017e by se d\u016fkladn\u011b zaj\u00edmali o to, co se \u010dlov\u011bku vlastn\u011b p\u0159ihodilo, jak\u00fd je jeho \u017eivotn\u00ed p\u0159\u00edb\u011bh, p\u0159esto\u017ee to je ze v\u0161eho nejd\u016fle\u017eit\u011bj\u0161\u00ed. V\u0161ichni jsme p\u0159edev\u0161\u00edm c\u00edt\u00edc\u00ed a miluj\u00edc\u00ed bytosti, nikoliv biologick\u00e9 stroje!<\/p>\n\n\n\n<p><strong>Gabor Mat\u00e9 je mezin\u00e1rodn\u011b uzn\u00e1van\u00fdm \u0159e\u010dn\u00edkem a tak\u00e9 autorem n\u011bkolika bestseller\u016f vydan\u00fdch ve t\u0159iceti jazyc\u00edch:<\/strong> <em>Kdy\u017e t\u011blo \u0159ekne ne \u2013 jak stres souvis\u00ed s&nbsp;nemocemi, V&nbsp;\u0159\u00ed\u0161i hladov\u00fdch duch\u016f \u2013 bl\u00edzk\u00e1 setk\u00e1n\u00ed se z\u00e1vislost\u00ed<\/em>, <em>Rozt\u0159\u00ed\u0161t\u011bn\u00e1 mysl \u2013 p\u016fvod a l\u00e9\u010den\u00ed poruch pozornosti, Dr\u017ete si sv\u00e9 d\u011bti \u2013 Pro\u010d jsou rodi\u010de d\u016fle\u017eit\u011bj\u0161\u00ed ne\u017e kamar\u00e1di<\/em> (spolu s&nbsp;dr. Gordonem Neufeldem). Svoji nejnov\u011bj\u0161\u00ed knihu <em>M\u00fdtus norm\u00e1lnosti \u2013 trauma, nemoc a l\u00e9\u010den\u00ed v&nbsp;toxick\u00e9 kultu\u0159e<\/em> napsal se sv\u00fdm synem Danielem a auto\u0159i se v&nbsp;n\u00ed zam\u011b\u0159ili na mo\u017enosti uzdraven\u00ed v&nbsp;jinak toxick\u00e9 z\u00e1padn\u00ed kultu\u0159e, v&nbsp;n\u00ed\u017e jsme za norm\u00e1ln\u00ed za\u010dali pova\u017eovat to, co je se zdrav\u00fdm \u017eivotem neslu\u010diteln\u00e9. Postmodern\u00ed pr\u016fmyslov\u011b vysp\u011bl\u00e1 spole\u010dnost je podle Gabora Mat\u00e9 nemocn\u00e1, a proto je t\u0159eba vr\u00e1tit se ke ko\u0159en\u016fm a lidsk\u00e9 vz\u00e1jemnosti, pomoci, laskavosti a nehodnocen\u00ed. Takov\u00e1 je na\u0161e skute\u010dn\u00e1 p\u0159irozenost a podstata, po n\u00ed\u017e ve skute\u010dnosti tou\u017e\u00edme ze v\u0161eho nejv\u00edc. Za svoji pr\u016fkopnickou l\u00e9ka\u0159skou a spisovatelkou pr\u00e1ci byl vyznamen\u00e1n \u0159\u00e1dem Kanady, nejvy\u0161\u0161\u00edm civiln\u00edm vyznamen\u00e1n\u00edm ve sv\u00e9 zemi, a ocen\u011bn\u00edm za ob\u010dansk\u00e9 z\u00e1sluhy, kter\u00e9 mu ud\u011blilo m\u011bsto Vancouver. <strong>Velkou senzaci a glob\u00e1ln\u00ed \u00fasp\u011bch vzbudil tak\u00e9 dokument\u00e1rn\u00ed film <em>Moudrost traumatu<\/em>, v&nbsp;n\u011bm\u017e slavn\u00fd l\u00e9ka\u0159 ukazuje, \u017ee trauma je v&nbsp;z\u00e1padn\u00ed kultu\u0159e b\u011b\u017en\u00e9 a \u017ee <a>\u00fazkosti, du\u0161evn\u00ed poruchy, chronick\u00e9 nemoci i z\u00e1vislosti jsou adekv\u00e1tn\u00ed reakc\u00ed na nenorm\u00e1ln\u00ed a nezdravou kulturu.<\/a><\/strong><\/p>\n","protected":false},"excerpt":{"rendered":"<p>Z\u00e1\u0159ijov\u00e9 \u010d\u00edslo Medu\u0148ky (pr\u00e1v\u011b vy\u0161lo!!) se je\u0161t\u011b ani &#8222;neoh\u0159\u00e1lo&#8220; na prodejn\u00edch pultech a my u\u017e v\u00e1m z n\u011bj nab\u00edz\u00edme prvn\u00ed uk\u00e1zku. V \u010dl\u00e1nku V. Keilov\u00e9, kter\u00fd za\u010d\u00edn\u00e1 na str. 6, se dozv\u00edte spoustu informac\u00ed o l\u00e9ka\u0159i, kter\u00fd si jako hlavn\u00ed oblast sv\u00e9ho odborn\u00e9ho p\u016fsoben\u00ed zvolil pr\u00e1ci s traumatem. Je to kanadsk\u00fd l\u00e9ka\u0159 Gabor Mat\u00e9, autor \u0159ady knih a respektovan\u00fd odborn\u00edk na ot\u00e1zky traumatu. Pro n\u00e1s je zaj\u00edmav\u00e9, \u017ee G\u00e1bor Mat\u00e9 v \u0159\u00edjnu p\u0159ijede do Prahy. Z\u00e1\u0159ijovou Medu\u0148u m\u016f\u017eete \u010d\u00edst tak\u00e9 na emedunka.cz Na podzim budeme m\u00edt i u n\u00e1s mo\u017enost z\u00fa\u010dastnit se unik\u00e1tn\u00edho programu sv\u011btov\u011b proslul\u00e9ho l\u00e9ka\u0159e, terapeuta a myslitele dr. Gabora Mat\u00e9, kter\u00fd pat\u0159\u00ed k&nbsp;nejv\u011bt\u0161\u00edm sv\u011btov\u00fdm odborn\u00edk\u016fm na l\u00e9\u010den\u00ed z\u00e1vislost\u00ed a traumatu. Konference s&nbsp;n\u00e1zvem Moudrost rodi\u010dovstv\u00ed v&nbsp;kontextu traumatu ve velk\u00e9m s\u00e1le pra\u017esk\u00e9 Lucerny prob\u011bhne 16. 10. a dal\u0161\u00ed den 17. 10. se bude konat workshop v&nbsp;kin\u011b a n\u00e1sledn\u011b v&nbsp;galerii Lucerna. Co d\u016fle\u017eit\u00e9ho p\u0159ed\u00e1v\u00e1 sv\u011btu a \u010d\u00edm strhl doslova lavinu z\u00e1jmu o svoji pr\u00e1ci? Kanadsk\u00fd l\u00e9ka\u0159 Gabor Mat\u00e9 se narodil v&nbsp;lednu 1944 v&nbsp;Budape\u0161ti \u017eidovsk\u00fdm rodi\u010d\u016fm, a kdy\u017e mu byly dva m\u011bs\u00edce, Budape\u0161\u0165 obsadili nacist\u00e9. Jak dnes s\u00e1m \u0159\u00edk\u00e1, u sv\u00fdch rodi\u010d\u016f \u2013 a p\u0159edev\u0161\u00edm matky \u2013 c\u00edtil hr\u016fzu a strach, a kdy\u017e ho maminka na m\u011bs\u00edc schovala u ciz\u00edch lid\u00ed, vzniklo u n\u011bj automaticky podv\u011bdom\u00e9 p\u0159esv\u011bd\u010den\u00ed a pocit, \u017ee je na sv\u011bt\u011b necht\u011bn\u00fd. Jeho maminka nebyla \u0161\u0165astn\u00e1, a to je pro mal\u00e9 d\u00edt\u011b jasn\u00fd vzkaz o tom, \u017ee n\u011bco nen\u00ed v po\u0159\u00e1dku. Vedlo to k&nbsp;tomu, \u017ee se pozd\u011bji stal l\u00e9ka\u0159em workoholikem, proto\u017ee na pocit \u201enejsem cht\u011bn\u00fd\u201c si vytvo\u0159il adapta\u010dn\u00ed strategii \u201emus\u00edm b\u00fdt pot\u0159ebn\u00fd\u201c. Svoje vlastn\u00ed trauma hluboce a otev\u0159en\u011b reflektuje a ukazuje na n\u011bm, \u017ee pr\u00e1v\u011b tak doch\u00e1z\u00ed k&nbsp;p\u0159ed\u00e1v\u00e1n\u00ed traumatu dal\u0161\u00edm generac\u00edm. Jedno ze st\u011b\u017eejn\u00edch sd\u011blen\u00ed, kter\u00e9 sv\u011btov\u011b uzn\u00e1van\u00fd l\u00e9ka\u0159 v\u011bnuj\u00edc\u00ed se du\u0161evn\u00edmu zdrav\u00ed p\u0159ed\u00e1v\u00e1, je, \u017ee ka\u017ed\u00fd \u010dlov\u011bk pak vnit\u0159n\u00ed pr\u00e1zdnotu z&nbsp;toho, co jsme jako mal\u00ed nedostali, a dostat m\u011bli, zapl\u0148uje jinak. Jako l\u00e9ka\u0159 se po dvaceti letech praxe v&nbsp;rodinn\u00e9 a paliativn\u00ed p\u00e9\u010di v&nbsp;centru Vancouveru v\u011bnoval p\u0159es deset let lidem trp\u00edc\u00edm t\u011b\u017ekou formou z\u00e1vislost\u00ed, a\u0165 u\u017e na alkoholu, heroinu, pervitinu, morfiu aj. \u010casto bohu\u017eel um\u00edrali na hepatitidu C, AIDS, infekce mozku, p\u00e1te\u0159e, p\u0159ed\u00e1vkovali se anebo p\u00e1chali sebevra\u017edy. Gabor Mat\u00e9 si kladl si ot\u00e1zku, pro\u010d se lid\u00e9 vlastn\u011b st\u00e1vaj\u00ed z\u00e1visl\u00fdmi, a do\u0161el k&nbsp;tomu, \u017ee z\u00e1vislost na t\u011bchto l\u00e1tk\u00e1ch jim p\u0159in\u00e1\u0161\u00ed alespo\u0148 kr\u00e1tkou \u00falevu, pocit klidu, m\u00edru a chv\u00edle, kdy mohou zapomenout na bolest ze sv\u00e9ho traumatu a zran\u011bn\u00ed.Z\u00e1vislost na drog\u00e1ch poskytuje do\u010dasnou \u00falevu a pot\u011b\u0161en\u00ed v&nbsp;d\u016fsledku vyplaven\u00ed hormonu uspokojen\u00ed dopaminu, ale z dlouhodob\u00e9ho hlediska \u010dlov\u011bku ubli\u017euje. Nen\u00ed to v\u0161ak jen ot\u00e1zka nikotinu, alkoholu \u010di drog, proto\u017ee z\u00e1visl\u00ed se m\u016f\u017eeme st\u00e1t tak\u00e9 na sexu, nakupov\u00e1n\u00ed, internetu, j\u00eddle, ale tak\u00e9 na moci, pr\u00e1ci, sl\u00e1v\u011b atd. Paradoxn\u011b pr\u00e1v\u011b ti nejpracovit\u011bj\u0161\u00ed a nej\u00fasp\u011b\u0161n\u011bj\u0161\u00ed lid\u00e9 b\u00fdvaj\u00ed vnit\u0159n\u011b siln\u011b zran\u011bni a workholismem a pocitem, co v\u0161echno dok\u00e1zali, si potvrzuj\u00ed svoji vlastn\u00ed hodnotu ve sv\u011bt\u011b. Reakc\u00ed na trauma je tedy tak\u00e9 touha po v\u00fdkonu i po pochvale, ale i stres a neust\u00e1l\u00fd sp\u011bch.Uzn\u00e1van\u00fd l\u00e9ka\u0159 p\u0159izn\u00e1v\u00e1, \u017ee s\u00e1m byl z\u00e1visl\u00fd nejen na sv\u00e9 pr\u00e1ci, ale tak\u00e9 na nakupov\u00e1n\u00ed CD s klasickou hudbou. P\u0159i ti\u0161en\u00ed sv\u00e9 siln\u00e9 touhy \u010dlov\u011bk c\u00edt\u00ed alespo\u0148 na chv\u00edli n\u011bco jako l\u00e1sku a p\u0159ijet\u00ed, zat\u00edmco bolest, utrpen\u00ed, vnit\u0159n\u00ed pr\u00e1zdnota a odd\u011blenost mizej\u00ed. V\u0161echny tyto negativn\u00ed pocity p\u0159itom pramen\u00ed z&nbsp;toho, \u017ee v&nbsp;ran\u00e9m d\u011btstv\u00ed byli lid\u00e9 r\u016fzn\u011b zneu\u017e\u00edv\u00e1ni, emo\u010dn\u011b zra\u0148ov\u00e1ni, zanedb\u00e1v\u00e1ni \u010di opu\u0161t\u011bni, co\u017e ovlivnilo v\u00fdvoj jejich mozku. Proto existuje \u00fazk\u00e1 souvislost mezi traumaty a strastmi v&nbsp;d\u011btstv\u00ed a du\u0161evn\u00edmi nemocemi \u010di psych\u00f3zami v&nbsp;dosp\u011blosti. Z\u00e1vislost jako reakce na traumaGabor Mat\u00e9 z\u00e1rove\u0148 dod\u00e1v\u00e1, \u017ee trauma je ned\u00edlnou sou\u010d\u00e1st\u00ed lidsk\u00e9 zku\u0161enosti u\u017e proto, \u017ee j\u00edm je tak\u00e9 porod (alespo\u0148 tak, jak ho zn\u00e1me v&nbsp;na\u0161\u00ed modern\u00ed civilizaci a kultu\u0159e). Skrze utrpen\u00ed se u\u010d\u00edme, ale v\u017edy pak pot\u0159ebujeme n\u011bkoho, kdo n\u00e1m bude naslouchat a pom\u016f\u017ee n\u00e1m porozum\u011bt sob\u011b sam\u00fdm, abychom traumatu nepodlehli, ale vyt\u011b\u017eili z&nbsp;n\u011bj pozn\u00e1n\u00ed. S&nbsp;introspekc\u00ed m\u016f\u017ee ka\u017ed\u00fd za\u010d\u00edt tak\u00e9 s\u00e1m, a proto slavn\u00fd l\u00e9ka\u0159 apeluje zejm\u00e9na na mlad\u00e9, aby otev\u0159eli sv\u00e1 srdce, nezam\u011b\u0159ovali se pouze na mozek a racion\u00e1ln\u00ed mysl, a krom\u011b vn\u011bj\u0161\u00edho sv\u011bta se tak\u00e9 d\u00edvali do sv\u00e9ho nitra.Gabor Mat\u00e9 z\u00e1rove\u0148 dod\u00e1v\u00e1, \u017ee trauma je ned\u00edlnou sou\u010d\u00e1st\u00ed lidsk\u00e9 zku\u0161enosti u\u017e proto, \u017ee j\u00edm je tak\u00e9 porod (alespo\u0148 tak, jak ho zn\u00e1me v&nbsp;na\u0161\u00ed modern\u00ed civilizaci a kultu\u0159e). Skrze utrpen\u00ed se u\u010d\u00edme, ale v\u017edy pak pot\u0159ebujeme n\u011bkoho, kdo n\u00e1m bude naslouchat a pom\u016f\u017ee n\u00e1m porozum\u011bt sob\u011b sam\u00fdm, abychom traumatu nepodlehli, ale vyt\u011b\u017eili z&nbsp;n\u011bj pozn\u00e1n\u00ed. S&nbsp;introspekc\u00ed m\u016f\u017ee ka\u017ed\u00fd za\u010d\u00edt tak\u00e9 s\u00e1m, a proto slavn\u00fd l\u00e9ka\u0159 apeluje zejm\u00e9na na mlad\u00e9, aby otev\u0159eli sv\u00e1 srdce, nezam\u011b\u0159ovali se pouze na mozek a racion\u00e1ln\u00ed mysl, a krom\u011b vn\u011bj\u0161\u00edho sv\u011bta se tak\u00e9 d\u00edvali do sv\u00e9ho nitra.\u201eNa\u0161e \u017eivoty nejsou jen fyzickou existenc\u00ed,\u201c \u0159\u00edk\u00e1. \u201eNen\u00ed to va\u0161e chyba, \u017ee sv\u011bt je takov\u00fd, jak\u00fd je, a tak\u00e9 vy se p\u0159ijm\u011bte takov\u00ed, jac\u00ed jste. Nikoho z&nbsp;ni\u010deho nelze vinit, proto\u017ee v\u0161ichni v\u017edycky d\u011blali to nejlep\u0161\u00ed, co mohli, a ur\u010dit\u00e9 dysfunk\u010dn\u00ed vzorce v\u00e1m p\u0159edali nev\u011bdom\u011b. Lid\u00e9 v\u017edy jednaj\u00ed jen na z\u00e1klad\u011b sv\u00fdch vnit\u0159n\u00edch zran\u011bn\u00ed pramen\u00edc\u00edch z pocitu nedostate\u010dnosti. Obrovsk\u00fdm \u00fasp\u011bchem je u\u017e to, kdy\u017e my svoje d\u011bti budeme traumatizovat o 10 % m\u00e9n\u011b, ne\u017e n\u00e1s na\u0161i rodi\u010de! P\u0159ijm\u011bte tedy sami sebe a sv\u00fdch st\u00edn\u016f se nebojte, proto\u017ee v\u00fdbu\u0161ninu, kterou v sob\u011b m\u00e1te, m\u016f\u017eete zne\u0161kodnit hlubok\u00fdm p\u0159ijet\u00edm, uvoln\u011bn\u00edm a soucitem k&nbsp;sob\u011b sam\u00fdm. To v\u0161e je p\u0159irozen\u011b l\u00e9\u010div\u00e9 a vr\u00e1t\u00ed v\u00e1s to do proudu \u017eivota. Je to na\u0161e zodpov\u011bdnost, jinak trauma z\u016fstane v&nbsp;t\u011ble uzam\u010deno, co\u017e vede k&nbsp;nemocem t\u011bla i du\u0161e. V\u0161ichni jsme disponov\u00e1ni k&nbsp;tomu, abychom to zvl\u00e1dli, a \u010dasto sta\u010d\u00ed, kdy\u017e n\u00e1s druh\u00fd \u010dlov\u011bk jenom navede a poskytne n\u00e1m pocit bezpe\u010d\u00ed, p\u0159ijet\u00ed a l\u00e1sku.\u201c D\u016fle\u017eit\u00e9 je nevyv\u00edjet na sebe tlak, ale mluvit o sv\u00fdch emoc\u00edch a nau\u010dit se p\u0159ij\u00edmat v\u011bci, na kter\u00e9 bychom nejrad\u011bji zapomn\u011bli. Kdy\u017e se \u010dlov\u011bku poda\u0159\u00ed svoje trauma a vnit\u0159n\u00ed zran\u011bn\u00ed zpracovat, stane se sv\u011btlem i pro ostatn\u00ed, ostatn\u011b ka\u017ed\u00fd p\u0159\u00edb\u011bh je p\u0159\u00edb\u011bhem n\u00e1s v\u0161ech, proto\u017ee \u017e\u00e1dn\u00e9 odd\u011blen\u00e9 j\u00e1 ve skute\u010dnosti neexistuje\u2026N\u011bkdy se p\u0159i l\u00e9\u010den\u00ed traumatu daj\u00ed n\u00e1razov\u011b pou\u017e\u00edt i psychedelika a kr\u00e1tkodob\u011b samoz\u0159ejm\u011b tak\u00e9 l\u00e9ky. Podle Gabora Mat\u00e9 je v\u0161ak l\u00e9ka\u0159i \u010dasto p\u0159edepisuj\u00ed k&nbsp;u\u017e\u00edv\u00e1n\u00ed dlouhodob\u011b, ani\u017e by se d\u016fkladn\u011b zaj\u00edmali o to, co se \u010dlov\u011bku vlastn\u011b p\u0159ihodilo, jak\u00fd je jeho \u017eivotn\u00ed p\u0159\u00edb\u011bh, p\u0159esto\u017ee to je ze v\u0161eho nejd\u016fle\u017eit\u011bj\u0161\u00ed. V\u0161ichni jsme p\u0159edev\u0161\u00edm c\u00edt\u00edc\u00ed a miluj\u00edc\u00ed bytosti, nikoliv biologick\u00e9 stroje! Gabor Mat\u00e9 je mezin\u00e1rodn\u011b uzn\u00e1van\u00fdm \u0159e\u010dn\u00edkem a tak\u00e9 autorem n\u011bkolika bestseller\u016f vydan\u00fdch ve t\u0159iceti jazyc\u00edch: Kdy\u017e t\u011blo \u0159ekne ne \u2013 jak stres souvis\u00ed s&nbsp;nemocemi, V&nbsp;\u0159\u00ed\u0161i hladov\u00fdch duch\u016f \u2013 bl\u00edzk\u00e1 setk\u00e1n\u00ed se z\u00e1vislost\u00ed, Rozt\u0159\u00ed\u0161t\u011bn\u00e1 mysl \u2013 p\u016fvod a l\u00e9\u010den\u00ed poruch pozornosti, Dr\u017ete si sv\u00e9 d\u011bti \u2013 Pro\u010d jsou rodi\u010de d\u016fle\u017eit\u011bj\u0161\u00ed ne\u017e kamar\u00e1di (spolu s&nbsp;dr. Gordonem Neufeldem). Svoji nejnov\u011bj\u0161\u00ed knihu M\u00fdtus norm\u00e1lnosti \u2013 trauma, nemoc a l\u00e9\u010den\u00ed v&nbsp;toxick\u00e9 kultu\u0159e napsal se sv\u00fdm synem Danielem a auto\u0159i se v&nbsp;n\u00ed zam\u011b\u0159ili na mo\u017enosti uzdraven\u00ed v&nbsp;jinak toxick\u00e9 z\u00e1padn\u00ed kultu\u0159e, v&nbsp;n\u00ed\u017e jsme za norm\u00e1ln\u00ed za\u010dali pova\u017eovat to, co je se zdrav\u00fdm \u017eivotem neslu\u010diteln\u00e9. Postmodern\u00ed pr\u016fmyslov\u011b vysp\u011bl\u00e1 spole\u010dnost je podle Gabora Mat\u00e9 nemocn\u00e1, a proto je t\u0159eba vr\u00e1tit se ke ko\u0159en\u016fm a lidsk\u00e9 vz\u00e1jemnosti, pomoci, laskavosti a nehodnocen\u00ed. Takov\u00e1 je na\u0161e skute\u010dn\u00e1 p\u0159irozenost a podstata, po n\u00ed\u017e ve skute\u010dnosti tou\u017e\u00edme ze v\u0161eho nejv\u00edc. Za svoji pr\u016fkopnickou l\u00e9ka\u0159skou a spisovatelkou pr\u00e1ci byl vyznamen\u00e1n \u0159\u00e1dem Kanady, nejvy\u0161\u0161\u00edm civiln\u00edm vyznamen\u00e1n\u00edm ve sv\u00e9 zemi, a ocen\u011bn\u00edm za ob\u010dansk\u00e9 z\u00e1sluhy, kter\u00e9 mu ud\u011blilo m\u011bsto Vancouver. Velkou senzaci a glob\u00e1ln\u00ed \u00fasp\u011bch vzbudil tak\u00e9 dokument\u00e1rn\u00ed film Moudrost traumatu, v&nbsp;n\u011bm\u017e slavn\u00fd l\u00e9ka\u0159 ukazuje, \u017ee trauma je v&nbsp;z\u00e1padn\u00ed kultu\u0159e b\u011b\u017en\u00e9 a \u017ee \u00fazkosti, du\u0161evn\u00ed poruchy, chronick\u00e9 nemoci i z\u00e1vislosti jsou adekv\u00e1tn\u00ed reakc\u00ed na nenorm\u00e1ln\u00ed a nezdravou kulturu.<\/p>\n","protected":false},"author":3,"featured_media":8625,"comment_status":"closed","ping_status":"closed","sticky":false,"template":"","format":"standard","meta":{"footnotes":""},"categories":[1,31],"tags":[],"class_list":["post-8609","post","type-post","status-publish","format-standard","has-post-thumbnail","hentry","category-medunka","category-pro-inspiraci"],"acf":[],"_links":{"self":[{"href":"https:\/\/www.mojemedunka.cz\/index.php\/wp-json\/wp\/v2\/posts\/8609","targetHints":{"allow":["GET"]}}],"collection":[{"href":"https:\/\/www.mojemedunka.cz\/index.php\/wp-json\/wp\/v2\/posts"}],"about":[{"href":"https:\/\/www.mojemedunka.cz\/index.php\/wp-json\/wp\/v2\/types\/post"}],"author":[{"embeddable":true,"href":"https:\/\/www.mojemedunka.cz\/index.php\/wp-json\/wp\/v2\/users\/3"}],"replies":[{"embeddable":true,"href":"https:\/\/www.mojemedunka.cz\/index.php\/wp-json\/wp\/v2\/comments?post=8609"}],"version-history":[{"count":2,"href":"https:\/\/www.mojemedunka.cz\/index.php\/wp-json\/wp\/v2\/posts\/8609\/revisions"}],"predecessor-version":[{"id":8611,"href":"https:\/\/www.mojemedunka.cz\/index.php\/wp-json\/wp\/v2\/posts\/8609\/revisions\/8611"}],"wp:featuredmedia":[{"embeddable":true,"href":"https:\/\/www.mojemedunka.cz\/index.php\/wp-json\/wp\/v2\/media\/8625"}],"wp:attachment":[{"href":"https:\/\/www.mojemedunka.cz\/index.php\/wp-json\/wp\/v2\/media?parent=8609"}],"wp:term":[{"taxonomy":"category","embeddable":true,"href":"https:\/\/www.mojemedunka.cz\/index.php\/wp-json\/wp\/v2\/categories?post=8609"},{"taxonomy":"post_tag","embeddable":true,"href":"https:\/\/www.mojemedunka.cz\/index.php\/wp-json\/wp\/v2\/tags?post=8609"}],"curies":[{"name":"wp","href":"https:\/\/api.w.org\/{rel}","templated":true}]}}