{"id":8601,"date":"2023-08-30T08:00:00","date_gmt":"2023-08-30T08:00:00","guid":{"rendered":"https:\/\/www.mojemedunka.cz\/?p=8601"},"modified":"2023-09-26T16:35:19","modified_gmt":"2023-09-26T16:35:19","slug":"uz-k-vam-leti-co-zarijova-medunka-prece","status":"publish","type":"post","link":"https:\/\/www.mojemedunka.cz\/index.php\/2023\/08\/30\/uz-k-vam-leti-co-zarijova-medunka-prece\/","title":{"rendered":"U\u017d K V\u00c1M LET\u00cd! CO? Z\u00c1\u0158IJOV\u00c1 MEDU\u0147KA P\u0158ECE!!"},"content":{"rendered":"\n<p><strong>P\u0159\u00e1tel\u00e9, m\u011bs\u00edce se s m\u011bs\u00edcem se\u0161el a op\u011bt m\u016f\u017eeme spole\u010dn\u011b p\u0159iv\u00edtat novou Medu\u0148ku &#8211; tentokr\u00e1t z\u00e1\u0159ijov\u00e9 \u010d\u00edslo, <\/strong>kter\u00e9 na sv\u00e9 \u010dten\u00e1\u0159e bude<strong> \u010dekat (u\u017e ode dne\u0161ka) na st\u00e1nc\u00edch PNS a na dal\u0161\u00edch m\u00edstech, kde jste zvykl\u00ed si n\u00e1\u0161 \u010dasopis kupovat.  <\/strong>Asi u\u017e tak\u00e9 v\u00edte, \u017ee pro p\u0159\u00edznivce elektronick\u00e9 komunikace m\u00e1me i e-verzi Medu\u0148ky, kter\u00e1 je pro v\u00e1s k dispozici na adrese<strong> <a href=\"https:\/\/www.mojemedunka.cz\/index.php\/2020\/03\/18\/elektronickou-verzi-medunky-sezenete-na-emedunka-cz\/\" data-type=\"post\" data-id=\"2535\">emedunka.cz<\/a> .<\/strong><br><br><strong>Nov\u00e9 \u010d\u00edslo Medu\u0148ky p\u0159in\u00e1\u0161\u00ed spoustu zaj\u00edmav\u00e9ho a u\u017eite\u010dn\u00e9ho \u010dten\u00ed, praktick\u00e9, okam\u017eit\u011b realizovateln\u00e9  rady i dlouhodobou inspiraci &#8211; jak je ostatn\u011b v na\u0161em \u010dasopise zvykem. Tak se pus\u0165te do \u010dten\u00ed, kter\u00e9 jsme pro v\u00e1s v na\u0161em t\u00fdmu r\u00e1di p\u0159ipravili &#8211; a my v\u00e1m za na\u0161i redakci a za v\u0161echny, kdo se na p\u0159\u00edprav\u011b Medu\u0148ky pod\u00edlej\u00ed, p\u0159ejeme, a\u0165 se v\u00e1m z\u00e1\u0159ijov\u00e1 Medu\u0148ka dob\u0159e \u010dte a a\u0165 je v\u00e1m k u\u017eitku!  <\/strong><br><strong>A jist\u011b v\u00e1s zaj\u00edm\u00e1, co si v nov\u00e9m \u010d\u00edsle m\u016f\u017eete p\u0159e\u010d\u00edst &#8211; tak tedy:<\/strong><br>I<strong>nformujeme o \u0159\u00edjnov\u00e9 n\u00e1v\u0161t\u011bv\u011b proslul\u00e9ho l\u00e9ka\u0159e a specialisty na l\u00e9\u010dbu tramatu dr. Gabora Mat\u00e9, kter\u00fd v Praze vystoup\u00ed na konferenci a tak\u00e9 povede workshop. V\u00edce se dozv\u00edte v \u010dl\u00e1nku V\u011bry Keilov\u00e9.<\/strong><br><strong>T\u00e9ma <\/strong>jsme pro z\u00e1\u0159ijov\u00e9 \u010d\u00edslo zvolili opravdu<strong> d\u016fle\u017eit\u00e9 &#8211; Dech pro \u017eivot<\/strong> &#8211;  a tomu odpov\u00edd\u00e1 i rozsah \u010dl\u00e1nk\u016f na toto t\u00e9ma &#8211; <strong>je pro v\u00e1s p\u0159ipraveno 14 str\u00e1nek informac\u00ed<\/strong> o v\u00fdznamu spr\u00e1vn\u00e9ho d\u00fdch\u00e1n\u00ed i o tom, jak v\u016fbec tedy spr\u00e1vn\u011b d\u00fdchat, o mo\u017enostech podpory d\u00fdchac\u00edch cest pomoc\u00ed r\u016fzn\u00fdch bylin, o roli dechu z pohledu j\u00f3gy i o dechu z hlediska psychosomatiky. V\u011bnujeme se tak\u00e9 duchovn\u00edmu v\u00fdznam\u016f dechu, proto\u017ee dech je v mnoha kultur\u00e1ch oded\u00e1vna prost\u0159edkem pro duchovn\u00ed rozvoj i pro komunikaci s vy\u0161\u0161\u00edmi rovinami existence. <br><strong>Z\u00e1\u0159\u00ed je neodmysliteln\u011b spjato se za\u010d\u00e1tkem \u0161koln\u00edho roku,<\/strong> tak\u017ee se pod\u00edv\u00e1me na pozoruhodn\u00fd <strong>projekt \u0160\u0165astn\u00e1 \u0161kola<\/strong>, kter\u00fd se sna\u017e\u00ed vytvo\u0159it ze \u0161koly m\u00edsto p\u0159\u00edv\u011btiv\u00e9 pro \u017e\u00e1ky i u\u010ditele a p\u0159e\u010dtete si tak\u00e9, jak se <strong>\u010desk\u00e9 u\u010ditelce u\u010dilo ve t\u0159\u00edd\u011b pln\u00e9 ukrajinsl\u00fdch d\u011bt\u00ed.<\/strong> <strong>MUDr. Elekov\u00e1 p\u0159ipravila \u010dl\u00e1nek, v n\u011bm\u017e vysv\u011btluje, pro\u010d je tak d\u016fle\u017eit\u00e9 si budovat svaly <\/strong>&#8211; a zdaleka nejde jen o estetick\u00e9 hledisko, proto\u017ee svaly maj\u00ed z hlediska fyzick\u00e9ho zdrav\u00ed n\u011bkolik nezastupiteln\u00fdch funkc\u00ed.   <br><strong>V seri\u00e1lu o duchovn\u00edm sebel\u00e9\u010den\u00ed <\/strong>se tentokr\u00e1t dozv\u00edme, jak je na svou slu\u017ebu lidem <strong>p\u0159ipravov\u00e1n duchovn\u00ed l\u00e9\u010ditel<\/strong>, bylinou m\u011bs\u00edce j<strong>e \u0159eb\u0159\u00ed\u010dek obecn\u00fd<\/strong>, a <strong>prof. Struneck\u00e1 zasv\u011bcen\u011b varuje p\u0159ed \u0161kodliv\u00fdmi \u00fa\u010dinky glutam\u00e1tu a aspart\u00e1tu <\/strong>&#8211; dvou l\u00e1tek, s nimi\u017e se b\u011b\u017en\u011b setk\u00e1v\u00e1me, na na\u0161e zdrav\u00ed &#8211; a to je opravdu dobr\u00e9 v\u011bd\u011bt. <strong>N\u011bkter\u00e9 \u010dl\u00e1nky v\u00e1m budeme na totmo webu op\u011bt postupn\u011b p\u0159edstavovat, ale samoz\u0159ejm\u011b si p\u0159ejeme, abyste si Medu\u0148ku p\u0159e\u010detli celou a m\u011bli z n\u00ed radost stejn\u011b jako my!<\/strong><\/p>\n\n\n\n<p><strong>M\u011bjte se hezky, mil\u00ed \u010dten\u00e1\u0159i, p\u0159ejeme p\u0159\u00edjemn\u00e9 z\u00e1\u0159\u00ed!                  Va\u0161e redakce    <\/strong><\/p>\n\n\n\n<p> <\/p>\n","protected":false},"excerpt":{"rendered":"<p>P\u0159\u00e1tel\u00e9, m\u011bs\u00edce se s m\u011bs\u00edcem se\u0161el a op\u011bt m\u016f\u017eeme spole\u010dn\u011b p\u0159iv\u00edtat novou Medu\u0148ku &#8211; tentokr\u00e1t z\u00e1\u0159ijov\u00e9 \u010d\u00edslo, kter\u00e9 na sv\u00e9 \u010dten\u00e1\u0159e bude \u010dekat (u\u017e ode dne\u0161ka) na st\u00e1nc\u00edch PNS a na dal\u0161\u00edch m\u00edstech, kde jste zvykl\u00ed si n\u00e1\u0161 \u010dasopis kupovat. Asi u\u017e tak\u00e9 v\u00edte, \u017ee pro p\u0159\u00edznivce elektronick\u00e9 komunikace m\u00e1me i e-verzi Medu\u0148ky, kter\u00e1 je pro v\u00e1s k dispozici na adrese emedunka.cz . Nov\u00e9 \u010d\u00edslo Medu\u0148ky p\u0159in\u00e1\u0161\u00ed spoustu zaj\u00edmav\u00e9ho a u\u017eite\u010dn\u00e9ho \u010dten\u00ed, praktick\u00e9, okam\u017eit\u011b realizovateln\u00e9 rady i dlouhodobou inspiraci &#8211; jak je ostatn\u011b v na\u0161em \u010dasopise zvykem. Tak se pus\u0165te do \u010dten\u00ed, kter\u00e9 jsme pro v\u00e1s v na\u0161em t\u00fdmu r\u00e1di p\u0159ipravili &#8211; a my v\u00e1m za na\u0161i redakci a za v\u0161echny, kdo se na p\u0159\u00edprav\u011b Medu\u0148ky pod\u00edlej\u00ed, p\u0159ejeme, a\u0165 se v\u00e1m z\u00e1\u0159ijov\u00e1 Medu\u0148ka dob\u0159e \u010dte a a\u0165 je v\u00e1m k u\u017eitku! A jist\u011b v\u00e1s zaj\u00edm\u00e1, co si v nov\u00e9m \u010d\u00edsle m\u016f\u017eete p\u0159e\u010d\u00edst &#8211; tak tedy:Informujeme o \u0159\u00edjnov\u00e9 n\u00e1v\u0161t\u011bv\u011b proslul\u00e9ho l\u00e9ka\u0159e a specialisty na l\u00e9\u010dbu tramatu dr. Gabora Mat\u00e9, kter\u00fd v Praze vystoup\u00ed na konferenci a tak\u00e9 povede workshop. V\u00edce se dozv\u00edte v \u010dl\u00e1nku V\u011bry Keilov\u00e9.T\u00e9ma jsme pro z\u00e1\u0159ijov\u00e9 \u010d\u00edslo zvolili opravdu d\u016fle\u017eit\u00e9 &#8211; Dech pro \u017eivot &#8211; a tomu odpov\u00edd\u00e1 i rozsah \u010dl\u00e1nk\u016f na toto t\u00e9ma &#8211; je pro v\u00e1s p\u0159ipraveno 14 str\u00e1nek informac\u00ed o v\u00fdznamu spr\u00e1vn\u00e9ho d\u00fdch\u00e1n\u00ed i o tom, jak v\u016fbec tedy spr\u00e1vn\u011b d\u00fdchat, o mo\u017enostech podpory d\u00fdchac\u00edch cest pomoc\u00ed r\u016fzn\u00fdch bylin, o roli dechu z pohledu j\u00f3gy i o dechu z hlediska psychosomatiky. V\u011bnujeme se tak\u00e9 duchovn\u00edmu v\u00fdznam\u016f dechu, proto\u017ee dech je v mnoha kultur\u00e1ch oded\u00e1vna prost\u0159edkem pro duchovn\u00ed rozvoj i pro komunikaci s vy\u0161\u0161\u00edmi rovinami existence. Z\u00e1\u0159\u00ed je neodmysliteln\u011b spjato se za\u010d\u00e1tkem \u0161koln\u00edho roku, tak\u017ee se pod\u00edv\u00e1me na pozoruhodn\u00fd projekt \u0160\u0165astn\u00e1 \u0161kola, kter\u00fd se sna\u017e\u00ed vytvo\u0159it ze \u0161koly m\u00edsto p\u0159\u00edv\u011btiv\u00e9 pro \u017e\u00e1ky i u\u010ditele a p\u0159e\u010dtete si tak\u00e9, jak se \u010desk\u00e9 u\u010ditelce u\u010dilo ve t\u0159\u00edd\u011b pln\u00e9 ukrajinsl\u00fdch d\u011bt\u00ed. MUDr. Elekov\u00e1 p\u0159ipravila \u010dl\u00e1nek, v n\u011bm\u017e vysv\u011btluje, pro\u010d je tak d\u016fle\u017eit\u00e9 si budovat svaly &#8211; a zdaleka nejde jen o estetick\u00e9 hledisko, proto\u017ee svaly maj\u00ed z hlediska fyzick\u00e9ho zdrav\u00ed n\u011bkolik nezastupiteln\u00fdch funkc\u00ed. V seri\u00e1lu o duchovn\u00edm sebel\u00e9\u010den\u00ed se tentokr\u00e1t dozv\u00edme, jak je na svou slu\u017ebu lidem p\u0159ipravov\u00e1n duchovn\u00ed l\u00e9\u010ditel, bylinou m\u011bs\u00edce je \u0159eb\u0159\u00ed\u010dek obecn\u00fd, a prof. Struneck\u00e1 zasv\u011bcen\u011b varuje p\u0159ed \u0161kodliv\u00fdmi \u00fa\u010dinky glutam\u00e1tu a aspart\u00e1tu &#8211; dvou l\u00e1tek, s nimi\u017e se b\u011b\u017en\u011b setk\u00e1v\u00e1me, na na\u0161e zdrav\u00ed &#8211; a to je opravdu dobr\u00e9 v\u011bd\u011bt. N\u011bkter\u00e9 \u010dl\u00e1nky v\u00e1m budeme na totmo webu op\u011bt postupn\u011b p\u0159edstavovat, ale samoz\u0159ejm\u011b si p\u0159ejeme, abyste si Medu\u0148ku p\u0159e\u010detli celou a m\u011bli z n\u00ed radost stejn\u011b jako my! M\u011bjte se hezky, mil\u00ed \u010dten\u00e1\u0159i, p\u0159ejeme p\u0159\u00edjemn\u00e9 z\u00e1\u0159\u00ed! Va\u0161e redakce<\/p>\n","protected":false},"author":3,"featured_media":8627,"comment_status":"closed","ping_status":"closed","sticky":false,"template":"","format":"standard","meta":{"footnotes":""},"categories":[1,31],"tags":[],"class_list":["post-8601","post","type-post","status-publish","format-standard","has-post-thumbnail","hentry","category-medunka","category-pro-inspiraci"],"acf":[],"_links":{"self":[{"href":"https:\/\/www.mojemedunka.cz\/index.php\/wp-json\/wp\/v2\/posts\/8601","targetHints":{"allow":["GET"]}}],"collection":[{"href":"https:\/\/www.mojemedunka.cz\/index.php\/wp-json\/wp\/v2\/posts"}],"about":[{"href":"https:\/\/www.mojemedunka.cz\/index.php\/wp-json\/wp\/v2\/types\/post"}],"author":[{"embeddable":true,"href":"https:\/\/www.mojemedunka.cz\/index.php\/wp-json\/wp\/v2\/users\/3"}],"replies":[{"embeddable":true,"href":"https:\/\/www.mojemedunka.cz\/index.php\/wp-json\/wp\/v2\/comments?post=8601"}],"version-history":[{"count":1,"href":"https:\/\/www.mojemedunka.cz\/index.php\/wp-json\/wp\/v2\/posts\/8601\/revisions"}],"predecessor-version":[{"id":8602,"href":"https:\/\/www.mojemedunka.cz\/index.php\/wp-json\/wp\/v2\/posts\/8601\/revisions\/8602"}],"wp:featuredmedia":[{"embeddable":true,"href":"https:\/\/www.mojemedunka.cz\/index.php\/wp-json\/wp\/v2\/media\/8627"}],"wp:attachment":[{"href":"https:\/\/www.mojemedunka.cz\/index.php\/wp-json\/wp\/v2\/media?parent=8601"}],"wp:term":[{"taxonomy":"category","embeddable":true,"href":"https:\/\/www.mojemedunka.cz\/index.php\/wp-json\/wp\/v2\/categories?post=8601"},{"taxonomy":"post_tag","embeddable":true,"href":"https:\/\/www.mojemedunka.cz\/index.php\/wp-json\/wp\/v2\/tags?post=8601"}],"curies":[{"name":"wp","href":"https:\/\/api.w.org\/{rel}","templated":true}]}}