{"id":827,"date":"2019-03-27T06:00:44","date_gmt":"2019-03-27T06:00:44","guid":{"rendered":"http:\/\/www.mojemedunka.cz\/?p=827"},"modified":"2019-04-24T05:29:24","modified_gmt":"2019-04-24T05:29:24","slug":"dubnova-medunka-je-tady","status":"publish","type":"post","link":"https:\/\/www.mojemedunka.cz\/index.php\/2019\/03\/27\/dubnova-medunka-je-tady\/","title":{"rendered":"Dubnov\u00e1 MEDU\u0147KA je tady!!"},"content":{"rendered":"<p><strong><img loading=\"lazy\" decoding=\"async\" class=\" wp-image-830 alignleft\" src=\"http:\/\/www.mojemedunka.cz\/wp-content\/uploads\/2019\/03\/aamedunka_titul_0419_final-2_Str\u00e1nka_1.jpg\" alt=\"\" width=\"269\" height=\"386\" srcset=\"https:\/\/www.mojemedunka.cz\/wp-content\/uploads\/2019\/03\/aamedunka_titul_0419_final-2_Str\u00e1nka_1.jpg 300w, https:\/\/www.mojemedunka.cz\/wp-content\/uploads\/2019\/03\/aamedunka_titul_0419_final-2_Str\u00e1nka_1-279x400.jpg 279w, https:\/\/www.mojemedunka.cz\/wp-content\/uploads\/2019\/03\/aamedunka_titul_0419_final-2_Str\u00e1nka_1-209x300.jpg 209w\" sizes=\"auto, (max-width: 269px) 100vw, 269px\" \/>Mil\u00ed \u010dten\u00e1\u0159i a p\u0159\u00edznivci Medu\u0148ky, je to tady!<\/strong> <strong>Pr\u00e1v\u011b vych\u00e1z\u00ed dubnov\u00e9 \u010d\u00edslo!<\/strong><br \/>\nHlavn\u00ed t\u00e9ma jsme tentokr\u00e1t nazvali <strong>S\u00edla jarn\u00ed p\u0159\u00edrody<\/strong>, v \u010dl\u00e1nc\u00edch na\u0161ich autor\u016f se dozv\u00edte mnoho nov\u00e9ho o tom, jak vyu\u017e\u00edt velk\u00e9 a obdivuhodn\u00e9 p\u0159\u00edrodn\u00ed s\u00edly ke sv\u00e9mu prosp\u011bchu a pro zdrav\u00ed.<br \/>\nV tituln\u00edm rozs\u00e1hl\u00e9m rozhovoru p\u0159ibli\u017eujeme novou knihu na\u0161\u00ed spolupracovnice, astropsycholo\u017eky\u00a0 a terapeutky<strong> Marie Plochov\u00e9 Hl\u00e1vkov\u00e9<\/strong>, do kter\u00e9 autorka &#8211; jak sama \u0159\u00edk\u00e1 &#8211; <strong>vlo\u017eila sv\u00e9 nejlep\u0161\u00ed zku\u0161enosti za 20 let <\/strong>pr\u00e1ce s klienty<strong>.<\/strong> Ve sv\u00e9m <strong>seri\u00e1lu o prevenci a l\u00e9\u010db\u011b onkologick\u00fdch nemoc\u00ed se MUDr. Ludmila Elekov\u00e1<\/strong> tentokr\u00e1t v\u011bnuje roli p\u016fstu a detoxu,\u00a0 zamysl\u00edme se nad t\u00edm, pro\u010d v \u017eivot\u011b (ne)pot\u0159ebujeme ticho a legenda \u010desk\u00e9 makrobiotiky Ing. Jarmila Pr\u016fchov\u00e1 se ve sv\u00e9m \u010dl\u00e1nku v\u011bnuje choulostiv\u00e9mu, ale bohu\u017eel dost \u010dast\u00e9mu probl\u00e9mu inkontinence&#8230;<br \/>\n<strong>To v\u0161e a je\u0161t\u011b mnoho dal\u0161\u00edch \u010dl\u00e1nk\u016f najdete v nov\u00e9 Medu\u0148ce, kter\u00e1 na v\u00e1s \u010dek\u00e1 na st\u00e1nc\u00edch PNS i ve vybran\u00fdch prodejn\u00e1ch!<\/strong><br \/>\n<strong> P\u0159ejeme p\u0159\u00edjemn\u00e9 \u010dten\u00ed.<\/strong><br \/>\nVa\u0161e redakce<\/p>\n<p>P\u0159edplatn\u00e9 Medu\u0148ky si m\u016f\u017eete objednat<a href=\"http:\/\/www.casopisdoschranky.cz\"> ZDE<\/a><\/p>\n","protected":false},"excerpt":{"rendered":"<p>Mil\u00ed \u010dten\u00e1\u0159i a p\u0159\u00edznivci Medu\u0148ky, je to tady! Pr\u00e1v\u011b vych\u00e1z\u00ed dubnov\u00e9 \u010d\u00edslo! Hlavn\u00ed t\u00e9ma jsme tentokr\u00e1t nazvali S\u00edla jarn\u00ed p\u0159\u00edrody, v \u010dl\u00e1nc\u00edch na\u0161ich autor\u016f se dozv\u00edte mnoho nov\u00e9ho o tom, jak vyu\u017e\u00edt velk\u00e9 a obdivuhodn\u00e9 p\u0159\u00edrodn\u00ed s\u00edly ke sv\u00e9mu prosp\u011bchu a pro zdrav\u00ed. V tituln\u00edm rozs\u00e1hl\u00e9m rozhovoru p\u0159ibli\u017eujeme novou knihu na\u0161\u00ed spolupracovnice, astropsycholo\u017eky\u00a0 a terapeutky Marie Plochov\u00e9 Hl\u00e1vkov\u00e9, do kter\u00e9 autorka &#8211; jak sama \u0159\u00edk\u00e1 &#8211; vlo\u017eila sv\u00e9 nejlep\u0161\u00ed zku\u0161enosti za 20 let pr\u00e1ce s klienty. Ve sv\u00e9m seri\u00e1lu o prevenci a l\u00e9\u010db\u011b onkologick\u00fdch nemoc\u00ed se MUDr. Ludmila Elekov\u00e1 tentokr\u00e1t v\u011bnuje roli p\u016fstu a detoxu,\u00a0 zamysl\u00edme se nad t\u00edm, pro\u010d v \u017eivot\u011b (ne)pot\u0159ebujeme ticho a legenda \u010desk\u00e9 makrobiotiky Ing. Jarmila Pr\u016fchov\u00e1 se ve sv\u00e9m \u010dl\u00e1nku v\u011bnuje choulostiv\u00e9mu, ale bohu\u017eel dost \u010dast\u00e9mu probl\u00e9mu inkontinence&#8230; To v\u0161e a je\u0161t\u011b mnoho dal\u0161\u00edch \u010dl\u00e1nk\u016f najdete v nov\u00e9 Medu\u0148ce, kter\u00e1 na v\u00e1s \u010dek\u00e1 na st\u00e1nc\u00edch PNS i ve vybran\u00fdch prodejn\u00e1ch! P\u0159ejeme p\u0159\u00edjemn\u00e9 \u010dten\u00ed. Va\u0161e redakce P\u0159edplatn\u00e9 Medu\u0148ky si m\u016f\u017eete objednat ZDE<\/p>\n","protected":false},"author":3,"featured_media":969,"comment_status":"closed","ping_status":"closed","sticky":false,"template":"","format":"standard","meta":{"footnotes":""},"categories":[1],"tags":[],"class_list":["post-827","post","type-post","status-publish","format-standard","has-post-thumbnail","hentry","category-medunka"],"acf":[],"_links":{"self":[{"href":"https:\/\/www.mojemedunka.cz\/index.php\/wp-json\/wp\/v2\/posts\/827","targetHints":{"allow":["GET"]}}],"collection":[{"href":"https:\/\/www.mojemedunka.cz\/index.php\/wp-json\/wp\/v2\/posts"}],"about":[{"href":"https:\/\/www.mojemedunka.cz\/index.php\/wp-json\/wp\/v2\/types\/post"}],"author":[{"embeddable":true,"href":"https:\/\/www.mojemedunka.cz\/index.php\/wp-json\/wp\/v2\/users\/3"}],"replies":[{"embeddable":true,"href":"https:\/\/www.mojemedunka.cz\/index.php\/wp-json\/wp\/v2\/comments?post=827"}],"version-history":[{"count":5,"href":"https:\/\/www.mojemedunka.cz\/index.php\/wp-json\/wp\/v2\/posts\/827\/revisions"}],"predecessor-version":[{"id":983,"href":"https:\/\/www.mojemedunka.cz\/index.php\/wp-json\/wp\/v2\/posts\/827\/revisions\/983"}],"wp:featuredmedia":[{"embeddable":true,"href":"https:\/\/www.mojemedunka.cz\/index.php\/wp-json\/wp\/v2\/media\/969"}],"wp:attachment":[{"href":"https:\/\/www.mojemedunka.cz\/index.php\/wp-json\/wp\/v2\/media?parent=827"}],"wp:term":[{"taxonomy":"category","embeddable":true,"href":"https:\/\/www.mojemedunka.cz\/index.php\/wp-json\/wp\/v2\/categories?post=827"},{"taxonomy":"post_tag","embeddable":true,"href":"https:\/\/www.mojemedunka.cz\/index.php\/wp-json\/wp\/v2\/tags?post=827"}],"curies":[{"name":"wp","href":"https:\/\/api.w.org\/{rel}","templated":true}]}}