{"id":8194,"date":"2023-06-06T14:30:00","date_gmt":"2023-06-06T14:30:00","guid":{"rendered":"https:\/\/www.mojemedunka.cz\/?p=8194"},"modified":"2023-06-06T13:12:48","modified_gmt":"2023-06-06T13:12:48","slug":"meduncina-detoxikacni-poradna-s-vladkou-malovou-cerven-2023","status":"publish","type":"post","link":"https:\/\/www.mojemedunka.cz\/index.php\/2023\/06\/06\/meduncina-detoxikacni-poradna-s-vladkou-malovou-cerven-2023\/","title":{"rendered":"Medu\u0148\u010dina detoxika\u010dn\u00ed poradna s Vla\u010fkou M\u00e1lovou: \u010derven 2023"},"content":{"rendered":"\n<p><strong>Bolest kloub\u016f u d\u011bt\u00ed<\/strong><br><em>Dobr\u00fd den, synovi je deset let a pot\u00fdk\u00e1 se u\u017e dva m\u011bs\u00edce s opakovan\u00fdmi otoky a bolestmi prav\u00e9ho loktu. Syn hraje n\u011bkolik let hokej, m\u00e1 tedy pravidelnou fyzickou z\u00e1t\u011b\u017e, ale ta se nijak nezv\u00fd\u0161ila. Nem\u011bl te\u010f ani v minulosti \u00faraz, kter\u00fd by mohl tyto pot\u00ed\u017ee zp\u016fsobovat. V\u017edy byl zdrav\u00fd a tuto zimu byl nemocn\u00fd pouze 1x a to p\u0159ed \u010dty\u0159mi m\u011bs\u00edci. Napadlo m\u011b, \u017ee by to mohlo spolu souviset. V t\u00e9 dob\u011b bylo i ve t\u0159\u00edd\u011b hodn\u011b d\u011bt\u00ed nemocn\u00fdch. Nemoc se projevila hore\u010dkou, bolestmi hlavy, kloub\u016f i t\u011bla, m\u011bl p\u011bt dn\u00ed pr\u016fjem a such\u00fd ka\u0161el. Byl tak\u00e9 velmi unaven\u00fd a \u00fanava trvala m\u011bs\u00edc. Vid\u00edm na n\u011bm, \u017ee po tr\u00e9ninc\u00edch je te\u010f v\u00edce unaven\u00fd ne\u017e d\u0159\u00edve. Jin\u00e9 klouby neot\u00e9kaj\u00ed, d\u011bje se to jen na prav\u00e9m lokti a bol\u00ed ho i okol\u00ed nejen loket. Asi p\u0159ed \u010dty\u0159mi lety si chv\u00edli tak\u00e9 st\u011b\u017eoval na bolesti kloub\u016f, v tu dobu prod\u011blal n\u011bjakou nemoc, z\u0159ejm\u011b virov\u00e9ho p\u016fvodu. Bolest kloub\u016f odezn\u011bla spolu s nemoc\u00ed b\u011bhem dvou t\u00fddn\u016f.Velk\u00e9 d\u00edky za radu, co s\u00a0t\u00edm.<\/em><\/p>\n\n\n\n<p>Dobr\u00fd den, vybrala jsem pro tento m\u011bs\u00edc dotaz, kter\u00fd se opakuje jak v dotazech, ale tak\u00e9 v poradn\u011b.<br>Zhruba od \u00fanora leto\u0161n\u00edho roku jsem zaznamenala v poradn\u011b velk\u00fd n\u00e1r\u016fst podobn\u00fdch pot\u00ed\u017e\u00ed. \u010casto si klienti st\u011b\u017euj\u00ed na bolesti zad, st\u011bhovav\u00e9 bolesti kloub\u016f a tak\u00e9 na otoky kloub\u016f, stejn\u011b jako v\u00e1\u0161 syn. V\u017edy je lep\u0161\u00ed v\u00a0t\u011bchto p\u0159\u00edpadech testovat a p\u0159\u00edstrojem Salvia zjistit p\u0159\u00ed\u010diny a vhodnou skladbu p\u0159\u00edpravk\u016f. Terapeuta ve sv\u00e9m okol\u00ed najdete na str\u00e1nk\u00e1ch <a href=\"http:\/\/www.joalis.cz\">www.joalis.cz<\/a>, v sekci poradci.<br>Z praxe v\u00e1m porad\u00edm trojici p\u0159\u00edpravk\u016f, kter\u00e1 by m\u011bla pot\u00ed\u017ee odstranit. Velmi \u010dasto se v\u00a0posledn\u00edch letech po covidu a vir\u00f3z\u00e1ch chov\u00e1 organizmus nestandardn\u011b, a to nejen u dosp\u011bl\u00fdch, ale i u d\u011bt\u00ed. Nej\u010dast\u011bji vytestuji a i synovi bych doporu\u010dila p\u0159\u00edpravek <strong>Joalis Imun<\/strong>, zam\u011b\u0159en\u00fd na o\u010distu imunitn\u00edho syst\u00e9mu spolu v kombinaci s\u00a0p\u0159\u00edpravkem <strong>Joalis Mediator.<\/strong> Ten je zam\u011b\u0159en\u00fd na zv\u00fd\u0161enou hladinu z\u00e1n\u011btliv\u00fdch medi\u00e1tor\u016f.<br>D\u00e1 se p\u0159edpokl\u00e1dat, \u017ee vzhledem k v\u011bku syna nebudou klouby opot\u0159ebovan\u00e9, tak jako mohou b\u00fdt u dosp\u011bl\u00e9ho \u010dlov\u011bka, stejn\u011b tak nebudou zat\u00ed\u017een\u00e9 metabolity a dal\u0161\u00edmi toxiny. Zm\u00edn\u011bnou dvojici dopl\u0148te o p\u0159\u00edpravek <strong>Joalis Conectid\u00ae<\/strong>, kter\u00fd je zam\u011b\u0159en\u00fd na pojivovou a vazivovou tk\u00e1\u0148. Zat\u00ed\u017een\u00ed t\u011bchto tk\u00e1n\u00ed se mimo jin\u00e9 projevuje pot\u00ed\u017eemi, jako m\u00e1 v\u00e1\u0161 syn, tedy bolestmi kloub\u016f, ale i m\u011bkk\u00fdch tk\u00e1n\u00ed v okol\u00ed kloub\u016f.<\/p>\n\n\n\n<p><\/p>\n\n\n\n<p><span style=\"text-decoration: underline;\">Pou\u017eijte kombinaci:<\/span><br><strong>Joalis Imun<\/strong> \u2013 2x denn\u011b 8 kapek<br><strong>Joalis Mediator<\/strong> \u2013 1x denn\u011b r\u00e1no 8 kapek<br><strong>Joalis Conectid\u00ae<\/strong> \u2013 1x denn\u011b ve\u010der 8 kapek<br>A\u0165 je syn u\u017e\u00edv\u00e1 dva m\u011bs\u00edce, pot\u00e9 p\u0159\u00edpravky uschovejte a v p\u0159\u00edpad\u011b jak\u00e9koli vir\u00f3zy \u010di jin\u00e9ho onemocn\u011bn\u00ed, stejn\u00fdm zp\u016fsobem pou\u017eijte, t\u00edm p\u0159edejdete znovuobjeven\u00ed pot\u00ed\u017e\u00ed. P\u0159i onemocn\u011bn\u00ed sta\u010d\u00ed u\u017e\u00edvat t\u0159i t\u00fddny.<\/p>\n\n\n\n<p>Pokud se u v\u00e1s dosp\u011bl\u00fdch \u010dten\u00e1\u0159\u016f objevuj\u00ed podobn\u00e9 pot\u00ed\u017ee, p\u0159idejte ke k\u00fa\u0159e je\u0161t\u011b <strong>Joalis Flexiart<\/strong>. Klouby ji\u017e budou zat\u00ed\u017een\u00e9 a dle v\u011bku a \u017eivotn\u00edho stylu opot\u0159ebovan\u00e9. Joalis Flexiart je komplexn\u00edm p\u0159\u00edpravkem zam\u011b\u0159en\u00fdm na kloubn\u00ed pot\u00ed\u017ee, a\u0165 u\u017e jsou spojen\u00e9 s mikrobi\u00e1ln\u00edmi toxiny, ukl\u00e1d\u00e1n\u00edm sol\u00ed, ale i dal\u0161\u00edmi typy toxin\u016f, kter\u00e9 klouby zat\u011b\u017euj\u00ed. Pou\u017e\u00edvejte FlexiArt s\u00a0v\u00fd\u0161e uveden\u00fdmi p\u0159\u00edpravky, 2x denn\u011b 10 kapek.<br>P\u0159eji brzk\u00e9 zlep\u0161en\u00ed stavu u syna a a\u0165 se da\u0159\u00ed,<br>Vla\u010fka M\u00e1lov\u00e1<\/p>\n\n\n\n<p><em><strong>Vla\u010fka M\u00e1lov\u00e1 <\/strong>p\u016fsob\u00ed v\u00a0Praze v\u00a0Centru Informa\u010dn\u00ed metody (K\u0159i\u0161\u0165anova 20, Praha 3) a v Jablonci nad Nisou v\u00a0Centru zdrav\u00ed \u2013 Radost (Po\u0161tovn\u00ed 8, Jablonec nad Nisou). Sv\u00e9 dotazy j\u00ed m\u016f\u017eete pos\u00edlat na email: poradna@vladkamalova.cz, do p\u0159edm\u011btu uve\u010fte <strong>Poradna Medu\u0148ka.<\/strong><br>V\u00edce informac\u00ed najdete na webu <a href=\"http:\/\/www.joalis.cz\">www.joalis.cz<\/a><\/em><\/p>\n","protected":false},"excerpt":{"rendered":"<p>Bolest kloub\u016f u d\u011bt\u00edDobr\u00fd den, synovi je deset let a pot\u00fdk\u00e1 se u\u017e dva m\u011bs\u00edce s opakovan\u00fdmi otoky a bolestmi prav\u00e9ho loktu. Syn hraje n\u011bkolik let hokej, m\u00e1 tedy pravidelnou fyzickou z\u00e1t\u011b\u017e, ale ta se nijak nezv\u00fd\u0161ila. Nem\u011bl te\u010f ani v minulosti \u00faraz, kter\u00fd by mohl tyto pot\u00ed\u017ee zp\u016fsobovat. V\u017edy byl zdrav\u00fd a tuto zimu byl nemocn\u00fd pouze 1x a to p\u0159ed \u010dty\u0159mi m\u011bs\u00edci. Napadlo m\u011b, \u017ee by to mohlo spolu souviset. V t\u00e9 dob\u011b bylo i ve t\u0159\u00edd\u011b hodn\u011b d\u011bt\u00ed nemocn\u00fdch. Nemoc se projevila hore\u010dkou, bolestmi hlavy, kloub\u016f i t\u011bla, m\u011bl p\u011bt dn\u00ed pr\u016fjem a such\u00fd ka\u0161el. Byl tak\u00e9 velmi unaven\u00fd a \u00fanava trvala m\u011bs\u00edc. Vid\u00edm na n\u011bm, \u017ee po tr\u00e9ninc\u00edch je te\u010f v\u00edce unaven\u00fd ne\u017e d\u0159\u00edve. Jin\u00e9 klouby neot\u00e9kaj\u00ed, d\u011bje se to jen na prav\u00e9m lokti a bol\u00ed ho i okol\u00ed nejen loket. Asi p\u0159ed \u010dty\u0159mi lety si chv\u00edli tak\u00e9 st\u011b\u017eoval na bolesti kloub\u016f, v tu dobu prod\u011blal n\u011bjakou nemoc, z\u0159ejm\u011b virov\u00e9ho p\u016fvodu. Bolest kloub\u016f odezn\u011bla spolu s nemoc\u00ed b\u011bhem dvou t\u00fddn\u016f.Velk\u00e9 d\u00edky za radu, co s\u00a0t\u00edm. Dobr\u00fd den, vybrala jsem pro tento m\u011bs\u00edc dotaz, kter\u00fd se opakuje jak v dotazech, ale tak\u00e9 v poradn\u011b.Zhruba od \u00fanora leto\u0161n\u00edho roku jsem zaznamenala v poradn\u011b velk\u00fd n\u00e1r\u016fst podobn\u00fdch pot\u00ed\u017e\u00ed. \u010casto si klienti st\u011b\u017euj\u00ed na bolesti zad, st\u011bhovav\u00e9 bolesti kloub\u016f a tak\u00e9 na otoky kloub\u016f, stejn\u011b jako v\u00e1\u0161 syn. V\u017edy je lep\u0161\u00ed v\u00a0t\u011bchto p\u0159\u00edpadech testovat a p\u0159\u00edstrojem Salvia zjistit p\u0159\u00ed\u010diny a vhodnou skladbu p\u0159\u00edpravk\u016f. Terapeuta ve sv\u00e9m okol\u00ed najdete na str\u00e1nk\u00e1ch www.joalis.cz, v sekci poradci.Z praxe v\u00e1m porad\u00edm trojici p\u0159\u00edpravk\u016f, kter\u00e1 by m\u011bla pot\u00ed\u017ee odstranit. Velmi \u010dasto se v\u00a0posledn\u00edch letech po covidu a vir\u00f3z\u00e1ch chov\u00e1 organizmus nestandardn\u011b, a to nejen u dosp\u011bl\u00fdch, ale i u d\u011bt\u00ed. Nej\u010dast\u011bji vytestuji a i synovi bych doporu\u010dila p\u0159\u00edpravek Joalis Imun, zam\u011b\u0159en\u00fd na o\u010distu imunitn\u00edho syst\u00e9mu spolu v kombinaci s\u00a0p\u0159\u00edpravkem Joalis Mediator. Ten je zam\u011b\u0159en\u00fd na zv\u00fd\u0161enou hladinu z\u00e1n\u011btliv\u00fdch medi\u00e1tor\u016f.D\u00e1 se p\u0159edpokl\u00e1dat, \u017ee vzhledem k v\u011bku syna nebudou klouby opot\u0159ebovan\u00e9, tak jako mohou b\u00fdt u dosp\u011bl\u00e9ho \u010dlov\u011bka, stejn\u011b tak nebudou zat\u00ed\u017een\u00e9 metabolity a dal\u0161\u00edmi toxiny. Zm\u00edn\u011bnou dvojici dopl\u0148te o p\u0159\u00edpravek Joalis Conectid\u00ae, kter\u00fd je zam\u011b\u0159en\u00fd na pojivovou a vazivovou tk\u00e1\u0148. Zat\u00ed\u017een\u00ed t\u011bchto tk\u00e1n\u00ed se mimo jin\u00e9 projevuje pot\u00ed\u017eemi, jako m\u00e1 v\u00e1\u0161 syn, tedy bolestmi kloub\u016f, ale i m\u011bkk\u00fdch tk\u00e1n\u00ed v okol\u00ed kloub\u016f. Pou\u017eijte kombinaci:Joalis Imun \u2013 2x denn\u011b 8 kapekJoalis Mediator \u2013 1x denn\u011b r\u00e1no 8 kapekJoalis Conectid\u00ae \u2013 1x denn\u011b ve\u010der 8 kapekA\u0165 je syn u\u017e\u00edv\u00e1 dva m\u011bs\u00edce, pot\u00e9 p\u0159\u00edpravky uschovejte a v p\u0159\u00edpad\u011b jak\u00e9koli vir\u00f3zy \u010di jin\u00e9ho onemocn\u011bn\u00ed, stejn\u00fdm zp\u016fsobem pou\u017eijte, t\u00edm p\u0159edejdete znovuobjeven\u00ed pot\u00ed\u017e\u00ed. P\u0159i onemocn\u011bn\u00ed sta\u010d\u00ed u\u017e\u00edvat t\u0159i t\u00fddny. Pokud se u v\u00e1s dosp\u011bl\u00fdch \u010dten\u00e1\u0159\u016f objevuj\u00ed podobn\u00e9 pot\u00ed\u017ee, p\u0159idejte ke k\u00fa\u0159e je\u0161t\u011b Joalis Flexiart. Klouby ji\u017e budou zat\u00ed\u017een\u00e9 a dle v\u011bku a \u017eivotn\u00edho stylu opot\u0159ebovan\u00e9. Joalis Flexiart je komplexn\u00edm p\u0159\u00edpravkem zam\u011b\u0159en\u00fdm na kloubn\u00ed pot\u00ed\u017ee, a\u0165 u\u017e jsou spojen\u00e9 s mikrobi\u00e1ln\u00edmi toxiny, ukl\u00e1d\u00e1n\u00edm sol\u00ed, ale i dal\u0161\u00edmi typy toxin\u016f, kter\u00e9 klouby zat\u011b\u017euj\u00ed. Pou\u017e\u00edvejte FlexiArt s\u00a0v\u00fd\u0161e uveden\u00fdmi p\u0159\u00edpravky, 2x denn\u011b 10 kapek.P\u0159eji brzk\u00e9 zlep\u0161en\u00ed stavu u syna a a\u0165 se da\u0159\u00ed,Vla\u010fka M\u00e1lov\u00e1 Vla\u010fka M\u00e1lov\u00e1 p\u016fsob\u00ed v\u00a0Praze v\u00a0Centru Informa\u010dn\u00ed metody (K\u0159i\u0161\u0165anova 20, Praha 3) a v Jablonci nad Nisou v\u00a0Centru zdrav\u00ed \u2013 Radost (Po\u0161tovn\u00ed 8, Jablonec nad Nisou). Sv\u00e9 dotazy j\u00ed m\u016f\u017eete pos\u00edlat na email: poradna@vladkamalova.cz, do p\u0159edm\u011btu uve\u010fte Poradna Medu\u0148ka.V\u00edce informac\u00ed najdete na webu www.joalis.cz<\/p>\n","protected":false},"author":2,"featured_media":8196,"comment_status":"closed","ping_status":"closed","sticky":false,"template":"","format":"standard","meta":{"footnotes":""},"categories":[37],"tags":[],"class_list":["post-8194","post","type-post","status-publish","format-standard","has-post-thumbnail","hentry","category-poradna"],"acf":[],"_links":{"self":[{"href":"https:\/\/www.mojemedunka.cz\/index.php\/wp-json\/wp\/v2\/posts\/8194","targetHints":{"allow":["GET"]}}],"collection":[{"href":"https:\/\/www.mojemedunka.cz\/index.php\/wp-json\/wp\/v2\/posts"}],"about":[{"href":"https:\/\/www.mojemedunka.cz\/index.php\/wp-json\/wp\/v2\/types\/post"}],"author":[{"embeddable":true,"href":"https:\/\/www.mojemedunka.cz\/index.php\/wp-json\/wp\/v2\/users\/2"}],"replies":[{"embeddable":true,"href":"https:\/\/www.mojemedunka.cz\/index.php\/wp-json\/wp\/v2\/comments?post=8194"}],"version-history":[{"count":1,"href":"https:\/\/www.mojemedunka.cz\/index.php\/wp-json\/wp\/v2\/posts\/8194\/revisions"}],"predecessor-version":[{"id":8195,"href":"https:\/\/www.mojemedunka.cz\/index.php\/wp-json\/wp\/v2\/posts\/8194\/revisions\/8195"}],"wp:featuredmedia":[{"embeddable":true,"href":"https:\/\/www.mojemedunka.cz\/index.php\/wp-json\/wp\/v2\/media\/8196"}],"wp:attachment":[{"href":"https:\/\/www.mojemedunka.cz\/index.php\/wp-json\/wp\/v2\/media?parent=8194"}],"wp:term":[{"taxonomy":"category","embeddable":true,"href":"https:\/\/www.mojemedunka.cz\/index.php\/wp-json\/wp\/v2\/categories?post=8194"},{"taxonomy":"post_tag","embeddable":true,"href":"https:\/\/www.mojemedunka.cz\/index.php\/wp-json\/wp\/v2\/tags?post=8194"}],"curies":[{"name":"wp","href":"https:\/\/api.w.org\/{rel}","templated":true}]}}