{"id":7957,"date":"2023-04-26T06:00:00","date_gmt":"2023-04-26T06:00:00","guid":{"rendered":"https:\/\/www.mojemedunka.cz\/?p=7957"},"modified":"2023-06-02T06:57:58","modified_gmt":"2023-06-02T06:57:58","slug":"kvetnova-medunka-vychazi","status":"publish","type":"post","link":"https:\/\/www.mojemedunka.cz\/index.php\/2023\/04\/26\/kvetnova-medunka-vychazi\/","title":{"rendered":"KV\u011aTNOV\u00c1 MEDU\u0147KA VYCH\u00c1Z\u00cd!!!"},"content":{"rendered":"\n<p>Zanedlouho za\u010dne kv\u011bten, o n\u011bm\u017e se \u0159\u00edk\u00e1, \u017ee je nejkr\u00e1sn\u011bj\u0161\u00edm m\u011bs\u00edcem roku, a o p\u00e1r dn\u00ed d\u0159\u00edve je tu i <strong>kv\u011btnov\u00e1 Medu\u0148ka s&nbsp;velmi pozitivn\u00edm t\u00e9matem<\/strong>, kter\u00e9 zn\u00ed <strong>Dobr\u00e1 n\u00e1lada &#8211; kl\u00ed\u010d ke zdrav\u00ed<\/strong>. O tom, \u017ee na\u0161e psychick\u00e9 nalad\u011bn\u00ed v\u00fdznamn\u011b ovliv\u0148uje na\u0161e t\u011blo, asi u\u017e nepochybujeme, ale na\u0161i auto\u0159i v\u00e1m tyto tu\u0161en\u00e9 souvislosti ve sv\u00fdch \u010dl\u00e1nc\u00edch zaj\u00edmav\u011b p\u0159ibli\u017euj\u00ed a \u201enasv\u011bcuj\u00ed\u201c z&nbsp;r\u016fzn\u00fdch hledisek a tak\u00e9 v\u00e1s inspiruj\u00ed <strong>k&nbsp;r\u016fzn\u00fdm mo\u017enostem<\/strong>, jak v&nbsp;praxi a v&nbsp;b\u011b\u017en\u00e9m \u017eivot\u011b o dobr\u00e9 psychick\u00e9 nalad\u011bn\u00ed a pota\u017emo o&nbsp;celkov\u00e9 zdrav\u00ed db\u00e1t. P\u0159e\u010dtete si nap\u0159\u00edklad \u010dl\u00e1nek prof. Struneck\u00e9 <strong><em>Poruchy n\u00e1lady aneb hled\u00e1n\u00ed souvislosti fyziologick\u00fdch a duchovn\u00edch proces\u016f<\/em><\/strong>, <strong><em>o s\u00edle odpou\u0161t\u011bn\u00ed<\/em><\/strong> p\u00ed\u0161e Milena Kr\u00e1lov\u00e1 a o <strong><em>ch\u016fzi jako o jednom z mo\u017en\u00fdch zdroj\u016f radosti<\/em><\/strong> p\u0159ipravil \u010dl\u00e1nek Pavel Kloud. Roli \u201eudr\u017eovatel\u016f dobr\u00e9 n\u00e1pady\u201c \u010dasto v&nbsp;na\u0161ich \u017eivotech hraj\u00ed zv\u00ed\u0159ata \u2013 \u00b4p\u0159ipraven je i \u010dl\u00e1nek <strong><em>O lidech a psech<\/em><\/strong> (Petra Such\u00e1) o l\u00e9\u010db\u011b p\u00e1n\u00ed\u010dk\u016f i jejich \u010dty\u0159noh\u00fdch p\u0159\u00e1tel Bachov\u00fdmi esencemi.<\/p>\n\n\n\n<p><strong><em>Inspirativn\u00ed je titulov\u00fd rozhovor s&nbsp;MUDr. Pavlem N\u00fdvltem<\/em><\/strong>, l\u00e9ka\u0159em s&nbsp;dlouholetou zku\u0161enost\u00ed z&nbsp;pr\u00e1ce u n\u00e1s i v&nbsp;Americe, jeho\u017e bohat\u00e9 profesn\u00ed i \u017eivotn\u00ed zku\u0161enosti stoj\u00ed za p\u0159ed\u00e1v\u00e1n\u00ed u\u017e proto, \u017ee ukazuj\u00ed, \u017ee cesta ke zdrav\u00ed m\u016f\u017ee dnes v\u00e9st docela jinudy, ne\u017e na co jsme byli zvykl\u00ed doposud. MUDr. Ludmila Elekov\u00e1 pokra\u010duje ve sv\u00e9m seri\u00e1lu <strong><em>Jak se vyznat v&nbsp;laboratorn\u00edch v\u00fdsledc\u00edch, tentokr\u00e1t se zam\u011b\u0159uje na cholesterol<\/em><\/strong>, o souvislosti mezi <strong><em>alergiemi a vnit\u0159n\u00edmi konflikty <\/em><\/strong>p\u00ed\u0161e Iva Lhotsk\u00e1, pokra\u010duje <strong><em>seri\u00e1l o duchovn\u00edm sebeuzdravov\u00e1n\u00ed Ok\u00e9nko do nezn\u00e1m\u00fdch d\u011bj\u016f<\/em><\/strong>, tento d\u00edl je v\u011bnovan\u00fd harmonii du\u0161e, t\u011bla a mysli. <strong><em>Bylinou m\u011bs\u00edce je kozl\u00edk l\u00e9ka\u0159sk\u00fd<\/em><\/strong> a moc p\u011bkn\u011b o n\u011bm p\u00ed\u0161e ve sv\u00e9m seri\u00e1lu Martin Kol\u00e1r, p\u0159edstavujeme dv\u011b zaj\u00edmav\u00e9 metody \u2013 <strong><em>Rychlou transforma\u010dn\u00ed terapii<\/em><\/strong> (napsala Veronika Lehmdenov\u00e1) a <strong><em>Metamorfn\u00ed techniku<\/em><\/strong>, s n\u00ed\u017e u\u017e \u0159adu let \u00fasp\u011b\u0161n\u011b pracuje terapeutka a autorka \u010dl\u00e1nku Jitka T\u0159e\u0161\u0148\u00e1kov\u00e1.&nbsp;<\/p>\n\n\n\n<p><strong><em>Najdete samoz\u0159ejm\u011b i obvykl\u00e9 seri\u00e1ly<\/em><\/strong> \u2013 prof. Struneck\u00e1 se tentokr\u00e1t zab\u00fdv\u00e1 d\u016fle\u017eitost\u00ed aminokyselin tryptofanu a tyrosinu pro tvorbu hormon\u016f, V\u00e1clav V\u011btvi\u010dka pokra\u010duje ve sv\u00e9m herb\u00e1\u0159i a duchovn\u00ed zamy\u0161len\u00ed p\u0159ipravil Ji\u0159\u00ed Maz\u00e1nek\u2026 Nevyjmenovali jsme v\u0161echno, ostatn\u011b \u2013 a\u017e si Medu\u0148kou budete listovat, sami uvid\u00edte, \u010demu v\u0161emu jsme se tentokr\u00e1t v\u011bnovali. Je toho hodn\u011b a v\u011b\u0159\u00edme, \u017ee v\u00e1m toto p\u0159\u00edjemn\u00e9 jarn\u00ed \u010d\u00edslo bude k&nbsp;u\u017eitku. <strong>P\u0159ejeme v\u00e1m, mil\u00ed \u010dten\u00e1\u0159i, p\u0159\u00edjemn\u00e9 jaro a zaj\u00edmav\u00e9 po\u010dten\u00ed!<\/strong><\/p>\n\n\n\n<p><strong>Medu\u0148ka je k&nbsp;dispozici na st\u00e1nc\u00edch PNS a v&nbsp;e-verzi<\/strong> <a href=\"https:\/\/www.mojemedunka.cz\/index.php\/2020\/03\/18\/elektronickou-verzi-medunky-sezenete-na-emedunka-cz\/\" data-type=\"post\" data-id=\"2535\">emedunka.cz<\/a><\/p>\n","protected":false},"excerpt":{"rendered":"<p>Zanedlouho za\u010dne kv\u011bten, o n\u011bm\u017e se \u0159\u00edk\u00e1, \u017ee je nejkr\u00e1sn\u011bj\u0161\u00edm m\u011bs\u00edcem roku, a o p\u00e1r dn\u00ed d\u0159\u00edve je tu i kv\u011btnov\u00e1 Medu\u0148ka s&nbsp;velmi pozitivn\u00edm t\u00e9matem, kter\u00e9 zn\u00ed Dobr\u00e1 n\u00e1lada &#8211; kl\u00ed\u010d ke zdrav\u00ed. O tom, \u017ee na\u0161e psychick\u00e9 nalad\u011bn\u00ed v\u00fdznamn\u011b ovliv\u0148uje na\u0161e t\u011blo, asi u\u017e nepochybujeme, ale na\u0161i auto\u0159i v\u00e1m tyto tu\u0161en\u00e9 souvislosti ve sv\u00fdch \u010dl\u00e1nc\u00edch zaj\u00edmav\u011b p\u0159ibli\u017euj\u00ed a \u201enasv\u011bcuj\u00ed\u201c z&nbsp;r\u016fzn\u00fdch hledisek a tak\u00e9 v\u00e1s inspiruj\u00ed k&nbsp;r\u016fzn\u00fdm mo\u017enostem, jak v&nbsp;praxi a v&nbsp;b\u011b\u017en\u00e9m \u017eivot\u011b o dobr\u00e9 psychick\u00e9 nalad\u011bn\u00ed a pota\u017emo o&nbsp;celkov\u00e9 zdrav\u00ed db\u00e1t. P\u0159e\u010dtete si nap\u0159\u00edklad \u010dl\u00e1nek prof. Struneck\u00e9 Poruchy n\u00e1lady aneb hled\u00e1n\u00ed souvislosti fyziologick\u00fdch a duchovn\u00edch proces\u016f, o s\u00edle odpou\u0161t\u011bn\u00ed p\u00ed\u0161e Milena Kr\u00e1lov\u00e1 a o ch\u016fzi jako o jednom z mo\u017en\u00fdch zdroj\u016f radosti p\u0159ipravil \u010dl\u00e1nek Pavel Kloud. Roli \u201eudr\u017eovatel\u016f dobr\u00e9 n\u00e1pady\u201c \u010dasto v&nbsp;na\u0161ich \u017eivotech hraj\u00ed zv\u00ed\u0159ata \u2013 \u00b4p\u0159ipraven je i \u010dl\u00e1nek O lidech a psech (Petra Such\u00e1) o l\u00e9\u010db\u011b p\u00e1n\u00ed\u010dk\u016f i jejich \u010dty\u0159noh\u00fdch p\u0159\u00e1tel Bachov\u00fdmi esencemi. Inspirativn\u00ed je titulov\u00fd rozhovor s&nbsp;MUDr. Pavlem N\u00fdvltem, l\u00e9ka\u0159em s&nbsp;dlouholetou zku\u0161enost\u00ed z&nbsp;pr\u00e1ce u n\u00e1s i v&nbsp;Americe, jeho\u017e bohat\u00e9 profesn\u00ed i \u017eivotn\u00ed zku\u0161enosti stoj\u00ed za p\u0159ed\u00e1v\u00e1n\u00ed u\u017e proto, \u017ee ukazuj\u00ed, \u017ee cesta ke zdrav\u00ed m\u016f\u017ee dnes v\u00e9st docela jinudy, ne\u017e na co jsme byli zvykl\u00ed doposud. MUDr. Ludmila Elekov\u00e1 pokra\u010duje ve sv\u00e9m seri\u00e1lu Jak se vyznat v&nbsp;laboratorn\u00edch v\u00fdsledc\u00edch, tentokr\u00e1t se zam\u011b\u0159uje na cholesterol, o souvislosti mezi alergiemi a vnit\u0159n\u00edmi konflikty p\u00ed\u0161e Iva Lhotsk\u00e1, pokra\u010duje seri\u00e1l o duchovn\u00edm sebeuzdravov\u00e1n\u00ed Ok\u00e9nko do nezn\u00e1m\u00fdch d\u011bj\u016f, tento d\u00edl je v\u011bnovan\u00fd harmonii du\u0161e, t\u011bla a mysli. Bylinou m\u011bs\u00edce je kozl\u00edk l\u00e9ka\u0159sk\u00fd a moc p\u011bkn\u011b o n\u011bm p\u00ed\u0161e ve sv\u00e9m seri\u00e1lu Martin Kol\u00e1r, p\u0159edstavujeme dv\u011b zaj\u00edmav\u00e9 metody \u2013 Rychlou transforma\u010dn\u00ed terapii (napsala Veronika Lehmdenov\u00e1) a Metamorfn\u00ed techniku, s n\u00ed\u017e u\u017e \u0159adu let \u00fasp\u011b\u0161n\u011b pracuje terapeutka a autorka \u010dl\u00e1nku Jitka T\u0159e\u0161\u0148\u00e1kov\u00e1.&nbsp; Najdete samoz\u0159ejm\u011b i obvykl\u00e9 seri\u00e1ly \u2013 prof. Struneck\u00e1 se tentokr\u00e1t zab\u00fdv\u00e1 d\u016fle\u017eitost\u00ed aminokyselin tryptofanu a tyrosinu pro tvorbu hormon\u016f, V\u00e1clav V\u011btvi\u010dka pokra\u010duje ve sv\u00e9m herb\u00e1\u0159i a duchovn\u00ed zamy\u0161len\u00ed p\u0159ipravil Ji\u0159\u00ed Maz\u00e1nek\u2026 Nevyjmenovali jsme v\u0161echno, ostatn\u011b \u2013 a\u017e si Medu\u0148kou budete listovat, sami uvid\u00edte, \u010demu v\u0161emu jsme se tentokr\u00e1t v\u011bnovali. Je toho hodn\u011b a v\u011b\u0159\u00edme, \u017ee v\u00e1m toto p\u0159\u00edjemn\u00e9 jarn\u00ed \u010d\u00edslo bude k&nbsp;u\u017eitku. P\u0159ejeme v\u00e1m, mil\u00ed \u010dten\u00e1\u0159i, p\u0159\u00edjemn\u00e9 jaro a zaj\u00edmav\u00e9 po\u010dten\u00ed! Medu\u0148ka je k&nbsp;dispozici na st\u00e1nc\u00edch PNS a v&nbsp;e-verzi emedunka.cz<\/p>\n","protected":false},"author":3,"featured_media":8030,"comment_status":"closed","ping_status":"closed","sticky":false,"template":"","format":"standard","meta":{"footnotes":""},"categories":[1,31],"tags":[],"class_list":["post-7957","post","type-post","status-publish","format-standard","has-post-thumbnail","hentry","category-medunka","category-pro-inspiraci"],"acf":[],"_links":{"self":[{"href":"https:\/\/www.mojemedunka.cz\/index.php\/wp-json\/wp\/v2\/posts\/7957","targetHints":{"allow":["GET"]}}],"collection":[{"href":"https:\/\/www.mojemedunka.cz\/index.php\/wp-json\/wp\/v2\/posts"}],"about":[{"href":"https:\/\/www.mojemedunka.cz\/index.php\/wp-json\/wp\/v2\/types\/post"}],"author":[{"embeddable":true,"href":"https:\/\/www.mojemedunka.cz\/index.php\/wp-json\/wp\/v2\/users\/3"}],"replies":[{"embeddable":true,"href":"https:\/\/www.mojemedunka.cz\/index.php\/wp-json\/wp\/v2\/comments?post=7957"}],"version-history":[{"count":6,"href":"https:\/\/www.mojemedunka.cz\/index.php\/wp-json\/wp\/v2\/posts\/7957\/revisions"}],"predecessor-version":[{"id":8034,"href":"https:\/\/www.mojemedunka.cz\/index.php\/wp-json\/wp\/v2\/posts\/7957\/revisions\/8034"}],"wp:featuredmedia":[{"embeddable":true,"href":"https:\/\/www.mojemedunka.cz\/index.php\/wp-json\/wp\/v2\/media\/8030"}],"wp:attachment":[{"href":"https:\/\/www.mojemedunka.cz\/index.php\/wp-json\/wp\/v2\/media?parent=7957"}],"wp:term":[{"taxonomy":"category","embeddable":true,"href":"https:\/\/www.mojemedunka.cz\/index.php\/wp-json\/wp\/v2\/categories?post=7957"},{"taxonomy":"post_tag","embeddable":true,"href":"https:\/\/www.mojemedunka.cz\/index.php\/wp-json\/wp\/v2\/tags?post=7957"}],"curies":[{"name":"wp","href":"https:\/\/api.w.org\/{rel}","templated":true}]}}