{"id":7756,"date":"2023-03-29T06:00:00","date_gmt":"2023-03-29T06:00:00","guid":{"rendered":"https:\/\/www.mojemedunka.cz\/?p=7756"},"modified":"2023-04-25T13:21:01","modified_gmt":"2023-04-25T13:21:01","slug":"vitame-dubnove-cislo-medunky","status":"publish","type":"post","link":"https:\/\/www.mojemedunka.cz\/index.php\/2023\/03\/29\/vitame-dubnove-cislo-medunky\/","title":{"rendered":"V\u00cdT\u00c1ME DUBNOV\u00c9 \u010c\u00cdSLO MEDU\u0147KY!"},"content":{"rendered":"\n<p><strong><em>Duben, je\u0161t\u011b tam budem<\/em> &#8211; prav\u00ed zn\u00e1m\u00e1 pranostika, a pokud se chyst\u00e1te &#8211; obrazn\u011b \u0159e\u010deno &#8211; &#8222;vl\u00e9zt za kamna&#8220;, rozhodn\u011b si tam nezapome\u0148te s sebou vz\u00edt tak\u00e9 zcela \u010derstv\u00e9 \u010d\u00edslo MEDU\u0147KY, kter\u00e9 na v\u00e1s ode dne\u0161ka \u010dek\u00e1 na st\u00e1nc\u00edch PNS a na mnoha na\u0161ich dal\u0161\u00edch prodejn\u00edch m\u00edstech.<\/strong> Medu\u0148ka v\u00e1m bude jist\u011b dobrou spole\u010dnic\u00ed a &#8211; to nejen za kamny&#8230;<br><strong>Hlavn\u00ed t\u00e9ma tohto \u010d\u00edsla souvis\u00ed s jarem, ale z\u00e1rove\u0148 m\u00e1 nad\u010dasovou platnost &#8211; v\u011bnujeme se toti\u017e \u017eivotn\u00ed energii a jej\u00ed vazb\u011b na na\u0161e zdrav\u00ed. Jak svou \u017eivotn\u00ed energii podpo\u0159it, neztr\u00e1cet, udr\u017eet, rozv\u00edjet, jak j\u00ed pom\u00e1hat? O tom v\u0161em se rozepsali na\u0161i auto\u0159i v t\u00e9matu \u017dIVOTN\u00cd ENERGIE A NA\u0160E ZDRAV\u00cd, a p\u0159ipravili pro v\u00e1s tematick\u00fd blok, kter\u00fd se opravdu hod\u00ed &#8211; te\u010f, na konci zimy, si leckdo povzdechne, \u017ee nem\u00e1 energii, je unaven\u00fd, vy\u010derpan\u00fd, vy\u017ed\u00edman\u00fd, c\u00edt\u00ed se &#8222;vycucan\u00fd&#8220; &#8211; a s t\u00edm v\u00e1m mohou informace v na\u0161ich \u010dl\u00e1nc\u00edch pomoci.<\/strong> Do t\u00e9matu p\u0159isp\u011bli <strong>MUDr. Vladim\u00edra Strnadelov\u00e1 a Jan Zerz\u00e1n<\/strong>, (\u010dl\u00e1nek \u017divotn\u00ed energie a my), <strong>terapeutka TCM<\/strong> <strong>Mgr. Kristina Beranov\u00e1<\/strong> (Zdoje na\u0161\u00ed energie), pedago\u017eka  a lektorka <strong>Milena Kr\u00e1lov\u00e1 <\/strong>(Jak si chr\u00e1nit svou energii), <strong>MUDr. Tom\u00e1\u0161 Lebenhar<\/strong>t (Pr\u00e1vo na klid),  <strong>Kry\u0161tof \u010cehovsk\u00fd<\/strong> (Autopatie a l\u00e9\u010dba chronick\u00e9 \u00fanavy), <strong>Mgr. Pavla Mel\u00e1nia Novotn\u00e1<\/strong> (Energetick\u00e1 o\u010dista) a <strong>MUDr. Ludmila Elekov\u00e1 <\/strong>(Energie pro \u017eivot).  A abychom se na energii pod\u00edvali i ze zcela jin\u00e9ho pohledu, p\u0159ipravili jsme pro v\u00e1s \u010dl\u00e1nek o energii  elektrick\u00e9 a jedn\u00e9 z mo\u017enost\u00ed jej\u00ed v\u00fdroby alternatovn\u00edm zp\u016fsobem. P\u0159e\u010dtete si, jak se \u017eije s malou vodn\u00ed elektr\u00e1rnou&#8230;   <br>Krom\u011b t\u00e9matu v Medu\u0148ce samoz\u0159ejm\u011b jako ka\u017ed\u00fd m\u011bs\u00edc najdete mnoho dal\u0161\u00edho zaj\u00edmav\u00e9ho \u010dten\u00ed. <br>&#8222;\u0160t\u011bst\u00ed nem\u00e1 podm\u00ednku, proto\u017ee je na\u0161\u00ed podstatou,&#8220; \u0159\u00edk\u00e1 v titulov\u00e9m rozhovoru <strong>Martin Jotov<\/strong> z neziskovky Porozum\u011bn\u00ed mysli. Jedn\u00edm z mnoha po\u010din\u016f neziskov\u00e9 organizace Porozum\u011bn\u00ed mysli, jej\u00ed\u017e vize Tvo\u0159\u00edme \u0161\u0165astn\u011bj\u0161\u00ed \u010cesko je nejen l\u00e1k\u00e1v\u00e1, ale tak\u00e9 je p\u0159\u00edslibem n\u011b\u010deho kr\u00e1sn\u00e9ho, co se teprve rod\u00ed. Podle toho, jak\u00e9 tyto aktivity vzbuzuj\u00ed z\u00e1jem, je jist\u00e9, \u017ee zm\u011bna je nejen mo\u017en\u00e1, ale \u017ee u\u017e b\u011b\u017e\u00ed na pln\u00e9 obr\u00e1tky. S Martinem si pov\u00eddala V\u011bra Keilov\u00e1. <br>V tomto \u010d\u00edsle se v\u011bnujeme tak\u00e9 Bachov\u00fdm esenc\u00edm (v souvislosti s emocemi), p\u0159edstavujeme metodu tk\u00e1\u0148ov\u00fdch sol\u00ed, co\u017e jsou homeopaticky p\u0159ipraven\u00e9 miner\u00e1ly stimuluj\u00edc\u00ed bun\u011b\u010dn\u00fd metabolismus.<br>Zahajujeme nov\u00fd seri\u00e1l <strong>Ok\u00e9nko do nezn\u00e1m\u00fdch d\u011bj\u016f<\/strong>, ve kter\u00e9m se budeme v\u011bnovat d\u016fle\u017eit\u00e9mu t\u00e9matu duchovn\u00edho l\u00e9\u010den\u00ed. U\u017e n\u011bkolikr\u00e1t jsme v Medu\u0148ce p\u0159edstavili duchovn\u00ed l\u00e9\u010ditelku <strong>pan\u00ed Jo\u017eku Wenkeovou, kter\u00e1 bude spolu se svoj\u00ed spolupracovnic\u00ed Zuzanou \u0160\u0165astnou<\/strong> pro n\u00e1s tento seri\u00e1l p\u0159ipravovat. <br>Pokra\u010duje <strong>seri\u00e1l prof. Anny Struneck\u00e9<\/strong> o aminokyselin\u00e1ch i seri\u00e1l rad a tip\u016f pro zdrav\u00ed a p\u0159\u00edjemn\u00fd \u017eivot od <strong>Mark\u00e9ty Vopi\u010dkov\u00e9<\/strong> (Nejlep\u0161\u00ed je dom\u00e1c\u00ed). velikono\u010dn\u00edho myst\u00e9ria se t\u00fdk\u00e1 \u010dl\u00e1nek <strong>mystika a duchovn\u00edho u\u010ditele Ji\u0159\u00edho Vacka<\/strong> Tajemstv\u00ed pr\u00e1zdn\u00e9ho hrobu a zcela praktick\u00fd je naopak \u010dl\u00e1nek Mark\u00e9ty Vopi\u010dkov\u00e9 Rostliny pom\u00e1haj\u00ed rostlin\u00e1m r\u016fst, t\u00fdkaj\u00edc\u00ed se tzv. dopovodn\u00e9 v\u00fdsadby, co\u017e je p\u0159irozen\u00e1 technika, kter\u00e1 se v zem\u011bd\u011blstv\u00ed a lesnictv\u00ed praktikuje u\u017e stovky let. A to je\u0161t\u011b rozhodn\u011b nen\u00ed v\u0161echno&#8230;-:)<br>Pokud d\u00e1v\u00e1te p\u0159ed klasick\u00fdm &#8222;pap\u00edrov\u00fdm&#8220; \u010dasopisem p\u0159ednost elektronick\u00e9 verzi, je pro v\u00e1s dostupn\u00e1 na adrese <a href=\"https:\/\/www.mojemedunka.cz\/index.php\/2020\/03\/18\/elektronickou-verzi-medunky-sezenete-na-emedunka-cz\/\" data-type=\"post\" data-id=\"2535\">emedunka.cz<\/a>   Mil\u00ed \u010dten\u00e1\u0159i, u\u017eijte si p\u0159\u00edjemn\u00e9 chv\u00edle s novou Medu\u0148kou, a\u0165 je v\u00e1m k u\u017eitku a a\u0165 v\u00e1s bav\u00ed! <\/p>\n\n\n\n<p>                                                                                <em> Va\u0161e redakce<\/em><\/p>\n\n\n\n<p><\/p>\n\n\n\n<p><\/p>\n","protected":false},"excerpt":{"rendered":"<p>Duben, je\u0161t\u011b tam budem &#8211; prav\u00ed zn\u00e1m\u00e1 pranostika, a pokud se chyst\u00e1te &#8211; obrazn\u011b \u0159e\u010deno &#8211; &#8222;vl\u00e9zt za kamna&#8220;, rozhodn\u011b si tam nezapome\u0148te s sebou vz\u00edt tak\u00e9 zcela \u010derstv\u00e9 \u010d\u00edslo MEDU\u0147KY, kter\u00e9 na v\u00e1s ode dne\u0161ka \u010dek\u00e1 na st\u00e1nc\u00edch PNS a na mnoha na\u0161ich dal\u0161\u00edch prodejn\u00edch m\u00edstech. Medu\u0148ka v\u00e1m bude jist\u011b dobrou spole\u010dnic\u00ed a &#8211; to nejen za kamny&#8230;Hlavn\u00ed t\u00e9ma tohto \u010d\u00edsla souvis\u00ed s jarem, ale z\u00e1rove\u0148 m\u00e1 nad\u010dasovou platnost &#8211; v\u011bnujeme se toti\u017e \u017eivotn\u00ed energii a jej\u00ed vazb\u011b na na\u0161e zdrav\u00ed. Jak svou \u017eivotn\u00ed energii podpo\u0159it, neztr\u00e1cet, udr\u017eet, rozv\u00edjet, jak j\u00ed pom\u00e1hat? O tom v\u0161em se rozepsali na\u0161i auto\u0159i v t\u00e9matu \u017dIVOTN\u00cd ENERGIE A NA\u0160E ZDRAV\u00cd, a p\u0159ipravili pro v\u00e1s tematick\u00fd blok, kter\u00fd se opravdu hod\u00ed &#8211; te\u010f, na konci zimy, si leckdo povzdechne, \u017ee nem\u00e1 energii, je unaven\u00fd, vy\u010derpan\u00fd, vy\u017ed\u00edman\u00fd, c\u00edt\u00ed se &#8222;vycucan\u00fd&#8220; &#8211; a s t\u00edm v\u00e1m mohou informace v na\u0161ich \u010dl\u00e1nc\u00edch pomoci. Do t\u00e9matu p\u0159isp\u011bli MUDr. Vladim\u00edra Strnadelov\u00e1 a Jan Zerz\u00e1n, (\u010dl\u00e1nek \u017divotn\u00ed energie a my), terapeutka TCM Mgr. Kristina Beranov\u00e1 (Zdoje na\u0161\u00ed energie), pedago\u017eka a lektorka Milena Kr\u00e1lov\u00e1 (Jak si chr\u00e1nit svou energii), MUDr. Tom\u00e1\u0161 Lebenhart (Pr\u00e1vo na klid), Kry\u0161tof \u010cehovsk\u00fd (Autopatie a l\u00e9\u010dba chronick\u00e9 \u00fanavy), Mgr. Pavla Mel\u00e1nia Novotn\u00e1 (Energetick\u00e1 o\u010dista) a MUDr. Ludmila Elekov\u00e1 (Energie pro \u017eivot). A abychom se na energii pod\u00edvali i ze zcela jin\u00e9ho pohledu, p\u0159ipravili jsme pro v\u00e1s \u010dl\u00e1nek o energii elektrick\u00e9 a jedn\u00e9 z mo\u017enost\u00ed jej\u00ed v\u00fdroby alternatovn\u00edm zp\u016fsobem. P\u0159e\u010dtete si, jak se \u017eije s malou vodn\u00ed elektr\u00e1rnou&#8230; Krom\u011b t\u00e9matu v Medu\u0148ce samoz\u0159ejm\u011b jako ka\u017ed\u00fd m\u011bs\u00edc najdete mnoho dal\u0161\u00edho zaj\u00edmav\u00e9ho \u010dten\u00ed. &#8222;\u0160t\u011bst\u00ed nem\u00e1 podm\u00ednku, proto\u017ee je na\u0161\u00ed podstatou,&#8220; \u0159\u00edk\u00e1 v titulov\u00e9m rozhovoru Martin Jotov z neziskovky Porozum\u011bn\u00ed mysli. Jedn\u00edm z mnoha po\u010din\u016f neziskov\u00e9 organizace Porozum\u011bn\u00ed mysli, jej\u00ed\u017e vize Tvo\u0159\u00edme \u0161\u0165astn\u011bj\u0161\u00ed \u010cesko je nejen l\u00e1k\u00e1v\u00e1, ale tak\u00e9 je p\u0159\u00edslibem n\u011b\u010deho kr\u00e1sn\u00e9ho, co se teprve rod\u00ed. Podle toho, jak\u00e9 tyto aktivity vzbuzuj\u00ed z\u00e1jem, je jist\u00e9, \u017ee zm\u011bna je nejen mo\u017en\u00e1, ale \u017ee u\u017e b\u011b\u017e\u00ed na pln\u00e9 obr\u00e1tky. S Martinem si pov\u00eddala V\u011bra Keilov\u00e1. V tomto \u010d\u00edsle se v\u011bnujeme tak\u00e9 Bachov\u00fdm esenc\u00edm (v souvislosti s emocemi), p\u0159edstavujeme metodu tk\u00e1\u0148ov\u00fdch sol\u00ed, co\u017e jsou homeopaticky p\u0159ipraven\u00e9 miner\u00e1ly stimuluj\u00edc\u00ed bun\u011b\u010dn\u00fd metabolismus.Zahajujeme nov\u00fd seri\u00e1l Ok\u00e9nko do nezn\u00e1m\u00fdch d\u011bj\u016f, ve kter\u00e9m se budeme v\u011bnovat d\u016fle\u017eit\u00e9mu t\u00e9matu duchovn\u00edho l\u00e9\u010den\u00ed. U\u017e n\u011bkolikr\u00e1t jsme v Medu\u0148ce p\u0159edstavili duchovn\u00ed l\u00e9\u010ditelku pan\u00ed Jo\u017eku Wenkeovou, kter\u00e1 bude spolu se svoj\u00ed spolupracovnic\u00ed Zuzanou \u0160\u0165astnou pro n\u00e1s tento seri\u00e1l p\u0159ipravovat. Pokra\u010duje seri\u00e1l prof. Anny Struneck\u00e9 o aminokyselin\u00e1ch i seri\u00e1l rad a tip\u016f pro zdrav\u00ed a p\u0159\u00edjemn\u00fd \u017eivot od Mark\u00e9ty Vopi\u010dkov\u00e9 (Nejlep\u0161\u00ed je dom\u00e1c\u00ed). velikono\u010dn\u00edho myst\u00e9ria se t\u00fdk\u00e1 \u010dl\u00e1nek mystika a duchovn\u00edho u\u010ditele Ji\u0159\u00edho Vacka Tajemstv\u00ed pr\u00e1zdn\u00e9ho hrobu a zcela praktick\u00fd je naopak \u010dl\u00e1nek Mark\u00e9ty Vopi\u010dkov\u00e9 Rostliny pom\u00e1haj\u00ed rostlin\u00e1m r\u016fst, t\u00fdkaj\u00edc\u00ed se tzv. dopovodn\u00e9 v\u00fdsadby, co\u017e je p\u0159irozen\u00e1 technika, kter\u00e1 se v zem\u011bd\u011blstv\u00ed a lesnictv\u00ed praktikuje u\u017e stovky let. A to je\u0161t\u011b rozhodn\u011b nen\u00ed v\u0161echno&#8230;-:)Pokud d\u00e1v\u00e1te p\u0159ed klasick\u00fdm &#8222;pap\u00edrov\u00fdm&#8220; \u010dasopisem p\u0159ednost elektronick\u00e9 verzi, je pro v\u00e1s dostupn\u00e1 na adrese emedunka.cz Mil\u00ed \u010dten\u00e1\u0159i, u\u017eijte si p\u0159\u00edjemn\u00e9 chv\u00edle s novou Medu\u0148kou, a\u0165 je v\u00e1m k u\u017eitku a a\u0165 v\u00e1s bav\u00ed! Va\u0161e redakce<\/p>\n","protected":false},"author":3,"featured_media":7793,"comment_status":"closed","ping_status":"closed","sticky":false,"template":"","format":"standard","meta":{"footnotes":""},"categories":[1,31],"tags":[],"class_list":["post-7756","post","type-post","status-publish","format-standard","has-post-thumbnail","hentry","category-medunka","category-pro-inspiraci"],"acf":[],"_links":{"self":[{"href":"https:\/\/www.mojemedunka.cz\/index.php\/wp-json\/wp\/v2\/posts\/7756","targetHints":{"allow":["GET"]}}],"collection":[{"href":"https:\/\/www.mojemedunka.cz\/index.php\/wp-json\/wp\/v2\/posts"}],"about":[{"href":"https:\/\/www.mojemedunka.cz\/index.php\/wp-json\/wp\/v2\/types\/post"}],"author":[{"embeddable":true,"href":"https:\/\/www.mojemedunka.cz\/index.php\/wp-json\/wp\/v2\/users\/3"}],"replies":[{"embeddable":true,"href":"https:\/\/www.mojemedunka.cz\/index.php\/wp-json\/wp\/v2\/comments?post=7756"}],"version-history":[{"count":7,"href":"https:\/\/www.mojemedunka.cz\/index.php\/wp-json\/wp\/v2\/posts\/7756\/revisions"}],"predecessor-version":[{"id":7770,"href":"https:\/\/www.mojemedunka.cz\/index.php\/wp-json\/wp\/v2\/posts\/7756\/revisions\/7770"}],"wp:featuredmedia":[{"embeddable":true,"href":"https:\/\/www.mojemedunka.cz\/index.php\/wp-json\/wp\/v2\/media\/7793"}],"wp:attachment":[{"href":"https:\/\/www.mojemedunka.cz\/index.php\/wp-json\/wp\/v2\/media?parent=7756"}],"wp:term":[{"taxonomy":"category","embeddable":true,"href":"https:\/\/www.mojemedunka.cz\/index.php\/wp-json\/wp\/v2\/categories?post=7756"},{"taxonomy":"post_tag","embeddable":true,"href":"https:\/\/www.mojemedunka.cz\/index.php\/wp-json\/wp\/v2\/tags?post=7756"}],"curies":[{"name":"wp","href":"https:\/\/api.w.org\/{rel}","templated":true}]}}