{"id":7332,"date":"2022-12-29T04:41:34","date_gmt":"2022-12-29T04:41:34","guid":{"rendered":"https:\/\/www.mojemedunka.cz\/?p=7332"},"modified":"2023-02-23T20:09:45","modified_gmt":"2023-02-23T20:09:45","slug":"obsah-cisla-1-2023","status":"publish","type":"post","link":"https:\/\/www.mojemedunka.cz\/index.php\/2022\/12\/29\/obsah-cisla-1-2023\/","title":{"rendered":"Obsah \u010d\u00edsla 1\/2023"},"content":{"rendered":"\n<p>V\u00e1\u017een\u00ed a mil\u00ed \u010dten\u00e1\u0159i,<br>za celou redakci v\u00e1s v\u00edt\u00e1m na prahu nov\u00e9ho roku 2023 a v\u011b\u0159\u00edm, \u017ee se v na\u0161\u00ed medu\u0148kovsk\u00e9 rodin\u011b budete nad\u00e1le c\u00edtit jako doma mezi sv\u00fdmi. Pro m\u011b osobn\u011b je setk\u00e1v\u00e1n\u00ed se s lidmi \u201estejn\u00e9 krve\u201c v sou\u010dasn\u00e9 dob\u011b tou nejv\u011bt\u0161\u00ed posilou. Asi se shodneme na tom, \u017ee pro\u017e\u00edv\u00e1me zaj\u00edmavou dobu plnou zm\u011bn a ne\u010dekan\u00fdch zvrat\u016f, a pr\u00e1v\u011b proto jsme se rozhodli poskytnout v\u00e1m v t\u00e9matu lednov\u00e9 Medu\u0148ky manu\u00e1l, jak zm\u011bny v \u017eivot\u011b zvl\u00e1dat a p\u0159ij\u00edmat. Prost\u011b vyt\u011b\u017eit z nich to, co n\u00e1s posune dop\u0159edu, neklesnout pod jejich n\u00e1porem a nezhroutit se. M\u016f\u017eeme se ut\u011b\u0161ovat t\u00edm, \u017ee zm\u011bnami v nejr\u016fzn\u011bj\u0161\u00edch sf\u00e9r\u00e1ch \u017eivota proch\u00e1z\u00edme v t\u00e9to dob\u011b v\u0161ichni a d\u011bje se to v souladu s prom\u011bnou cel\u00e9 lidsk\u00e9 spole\u010dnosti i sv\u011bta, co\u017e z astrologick\u00e9ho hlediska souvis\u00ed s opakuj\u00edc\u00edmi se kvadraturami Uranu se Saturnem. Nikdo z n\u00e1s nev\u00ed, co bude z\u00edtra \u010di za rok, a tak je t\u0159eba p\u0159ijmout, \u017ee \u017e\u00edt jde opravdu jenom ze dne na den. Kdy\u017e jsem o tom p\u0159em\u00fd\u0161lela, napadlo m\u011b, \u017ee stejn\u011b jako se neust\u00e1le aktualizuj\u00ed na\u0161e mobiln\u00ed telefony a po\u010d\u00edta\u010de, m\u011bli bychom pr\u016fb\u011b\u017enou aktualizac\u00ed proch\u00e1zet tak\u00e9 my a dr\u017eet tak krok se zm\u011bnami nejen v na\u0161ich \u017eivotech, ale tak\u00e9 ve spole\u010dnosti a ve sv\u011bt\u011b. Zm\u011bny toti\u017e byly, jsou a budou. Je to ta jedin\u00e1 jistota, kter\u00e1 je z\u00e1kladem \u017eivota, a proto se kr\u016f\u010dek po kr\u016f\u010dku mus\u00edme m\u011bnit a vyv\u00edjet i my sami. \u017divot je dynamick\u00fd proud neust\u00e1l\u00fdch zm\u011bn, v\u017edy\u0165 jenom v na\u0161em t\u011ble ka\u017edou minutu odum\u0159e asi p\u016fl milionu bun\u011bk a b\u011bhem sedmi let se na\u0161e t\u011blo kompletn\u011b obm\u011bn\u00ed v\u010detn\u011b kost\u00ed. M\u011bn\u00edme se, a proto se tak\u00e9 v\u017edycky m\u016f\u017eeme uzdravit. A v\u00edte, co mi p\u0159i psan\u00ed t\u011bchto \u0159\u00e1dk\u016f vr\u00e1tilo dobrou n\u00e1ladu? P\u00edsni\u010dka Voskovce a Wericha Nikdy nic, nikdo nem\u00e1, v n\u00ed\u017e se v\u00fdsti\u017en\u011b zp\u00edv\u00e1:<\/p>\n\n\n\n<p>Nikdy nic nikdo nem\u00e1<br>m\u00edti za definitivn\u00ed<br>neb nikdy nikdo nev\u00ed<br>co se m\u016f\u017ee st\u00e1ti.<br>\u0158ekne se t\u0159eba \u017ee se<br>to a to stane tak a tak<br>ono to pak dopadne<br>docela naopak.<\/p>\n\n\n\n<p>Projeven\u00fd, materi\u00e1ln\u00ed sv\u011bt je zkr\u00e1tka prom\u011bnliv\u00fd a jedin\u00e9, co je nem\u011bnn\u00e9, v\u011b\u010dn\u00e9 a trval\u00e9, je bo\u017estv\u00ed v ka\u017ed\u00e9m z n\u00e1s. Je to n\u00e1\u0161 p\u0159irozen\u00fd klidov\u00fd stav, kdy se mysl zklidn\u00ed a uti\u0161\u00ed a kdy dok\u00e1\u017eeme jen tak spo\u010dinout a obr\u00e1tit sv\u016fj zrak aspo\u0148 na chv\u00edli z vn\u011bj\u0161\u00edho sv\u011bta do toho vnit\u0159n\u00edho. A jako dal\u0161\u00ed pevn\u00fd bod v rozbou\u0159en\u00fdch vod\u00e1ch tu pro v\u00e1s tak\u00e9 nad\u00e1le z\u016fst\u00e1v\u00e1 na\u0161e Medu\u0148ka. I v nov\u00e9m roce 2023 se v\u0161ichni v redakci t\u011b\u0161\u00edme na setk\u00e1v\u00e1n\u00ed s v\u00e1mi a p\u0159ejeme v\u00e1m \u0161\u0165astnou plavbu!<br><br>Srde\u010dn\u011b<br>V\u011bra Keilov\u00e1<br><br><strong><a href=\"https:\/\/www.digiport.cz\/detail\/floowie-pu\/514055\/1789-medunka-1-2023\" target=\"_blank\" rel=\"noreferrer noopener\">Uteklo v\u00e1m toto \u010d\u00edslo Medu\u0148ky? M\u016f\u017eete si ho v klidu zakoupit v elektronick\u00e9 podob\u011b!<\/a><\/strong><\/p>\n\n\n\n<p><strong>Obsah<\/strong><\/p>\n\n\n\n<p>Rozhovor s Ros\u0165ou V\u00e1clavkem 6<br>Mgr. V\u011bra Keilov\u00e1<\/p>\n\n\n\n<p>T\u00c9MA: Zm\u011bna jako sou\u010d\u00e1st \u017eivota<br>Vratk\u00e9 st\u011bny zm\u011bny 10<br>Jan Mend\u011bl<\/p>\n\n\n\n<p>Zm\u011bna jako jedin\u00e1 jistota 13<br>Iva Lhotsk\u00e1<\/p>\n\n\n\n<p>Tarotov\u00fd symbol v\u011b\u017ee 14<br>Milena Kr\u00e1lov\u00e1<\/p>\n\n\n\n<p>L\u00e1skypln\u00e1 tvorba \u017eivotn\u00edch zm\u011bn 15<br>Milo\u0161 Kuhajd\u00edk<\/p>\n\n\n\n<p>Princeznino rozhodnut\u00ed 18<br>Mgr. Na\u010fa Pa\u017eoutov\u00e1<\/p>\n\n\n\n<p>\u00d3 h\u0159eb\u00ed\u010dku 22<br>V\u00e1clav V\u011btvi\u010dka<\/p>\n\n\n\n<p>L\u00e9\u010div\u00e1 m\u00edsta Prahy 24<br>Judita Peschlov\u00e1<\/p>\n\n\n\n<p>Va\u0159en\u00ed jako meditace 26<br>Mgr. Jitka V\u011btrovsk\u00e1<\/p>\n\n\n\n<p>Bylinka m\u011bs\u00edce ledna:<br>medu\u0148ka l\u00e9ka\u0159sk\u00e1 28<br>Bc. Martin Kol\u00e1r<\/p>\n\n\n\n<p>P\u00edse\u0148 m\u00e9ho srdce 29<br>Ing. Ji\u0159\u00ed Maz\u00e1nek<\/p>\n\n\n\n<p>Lo\u017eiskov\u00e9 infekce 30<br>MUDr. Rudolf Zemek<\/p>\n\n\n\n<p>Zdrav\u00ed podle kalend\u00e1\u0159e 33<br>Ing. Hana Smejtkov\u00e1<\/p>\n\n\n\n<p>Aminokyseliny \u2013<br>stavebn\u00ed elementy \u017eivota 36<br>prof. RNDr. Anna Struneck\u00e1, DrSc<\/p>\n\n\n\n<p>\u017divot na p\u016fl plynu:<br>diabetes 2. typu 40<br>MUDr. Ludmila Elekov\u00e1<\/p>\n\n\n\n<p>Zah\u0159\u00edvac\u00ed ko\u0159en\u011bn\u00e9 pun\u010de 43<br>Charlotte Matyskov\u00e1<\/p>\n\n\n\n<p>Nejlep\u0161\u00ed je dom\u00e1c\u00ed: leden 44<br>Ing. Mark\u00e9ta R. Vopi\u010dkov\u00e1, Ph.D.<\/p>\n\n\n\n<p>Astrokuk\u00e1tko 46<br>Ing. Zden\u011bk Bohuslav<\/p>\n\n\n\n<p><strong><a href=\"http:\/\/www.mojemedunka.cz\/wp-content\/uploads\/2022\/12\/inzerce12023.pdf\" target=\"_blank\" rel=\"noreferrer noopener\">\u0158\u00e1dkov\u00e1 inzerce<\/a><\/strong><\/p>\n\n\n\n<p><a href=\"http:\/\/www.mojemedunka.cz\/wp-content\/uploads\/2022\/12\/rps12023.pdf\" target=\"_blank\" rel=\"noreferrer noopener\"><strong>\u0158\u00e1dky proti<\/strong> <strong>samot\u011b<\/strong><\/a><\/p>\n","protected":false},"excerpt":{"rendered":"<p>V\u00e1\u017een\u00ed a mil\u00ed \u010dten\u00e1\u0159i,za celou redakci v\u00e1s v\u00edt\u00e1m na prahu nov\u00e9ho roku 2023 a v\u011b\u0159\u00edm, \u017ee se v na\u0161\u00ed medu\u0148kovsk\u00e9 rodin\u011b budete nad\u00e1le c\u00edtit jako doma mezi sv\u00fdmi. Pro m\u011b osobn\u011b je setk\u00e1v\u00e1n\u00ed se s lidmi \u201estejn\u00e9 krve\u201c v sou\u010dasn\u00e9 dob\u011b tou nejv\u011bt\u0161\u00ed posilou. Asi se shodneme na tom, \u017ee pro\u017e\u00edv\u00e1me zaj\u00edmavou dobu plnou zm\u011bn a ne\u010dekan\u00fdch zvrat\u016f, a pr\u00e1v\u011b proto jsme se rozhodli poskytnout v\u00e1m v t\u00e9matu lednov\u00e9 Medu\u0148ky manu\u00e1l, jak zm\u011bny v \u017eivot\u011b zvl\u00e1dat a p\u0159ij\u00edmat. Prost\u011b vyt\u011b\u017eit z nich to, co n\u00e1s posune dop\u0159edu, neklesnout pod jejich n\u00e1porem a nezhroutit se. M\u016f\u017eeme se ut\u011b\u0161ovat t\u00edm, \u017ee zm\u011bnami v nejr\u016fzn\u011bj\u0161\u00edch sf\u00e9r\u00e1ch \u017eivota proch\u00e1z\u00edme v t\u00e9to dob\u011b v\u0161ichni a d\u011bje se to v souladu s prom\u011bnou cel\u00e9 lidsk\u00e9 spole\u010dnosti i sv\u011bta, co\u017e z astrologick\u00e9ho hlediska souvis\u00ed s opakuj\u00edc\u00edmi se kvadraturami Uranu se Saturnem. Nikdo z n\u00e1s nev\u00ed, co bude z\u00edtra \u010di za rok, a tak je t\u0159eba p\u0159ijmout, \u017ee \u017e\u00edt jde opravdu jenom ze dne na den. Kdy\u017e jsem o tom p\u0159em\u00fd\u0161lela, napadlo m\u011b, \u017ee stejn\u011b jako se neust\u00e1le aktualizuj\u00ed na\u0161e mobiln\u00ed telefony a po\u010d\u00edta\u010de, m\u011bli bychom pr\u016fb\u011b\u017enou aktualizac\u00ed proch\u00e1zet tak\u00e9 my a dr\u017eet tak krok se zm\u011bnami nejen v na\u0161ich \u017eivotech, ale tak\u00e9 ve spole\u010dnosti a ve sv\u011bt\u011b. Zm\u011bny toti\u017e byly, jsou a budou. Je to ta jedin\u00e1 jistota, kter\u00e1 je z\u00e1kladem \u017eivota, a proto se kr\u016f\u010dek po kr\u016f\u010dku mus\u00edme m\u011bnit a vyv\u00edjet i my sami. \u017divot je dynamick\u00fd proud neust\u00e1l\u00fdch zm\u011bn, v\u017edy\u0165 jenom v na\u0161em t\u011ble ka\u017edou minutu odum\u0159e asi p\u016fl milionu bun\u011bk a b\u011bhem sedmi let se na\u0161e t\u011blo kompletn\u011b obm\u011bn\u00ed v\u010detn\u011b kost\u00ed. M\u011bn\u00edme se, a proto se tak\u00e9 v\u017edycky m\u016f\u017eeme uzdravit. A v\u00edte, co mi p\u0159i psan\u00ed t\u011bchto \u0159\u00e1dk\u016f vr\u00e1tilo dobrou n\u00e1ladu? P\u00edsni\u010dka Voskovce a Wericha Nikdy nic, nikdo nem\u00e1, v n\u00ed\u017e se v\u00fdsti\u017en\u011b zp\u00edv\u00e1: Nikdy nic nikdo nem\u00e1m\u00edti za definitivn\u00edneb nikdy nikdo nev\u00edco se m\u016f\u017ee st\u00e1ti.\u0158ekne se t\u0159eba \u017ee seto a to stane tak a takono to pak dopadnedocela naopak. Projeven\u00fd, materi\u00e1ln\u00ed sv\u011bt je zkr\u00e1tka prom\u011bnliv\u00fd a jedin\u00e9, co je nem\u011bnn\u00e9, v\u011b\u010dn\u00e9 a trval\u00e9, je bo\u017estv\u00ed v ka\u017ed\u00e9m z n\u00e1s. Je to n\u00e1\u0161 p\u0159irozen\u00fd klidov\u00fd stav, kdy se mysl zklidn\u00ed a uti\u0161\u00ed a kdy dok\u00e1\u017eeme jen tak spo\u010dinout a obr\u00e1tit sv\u016fj zrak aspo\u0148 na chv\u00edli z vn\u011bj\u0161\u00edho sv\u011bta do toho vnit\u0159n\u00edho. A jako dal\u0161\u00ed pevn\u00fd bod v rozbou\u0159en\u00fdch vod\u00e1ch tu pro v\u00e1s tak\u00e9 nad\u00e1le z\u016fst\u00e1v\u00e1 na\u0161e Medu\u0148ka. I v nov\u00e9m roce 2023 se v\u0161ichni v redakci t\u011b\u0161\u00edme na setk\u00e1v\u00e1n\u00ed s v\u00e1mi a p\u0159ejeme v\u00e1m \u0161\u0165astnou plavbu! Srde\u010dn\u011bV\u011bra Keilov\u00e1 Uteklo v\u00e1m toto \u010d\u00edslo Medu\u0148ky? M\u016f\u017eete si ho v klidu zakoupit v elektronick\u00e9 podob\u011b! Obsah Rozhovor s Ros\u0165ou V\u00e1clavkem 6Mgr. V\u011bra Keilov\u00e1 T\u00c9MA: Zm\u011bna jako sou\u010d\u00e1st \u017eivotaVratk\u00e9 st\u011bny zm\u011bny 10Jan Mend\u011bl Zm\u011bna jako jedin\u00e1 jistota 13Iva Lhotsk\u00e1 Tarotov\u00fd symbol v\u011b\u017ee 14Milena Kr\u00e1lov\u00e1 L\u00e1skypln\u00e1 tvorba \u017eivotn\u00edch zm\u011bn 15Milo\u0161 Kuhajd\u00edk Princeznino rozhodnut\u00ed 18Mgr. Na\u010fa Pa\u017eoutov\u00e1 \u00d3 h\u0159eb\u00ed\u010dku 22V\u00e1clav V\u011btvi\u010dka L\u00e9\u010div\u00e1 m\u00edsta Prahy 24Judita Peschlov\u00e1 Va\u0159en\u00ed jako meditace 26Mgr. Jitka V\u011btrovsk\u00e1 Bylinka m\u011bs\u00edce ledna:medu\u0148ka l\u00e9ka\u0159sk\u00e1 28Bc. Martin Kol\u00e1r P\u00edse\u0148 m\u00e9ho srdce 29Ing. Ji\u0159\u00ed Maz\u00e1nek Lo\u017eiskov\u00e9 infekce 30MUDr. Rudolf Zemek Zdrav\u00ed podle kalend\u00e1\u0159e 33Ing. Hana Smejtkov\u00e1 Aminokyseliny \u2013stavebn\u00ed elementy \u017eivota 36prof. RNDr. Anna Struneck\u00e1, DrSc \u017divot na p\u016fl plynu:diabetes 2. typu 40MUDr. Ludmila Elekov\u00e1 Zah\u0159\u00edvac\u00ed ko\u0159en\u011bn\u00e9 pun\u010de 43Charlotte Matyskov\u00e1 Nejlep\u0161\u00ed je dom\u00e1c\u00ed: leden 44Ing. Mark\u00e9ta R. Vopi\u010dkov\u00e1, Ph.D. Astrokuk\u00e1tko 46Ing. Zden\u011bk Bohuslav \u0158\u00e1dkov\u00e1 inzerce \u0158\u00e1dky proti samot\u011b<\/p>\n","protected":false},"author":1,"featured_media":7308,"comment_status":"closed","ping_status":"closed","sticky":false,"template":"","format":"standard","meta":{"footnotes":""},"categories":[136,3,1],"tags":[],"class_list":["post-7332","post","type-post","status-publish","format-standard","has-post-thumbnail","hentry","category-2023-archiv","category-archiv","category-medunka"],"acf":[],"_links":{"self":[{"href":"https:\/\/www.mojemedunka.cz\/index.php\/wp-json\/wp\/v2\/posts\/7332","targetHints":{"allow":["GET"]}}],"collection":[{"href":"https:\/\/www.mojemedunka.cz\/index.php\/wp-json\/wp\/v2\/posts"}],"about":[{"href":"https:\/\/www.mojemedunka.cz\/index.php\/wp-json\/wp\/v2\/types\/post"}],"author":[{"embeddable":true,"href":"https:\/\/www.mojemedunka.cz\/index.php\/wp-json\/wp\/v2\/users\/1"}],"replies":[{"embeddable":true,"href":"https:\/\/www.mojemedunka.cz\/index.php\/wp-json\/wp\/v2\/comments?post=7332"}],"version-history":[{"count":4,"href":"https:\/\/www.mojemedunka.cz\/index.php\/wp-json\/wp\/v2\/posts\/7332\/revisions"}],"predecessor-version":[{"id":7626,"href":"https:\/\/www.mojemedunka.cz\/index.php\/wp-json\/wp\/v2\/posts\/7332\/revisions\/7626"}],"wp:featuredmedia":[{"embeddable":true,"href":"https:\/\/www.mojemedunka.cz\/index.php\/wp-json\/wp\/v2\/media\/7308"}],"wp:attachment":[{"href":"https:\/\/www.mojemedunka.cz\/index.php\/wp-json\/wp\/v2\/media?parent=7332"}],"wp:term":[{"taxonomy":"category","embeddable":true,"href":"https:\/\/www.mojemedunka.cz\/index.php\/wp-json\/wp\/v2\/categories?post=7332"},{"taxonomy":"post_tag","embeddable":true,"href":"https:\/\/www.mojemedunka.cz\/index.php\/wp-json\/wp\/v2\/tags?post=7332"}],"curies":[{"name":"wp","href":"https:\/\/api.w.org\/{rel}","templated":true}]}}