{"id":7306,"date":"2022-12-28T18:00:00","date_gmt":"2022-12-28T18:00:00","guid":{"rendered":"https:\/\/www.mojemedunka.cz\/?p=7306"},"modified":"2023-01-25T07:40:44","modified_gmt":"2023-01-25T07:40:44","slug":"vitame-novou-medunku-prvni-cislo-s-letopoctem-2023","status":"publish","type":"post","link":"https:\/\/www.mojemedunka.cz\/index.php\/2022\/12\/28\/vitame-novou-medunku-prvni-cislo-s-letopoctem-2023\/","title":{"rendered":"V\u00cdT\u00c1ME NOVOU MEDU\u0147KU &#8211; prvn\u00ed \u010d\u00edslo s letopo\u010dtem 2023!"},"content":{"rendered":"\n<p><strong>Mil\u00ed p\u0159\u00e1tel\u00e9, p\u0159iv\u00edtejme spole\u010dn\u011b nov\u00e9 &#8211; lednov\u00e9 \u010d\u00edslo Medu\u0148ky, kter\u00e9 pr\u00e1v\u011b vy\u0161lo.<\/strong> Na konci letopo\u010dtu m\u00e1 trojku &#8211; a je tedy prvn\u00edm \u010d\u00edslem roku 2023. Cel\u00fd tento rok pro v\u00e1s bude n\u00e1\u0161e redak\u010dn\u00ed t\u00fdm p\u0159ipravovat inspirativn\u00ed \u010dl\u00e1nky o zdrav\u00ed t\u011bla i ducha, o \u017eivotn\u00edm stylu i o mo\u017enostech osobn\u00edho rozvoje, o zaj\u00edmav\u00fdch osobnostech i zaj\u00edmav\u00fdch m\u00edstech, budeme sledovat a mapovat nov\u00e9 trendy, ale tak\u00e9 nad\u010dasov\u00e1 t\u00e9mata, proto\u017ee tradi\u010dn\u00ed i nov\u00e9 se v na\u0161\u00ed Medu\u0148ce obvykle hezky prol\u00edn\u00e1. R\u00e1di se s v\u00e1mi budeme setk\u00e1vat nad str\u00e1nkami jednotliv\u00fdch \u010d\u00edsel &#8211; a prvn\u00ed setk\u00e1n\u00ed je pr\u00e1v\u011b tady!<br>Jako hlavn\u00ed t\u00e9ma lednov\u00e9ho \u010d\u00edsla jsme zvolili zm\u011bnu. <em><strong>Zm\u011bna jako sou\u010d\u00e1st \u017eivota<\/strong><\/em> &#8211; tak jsme ho nazvali, proto\u017ee pro\u017e\u00edv\u00e1me pom\u011brn\u011b dynamick\u00e9 \u010dasy a na\u0161i auto\u0159i tedy p\u0159ipravili jak\u00fdsi &#8222;manu\u00e1l&#8220;, jak se zm\u011bnami nakl\u00e1dat, abychom pod nimi neklesali, ale naopak se sna\u017eii vyu\u017e\u00edt jejich potenci\u00e1l ke sv\u00e9mu dobru (i kdy\u017e to nemus\u00ed b\u00fdt v\u016fbec snadn\u00e9). Lednov\u00e9 \u010d\u00edslo je pln\u00e9 v\u00fdborn\u00fdch \u010dl\u00e1nk\u016f, tak so ho nenechte uj\u00edt, d\u00e1 se koupit na mnoha m\u00edstech (PNS, obchody, m\u00e1me i eletronicku verzi &#8211; <a href=\"https:\/\/www.mojemedunka.cz\/index.php\/2020\/03\/18\/elektronickou-verzi-medunky-sezenete-na-emedunka-cz\/\" data-type=\"post\" data-id=\"2535\">emedunka.cz<\/a> nebo je mo\u017en\u00e9 si n\u00e1\u0161 \u010dasopis p\u0159edplatit &#8211; info najdete na na\u0161em webu. P\u0159ejem p\u0159\u00edjemn\u00e9 \u010dten\u00ed!!!<\/p>\n\n\n\n<p>Va\u0161e redakce  <\/p>\n","protected":false},"excerpt":{"rendered":"<p>Mil\u00ed p\u0159\u00e1tel\u00e9, p\u0159iv\u00edtejme spole\u010dn\u011b nov\u00e9 &#8211; lednov\u00e9 \u010d\u00edslo Medu\u0148ky, kter\u00e9 pr\u00e1v\u011b vy\u0161lo. Na konci letopo\u010dtu m\u00e1 trojku &#8211; a je tedy prvn\u00edm \u010d\u00edslem roku 2023. Cel\u00fd tento rok pro v\u00e1s bude n\u00e1\u0161e redak\u010dn\u00ed t\u00fdm p\u0159ipravovat inspirativn\u00ed \u010dl\u00e1nky o zdrav\u00ed t\u011bla i ducha, o \u017eivotn\u00edm stylu i o mo\u017enostech osobn\u00edho rozvoje, o zaj\u00edmav\u00fdch osobnostech i zaj\u00edmav\u00fdch m\u00edstech, budeme sledovat a mapovat nov\u00e9 trendy, ale tak\u00e9 nad\u010dasov\u00e1 t\u00e9mata, proto\u017ee tradi\u010dn\u00ed i nov\u00e9 se v na\u0161\u00ed Medu\u0148ce obvykle hezky prol\u00edn\u00e1. R\u00e1di se s v\u00e1mi budeme setk\u00e1vat nad str\u00e1nkami jednotliv\u00fdch \u010d\u00edsel &#8211; a prvn\u00ed setk\u00e1n\u00ed je pr\u00e1v\u011b tady!Jako hlavn\u00ed t\u00e9ma lednov\u00e9ho \u010d\u00edsla jsme zvolili zm\u011bnu. Zm\u011bna jako sou\u010d\u00e1st \u017eivota &#8211; tak jsme ho nazvali, proto\u017ee pro\u017e\u00edv\u00e1me pom\u011brn\u011b dynamick\u00e9 \u010dasy a na\u0161i auto\u0159i tedy p\u0159ipravili jak\u00fdsi &#8222;manu\u00e1l&#8220;, jak se zm\u011bnami nakl\u00e1dat, abychom pod nimi neklesali, ale naopak se sna\u017eii vyu\u017e\u00edt jejich potenci\u00e1l ke sv\u00e9mu dobru (i kdy\u017e to nemus\u00ed b\u00fdt v\u016fbec snadn\u00e9). Lednov\u00e9 \u010d\u00edslo je pln\u00e9 v\u00fdborn\u00fdch \u010dl\u00e1nk\u016f, tak so ho nenechte uj\u00edt, d\u00e1 se koupit na mnoha m\u00edstech (PNS, obchody, m\u00e1me i eletronicku verzi &#8211; emedunka.cz nebo je mo\u017en\u00e9 si n\u00e1\u0161 \u010dasopis p\u0159edplatit &#8211; info najdete na na\u0161em webu. P\u0159ejem p\u0159\u00edjemn\u00e9 \u010dten\u00ed!!! Va\u0161e redakce<\/p>\n","protected":false},"author":3,"featured_media":7341,"comment_status":"closed","ping_status":"closed","sticky":false,"template":"","format":"standard","meta":{"footnotes":""},"categories":[1],"tags":[],"class_list":["post-7306","post","type-post","status-publish","format-standard","has-post-thumbnail","hentry","category-medunka"],"acf":[],"_links":{"self":[{"href":"https:\/\/www.mojemedunka.cz\/index.php\/wp-json\/wp\/v2\/posts\/7306","targetHints":{"allow":["GET"]}}],"collection":[{"href":"https:\/\/www.mojemedunka.cz\/index.php\/wp-json\/wp\/v2\/posts"}],"about":[{"href":"https:\/\/www.mojemedunka.cz\/index.php\/wp-json\/wp\/v2\/types\/post"}],"author":[{"embeddable":true,"href":"https:\/\/www.mojemedunka.cz\/index.php\/wp-json\/wp\/v2\/users\/3"}],"replies":[{"embeddable":true,"href":"https:\/\/www.mojemedunka.cz\/index.php\/wp-json\/wp\/v2\/comments?post=7306"}],"version-history":[{"count":2,"href":"https:\/\/www.mojemedunka.cz\/index.php\/wp-json\/wp\/v2\/posts\/7306\/revisions"}],"predecessor-version":[{"id":7309,"href":"https:\/\/www.mojemedunka.cz\/index.php\/wp-json\/wp\/v2\/posts\/7306\/revisions\/7309"}],"wp:featuredmedia":[{"embeddable":true,"href":"https:\/\/www.mojemedunka.cz\/index.php\/wp-json\/wp\/v2\/media\/7341"}],"wp:attachment":[{"href":"https:\/\/www.mojemedunka.cz\/index.php\/wp-json\/wp\/v2\/media?parent=7306"}],"wp:term":[{"taxonomy":"category","embeddable":true,"href":"https:\/\/www.mojemedunka.cz\/index.php\/wp-json\/wp\/v2\/categories?post=7306"},{"taxonomy":"post_tag","embeddable":true,"href":"https:\/\/www.mojemedunka.cz\/index.php\/wp-json\/wp\/v2\/tags?post=7306"}],"curies":[{"name":"wp","href":"https:\/\/api.w.org\/{rel}","templated":true}]}}