{"id":7196,"date":"2022-11-30T10:29:04","date_gmt":"2022-11-30T10:29:04","guid":{"rendered":"https:\/\/www.mojemedunka.cz\/?p=7196"},"modified":"2023-02-23T20:11:18","modified_gmt":"2023-02-23T20:11:18","slug":"obsah-cisla-12-2022","status":"publish","type":"post","link":"https:\/\/www.mojemedunka.cz\/index.php\/2022\/11\/30\/obsah-cisla-12-2022\/","title":{"rendered":"Obsah \u010d\u00edsla 12\/2022"},"content":{"rendered":"\n<p>V\u00e1\u017een\u00ed \u010dten\u00e1\u0159i,<br>v\u00edtejte u prosincov\u00e9 Medu\u0148ky, kter\u00e1 uzav\u00edr\u00e1 rok 2022. Napadlo v\u00e1s n\u011bkdy, \u017ee ka\u017ed\u00e9 nov\u00e9 \u010d\u00edslo Medu\u0148ky je vlastn\u011b setk\u00e1n\u00edm v\u00e1s, \u010dten\u00e1\u0159\u016f, s n\u00e1mi v\u0161emi, kte\u0159\u00ed Medu\u0148ku pro v\u00e1s p\u0159ipravujeme? \u010casto na v\u00e1s tak\u00e9 mysl\u00edme: \u201eBude tohle t\u00e9ma pro \u010dten\u00e1\u0159e zaj\u00edmav\u00e9, p\u0159\u00ednosn\u00e9 a u\u017eite\u010dn\u00e9?\u201c uva\u017eujeme na redak\u010dn\u00edch porad\u00e1ch a t\u011b\u0161\u00ed n\u00e1s pak va\u0161e ohlasy, maily a dopisy potvrzuj\u00edc\u00ed, \u017ee tomu tak je. D\u011bkujeme v\u00e1m za n\u011b i za p\u0159\u00edze\u0148 v tomto roce a r\u00e1di se s v\u00e1mi budeme nad str\u00e1nkami Medu\u0148ky setk\u00e1vat i nap\u0159esrok.<br>V tomto \u010d\u00edsle najdete spoustu rozmanit\u00e9ho \u010dten\u00ed pro zimn\u00ed a v\u00e1no\u010dn\u00ed \u010das \u2013 p\u0159ipraveny jsou \u010dl\u00e1nky na t\u00e9ma podpory zdrav\u00ed, ale i recepty na cukrov\u00ed s bylinkami, n\u00e1vod na v\u00fdrobu netradi\u010dn\u00edho v\u00e1no\u010dn\u00edho stromku i tipy na vonn\u00e9 a vyku\u0159ovac\u00ed sm\u011bsi, milovn\u00edci nov\u00fdch chut\u00ed mohou na v\u00e1no\u010dn\u00edm stole vyzkou\u0161et t\u0159eba kouzlo kva\u0161en\u00fdch potravin.<br>K adventu a V\u00e1noc\u016fm pat\u0159\u00ed i duchovn\u00ed inspirace \u2013 o s\u00edle slova p\u00ed\u0161e Milena Kr\u00e1lov\u00e1, v\u011bnujeme se tajemn\u00e9 \u0159e\u010di sn\u016f a Ji\u0159\u00ed Vacek n\u00e1s vyb\u00edz\u00ed, abychom \u2013 a nejen o V\u00e1noc\u00edch \u2013 mluvili s Bohem. To je v\u00fdzva, proto\u017ee mnohdy n\u00e1m d\u011bl\u00e1 pot\u00ed\u017ee mluvit i se sv\u00fdmi bl\u00edzk\u00fdmi, a dos\u00e1hnout usebr\u00e1n\u00ed a vnit\u0159n\u00edho ticha, kter\u00e9 jsou nezbytnou podm\u00ednkou pro duchovn\u00ed komunikaci, nen\u00ed v sou\u010dasn\u00e9m halasn\u00e9m a rychl\u00e9m sv\u011bt\u011b snadn\u00e9. Mo\u017en\u00e1 pr\u00e1v\u011b nadch\u00e1zej\u00edc\u00ed obdob\u00ed \u2013 \u010dasn\u00e9 ve\u010dery a dlouh\u00e9 noci, klid a ztichl\u00e1 p\u0159\u00edroda n\u00e1m mohou pomoci soust\u0159edit se v\u00edc do sebe ne\u017e do vn\u011bj\u0161\u00edho okol\u00ed. Bl\u00ed\u017e\u00ed se zimn\u00ed slunovrat, a tak se tak\u00e9 zamysl\u00edme nad cyklem roku i v\u00fdznamem \u010dty\u0159 ro\u010dn\u00edch obdob\u00ed. Zima toti\u017e zdaleka nen\u00ed jen \u201emrtv\u00fdm \u010dasem\u201c, kter\u00fd je t\u0159eba n\u011bjak p\u0159etrp\u011bt. Jak p\u0159ipom\u00edn\u00e1 ve sv\u00e9m \u010dl\u00e1nku Ing. Zden\u011bk Bohuslav, p\u0159i zb\u011b\u017en\u00e9m pohledu se m\u016f\u017ee zd\u00e1t, \u017ee se p\u0159\u00edroda jen v r\u016fzn\u00e9 m\u00ed\u0159e ukl\u00e1d\u00e1 ke sp\u00e1nku a nast\u00e1v\u00e1 klid, ale hluboko pod povrchem prob\u00edh\u00e1 mnoho d\u011bj\u016f, p\u0159\u00edroda se \u010dist\u00ed a \u201espaluje\u201c sv\u00e9 opot\u0159ebovan\u00e9 \u010d\u00e1sti, a hlavn\u011b sb\u00edr\u00e1 s\u00edlu a soust\u0159ed\u00ed ji do semen, aby se pak v prav\u00fd \u010das probudila a zah\u00e1jila sv\u016fj z\u00e1zra\u010dn\u00fd nov\u00fd cyklus. (Takov\u00fd z\u00e1m\u011br \u2013 p\u0159eveden\u00fd do lidsk\u00e9 roviny \u2013 m\u016f\u017eeme ostatn\u011b b\u011bhem zimy napl\u0148ovat i my, lid\u00e9\u2026) A\u017e vyraz\u00edme na zimn\u00ed vych\u00e1zku, p\u0159ipome\u0148me si tyto neviditeln\u00e9 dramatick\u00e9 d\u011bje, jejich symbolickou rovinu a moudrost p\u0159\u00edrody, kter\u00e1 \u2013 na\u0161t\u011bst\u00ed \u2013 p\u0159etrv\u00e1v\u00e1 i v tomto neklidn\u00e9m sv\u011bt\u011b.<br>Kon\u010d\u00ed rok, kter\u00fd n\u00e1m po covidu p\u0159inesl dal\u0161\u00ed ne\u010dekan\u00e9 zku\u0161enosti, na glob\u00e1ln\u00ed \u00farovni i v denn\u00edm \u017eivot\u011b je t\u0159eba \u0159e\u0161it \u0159adu probl\u00e9m\u016f a nen\u00ed to snadn\u00e9. I tak mi ale p\u0159ipad\u00e1, \u017ee je st\u00e1le dost toho, za\u010d je mo\u017en\u00e9 c\u00edtit vd\u011b\u010dnost, \u010deho je t\u0159eba si v\u00e1\u017eit a co nen\u00ed radno pova\u017eovat za samoz\u0159ejmost \u2013 t\u0159eba dar \u017eivota, zdrav\u00ed nebo bl\u00edzkost sp\u0159\u00edzn\u011bn\u00fdch lid\u00ed\u2026 Nechci propadnout pocitu, \u017ee \u201ev\u0161echno je te\u010f blb\u00fd\u201c a nic nem\u00e1 cenu. Smutn\u00e1 ustra\u0161en\u00e1 du\u0161e a na\u0161tvan\u00e1 mysl p\u016fsob\u00ed nep\u0159\u00edzniv\u011b na t\u011blo \u2013 a my si p\u0159ece k V\u00e1noc\u016fm a do nov\u00e9ho roku budeme vz\u00e1jemn\u011b p\u0159\u00e1t \u201ehlavn\u011b hodn\u011b zdrav\u00ed\u201c. P\u0159eji v\u00e1m tedy, mil\u00ed p\u0159\u00e1tel\u00e9, klidn\u00e9 V\u00e1noce a do nov\u00e9ho roku pevn\u00e9 zdrav\u00ed, schopnost aspo\u0148 ob\u010das se z n\u011b\u010deho radovat a navzdory obt\u00ed\u017e\u00edm sou\u010dasn\u00e9 doby si zachovat v\u00edru a nad\u011bji.<\/p>\n\n\n\n<p class=\"has-text-align-right\">Zuzana Paulusov\u00e1<\/p>\n\n\n\n<p><\/p>\n\n\n\n<p><strong><a href=\"https:\/\/www.digiport.cz\/detail\/floowie-pu\/512276\/1789-medunka-12-2022\" target=\"_blank\" rel=\"noreferrer noopener\">Uteklo v\u00e1m toto \u010d\u00edslo Medu\u0148ky? M\u016f\u017eete si ho v klidu zakoupit v elektronick\u00e9 podob\u011b!<\/a><\/strong><\/p>\n\n\n\n<p><strong>Obsah \u010d\u00edsla:<\/strong><\/p>\n\n\n\n<p>Rozhovor se Simonou Bab\u010d\u00e1kovou 6<br>Mgr. V\u011bra Keilov\u00e1<\/p>\n\n\n\n<p>Tarotov\u00fd v\u00fdhled na prosinec 9<br>Milena Kr\u00e1lov\u00e1<\/p>\n\n\n\n<p>T\u00c9MA: Tradice a nov\u00e9 trendy V\u00e1noc<\/p>\n\n\n\n<p>Magick\u00e9 kadidlo<br>a vyku\u0159ov\u00e1n\u00ed bylinami 10<br>Bc. Martin Kol\u00e1r<\/p>\n\n\n\n<p>V\u00e1no\u010dn\u00ed cukrov\u00ed a bylinky 11<br>Ing. Mark\u00e9ta R. Vopi\u010dkov\u00e1, Ph.D.<\/p>\n\n\n\n<p>Kva\u0161en\u00e9 potraviny<br>na v\u00e1no\u010dn\u00ed st\u016fl 13<br>Alice Vr\u00e1nov\u00e1<\/p>\n\n\n\n<p>Jak se o sv\u00e1tc\u00edch nep\u0159ej\u00edst 14<br>Iva Lhotsk\u00e1<\/p>\n\n\n\n<p>S\u00edla slova nejen o V\u00e1noc\u00edch 16<br>Milena Kr\u00e1lov\u00e1<\/p>\n\n\n\n<p>Mluvme s Bohem 19<br>Ing. Ji\u0159\u00ed Vacek<\/p>\n\n\n\n<p>\u010cty\u0159i ro\u010dn\u00ed obdob\u00ed<br>a jejich v\u00fdznam 22<br>Mgr. Na\u010fa Pa\u017eoutov\u00e1<\/p>\n\n\n\n<p>Svaln\u00ed\u010dek 24<br>V\u00e1clav V\u011btvi\u010dka<\/p>\n\n\n\n<p>Tajemn\u00e1 \u0159e\u010d sn\u016f 26<br>Iva Lhotsk\u00e1<\/p>\n\n\n\n<p>O metabolismu:<br>\u017eivot na p\u016fl plynu 32<br>MUDr. Ludmila Elekov\u00e1<\/p>\n\n\n\n<p>Kouzlo star\u00fdch formi\u010dek 35<br>Kv\u011bta \u010cerm\u00e1kov\u00e1, BA (Hons), Msc<\/p>\n\n\n\n<p>Jak n\u00e1s formuje prenat\u00e1ln\u00ed<br>obdob\u00ed a z\u00e1\u017eitek porodu 36<br>Mgr. Marie Plochov\u00e1 Hl\u00e1vkov\u00e1, Ph.D.<\/p>\n\n\n\n<p>Zdrav\u00ed podle kalend\u00e1\u0159e 39<br>Ing. Hana Smejtkov\u00e1<\/p>\n\n\n\n<p>P\u0159\u00edb\u011bh d\u0159ev\u011bn\u00e9ho stromku 40<br>Ing. Mark\u00e9ta R. Vopi\u010dkov\u00e1, Ph.D.<\/p>\n\n\n\n<p>P\u00edse\u0148 m\u00e9ho srdce 42<br>Ing. Ji\u0159\u00ed Maz\u00e1nek<\/p>\n\n\n\n<p>Tipy od Gabiely Filippi 44<\/p>\n\n\n\n<p>Sv\u00e1te\u010dn\u00ed duchovn\u00ed ob\u0159ad<br>pro pos\u00edlen\u00ed 45<br>Tom\u00e1\u0161 Pfeiffer<\/p>\n\n\n\n<p>Cyklus roku a zimn\u00ed slunovrat 46<br>Ing. Zden\u011bk Bohuslav<\/p>\n\n\n\n<p><strong><a href=\"http:\/\/www.mojemedunka.cz\/wp-content\/uploads\/2022\/11\/inz122022.pdf\" target=\"_blank\" rel=\"noreferrer noopener\">\u0158\u00e1dkov\u00e1 inzerce<\/a><\/strong><\/p>\n\n\n\n<p><a href=\"http:\/\/www.mojemedunka.cz\/wp-content\/uploads\/2022\/11\/rps122022.pdf\" target=\"_blank\" rel=\"noreferrer noopener\"><strong>\u0158\u00e1dky proti<\/strong> <strong>samot\u011b<\/strong><\/a><\/p>\n","protected":false},"excerpt":{"rendered":"<p>V\u00e1\u017een\u00ed \u010dten\u00e1\u0159i,v\u00edtejte u prosincov\u00e9 Medu\u0148ky, kter\u00e1 uzav\u00edr\u00e1 rok 2022. Napadlo v\u00e1s n\u011bkdy, \u017ee ka\u017ed\u00e9 nov\u00e9 \u010d\u00edslo Medu\u0148ky je vlastn\u011b setk\u00e1n\u00edm v\u00e1s, \u010dten\u00e1\u0159\u016f, s n\u00e1mi v\u0161emi, kte\u0159\u00ed Medu\u0148ku pro v\u00e1s p\u0159ipravujeme? \u010casto na v\u00e1s tak\u00e9 mysl\u00edme: \u201eBude tohle t\u00e9ma pro \u010dten\u00e1\u0159e zaj\u00edmav\u00e9, p\u0159\u00ednosn\u00e9 a u\u017eite\u010dn\u00e9?\u201c uva\u017eujeme na redak\u010dn\u00edch porad\u00e1ch a t\u011b\u0161\u00ed n\u00e1s pak va\u0161e ohlasy, maily a dopisy potvrzuj\u00edc\u00ed, \u017ee tomu tak je. D\u011bkujeme v\u00e1m za n\u011b i za p\u0159\u00edze\u0148 v tomto roce a r\u00e1di se s v\u00e1mi budeme nad str\u00e1nkami Medu\u0148ky setk\u00e1vat i nap\u0159esrok.V tomto \u010d\u00edsle najdete spoustu rozmanit\u00e9ho \u010dten\u00ed pro zimn\u00ed a v\u00e1no\u010dn\u00ed \u010das \u2013 p\u0159ipraveny jsou \u010dl\u00e1nky na t\u00e9ma podpory zdrav\u00ed, ale i recepty na cukrov\u00ed s bylinkami, n\u00e1vod na v\u00fdrobu netradi\u010dn\u00edho v\u00e1no\u010dn\u00edho stromku i tipy na vonn\u00e9 a vyku\u0159ovac\u00ed sm\u011bsi, milovn\u00edci nov\u00fdch chut\u00ed mohou na v\u00e1no\u010dn\u00edm stole vyzkou\u0161et t\u0159eba kouzlo kva\u0161en\u00fdch potravin.K adventu a V\u00e1noc\u016fm pat\u0159\u00ed i duchovn\u00ed inspirace \u2013 o s\u00edle slova p\u00ed\u0161e Milena Kr\u00e1lov\u00e1, v\u011bnujeme se tajemn\u00e9 \u0159e\u010di sn\u016f a Ji\u0159\u00ed Vacek n\u00e1s vyb\u00edz\u00ed, abychom \u2013 a nejen o V\u00e1noc\u00edch \u2013 mluvili s Bohem. To je v\u00fdzva, proto\u017ee mnohdy n\u00e1m d\u011bl\u00e1 pot\u00ed\u017ee mluvit i se sv\u00fdmi bl\u00edzk\u00fdmi, a dos\u00e1hnout usebr\u00e1n\u00ed a vnit\u0159n\u00edho ticha, kter\u00e9 jsou nezbytnou podm\u00ednkou pro duchovn\u00ed komunikaci, nen\u00ed v sou\u010dasn\u00e9m halasn\u00e9m a rychl\u00e9m sv\u011bt\u011b snadn\u00e9. Mo\u017en\u00e1 pr\u00e1v\u011b nadch\u00e1zej\u00edc\u00ed obdob\u00ed \u2013 \u010dasn\u00e9 ve\u010dery a dlouh\u00e9 noci, klid a ztichl\u00e1 p\u0159\u00edroda n\u00e1m mohou pomoci soust\u0159edit se v\u00edc do sebe ne\u017e do vn\u011bj\u0161\u00edho okol\u00ed. Bl\u00ed\u017e\u00ed se zimn\u00ed slunovrat, a tak se tak\u00e9 zamysl\u00edme nad cyklem roku i v\u00fdznamem \u010dty\u0159 ro\u010dn\u00edch obdob\u00ed. Zima toti\u017e zdaleka nen\u00ed jen \u201emrtv\u00fdm \u010dasem\u201c, kter\u00fd je t\u0159eba n\u011bjak p\u0159etrp\u011bt. Jak p\u0159ipom\u00edn\u00e1 ve sv\u00e9m \u010dl\u00e1nku Ing. Zden\u011bk Bohuslav, p\u0159i zb\u011b\u017en\u00e9m pohledu se m\u016f\u017ee zd\u00e1t, \u017ee se p\u0159\u00edroda jen v r\u016fzn\u00e9 m\u00ed\u0159e ukl\u00e1d\u00e1 ke sp\u00e1nku a nast\u00e1v\u00e1 klid, ale hluboko pod povrchem prob\u00edh\u00e1 mnoho d\u011bj\u016f, p\u0159\u00edroda se \u010dist\u00ed a \u201espaluje\u201c sv\u00e9 opot\u0159ebovan\u00e9 \u010d\u00e1sti, a hlavn\u011b sb\u00edr\u00e1 s\u00edlu a soust\u0159ed\u00ed ji do semen, aby se pak v prav\u00fd \u010das probudila a zah\u00e1jila sv\u016fj z\u00e1zra\u010dn\u00fd nov\u00fd cyklus. (Takov\u00fd z\u00e1m\u011br \u2013 p\u0159eveden\u00fd do lidsk\u00e9 roviny \u2013 m\u016f\u017eeme ostatn\u011b b\u011bhem zimy napl\u0148ovat i my, lid\u00e9\u2026) A\u017e vyraz\u00edme na zimn\u00ed vych\u00e1zku, p\u0159ipome\u0148me si tyto neviditeln\u00e9 dramatick\u00e9 d\u011bje, jejich symbolickou rovinu a moudrost p\u0159\u00edrody, kter\u00e1 \u2013 na\u0161t\u011bst\u00ed \u2013 p\u0159etrv\u00e1v\u00e1 i v tomto neklidn\u00e9m sv\u011bt\u011b.Kon\u010d\u00ed rok, kter\u00fd n\u00e1m po covidu p\u0159inesl dal\u0161\u00ed ne\u010dekan\u00e9 zku\u0161enosti, na glob\u00e1ln\u00ed \u00farovni i v denn\u00edm \u017eivot\u011b je t\u0159eba \u0159e\u0161it \u0159adu probl\u00e9m\u016f a nen\u00ed to snadn\u00e9. I tak mi ale p\u0159ipad\u00e1, \u017ee je st\u00e1le dost toho, za\u010d je mo\u017en\u00e9 c\u00edtit vd\u011b\u010dnost, \u010deho je t\u0159eba si v\u00e1\u017eit a co nen\u00ed radno pova\u017eovat za samoz\u0159ejmost \u2013 t\u0159eba dar \u017eivota, zdrav\u00ed nebo bl\u00edzkost sp\u0159\u00edzn\u011bn\u00fdch lid\u00ed\u2026 Nechci propadnout pocitu, \u017ee \u201ev\u0161echno je te\u010f blb\u00fd\u201c a nic nem\u00e1 cenu. Smutn\u00e1 ustra\u0161en\u00e1 du\u0161e a na\u0161tvan\u00e1 mysl p\u016fsob\u00ed nep\u0159\u00edzniv\u011b na t\u011blo \u2013 a my si p\u0159ece k V\u00e1noc\u016fm a do nov\u00e9ho roku budeme vz\u00e1jemn\u011b p\u0159\u00e1t \u201ehlavn\u011b hodn\u011b zdrav\u00ed\u201c. P\u0159eji v\u00e1m tedy, mil\u00ed p\u0159\u00e1tel\u00e9, klidn\u00e9 V\u00e1noce a do nov\u00e9ho roku pevn\u00e9 zdrav\u00ed, schopnost aspo\u0148 ob\u010das se z n\u011b\u010deho radovat a navzdory obt\u00ed\u017e\u00edm sou\u010dasn\u00e9 doby si zachovat v\u00edru a nad\u011bji. Zuzana Paulusov\u00e1 Uteklo v\u00e1m toto \u010d\u00edslo Medu\u0148ky? M\u016f\u017eete si ho v klidu zakoupit v elektronick\u00e9 podob\u011b! Obsah \u010d\u00edsla: Rozhovor se Simonou Bab\u010d\u00e1kovou 6Mgr. V\u011bra Keilov\u00e1 Tarotov\u00fd v\u00fdhled na prosinec 9Milena Kr\u00e1lov\u00e1 T\u00c9MA: Tradice a nov\u00e9 trendy V\u00e1noc Magick\u00e9 kadidloa vyku\u0159ov\u00e1n\u00ed bylinami 10Bc. Martin Kol\u00e1r V\u00e1no\u010dn\u00ed cukrov\u00ed a bylinky 11Ing. Mark\u00e9ta R. Vopi\u010dkov\u00e1, Ph.D. Kva\u0161en\u00e9 potravinyna v\u00e1no\u010dn\u00ed st\u016fl 13Alice Vr\u00e1nov\u00e1 Jak se o sv\u00e1tc\u00edch nep\u0159ej\u00edst 14Iva Lhotsk\u00e1 S\u00edla slova nejen o V\u00e1noc\u00edch 16Milena Kr\u00e1lov\u00e1 Mluvme s Bohem 19Ing. Ji\u0159\u00ed Vacek \u010cty\u0159i ro\u010dn\u00ed obdob\u00eda jejich v\u00fdznam 22Mgr. Na\u010fa Pa\u017eoutov\u00e1 Svaln\u00ed\u010dek 24V\u00e1clav V\u011btvi\u010dka Tajemn\u00e1 \u0159e\u010d sn\u016f 26Iva Lhotsk\u00e1 O metabolismu:\u017eivot na p\u016fl plynu 32MUDr. Ludmila Elekov\u00e1 Kouzlo star\u00fdch formi\u010dek 35Kv\u011bta \u010cerm\u00e1kov\u00e1, BA (Hons), Msc Jak n\u00e1s formuje prenat\u00e1ln\u00edobdob\u00ed a z\u00e1\u017eitek porodu 36Mgr. Marie Plochov\u00e1 Hl\u00e1vkov\u00e1, Ph.D. Zdrav\u00ed podle kalend\u00e1\u0159e 39Ing. Hana Smejtkov\u00e1 P\u0159\u00edb\u011bh d\u0159ev\u011bn\u00e9ho stromku 40Ing. Mark\u00e9ta R. Vopi\u010dkov\u00e1, Ph.D. P\u00edse\u0148 m\u00e9ho srdce 42Ing. Ji\u0159\u00ed Maz\u00e1nek Tipy od Gabiely Filippi 44 Sv\u00e1te\u010dn\u00ed duchovn\u00ed ob\u0159adpro pos\u00edlen\u00ed 45Tom\u00e1\u0161 Pfeiffer Cyklus roku a zimn\u00ed slunovrat 46Ing. Zden\u011bk Bohuslav \u0158\u00e1dkov\u00e1 inzerce \u0158\u00e1dky proti samot\u011b<\/p>\n","protected":false},"author":1,"featured_media":7179,"comment_status":"closed","ping_status":"closed","sticky":false,"template":"","format":"standard","meta":{"footnotes":""},"categories":[124,3,1],"tags":[],"class_list":["post-7196","post","type-post","status-publish","format-standard","has-post-thumbnail","hentry","category-124","category-archiv","category-medunka"],"acf":[],"_links":{"self":[{"href":"https:\/\/www.mojemedunka.cz\/index.php\/wp-json\/wp\/v2\/posts\/7196","targetHints":{"allow":["GET"]}}],"collection":[{"href":"https:\/\/www.mojemedunka.cz\/index.php\/wp-json\/wp\/v2\/posts"}],"about":[{"href":"https:\/\/www.mojemedunka.cz\/index.php\/wp-json\/wp\/v2\/types\/post"}],"author":[{"embeddable":true,"href":"https:\/\/www.mojemedunka.cz\/index.php\/wp-json\/wp\/v2\/users\/1"}],"replies":[{"embeddable":true,"href":"https:\/\/www.mojemedunka.cz\/index.php\/wp-json\/wp\/v2\/comments?post=7196"}],"version-history":[{"count":4,"href":"https:\/\/www.mojemedunka.cz\/index.php\/wp-json\/wp\/v2\/posts\/7196\/revisions"}],"predecessor-version":[{"id":7627,"href":"https:\/\/www.mojemedunka.cz\/index.php\/wp-json\/wp\/v2\/posts\/7196\/revisions\/7627"}],"wp:featuredmedia":[{"embeddable":true,"href":"https:\/\/www.mojemedunka.cz\/index.php\/wp-json\/wp\/v2\/media\/7179"}],"wp:attachment":[{"href":"https:\/\/www.mojemedunka.cz\/index.php\/wp-json\/wp\/v2\/media?parent=7196"}],"wp:term":[{"taxonomy":"category","embeddable":true,"href":"https:\/\/www.mojemedunka.cz\/index.php\/wp-json\/wp\/v2\/categories?post=7196"},{"taxonomy":"post_tag","embeddable":true,"href":"https:\/\/www.mojemedunka.cz\/index.php\/wp-json\/wp\/v2\/tags?post=7196"}],"curies":[{"name":"wp","href":"https:\/\/api.w.org\/{rel}","templated":true}]}}