{"id":6589,"date":"2022-06-29T09:00:00","date_gmt":"2022-06-29T09:00:00","guid":{"rendered":"https:\/\/www.mojemedunka.cz\/?p=6589"},"modified":"2022-10-29T07:56:17","modified_gmt":"2022-10-29T07:56:17","slug":"uz-je-tady-co-cervencova-medunka","status":"publish","type":"post","link":"https:\/\/www.mojemedunka.cz\/index.php\/2022\/06\/29\/uz-je-tady-co-cervencova-medunka\/","title":{"rendered":"U\u017d JE TADY! CO? \u010cERVENCOV\u00c1 MEDU\u0147KA!!"},"content":{"rendered":"\n<p><strong>P\u0159ed n\u011bkolika dny jsme p\u0159iv\u00edtali l\u00e9to a dnes v\u00edt\u00e1me \u010dervencov\u00e9 \u010d\u00edslo MEDU\u0147KY! Hur\u00e1, je tady!!<br>Na ob\u00e1lce m\u00e1 kr\u00e1sn\u00fd letn\u00ed obr\u00e1zek a uvnit\u0159 skv\u011bl\u00e9 \u010dl\u00e1nky!<\/strong><br><br><strong>Zaj\u00edm\u00e1 v\u00e1s a fascinuje fenom\u00e9n intuice?<\/strong> Cht\u011bli byste svou intuici rozv\u00edjet a podpo\u0159it? Pak je toto \u010d\u00edslo Medu\u0148ky ide\u00e1ln\u00ed pr\u00e1v\u011b pro v\u00e1s, proto\u017ee t\u00e9ma se tentokr\u00e1t jmenuje <strong>Moudrost a s\u00edla intuice<\/strong>. Na\u0161e autorky a auto\u0159i (<strong>Martin Kol\u00e1r, Milena Kr\u00e1lov\u00e1, Na\u010fa Pa\u017eoutov\u00e1, MUDr. Monika Si\u010dov\u00e1 a Judita Peschlov\u00e1<\/strong>) v\u00e1s v&nbsp;t\u00e9matu vybav\u00ed spoustou poznatk\u016f, pod\u011bl\u00ed se i o sv\u00e9 osobn\u00ed zku\u0161enosti a z\u00e1\u017eitky &nbsp;s&nbsp;touto \u00fa\u017easnou schopnost\u00ed, kterou m\u016f\u017ee rozv\u00edjet a p\u011bstovat ka\u017ed\u00fd. &nbsp;Nezkus\u00edte to?<br><strong>Titulov\u00fd rozhovor v\u00e1m p\u0159estav\u00ed MUDr. Andreu M\u00e1lkovou<\/strong>, praktickou l\u00e9ka\u0159ku z&nbsp;Brna, kter\u00e1 ve sv\u00e9 praxi kloub\u00ed klasickou z\u00e1padn\u00ed medic\u00ednu s&nbsp;homeopati\u00ed, tradi\u010dn\u00ed \u010d\u00ednskou medic\u00ednou i anthroposofickou medic\u00ednou Rudolfa Steinera a po\u010d\u00e1tkem roku spoluorganizovala I. \u010ds. konferenci v\u011bnovanou covidu-19.<br><strong>M\u00e1te podez\u0159en\u00ed, \u017ee v\u00e1\u0161 metabolismus je zpomalen\u00fd? V&nbsp;\u010dl\u00e1nku MUDr. Ludmily Elekov\u00e9<\/strong> se do\u010dtete velmi jednoduch\u00fd zp\u016fsob, jak to spolehliv\u011b zjistit, i rady, co s&nbsp;t\u00edm d\u011blat\u2026<br>V \u010dervenci se podle rubriky <strong>Zdrav\u00ed podle kalend\u00e1\u0159e (p\u0159ipravuje Hana Smejtkov\u00e1<\/strong>) zam\u011b\u0159\u00edme na podporu krevn\u00edho ob\u011bhu, u \u010dl\u00e1nku najdete n\u00e1kres p\u0159\u00edslu\u0161n\u00fdch reflexn\u00edch plo\u0161ek i doporu\u010den\u00ed p\u0159\u00edrodn\u00ed l\u00e9\u010dby. &nbsp;L\u00e1kalo by v\u00e1s um\u011bt sekat kosou a m\u00edsto hlu\u010dn\u00e9 seka\u010dky se vr\u00e1tit k&nbsp;tomuto star\u00e9mu zp\u016fsobu &nbsp;na\u0161ich p\u0159edk\u016f? <strong>V&nbsp;\u010dl\u00e1nku L\u00eddy Charv\u00e1tov\u00e9 Meditace s&nbsp;kosou<\/strong> se mimo jin\u00e9 dozv\u00edte, \u017ee existuj\u00ed kurzy sek\u00e1n\u00ed kosou a \u017ee se to m\u016f\u017eete nau\u010dit i vy\u2026 &nbsp;<br>Jak si poradit s&nbsp;<strong>bolestiv\u00fdmi \u0161t\u00edpanci od hmyzu? Dozv\u00edte se v&nbsp;\u010dl\u00e1nku V\u011bry Keilov\u00e9<\/strong>. <strong>Tarotov\u00fd v\u00fdhled na \u010dervenec p\u0159ipravila Milena Kr\u00e1lov\u00e1<\/strong> a <strong>Ji\u0159\u00ed Maz\u00e1nek <\/strong>se ve sv\u00e9 duchovn\u00ed rubrice zam\u00fd\u0161l\u00ed nad t\u00edm<strong>, co je \u0161t\u011bst\u00ed\u2026V seri\u00e1lu Abeceda zdrav\u00fdch potravin <\/strong>se autorka <strong>Iveta Kulh\u00e1nkov\u00e1 <\/strong>v\u011bnuje \u017eivo\u010di\u0161n\u00e9 strav\u011b. V\u00edte t\u0159eba, k \u010demu se hod\u00ed kachn\u00ed vejce a co obsahuj\u00ed vejce k\u0159epel\u010d\u00ed?<strong><br>A to je jenom \u010d\u00e1st obsahu tohoto poveden\u00e9ho letn\u00edho \u010d\u00edsla, kter\u00e9si mo\u017en\u00e1 s&nbsp;sebou vezeme na dovolenou, na chalupu, k&nbsp;vod\u011b\u2026 Tak n\u00e1m t\u0159eba m\u016f\u017eete po\u0161lete fotku ze sv\u00fdch cest a z pobyt\u016f s&nbsp;Medu\u0148kou! Budeme se t\u011b\u0161it!<\/strong>!<\/p>\n\n\n\n<p> <strong>P\u0159ejeme hezk\u00e9 l\u00e9to a hezk\u00e9 \u010dten\u00ed, p\u0159\u00e1tel\u00e9! &nbsp;&nbsp;&nbsp;&nbsp;&nbsp;&nbsp;&nbsp;&nbsp;&nbsp;&nbsp;&nbsp;&nbsp;&nbsp;&nbsp;&nbsp;&nbsp;&nbsp;&nbsp;&nbsp;&nbsp;&nbsp;&nbsp;&nbsp;&nbsp;&nbsp;&nbsp;&nbsp;&nbsp;&nbsp;&nbsp;&nbsp;&nbsp;&nbsp;&nbsp;&nbsp;&nbsp;&nbsp;&nbsp;srde\u010dn\u011b Va\u0161e redakce &nbsp;&nbsp;&nbsp;<\/strong><br><\/p>\n\n\n\n<p>!!!!<strong>MEDU\u0147KU m\u016f\u017eete \u010d\u00edst tak\u00e9 v elektronick\u00e9 verzi<\/strong> na <a href=\"https:\/\/www.mojemedunka.cz\/index.php\/2020\/03\/18\/elektronickou-verzi-medunky-sezenete-na-emedunka-cz\/\" data-type=\"post\" data-id=\"2535\">emedunka.cz<\/a><\/p>\n","protected":false},"excerpt":{"rendered":"<p>P\u0159ed n\u011bkolika dny jsme p\u0159iv\u00edtali l\u00e9to a dnes v\u00edt\u00e1me \u010dervencov\u00e9 \u010d\u00edslo MEDU\u0147KY! Hur\u00e1, je tady!!Na ob\u00e1lce m\u00e1 kr\u00e1sn\u00fd letn\u00ed obr\u00e1zek a uvnit\u0159 skv\u011bl\u00e9 \u010dl\u00e1nky! Zaj\u00edm\u00e1 v\u00e1s a fascinuje fenom\u00e9n intuice? Cht\u011bli byste svou intuici rozv\u00edjet a podpo\u0159it? Pak je toto \u010d\u00edslo Medu\u0148ky ide\u00e1ln\u00ed pr\u00e1v\u011b pro v\u00e1s, proto\u017ee t\u00e9ma se tentokr\u00e1t jmenuje Moudrost a s\u00edla intuice. Na\u0161e autorky a auto\u0159i (Martin Kol\u00e1r, Milena Kr\u00e1lov\u00e1, Na\u010fa Pa\u017eoutov\u00e1, MUDr. Monika Si\u010dov\u00e1 a Judita Peschlov\u00e1) v\u00e1s v&nbsp;t\u00e9matu vybav\u00ed spoustou poznatk\u016f, pod\u011bl\u00ed se i o sv\u00e9 osobn\u00ed zku\u0161enosti a z\u00e1\u017eitky &nbsp;s&nbsp;touto \u00fa\u017easnou schopnost\u00ed, kterou m\u016f\u017ee rozv\u00edjet a p\u011bstovat ka\u017ed\u00fd. &nbsp;Nezkus\u00edte to?Titulov\u00fd rozhovor v\u00e1m p\u0159estav\u00ed MUDr. Andreu M\u00e1lkovou, praktickou l\u00e9ka\u0159ku z&nbsp;Brna, kter\u00e1 ve sv\u00e9 praxi kloub\u00ed klasickou z\u00e1padn\u00ed medic\u00ednu s&nbsp;homeopati\u00ed, tradi\u010dn\u00ed \u010d\u00ednskou medic\u00ednou i anthroposofickou medic\u00ednou Rudolfa Steinera a po\u010d\u00e1tkem roku spoluorganizovala I. \u010ds. konferenci v\u011bnovanou covidu-19.M\u00e1te podez\u0159en\u00ed, \u017ee v\u00e1\u0161 metabolismus je zpomalen\u00fd? V&nbsp;\u010dl\u00e1nku MUDr. Ludmily Elekov\u00e9 se do\u010dtete velmi jednoduch\u00fd zp\u016fsob, jak to spolehliv\u011b zjistit, i rady, co s&nbsp;t\u00edm d\u011blat\u2026V \u010dervenci se podle rubriky Zdrav\u00ed podle kalend\u00e1\u0159e (p\u0159ipravuje Hana Smejtkov\u00e1) zam\u011b\u0159\u00edme na podporu krevn\u00edho ob\u011bhu, u \u010dl\u00e1nku najdete n\u00e1kres p\u0159\u00edslu\u0161n\u00fdch reflexn\u00edch plo\u0161ek i doporu\u010den\u00ed p\u0159\u00edrodn\u00ed l\u00e9\u010dby. &nbsp;L\u00e1kalo by v\u00e1s um\u011bt sekat kosou a m\u00edsto hlu\u010dn\u00e9 seka\u010dky se vr\u00e1tit k&nbsp;tomuto star\u00e9mu zp\u016fsobu &nbsp;na\u0161ich p\u0159edk\u016f? V&nbsp;\u010dl\u00e1nku L\u00eddy Charv\u00e1tov\u00e9 Meditace s&nbsp;kosou se mimo jin\u00e9 dozv\u00edte, \u017ee existuj\u00ed kurzy sek\u00e1n\u00ed kosou a \u017ee se to m\u016f\u017eete nau\u010dit i vy\u2026 &nbsp;Jak si poradit s&nbsp;bolestiv\u00fdmi \u0161t\u00edpanci od hmyzu? Dozv\u00edte se v&nbsp;\u010dl\u00e1nku V\u011bry Keilov\u00e9. Tarotov\u00fd v\u00fdhled na \u010dervenec p\u0159ipravila Milena Kr\u00e1lov\u00e1 a Ji\u0159\u00ed Maz\u00e1nek se ve sv\u00e9 duchovn\u00ed rubrice zam\u00fd\u0161l\u00ed nad t\u00edm, co je \u0161t\u011bst\u00ed\u2026V seri\u00e1lu Abeceda zdrav\u00fdch potravin se autorka Iveta Kulh\u00e1nkov\u00e1 v\u011bnuje \u017eivo\u010di\u0161n\u00e9 strav\u011b. V\u00edte t\u0159eba, k \u010demu se hod\u00ed kachn\u00ed vejce a co obsahuj\u00ed vejce k\u0159epel\u010d\u00ed?A to je jenom \u010d\u00e1st obsahu tohoto poveden\u00e9ho letn\u00edho \u010d\u00edsla, kter\u00e9si mo\u017en\u00e1 s&nbsp;sebou vezeme na dovolenou, na chalupu, k&nbsp;vod\u011b\u2026 Tak n\u00e1m t\u0159eba m\u016f\u017eete po\u0161lete fotku ze sv\u00fdch cest a z pobyt\u016f s&nbsp;Medu\u0148kou! Budeme se t\u011b\u0161it!! P\u0159ejeme hezk\u00e9 l\u00e9to a hezk\u00e9 \u010dten\u00ed, p\u0159\u00e1tel\u00e9! &nbsp;&nbsp;&nbsp;&nbsp;&nbsp;&nbsp;&nbsp;&nbsp;&nbsp;&nbsp;&nbsp;&nbsp;&nbsp;&nbsp;&nbsp;&nbsp;&nbsp;&nbsp;&nbsp;&nbsp;&nbsp;&nbsp;&nbsp;&nbsp;&nbsp;&nbsp;&nbsp;&nbsp;&nbsp;&nbsp;&nbsp;&nbsp;&nbsp;&nbsp;&nbsp;&nbsp;&nbsp;&nbsp;srde\u010dn\u011b Va\u0161e redakce &nbsp;&nbsp;&nbsp; !!!!MEDU\u0147KU m\u016f\u017eete \u010d\u00edst tak\u00e9 v elektronick\u00e9 verzi na emedunka.cz<\/p>\n","protected":false},"author":3,"featured_media":6618,"comment_status":"closed","ping_status":"closed","sticky":false,"template":"","format":"standard","meta":{"footnotes":""},"categories":[1,31],"tags":[],"class_list":["post-6589","post","type-post","status-publish","format-standard","has-post-thumbnail","hentry","category-medunka","category-pro-inspiraci"],"acf":[],"_links":{"self":[{"href":"https:\/\/www.mojemedunka.cz\/index.php\/wp-json\/wp\/v2\/posts\/6589","targetHints":{"allow":["GET"]}}],"collection":[{"href":"https:\/\/www.mojemedunka.cz\/index.php\/wp-json\/wp\/v2\/posts"}],"about":[{"href":"https:\/\/www.mojemedunka.cz\/index.php\/wp-json\/wp\/v2\/types\/post"}],"author":[{"embeddable":true,"href":"https:\/\/www.mojemedunka.cz\/index.php\/wp-json\/wp\/v2\/users\/3"}],"replies":[{"embeddable":true,"href":"https:\/\/www.mojemedunka.cz\/index.php\/wp-json\/wp\/v2\/comments?post=6589"}],"version-history":[{"count":6,"href":"https:\/\/www.mojemedunka.cz\/index.php\/wp-json\/wp\/v2\/posts\/6589\/revisions"}],"predecessor-version":[{"id":6619,"href":"https:\/\/www.mojemedunka.cz\/index.php\/wp-json\/wp\/v2\/posts\/6589\/revisions\/6619"}],"wp:featuredmedia":[{"embeddable":true,"href":"https:\/\/www.mojemedunka.cz\/index.php\/wp-json\/wp\/v2\/media\/6618"}],"wp:attachment":[{"href":"https:\/\/www.mojemedunka.cz\/index.php\/wp-json\/wp\/v2\/media?parent=6589"}],"wp:term":[{"taxonomy":"category","embeddable":true,"href":"https:\/\/www.mojemedunka.cz\/index.php\/wp-json\/wp\/v2\/categories?post=6589"},{"taxonomy":"post_tag","embeddable":true,"href":"https:\/\/www.mojemedunka.cz\/index.php\/wp-json\/wp\/v2\/tags?post=6589"}],"curies":[{"name":"wp","href":"https:\/\/api.w.org\/{rel}","templated":true}]}}