{"id":5774,"date":"2022-12-19T06:00:00","date_gmt":"2022-12-19T06:00:00","guid":{"rendered":"https:\/\/www.mojemedunka.cz\/?p=5774"},"modified":"2022-12-16T16:03:18","modified_gmt":"2022-12-16T16:03:18","slug":"poly_dsteni-muzu-rozhovory-s-muzi-nejen-o-muzich","status":"publish","type":"post","link":"https:\/\/www.mojemedunka.cz\/index.php\/2022\/12\/19\/poly_dsteni-muzu-rozhovory-s-muzi-nejen-o-muzich\/","title":{"rendered":"poly_d\u0161t\u011bn\u00ed MU\u017d\u016e: rozhovory s mu\u017ei, nejen o mu\u017e\u00edch&#8230;"},"content":{"rendered":"\n<p><strong>V na\u0161em vydavatelstv\u00ed vy\u0161la kniha rozhovor\u016f se sedmi zaj\u00edmav\u00fdmi mu\u017ei, jej\u00ed autorka Mark\u00e9ta Vostr\u00e1<\/strong> pro ni vybrala zaj\u00edmav\u00fd, neobvykl\u00fd, a z\u00e1rove\u0148 hrav\u00fd n\u00e1zev: <strong>poly_d\u0161t\u011bn\u00ed MU\u017d\u016e<\/strong>. Mark\u00e9ta se t\u011bchto &#8222;sedmi state\u010dn\u00fdch&#8220; \u2013 sedmi osobnost\u00ed, kte\u0159\u00ed p\u016fsob\u00ed v r\u016fzn\u00fdch oblastech \u017eivota, ptala po sv\u00e9m a trochu jinak, ne\u017e b\u00fdv\u00e1 v\u011bt\u0161inou p\u0159i rozhovorech obvykl\u00e9, a vznikla kniha &#8222;rozhovor\u016f bez z\u00e1bran&#8220;, kter\u00e1 \u010dten\u00e1\u0159e nepochybn\u011b zaujme. Mark\u00e9ta p\u00e1ny vyzpov\u00eddala d\u016fkladn\u011b, o \u010dem\u017e sv\u011bd\u010d\u00ed i rozsah knihy (336 stran), knihu zdob\u00ed fotky od Pavla Ovs\u00edka a Stanislava V\u00edte\u010dka. <strong>A kdo jsou tito mu\u017ei? Igor Chaun, Jaroslav Vydr\u017eel, Zden\u011bk Sokol, Petr Bendl, Jaroslav Kovanda, Milo\u0161 Vac\u00edk a Julius H\u016flek. Vybrali jsme uk\u00e1zku z jednoho rozhovoru, abyste si mohli ud\u011blat sami p\u0159edstavu. Knihu, kter\u00e1 m\u016f\u017ee b\u00fdt i velmi p\u011bkn\u00fdm v\u00e1no\u010dn\u00edm d\u00e1rkem, z\u00edsk\u00e1te na na\u0161em e-shopu.<\/strong> <\/p>\n\n\n\n<p><\/p>\n\n\n\n<p><br><strong>Cesta zm\u011bny<\/strong><\/p>\n\n\n\n<p><strong>Jak se z&nbsp;Jaroslava Kovandy stal Akar Rasol?<\/strong><br>V&nbsp;b\u0159eznu roku 2020 u m\u011b byla na konstelac\u00edch Ramona Siringlen. P\u0159ibli\u017en\u011b za dva dny mi napsala, \u017ee se j\u00ed uk\u00e1zalo jedno z&nbsp;m\u00fdch jmen \u201em\u00e9\u201c du\u0161e a to jm\u00e9no je Aka. Probudil jsem se dal\u0161\u00ed den s&nbsp;t\u00edm, \u017ee u\u017e nemohu pou\u017e\u00edvat jm\u00e9no p\u0159id\u011blen\u00e9 jm\u00e9no a po\u017e\u00e1dal jsem Ramonu o dal\u0161\u00ed \u2026 a p\u0159i\u0161el Rasol. Cht\u011bl jsem si ho hned d\u00e1t na facebook, ale n\u011bjak to ne\u0161lo. V&nbsp;\u010dervenci mi d\u011blala rozbor snu Radka Ardenae a mimo jin\u00e9 mi sd\u011blila, \u017ee jm\u00e9no by m\u011blo b\u00fdt pos\u00edleno o p\u00edsmeno \u201er&#8220;, tedy na Akar Rasol. Facebook to okam\u017eit\u011b vzal a tak od \u010dervence roku 2020 pou\u017e\u00edv\u00e1m jm\u00e9no Du\u0161e.<\/p>\n\n\n\n<p><strong>Co toto jm\u00e9no vyjad\u0159uje konkr\u00e9tn\u011b?<br><\/strong>A \u2013 pos\u00edlen\u00ed<br>KA &#8211; Du\u0161e &#8211; V\u011bdom\u00e1 du\u0161e se schopnost\u00ed dov\u00e9st ostatn\u00ed du\u0161e k&nbsp;sebeuv\u011bdom\u011bn\u00ed<br>R &#8211; pos\u00edlen\u00ed pro pobyt na Zemi ve 3D, proto\u017ee vibruji na jemn\u00fdch frekvenc\u00edch a pobyt ve hrubohmotn\u00fdch sf\u00e9r\u00e1ch je pro m\u011b n\u00e1ro\u010dn\u00fd zejm\u00e9na na mno\u017estv\u00ed vynalo\u017een\u00e9 energie<br>RA &#8211; po\u010d\u00e1tek, Zdroj, vid\u00edm u lid\u00ed jejich skute\u010dnou podstatu, posl\u00e1n\u00ed a m\u00e1m pro n\u011b jasn\u00e9 informace, jak\u00fdmi fyzick\u00fdmi kroky dosp\u011bt k&nbsp;celistvosti<br>SOL &#8211; slune\u010dn\u00ed kvalita, schopnost o\u017eivit skute\u010dnou podstatu \u010dlov\u011bka, aby pln\u011b projevil sv\u016fj potenci\u00e1l p\u0159\u00ednosu pro pozemskou harmonii, v\u0161eho a v\u0161ech<\/p>\n\n\n\n<p><strong>Akar Rasol &#8211; to jm\u00e9no nezn\u00ed moc \u010desky\u2026<\/strong><br>I kdy\u017e jsem se narodil sem, do \u010cech, jsem druh\u00fdmi vid\u011bn jako Str\u00e1\u017ece Slovan\u016f a jsem nad v\u0161emi rasami. Jsem inkarnov\u00e1n jako lidsk\u00e1 bytost, kter\u00e1 nerozli\u0161uje n\u00e1rodnosti, rasy, barvy pleti. Vid\u00edm nitro \u010dlov\u011bka a v\u017edy se zam\u011b\u0159uji na jeho podstatu, to ale neznamen\u00e1, \u017ee dovol\u00edm na sob\u011b parazitovat t\u011bm, kte\u0159\u00ed na svoji podstatu zapomn\u011bli.<\/p>\n\n\n\n<p><strong>Kdy jsi za\u010dal v\u011bdom\u011b ch\u00e1pat, \u017ee se tv\u016fj \u201eoby\u010dejn\u00fd\u201c \u017eivot za\u010d\u00edn\u00e1 markantn\u011b prom\u011b\u0148ovat?<\/strong><br>V&nbsp;lednu roku 2004 jsem byl u kineziologa a informace, kter\u00e9 mi p\u0159edal, ot\u0159\u00e1sly m\u00fdm hmotn\u00fdm pohledem na sv\u011bt\u2026 otev\u0159elo se mi vid\u011bn\u00ed.<\/p>\n\n\n\n<p><strong>Vn\u00edmal jsi u\u017e v&nbsp;d\u011btstv\u00ed ur\u010ditou odli\u0161nost ve vid\u011bn\u00ed sv\u011bta i \u017eivota?<br><\/strong>Ano, ve \u010dty\u0159ech letech jsem odm\u00edtl j\u00edt do \u0161kolky a po vstupu na z\u00e1kladn\u00ed \u0161kolu jsem za\u010dal pro\u017e\u00edvat vnit\u0159n\u00ed bezmoc \u2013 nech\u00e1pal jsem, pro\u010d se chod\u00ed do \u0161koly, pro\u010d se spolu\u017e\u00e1ci chovaj\u00ed tak, jak se chovaj\u00ed a u\u010ditel\u00e9 taky a cel\u00fd ten proces \u2013 sed\u011bt v&nbsp;lavici, ps\u00e1t, muset se u\u010dit\u2026 Ta nucen\u00e1 povinnost m\u011b ni\u010dila. Za\u010dal jsem vid\u011bt, jak se kdo chov\u00e1, byli pro m\u011b \u010diteln\u00ed a p\u0159edv\u00eddateln\u00ed.<\/p>\n\n\n\n<p><strong>Kdo t\u011b poprv\u00e9 upozornil na to, \u017ee bys m\u011bl pracovat nejen s\u00e1m se sebou, ale i s&nbsp;druh\u00fdmi?<\/strong><br>Jednak ten kineziolog a o rok pozd\u011bji i moje reiki mistrov\u00e1, kter\u00e1 se m\u011b na nic neptala a prost\u011b za\u010dala lidem, kte\u0159\u00ed pot\u0159ebovali pomoci, d\u00e1vat moje telefonn\u00ed \u010d\u00edslo. \u0158\u00edkala mi, \u017ee v\u00edm, co s&nbsp;nimi m\u00e1m d\u011blat, i ona sama m\u011b po\u017e\u00e1dala o pomoc. Dal jsem ji informace a vy\u010distil ji linie mistr\u016f.<\/p>\n\n\n\n<p><strong>Jak se pak rozv\u00edjela tato cesta a tv\u00e1 pomoc druh\u00fdm?<\/strong><br>Za\u010dali mi pro ty, kte\u0159\u00ed hledali odpov\u011bdi dlouh\u00e1 l\u00e9ta, chodit z\u00e1sadn\u00ed informace. Lidem za\u010daly odch\u00e1zet fyzick\u00e9 bolesti nebo nap\u0159\u00edklad b\u011bhem n\u011bkolika minut zmizela vysok\u00e1 hore\u010dka u mal\u00e9ho d\u00edt\u011bte. V&nbsp;nemocnici si l\u00e9ka\u0159i nev\u011bd\u011bli rady s&nbsp;p\u016flro\u010dn\u00edm chlape\u010dkem, odpojili ho od p\u0159\u00edstroj\u016f. Polo\u017eil jsem na n\u011bj ruku, promluvil jsem s&nbsp;n\u00edm na \u00farovni du\u0161e, p\u0159estal plakat a nastoupil cestu uzdraven\u00ed se. Jin\u00fd p\u0159\u00edklad, kdy jsem hovo\u0159il na \u00farovni du\u0161e s&nbsp;mu\u017eem, kter\u00fd m\u011bl ji\u017e v\u011bt\u0161\u00ed \u010d\u00e1st mo\u010dov\u00e9ho m\u011bch\u00fd\u0159e odum\u0159el\u00e9ho n\u00e1dorem. Druh\u00fd den po rozhovoru vstal z&nbsp;postele a odejel pracovat na chatu a t\u0159i t\u00fddny po tomto rozhovoru p\u0159i l\u00e9ka\u0159sk\u00e9m vy\u0161et\u0159en\u00ed byl mo\u010dov\u00fd m\u011bch\u00fd\u0159 zcela zdrav\u00fd.<\/p>\n\n\n\n<p><strong>Jsi hodn\u011b aktivn\u00ed na soci\u00e1ln\u00edch s\u00edt\u00edch, doslova probouz\u00ed\u0161 lid, jak\u00e9 m\u00e1\u0161 ohlasy?<br><\/strong>Lid\u00e9 p\u00ed\u0161\u00ed, \u017ee m\u00e9 statusy jim p\u0159ich\u00e1z\u00ed v\u017edy v&nbsp;prav\u00fd \u010das. T\u0159eba se r\u00e1no probud\u00ed a \u201en\u011bco jim chyb\u00ed&#8220; otev\u0159ou po\u010d\u00edta\u010d a vysko\u010d\u00ed na n\u011b m\u016fj koment\u00e1\u0159 nebo p\u0159\u00edsp\u011bvek, kter\u00fd p\u0159esn\u011b zodpov\u00ed jejich nitern\u00e9 ot\u00e1zky.<\/p>\n\n\n\n<p><strong>Toto funguje naprosto skv\u011ble. Pokud se \u010dlov\u011bk pt\u00e1, odpov\u011b\u010f mu p\u0159ijde.<\/strong><br>\u0158ekl bych to asi tak, Existence m\u011b zcela vede. Kolikr\u00e1t se mi ani nechce, p\u0159esto mus\u00edm, proto\u017ee to prost\u011b n\u011bkdo pot\u0159ebuje. D\u00e1m to do virtu\u00e1ln\u00edho prostoru a lid\u00e9 d\u011bkuj\u00ed.<\/p>\n\n\n\n<p><strong>T\u00e9mata sou\u010dasn\u00e9 doby<\/strong><br><strong>Jak vn\u00edm\u00e1\u0161 sou\u010dasnou dobu, co se konkr\u00e9tn\u011b d\u011bje s&nbsp;lidstvem?<\/strong><br>Existence vytv\u00e1\u0159\u00ed podm\u00ednky i v&nbsp;podob\u011b tlaku, aby ka\u017ed\u00fd jednotlivec na\u0161el sebe sama \u2013 bo\u017e\u00ed \u010d\u00e1ste\u010dku, kter\u00e1 je sou\u010d\u00e1st\u00ed Celku \u2013 Boha. Lid\u00e9 ztratili kontakt s&nbsp;Bohem \u2013 Celkem \u2013 Existenc\u00ed a nyn\u00ed je na n\u011b vyv\u00edjen pr\u00e1v\u011b tento tlak, aby se probudili, aby na\u0161li smysl a posl\u00e1n\u00ed, se kter\u00fdm sem p\u016fvodn\u011b p\u0159i\u0161li. Jsme v&nbsp;z\u00e1sadn\u00ed dob\u011b na kl\u00ed\u010dov\u00e9m m\u00edst\u011b a je nutn\u00e9 naj\u00edt sebe sama, proto ten obrovsk\u00fd tlak a zd\u00e1nliv\u00fd chaos&#8230;<\/p>\n\n\n\n<p><\/p>\n\n\n\n<p><\/p>\n\n\n\n<h2 class=\"wp-block-heading\"><strong>&nbsp;<\/strong><\/h2>\n","protected":false},"excerpt":{"rendered":"<p>V na\u0161em vydavatelstv\u00ed vy\u0161la kniha rozhovor\u016f se sedmi zaj\u00edmav\u00fdmi mu\u017ei, jej\u00ed autorka Mark\u00e9ta Vostr\u00e1 pro ni vybrala zaj\u00edmav\u00fd, neobvykl\u00fd, a z\u00e1rove\u0148 hrav\u00fd n\u00e1zev: poly_d\u0161t\u011bn\u00ed MU\u017d\u016e. Mark\u00e9ta se t\u011bchto &#8222;sedmi state\u010dn\u00fdch&#8220; \u2013 sedmi osobnost\u00ed, kte\u0159\u00ed p\u016fsob\u00ed v r\u016fzn\u00fdch oblastech \u017eivota, ptala po sv\u00e9m a trochu jinak, ne\u017e b\u00fdv\u00e1 v\u011bt\u0161inou p\u0159i rozhovorech obvykl\u00e9, a vznikla kniha &#8222;rozhovor\u016f bez z\u00e1bran&#8220;, kter\u00e1 \u010dten\u00e1\u0159e nepochybn\u011b zaujme. Mark\u00e9ta p\u00e1ny vyzpov\u00eddala d\u016fkladn\u011b, o \u010dem\u017e sv\u011bd\u010d\u00ed i rozsah knihy (336 stran), knihu zdob\u00ed fotky od Pavla Ovs\u00edka a Stanislava V\u00edte\u010dka. A kdo jsou tito mu\u017ei? Igor Chaun, Jaroslav Vydr\u017eel, Zden\u011bk Sokol, Petr Bendl, Jaroslav Kovanda, Milo\u0161 Vac\u00edk a Julius H\u016flek. Vybrali jsme uk\u00e1zku z jednoho rozhovoru, abyste si mohli ud\u011blat sami p\u0159edstavu. Knihu, kter\u00e1 m\u016f\u017ee b\u00fdt i velmi p\u011bkn\u00fdm v\u00e1no\u010dn\u00edm d\u00e1rkem, z\u00edsk\u00e1te na na\u0161em e-shopu. Cesta zm\u011bny Jak se z&nbsp;Jaroslava Kovandy stal Akar Rasol?V&nbsp;b\u0159eznu roku 2020 u m\u011b byla na konstelac\u00edch Ramona Siringlen. P\u0159ibli\u017en\u011b za dva dny mi napsala, \u017ee se j\u00ed uk\u00e1zalo jedno z&nbsp;m\u00fdch jmen \u201em\u00e9\u201c du\u0161e a to jm\u00e9no je Aka. Probudil jsem se dal\u0161\u00ed den s&nbsp;t\u00edm, \u017ee u\u017e nemohu pou\u017e\u00edvat jm\u00e9no p\u0159id\u011blen\u00e9 jm\u00e9no a po\u017e\u00e1dal jsem Ramonu o dal\u0161\u00ed \u2026 a p\u0159i\u0161el Rasol. Cht\u011bl jsem si ho hned d\u00e1t na facebook, ale n\u011bjak to ne\u0161lo. V&nbsp;\u010dervenci mi d\u011blala rozbor snu Radka Ardenae a mimo jin\u00e9 mi sd\u011blila, \u017ee jm\u00e9no by m\u011blo b\u00fdt pos\u00edleno o p\u00edsmeno \u201er&#8220;, tedy na Akar Rasol. Facebook to okam\u017eit\u011b vzal a tak od \u010dervence roku 2020 pou\u017e\u00edv\u00e1m jm\u00e9no Du\u0161e. Co toto jm\u00e9no vyjad\u0159uje konkr\u00e9tn\u011b?A \u2013 pos\u00edlen\u00edKA &#8211; Du\u0161e &#8211; V\u011bdom\u00e1 du\u0161e se schopnost\u00ed dov\u00e9st ostatn\u00ed du\u0161e k&nbsp;sebeuv\u011bdom\u011bn\u00edR &#8211; pos\u00edlen\u00ed pro pobyt na Zemi ve 3D, proto\u017ee vibruji na jemn\u00fdch frekvenc\u00edch a pobyt ve hrubohmotn\u00fdch sf\u00e9r\u00e1ch je pro m\u011b n\u00e1ro\u010dn\u00fd zejm\u00e9na na mno\u017estv\u00ed vynalo\u017een\u00e9 energieRA &#8211; po\u010d\u00e1tek, Zdroj, vid\u00edm u lid\u00ed jejich skute\u010dnou podstatu, posl\u00e1n\u00ed a m\u00e1m pro n\u011b jasn\u00e9 informace, jak\u00fdmi fyzick\u00fdmi kroky dosp\u011bt k&nbsp;celistvostiSOL &#8211; slune\u010dn\u00ed kvalita, schopnost o\u017eivit skute\u010dnou podstatu \u010dlov\u011bka, aby pln\u011b projevil sv\u016fj potenci\u00e1l p\u0159\u00ednosu pro pozemskou harmonii, v\u0161eho a v\u0161ech Akar Rasol &#8211; to jm\u00e9no nezn\u00ed moc \u010desky\u2026I kdy\u017e jsem se narodil sem, do \u010cech, jsem druh\u00fdmi vid\u011bn jako Str\u00e1\u017ece Slovan\u016f a jsem nad v\u0161emi rasami. Jsem inkarnov\u00e1n jako lidsk\u00e1 bytost, kter\u00e1 nerozli\u0161uje n\u00e1rodnosti, rasy, barvy pleti. Vid\u00edm nitro \u010dlov\u011bka a v\u017edy se zam\u011b\u0159uji na jeho podstatu, to ale neznamen\u00e1, \u017ee dovol\u00edm na sob\u011b parazitovat t\u011bm, kte\u0159\u00ed na svoji podstatu zapomn\u011bli. Kdy jsi za\u010dal v\u011bdom\u011b ch\u00e1pat, \u017ee se tv\u016fj \u201eoby\u010dejn\u00fd\u201c \u017eivot za\u010d\u00edn\u00e1 markantn\u011b prom\u011b\u0148ovat?V&nbsp;lednu roku 2004 jsem byl u kineziologa a informace, kter\u00e9 mi p\u0159edal, ot\u0159\u00e1sly m\u00fdm hmotn\u00fdm pohledem na sv\u011bt\u2026 otev\u0159elo se mi vid\u011bn\u00ed. Vn\u00edmal jsi u\u017e v&nbsp;d\u011btstv\u00ed ur\u010ditou odli\u0161nost ve vid\u011bn\u00ed sv\u011bta i \u017eivota?Ano, ve \u010dty\u0159ech letech jsem odm\u00edtl j\u00edt do \u0161kolky a po vstupu na z\u00e1kladn\u00ed \u0161kolu jsem za\u010dal pro\u017e\u00edvat vnit\u0159n\u00ed bezmoc \u2013 nech\u00e1pal jsem, pro\u010d se chod\u00ed do \u0161koly, pro\u010d se spolu\u017e\u00e1ci chovaj\u00ed tak, jak se chovaj\u00ed a u\u010ditel\u00e9 taky a cel\u00fd ten proces \u2013 sed\u011bt v&nbsp;lavici, ps\u00e1t, muset se u\u010dit\u2026 Ta nucen\u00e1 povinnost m\u011b ni\u010dila. Za\u010dal jsem vid\u011bt, jak se kdo chov\u00e1, byli pro m\u011b \u010diteln\u00ed a p\u0159edv\u00eddateln\u00ed. Kdo t\u011b poprv\u00e9 upozornil na to, \u017ee bys m\u011bl pracovat nejen s\u00e1m se sebou, ale i s&nbsp;druh\u00fdmi?Jednak ten kineziolog a o rok pozd\u011bji i moje reiki mistrov\u00e1, kter\u00e1 se m\u011b na nic neptala a prost\u011b za\u010dala lidem, kte\u0159\u00ed pot\u0159ebovali pomoci, d\u00e1vat moje telefonn\u00ed \u010d\u00edslo. \u0158\u00edkala mi, \u017ee v\u00edm, co s&nbsp;nimi m\u00e1m d\u011blat, i ona sama m\u011b po\u017e\u00e1dala o pomoc. Dal jsem ji informace a vy\u010distil ji linie mistr\u016f. Jak se pak rozv\u00edjela tato cesta a tv\u00e1 pomoc druh\u00fdm?Za\u010dali mi pro ty, kte\u0159\u00ed hledali odpov\u011bdi dlouh\u00e1 l\u00e9ta, chodit z\u00e1sadn\u00ed informace. Lidem za\u010daly odch\u00e1zet fyzick\u00e9 bolesti nebo nap\u0159\u00edklad b\u011bhem n\u011bkolika minut zmizela vysok\u00e1 hore\u010dka u mal\u00e9ho d\u00edt\u011bte. V&nbsp;nemocnici si l\u00e9ka\u0159i nev\u011bd\u011bli rady s&nbsp;p\u016flro\u010dn\u00edm chlape\u010dkem, odpojili ho od p\u0159\u00edstroj\u016f. Polo\u017eil jsem na n\u011bj ruku, promluvil jsem s&nbsp;n\u00edm na \u00farovni du\u0161e, p\u0159estal plakat a nastoupil cestu uzdraven\u00ed se. Jin\u00fd p\u0159\u00edklad, kdy jsem hovo\u0159il na \u00farovni du\u0161e s&nbsp;mu\u017eem, kter\u00fd m\u011bl ji\u017e v\u011bt\u0161\u00ed \u010d\u00e1st mo\u010dov\u00e9ho m\u011bch\u00fd\u0159e odum\u0159el\u00e9ho n\u00e1dorem. Druh\u00fd den po rozhovoru vstal z&nbsp;postele a odejel pracovat na chatu a t\u0159i t\u00fddny po tomto rozhovoru p\u0159i l\u00e9ka\u0159sk\u00e9m vy\u0161et\u0159en\u00ed byl mo\u010dov\u00fd m\u011bch\u00fd\u0159 zcela zdrav\u00fd. Jsi hodn\u011b aktivn\u00ed na soci\u00e1ln\u00edch s\u00edt\u00edch, doslova probouz\u00ed\u0161 lid, jak\u00e9 m\u00e1\u0161 ohlasy?Lid\u00e9 p\u00ed\u0161\u00ed, \u017ee m\u00e9 statusy jim p\u0159ich\u00e1z\u00ed v\u017edy v&nbsp;prav\u00fd \u010das. T\u0159eba se r\u00e1no probud\u00ed a \u201en\u011bco jim chyb\u00ed&#8220; otev\u0159ou po\u010d\u00edta\u010d a vysko\u010d\u00ed na n\u011b m\u016fj koment\u00e1\u0159 nebo p\u0159\u00edsp\u011bvek, kter\u00fd p\u0159esn\u011b zodpov\u00ed jejich nitern\u00e9 ot\u00e1zky. Toto funguje naprosto skv\u011ble. Pokud se \u010dlov\u011bk pt\u00e1, odpov\u011b\u010f mu p\u0159ijde.\u0158ekl bych to asi tak, Existence m\u011b zcela vede. Kolikr\u00e1t se mi ani nechce, p\u0159esto mus\u00edm, proto\u017ee to prost\u011b n\u011bkdo pot\u0159ebuje. D\u00e1m to do virtu\u00e1ln\u00edho prostoru a lid\u00e9 d\u011bkuj\u00ed. T\u00e9mata sou\u010dasn\u00e9 dobyJak vn\u00edm\u00e1\u0161 sou\u010dasnou dobu, co se konkr\u00e9tn\u011b d\u011bje s&nbsp;lidstvem?Existence vytv\u00e1\u0159\u00ed podm\u00ednky i v&nbsp;podob\u011b tlaku, aby ka\u017ed\u00fd jednotlivec na\u0161el sebe sama \u2013 bo\u017e\u00ed \u010d\u00e1ste\u010dku, kter\u00e1 je sou\u010d\u00e1st\u00ed Celku \u2013 Boha. Lid\u00e9 ztratili kontakt s&nbsp;Bohem \u2013 Celkem \u2013 Existenc\u00ed a nyn\u00ed je na n\u011b vyv\u00edjen pr\u00e1v\u011b tento tlak, aby se probudili, aby na\u0161li smysl a posl\u00e1n\u00ed, se kter\u00fdm sem p\u016fvodn\u011b p\u0159i\u0161li. Jsme v&nbsp;z\u00e1sadn\u00ed dob\u011b na kl\u00ed\u010dov\u00e9m m\u00edst\u011b a je nutn\u00e9 naj\u00edt sebe sama, proto ten obrovsk\u00fd tlak a zd\u00e1nliv\u00fd chaos&#8230; &nbsp;<\/p>\n","protected":false},"author":3,"featured_media":5796,"comment_status":"closed","ping_status":"closed","sticky":false,"template":"","format":"standard","meta":{"footnotes":""},"categories":[1,31,36],"tags":[],"class_list":["post-5774","post","type-post","status-publish","format-standard","has-post-thumbnail","hentry","category-medunka","category-pro-inspiraci","category-rozhovory"],"acf":[],"_links":{"self":[{"href":"https:\/\/www.mojemedunka.cz\/index.php\/wp-json\/wp\/v2\/posts\/5774","targetHints":{"allow":["GET"]}}],"collection":[{"href":"https:\/\/www.mojemedunka.cz\/index.php\/wp-json\/wp\/v2\/posts"}],"about":[{"href":"https:\/\/www.mojemedunka.cz\/index.php\/wp-json\/wp\/v2\/types\/post"}],"author":[{"embeddable":true,"href":"https:\/\/www.mojemedunka.cz\/index.php\/wp-json\/wp\/v2\/users\/3"}],"replies":[{"embeddable":true,"href":"https:\/\/www.mojemedunka.cz\/index.php\/wp-json\/wp\/v2\/comments?post=5774"}],"version-history":[{"count":7,"href":"https:\/\/www.mojemedunka.cz\/index.php\/wp-json\/wp\/v2\/posts\/5774\/revisions"}],"predecessor-version":[{"id":5784,"href":"https:\/\/www.mojemedunka.cz\/index.php\/wp-json\/wp\/v2\/posts\/5774\/revisions\/5784"}],"wp:featuredmedia":[{"embeddable":true,"href":"https:\/\/www.mojemedunka.cz\/index.php\/wp-json\/wp\/v2\/media\/5796"}],"wp:attachment":[{"href":"https:\/\/www.mojemedunka.cz\/index.php\/wp-json\/wp\/v2\/media?parent=5774"}],"wp:term":[{"taxonomy":"category","embeddable":true,"href":"https:\/\/www.mojemedunka.cz\/index.php\/wp-json\/wp\/v2\/categories?post=5774"},{"taxonomy":"post_tag","embeddable":true,"href":"https:\/\/www.mojemedunka.cz\/index.php\/wp-json\/wp\/v2\/tags?post=5774"}],"curies":[{"name":"wp","href":"https:\/\/api.w.org\/{rel}","templated":true}]}}