{"id":5488,"date":"2021-10-23T06:00:00","date_gmt":"2021-10-23T06:00:00","guid":{"rendered":"https:\/\/www.mojemedunka.cz\/?p=5488"},"modified":"2021-10-23T12:52:49","modified_gmt":"2021-10-23T12:52:49","slug":"pro-inspiraci-problemy-s-tvorbou-materskeho-mleka-pitna-bylinkova-kura","status":"publish","type":"post","link":"https:\/\/www.mojemedunka.cz\/index.php\/2021\/10\/23\/pro-inspiraci-problemy-s-tvorbou-materskeho-mleka-pitna-bylinkova-kura\/","title":{"rendered":"Pro inspiraci: Probl\u00e9my s\u00a0tvorbou mate\u0159sk\u00e9ho ml\u00e9ka + pitn\u00e1 bylinkov\u00e1 k\u00fara"},"content":{"rendered":"\n<p><strong>Z \u0159\u00edjnov\u00e9 Medu\u0148ky, jej\u00ed\u017e hlavn\u00ed t\u00e9ma je v\u011bnov\u00e1no \u017dEN\u00c1M<\/strong>, jsme tentokr\u00e1t vybrali na v\u00edkend trochu netypick\u00fd recept &#8211; bylinkovou k\u00faru pro \u017eeny &#8211; maminky, kter\u00e9 maj\u00ed probl\u00e9m s tvorbou mate\u0159sk\u00e9ho ml\u00e9ka. Recept je sou\u010d\u00e1st\u00ed \u010dl\u00e1nku <strong><em>Zde\u0148ky Vacul\u00edk Erlebachov\u00e9<\/em> Pe\u010dujte s l\u00e1skou a silou p\u0159\u00edrody o sv\u00e9 p\u016fvabn\u00e9 \u017eenstv\u00ed. V t\u00e9matu \u0159\u00edjnov\u00e9ho \u010d\u00edsla najdete \u0159adu rozmanit\u00e9 \u010dl\u00e1nky, t\u00fdkaj\u00edc\u00ed se r\u016fzn\u00fdch str\u00e1nek \u017eivota \u017eeny &#8211; a v\u0161echny jsou u\u017eite\u010dn\u00e9 a inspirativn\u00ed.   <\/strong><\/p>\n\n\n\n<p><strong>Probl\u00e9my s&nbsp;tvorbou mate\u0159sk\u00e9ho ml\u00e9ka<\/strong><br>Mnoho novope\u010den\u00fdch maminek se tr\u00e1p\u00ed proto, \u017ee maj\u00ed m\u00e1lo mate\u0159sk\u00e9ho ml\u00e9ka, p\u0159\u00ed\u010dinou m\u016f\u017ee b\u00fdt vadn\u00fd v\u00fdvoj ml\u00e9\u010dn\u00fdch \u017el\u00e1z, z\u00e1n\u011bt, nespavost, trauma po porodu nebo n\u011bjak\u00e9 v\u00e1\u017en\u011bj\u0161\u00ed onemocn\u011bn\u00ed.<br>Vhodn\u00e1 l\u00e9\u010dba zahrnuje velmi jemnou mas\u00e1\u017e, kaloricky vydatnou dietu, chladn\u011bj\u0161\u00ed koupele s&nbsp;nat\u00edr\u00e1n\u00edm cel\u00e9ho t\u011bla a proch\u00e1zky. P\u0159ipravila jsem pro v\u00e1s recept na skv\u011blou bylinkovou k\u00faru podle vyzkou\u0161en\u00e9ho receptu m\u00e9 babi\u010dky ko\u0159en\u00e1\u0159ky. Tato k\u00fara v\u00e1m pom\u016f\u017ee spustit mate\u0159sk\u00e9 ml\u00e9ko.<\/p>\n\n\n\n<p><strong>Bylinkov\u00e1 pitn\u00e1 k\u00fara na tvorbu mate\u0159sk\u00e9ho ml\u00e9ka<\/strong><br>Nejprve si sm\u00edch\u00e1me sypkou sm\u011bs bylin: 1PL (pol\u00e9vkovou l\u017e\u00edci) fenyklu, 1PL kontryhele, 1PL major\u00e1nky, 1PL jest\u0159abiny, 1PL semeno kopru. Sm\u011bs uchov\u00e1v\u00e1me ve velk\u00e9 sklenici s&nbsp;v\u00ed\u010dkem v&nbsp;temnu po dobu maxim\u00e1ln\u011b 1 roku. Pou\u017eit\u00ed: 3 \u0161\u00e1lky denn\u011b po j\u00eddle, na ka\u017ed\u00fd \u0161\u00e1lek spa\u0159\u00edme 1 k\u00e1vovou l\u017ei\u010dku sm\u011bsi a nech\u00e1me 15 minut vylouhovat. Pijeme z\u00e1sadn\u011b chladn\u00e9!<\/p>\n","protected":false},"excerpt":{"rendered":"<p>Z \u0159\u00edjnov\u00e9 Medu\u0148ky, jej\u00ed\u017e hlavn\u00ed t\u00e9ma je v\u011bnov\u00e1no \u017dEN\u00c1M, jsme tentokr\u00e1t vybrali na v\u00edkend trochu netypick\u00fd recept &#8211; bylinkovou k\u00faru pro \u017eeny &#8211; maminky, kter\u00e9 maj\u00ed probl\u00e9m s tvorbou mate\u0159sk\u00e9ho ml\u00e9ka. Recept je sou\u010d\u00e1st\u00ed \u010dl\u00e1nku Zde\u0148ky Vacul\u00edk Erlebachov\u00e9 Pe\u010dujte s l\u00e1skou a silou p\u0159\u00edrody o sv\u00e9 p\u016fvabn\u00e9 \u017eenstv\u00ed. V t\u00e9matu \u0159\u00edjnov\u00e9ho \u010d\u00edsla najdete \u0159adu rozmanit\u00e9 \u010dl\u00e1nky, t\u00fdkaj\u00edc\u00ed se r\u016fzn\u00fdch str\u00e1nek \u017eivota \u017eeny &#8211; a v\u0161echny jsou u\u017eite\u010dn\u00e9 a inspirativn\u00ed. Probl\u00e9my s&nbsp;tvorbou mate\u0159sk\u00e9ho ml\u00e9kaMnoho novope\u010den\u00fdch maminek se tr\u00e1p\u00ed proto, \u017ee maj\u00ed m\u00e1lo mate\u0159sk\u00e9ho ml\u00e9ka, p\u0159\u00ed\u010dinou m\u016f\u017ee b\u00fdt vadn\u00fd v\u00fdvoj ml\u00e9\u010dn\u00fdch \u017el\u00e1z, z\u00e1n\u011bt, nespavost, trauma po porodu nebo n\u011bjak\u00e9 v\u00e1\u017en\u011bj\u0161\u00ed onemocn\u011bn\u00ed.Vhodn\u00e1 l\u00e9\u010dba zahrnuje velmi jemnou mas\u00e1\u017e, kaloricky vydatnou dietu, chladn\u011bj\u0161\u00ed koupele s&nbsp;nat\u00edr\u00e1n\u00edm cel\u00e9ho t\u011bla a proch\u00e1zky. P\u0159ipravila jsem pro v\u00e1s recept na skv\u011blou bylinkovou k\u00faru podle vyzkou\u0161en\u00e9ho receptu m\u00e9 babi\u010dky ko\u0159en\u00e1\u0159ky. Tato k\u00fara v\u00e1m pom\u016f\u017ee spustit mate\u0159sk\u00e9 ml\u00e9ko. Bylinkov\u00e1 pitn\u00e1 k\u00fara na tvorbu mate\u0159sk\u00e9ho ml\u00e9kaNejprve si sm\u00edch\u00e1me sypkou sm\u011bs bylin: 1PL (pol\u00e9vkovou l\u017e\u00edci) fenyklu, 1PL kontryhele, 1PL major\u00e1nky, 1PL jest\u0159abiny, 1PL semeno kopru. Sm\u011bs uchov\u00e1v\u00e1me ve velk\u00e9 sklenici s&nbsp;v\u00ed\u010dkem v&nbsp;temnu po dobu maxim\u00e1ln\u011b 1 roku. Pou\u017eit\u00ed: 3 \u0161\u00e1lky denn\u011b po j\u00eddle, na ka\u017ed\u00fd \u0161\u00e1lek spa\u0159\u00edme 1 k\u00e1vovou l\u017ei\u010dku sm\u011bsi a nech\u00e1me 15 minut vylouhovat. Pijeme z\u00e1sadn\u011b chladn\u00e9!<\/p>\n","protected":false},"author":3,"featured_media":5439,"comment_status":"closed","ping_status":"closed","sticky":false,"template":"","format":"standard","meta":{"footnotes":""},"categories":[23,1,33,32,22],"tags":[],"class_list":["post-5488","post","type-post","status-publish","format-standard","has-post-thumbnail","hentry","category-deti","category-medunka","category-rady-a-tipy","category-recepty","category-rodina"],"acf":[],"_links":{"self":[{"href":"https:\/\/www.mojemedunka.cz\/index.php\/wp-json\/wp\/v2\/posts\/5488","targetHints":{"allow":["GET"]}}],"collection":[{"href":"https:\/\/www.mojemedunka.cz\/index.php\/wp-json\/wp\/v2\/posts"}],"about":[{"href":"https:\/\/www.mojemedunka.cz\/index.php\/wp-json\/wp\/v2\/types\/post"}],"author":[{"embeddable":true,"href":"https:\/\/www.mojemedunka.cz\/index.php\/wp-json\/wp\/v2\/users\/3"}],"replies":[{"embeddable":true,"href":"https:\/\/www.mojemedunka.cz\/index.php\/wp-json\/wp\/v2\/comments?post=5488"}],"version-history":[{"count":4,"href":"https:\/\/www.mojemedunka.cz\/index.php\/wp-json\/wp\/v2\/posts\/5488\/revisions"}],"predecessor-version":[{"id":5493,"href":"https:\/\/www.mojemedunka.cz\/index.php\/wp-json\/wp\/v2\/posts\/5488\/revisions\/5493"}],"wp:featuredmedia":[{"embeddable":true,"href":"https:\/\/www.mojemedunka.cz\/index.php\/wp-json\/wp\/v2\/media\/5439"}],"wp:attachment":[{"href":"https:\/\/www.mojemedunka.cz\/index.php\/wp-json\/wp\/v2\/media?parent=5488"}],"wp:term":[{"taxonomy":"category","embeddable":true,"href":"https:\/\/www.mojemedunka.cz\/index.php\/wp-json\/wp\/v2\/categories?post=5488"},{"taxonomy":"post_tag","embeddable":true,"href":"https:\/\/www.mojemedunka.cz\/index.php\/wp-json\/wp\/v2\/tags?post=5488"}],"curies":[{"name":"wp","href":"https:\/\/api.w.org\/{rel}","templated":true}]}}