{"id":3603,"date":"2020-09-21T18:00:47","date_gmt":"2020-09-21T18:00:47","guid":{"rendered":"http:\/\/www.mojemedunka.cz\/?p=3603"},"modified":"2020-09-18T08:06:47","modified_gmt":"2020-09-18T08:06:47","slug":"knihy-z-nasi-edice","status":"publish","type":"post","link":"https:\/\/www.mojemedunka.cz\/index.php\/2020\/09\/21\/knihy-z-nasi-edice\/","title":{"rendered":"Jak n\u00e1m \u0161kod\u00ed elektromagnetick\u00e1 pole a 5G s\u00edt\u011b&#8230;"},"content":{"rendered":"\n<p><strong>Auto\u0159i knih<\/strong>, kter\u00e9 vych\u00e1zej\u00ed v na\u0161\u00ed edici <strong><em>Knihovni\u010dka Medu\u0148ky,<\/em><\/strong> se v\u011bnuj\u00ed <strong>\u0161irok\u00e9mu spektru t\u00e9mat <\/strong>&#8211; zdrav\u00ed, \u017eivotn\u00edmu stylu, psychologii a vztah\u016fm, v\u00fdchov\u011b d\u011bt\u00ed, v\u00fd\u017eiv\u011b a zdrav\u00e9mu stravov\u00e1n\u00ed, ekologii, osobnostn\u00edmu rozvoji, j\u00f3ze a mnoha dal\u0161\u00edm a samoz\u0159ejm\u011b reaguj\u00ed tak\u00e9 na t\u00e9mta vysoce aktu\u00e1ln\u00ed. <strong>Pr\u00e1v\u011b z t\u00e9to oblasti je uk\u00e1zka, kterou jsme vybrali pro tento t\u00fdden z knihy prof. Anny Struneck\u00e9<em> \u0160i\u0161inka &#8211; okno do bo\u017e\u00edho internetu<\/em> &#8211; t\u00fdk\u00e1 se vysoce aktu\u00e1ln\u00edho t\u00e9matu elektromagnetick\u00e9ho pole a 5G s\u00edt\u00ed.   <\/strong><br>Krom\u011b toho se v knize tak\u00e9 dozv\u00edte nap\u0159\u00edklad, co je my\u0161leno pod pojmem <em>Bo\u017e\u00ed internet<\/em>, jak s t\u00edm souvis\u00ed <em>\u0161i\u0161inka<\/em>, co \u0161i\u0161ince \u0161kod\u00ed atd. Autorka je na z\u00e1klad\u011b vlastn\u00edch poznatk\u016f i zku\u0161enost\u00ed p\u0159esv\u011bd\u010den\u00e1, \u017ee \u0161i\u0161inka jako t\u0159et\u00ed \u00a0oko p\u0159edstavuje jakousi na\u0161i wi-fi ant\u00e9nu k\u00a0vesm\u00edrn\u00e9mu \u010di &#8222;Bo\u017e\u00edmu internetu&#8220;&#8230; <strong>Kniha vy\u0161la letos na ja\u0159e a zakoup\u00edte ji na <a href=\"http:\/\/www.obchodmedunka.cz\">www.obchodmedunka.cz<\/a><\/strong> nebo na<strong><a href=\"http:\/\/www.knihovnicka medunky.cz\"> www.knihovnickamedunky.cz<\/a><\/strong><\/p>\n\n\n\n<p> <strong> <\/strong><\/p>\n\n\n\n<p><\/p>\n\n\n\n<p><\/p>\n\n\n\n<p><strong>Jak n\u00e1m \u0161kod\u00ed elektromagnetick\u00e1 pole a 5G s\u00edt\u011b<\/strong><br>V n\u00e1sleduj\u00edc\u00edch dvou letech cht\u011bj\u00ed telekomunika\u010dn\u00ed spole\u010dnosti za pomoci jednotliv\u00fdch st\u00e1tn\u00edch vl\u00e1d instalovat 5G s\u00ed\u0165 po cel\u00e9m sv\u011bt\u011b. Je to nahl\u00ed\u017eeno jako dosud nejv\u011bt\u0161\u00ed spole\u010densk\u00e1 zm\u011bna v celosv\u011btov\u00e9m m\u011b\u0159\u00edtku. O nebezpe\u010d\u00ed elektromagnetick\u00fdch pol\u00ed (EMF,&nbsp;z anglick\u00e9ho Electromagnetic Field) se vedou po dlouh\u00e1 l\u00e9ta diskuse mezi t\u011bmi, kdo p\u0159esv\u011bd\u010duj\u00ed \u0161irokou ve\u0159ejnost, \u017ee bezdr\u00e1tov\u00e9 komunika\u010dn\u00ed s\u00edt\u011b ne\u0161kod\u00ed, a t\u011bmi, kdo upozor\u0148uj\u00ed na jejich nebezpe\u010d\u00ed. EMF nem\u016f\u017eeme vid\u011bt, sly\u0161et ani c\u00edtit. V\u011bt\u0161ina lid\u00ed je ani nevn\u00edm\u00e1. Ale biologick\u00e9 \u00fa\u010dinky se na na\u0161em t\u011ble projevuj\u00ed bez ohledu na to, zda EMF vn\u00edm\u00e1me. Varov\u00e1n\u00ed odborn\u00edk\u016f, v\u011bdc\u016f, fyzik\u016f, l\u00e9ka\u0159\u016f a mnoha dal\u0161\u00edch profes\u00ed zes\u00edlila zejm\u00e9na ve spojitosti se zav\u00e1d\u011bn\u00edm 5G s\u00edt\u00ed, jak jsem uvedla v p\u0159edmluv\u011b s odkazem na vznik Sv\u011btov\u00e9 v\u00fdzvy <em>Zastavme projekt 5G na Zemi i ve vesm\u00edru,<\/em> adresovan\u00e9 OSN, WHO, EU, Evropsk\u00e9 Rad\u011b a vl\u00e1d\u00e1m v\u0161ech n\u00e1rod\u016f (4). V&nbsp;t\u00e9to v\u00fdzv\u011b se zd\u016fraz\u0148uje, \u017ee \u201e<em>nen\u00ed v\u0161eobecn\u011b zn\u00e1mo, \u017ee to bude znamenat dosud nejv\u011bt\u0161\u00ed zm\u011bnu \u017eivotn\u00edho prost\u0159ed\u00ed v celosv\u011btov\u00e9m +m\u011b\u0159\u00edtku\u201d<\/em>.<br>I v&nbsp;\u010cesk\u00e9 republice se lid\u00e9 ve zv\u00fd\u0161en\u00e9 m\u00ed\u0159e zaj\u00edmaj\u00ed o skryt\u00e1 nebezpe\u010d\u00ed a obracej\u00ed se na St\u00e1tn\u00ed zdravotn\u00ed \u00fastav (SZ\u00da). Ten uve\u0159ejnil informace reaguj\u00edc\u00ed na rostouc\u00ed po\u010det dotaz\u016f, t\u00fdkaj\u00edc\u00edch se p\u0159ipravenosti \u010cesk\u00e9 republiky v r\u00e1mci ochrany zdrav\u00ed p\u0159ed elektromagnetick\u00fdm polem (neionizuj\u00edc\u00edm z\u00e1\u0159en\u00edm) generovan\u00fdm telekomunika\u010dn\u00edm syst\u00e9mem 5G. V posledn\u00edm dokumentu (l\u00e9to 2019) (44) stoj\u00ed:<br>\u201e<em>Zav\u00e1d\u011bn\u00ed telekomunika\u010dn\u00ed s\u00edt\u011b p\u00e1t\u00e9 generace je spojeno s obavami o zdrav\u00ed osob, kter\u00e9 budou exponov\u00e1ny elektromagnetick\u00e9mu poli ve frekven\u010dn\u00edm p\u00e1smu centimetrov\u00fdch a milimetrov\u00fdch vln generovan\u00fdch r\u00e1diov\u00fdm rozhran\u00edm tohoto syst\u00e9mu. S obavami p\u0159ich\u00e1z\u00ed i zna\u010dn\u00fd po\u010det dezinformac\u00ed, kter\u00e9 se za pomoci internetu rychle \u0161\u00ed\u0159\u00ed. N\u00e1sledn\u00e9 apely n\u011bkter\u00fdch ob\u010dan\u016f k zastaven\u00ed budov\u00e1n\u00ed nov\u00e9 telekomunika\u010dn\u00ed s\u00edt\u011b tak z\u00edsk\u00e1vaj\u00ed iracion\u00e1ln\u00ed n\u00e1dech. V takov\u00e9 situaci je d\u016fle\u017eit\u00e9 danou problematiku racionalizovat a popsat v\u011bdecky ov\u011b\u0159en\u00e1 rizika, kter\u00e1 z pou\u017e\u00edv\u00e1n\u00ed dan\u00e9 technologie plynou. Tento postup se uk\u00e1zal jako \u00fa\u010dinn\u00fd i v p\u0159edchoz\u00edch vln\u00e1ch obav, kter\u00e9 byly spojeny s r\u00e1diov\u00fdm a televizn\u00edm vys\u00edl\u00e1n\u00edm, rozvodem elektrick\u00e9 energie, po\u010d\u00edta\u010dov\u00fdmi monitory a mobiln\u00edmi s\u00edt\u011bmi p\u0159edchoz\u00edch generac\u00ed, p\u0159edev\u0161\u00edm t\u00e9 druh\u00e9. D\u016fle\u017eitou ingredienc\u00ed \u00fasp\u011bchu bylo t\u00e9\u017e nepou\u017eit\u00ed principu p\u0159edb\u011b\u017en\u00e9 opatrnosti, kter\u00fd by vedl jednak k rozdm\u00fdch\u00e1n\u00ed obav, a tak\u00e9 k zastaven\u00ed v\u00fdvoje dan\u00e9 technologie a jej\u00edmu faktick\u00e9mu z\u00e1niku, to v\u0161e bez pozitivn\u00edho efektu na zdrav\u00ed exponovan\u00fdch osob.\u201c<\/em><br>Z&nbsp;t\u00e9to uk\u00e1zky je z\u0159ejm\u00e9, \u017ee odborn\u00edci SZ\u00da nevid\u00ed \u017e\u00e1dnou v\u00e1\u017enou hrozbu pro zdrav\u00ed ob\u010dan\u016f, spojenou se zav\u00e1d\u011bn\u00edm 5G s\u00edt\u00ed. Na rozd\u00edl od nich signat\u00e1\u0159i Sv\u011btov\u00e9 v\u00fdzvy (4) p\u00ed\u0161ou: \u201e<em>Navzdory plo\u0161n\u00e9mu pop\u00edr\u00e1n\u00ed jsou d\u016fkazy o \u0161kodlivosti EMF pro \u017eiv\u00e9 organismy alarmuj\u00edc\u00ed. Existuje v\u00edce ne\u017e 10 000 oponovan\u00fdch studi\u00ed. Ty zpracov\u00e1vaj\u00ed nashrom\u00e1\u017ed\u011bn\u00e9 klinick\u00e9 d\u016fkazy o p\u0159\u00ed\u010din\u00e1ch chorob lidsk\u00e9 populace, experiment\u00e1ln\u00ed d\u016fkazy o po\u0161kozen\u00ed DNA, bun\u011bk a org\u00e1nov\u00fdch syst\u00e9m\u016f lid\u00ed, rostlin i zv\u00ed\u0159at. Popisuj\u00ed tak\u00e9 epidemiologick\u00e9 d\u016fkazy, \u017ee hlavn\u00ed civiliza\u010dn\u00ed choroby (karcinomy, srde\u010dn\u00ed choroby a diabetes) jsou z velk\u00e9 \u010d\u00e1sti zp\u016fsobeny elektromagnetick\u00fdm zne\u010di\u0161t\u011bn\u00edm.\u201c<\/em><br>Ji\u017e v roce 2015 p\u0159edalo 215 v\u011bdc\u016f ze 41 zem\u00ed sv\u00e9 obavy Organizaci spojen\u00fdch n\u00e1rod\u016f (OSN) a Sv\u011btov\u00e9 zdravotnick\u00e9 organizaci (WHO) (45). Uv\u00e1d\u011bj\u00ed, \u017ee soudob\u00e9 v\u011bdeck\u00e9 v\u00fdzkumy ukazuj\u00ed, \u017ee elektromagnetick\u00e9 pole m\u00e1 \u0161kodliv\u00fd dopad na \u017eiv\u00e9 organismy ji\u017e v daleko men\u0161\u00edch d\u00e1vk\u00e1ch, ne\u017e jak\u00e9 povoluj\u00ed mezin\u00e1rodn\u00ed a n\u00e1rodn\u00ed sm\u011brnice.<\/p>\n\n\n\n<ul class=\"wp-block-list\"><li>Elektromagnetick\u00e1 pole maj\u00ed jak okam\u017eit\u00e9, tak dlouhodob\u00e9 \u00fa\u010dinky na zdrav\u00ed. Ovlivn\u011bn\u00ed mozkov\u00fdch funkc\u00ed, projevuj\u00edc\u00ed se ve zm\u011bn\u00e1ch v elektroencefalogramu nebo i n\u00e1hl\u00e9 zm\u011bny srde\u010dn\u00ed aktivity, jsou p\u0159\u00edkladem okam\u017eit\u00fdch \u00fa\u010dink\u016f. P\u0159\u00edkladem dlouhodob\u00fdch \u00fa\u010dink\u016f jsou p\u0159edev\u0161\u00edm n\u00e1dorov\u00e1 onemocn\u011bn\u00ed, chronick\u00e9 srde\u010dn\u00ed choroby a metabolick\u00e9 poruchy, jako je cukrovka 2. typu.&nbsp; Syndrom nazvan\u00fd \u201eelektromagnetick\u00e1 p\u0159ecitliv\u011blost\u201c se st\u00e1le zvy\u0161uje a v sou\u010dasn\u00e9 dob\u011b postihuje a\u017e 13 % osob. Profesor Dr. Karl Hecht publikoval detailn\u00ed historii t\u011bchto syndrom\u016f, slo\u017eenou z v\u00edce ne\u017e patn\u00e1cti set rusk\u00fdch v\u011bdeck\u00fdch dokumentac\u00ed a v\u00edce ne\u017e tis\u00edce kazuistik sv\u00fdch vlastn\u00edch n\u011bmeck\u00fdch pacient\u016f. V objektivn\u00edch n\u00e1lezech byly p\u0159\u00edtomny poruchy sp\u00e1nku, nefyziologick\u00fd krevn\u00ed tlak a zm\u011bny srde\u010dn\u00ed frekvence, tr\u00e1vic\u00ed poruchy, ztr\u00e1ta ochlupen\u00ed a ko\u017en\u00ed vyr\u00e1\u017eky. Subjektivn\u00ed spektrum poruch zahrnovalo nevolnost, z\u00e1vrat\u011b, \u0161um v u\u0161\u00edch, bolesti hlavy, ztr\u00e1tu pam\u011bti, poruchy koncentrace, dlouhodobou \u00fanavu, ch\u0159ipkov\u00e9 symptomy a bolest v krajin\u011b srde\u010dn\u00ed (4). V\u00fd\u010det \u0161kodliv\u00fdch \u00fa\u010dink\u016f EMF na lidsk\u00e9 zdrav\u00ed (4) uv\u00e1d\u00ed: <\/li><li>poruchy srde\u010dn\u00edho rytmu<\/li><li>genov\u00e9 mutace<\/li><li>poruchy metabolismu<\/li><li>poruchy zr\u00e1n\u00ed kmenov\u00fdch bun\u011bk<\/li><li>karcinomy &nbsp;&nbsp;&nbsp;&nbsp;&nbsp;&nbsp;&nbsp;&nbsp;&nbsp;&nbsp;&nbsp;&nbsp;&nbsp;&nbsp;&nbsp;&nbsp;&nbsp;&nbsp;&nbsp;&nbsp;&nbsp;&nbsp;&nbsp;&nbsp;&nbsp;&nbsp;&nbsp;&nbsp;&nbsp;&nbsp;&nbsp;&nbsp;&nbsp;&nbsp;&nbsp;&nbsp;&nbsp;&nbsp;&nbsp;&nbsp;<\/li><li>kardiovaskul\u00e1rn\u00ed choroby<\/li><li>kognitivn\u00ed poruchy<\/li><li>po\u0161kozen\u00ed DNA<\/li><li>dopad na obecnou kvalitu \u017eivota<\/li><li>vzestup voln\u00fdch radik\u00e1l\u016f<\/li><li>poruchy pam\u011bti a u\u010den\u00ed<\/li><li>po\u0161kozen\u00ed kvality spermatu<\/li><li>potraty<\/li><li>neurologick\u00e9 po\u0161kozen\u00ed<\/li><li>obezita a diabetes<\/li><li>poruchy oxida\u010dn\u00edch mechanism\u016f<br><br>Ne\u017e\u00e1douc\u00ed efekty u d\u011bt\u00ed zahrnuj\u00ed autismus, poruchu pozornosti s hyperaktivitou (ADHD), i astma. Josef Mercola, zn\u00e1m\u00fd populariz\u00e1tor v\u011bdy a vydavatel voln\u011b dostupn\u00e9ho elektronick\u00e9ho \u010dasopisu <em>Natural Health Newsletter<\/em> shrnul tato nebezpe\u010d\u00ed ve sv\u00e9 nov\u00e9 knize nazvan\u00e9 <em>EMF*D<\/em> (46).Nerada publikuji a \u0161\u00ed\u0159\u00edm \u201ekatastrofick\u00e9 sc\u00e9n\u00e1\u0159e\u201c. Nicm\u00e9n\u011b zd\u00e1 se, \u017ee v\u011bdeck\u00e9 d\u016fkazy o \u0161kodlivosti EMF bychom nem\u011bli ignorovat a myslet nejenom na svoje zdrav\u00ed, ale i na zdrav\u00ed budouc\u00edch generac\u00ed. <\/li><\/ul>\n\n\n\n<p><\/p>\n","protected":false},"excerpt":{"rendered":"<p>Auto\u0159i knih, kter\u00e9 vych\u00e1zej\u00ed v na\u0161\u00ed edici Knihovni\u010dka Medu\u0148ky, se v\u011bnuj\u00ed \u0161irok\u00e9mu spektru t\u00e9mat &#8211; zdrav\u00ed, \u017eivotn\u00edmu stylu, psychologii a vztah\u016fm, v\u00fdchov\u011b d\u011bt\u00ed, v\u00fd\u017eiv\u011b a zdrav\u00e9mu stravov\u00e1n\u00ed, ekologii, osobnostn\u00edmu rozvoji, j\u00f3ze a mnoha dal\u0161\u00edm a samoz\u0159ejm\u011b reaguj\u00ed tak\u00e9 na t\u00e9mta vysoce aktu\u00e1ln\u00ed. Pr\u00e1v\u011b z t\u00e9to oblasti je uk\u00e1zka, kterou jsme vybrali pro tento t\u00fdden z knihy prof. Anny Struneck\u00e9 \u0160i\u0161inka &#8211; okno do bo\u017e\u00edho internetu &#8211; t\u00fdk\u00e1 se vysoce aktu\u00e1ln\u00edho t\u00e9matu elektromagnetick\u00e9ho pole a 5G s\u00edt\u00ed. Krom\u011b toho se v knize tak\u00e9 dozv\u00edte nap\u0159\u00edklad, co je my\u0161leno pod pojmem Bo\u017e\u00ed internet, jak s t\u00edm souvis\u00ed \u0161i\u0161inka, co \u0161i\u0161ince \u0161kod\u00ed atd. Autorka je na z\u00e1klad\u011b vlastn\u00edch poznatk\u016f i zku\u0161enost\u00ed p\u0159esv\u011bd\u010den\u00e1, \u017ee \u0161i\u0161inka jako t\u0159et\u00ed \u00a0oko p\u0159edstavuje jakousi na\u0161i wi-fi ant\u00e9nu k\u00a0vesm\u00edrn\u00e9mu \u010di &#8222;Bo\u017e\u00edmu internetu&#8220;&#8230; Kniha vy\u0161la letos na ja\u0159e a zakoup\u00edte ji na www.obchodmedunka.cz nebo na www.knihovnickamedunky.cz Jak n\u00e1m \u0161kod\u00ed elektromagnetick\u00e1 pole a 5G s\u00edt\u011bV n\u00e1sleduj\u00edc\u00edch dvou letech cht\u011bj\u00ed telekomunika\u010dn\u00ed spole\u010dnosti za pomoci jednotliv\u00fdch st\u00e1tn\u00edch vl\u00e1d instalovat 5G s\u00ed\u0165 po cel\u00e9m sv\u011bt\u011b. Je to nahl\u00ed\u017eeno jako dosud nejv\u011bt\u0161\u00ed spole\u010densk\u00e1 zm\u011bna v celosv\u011btov\u00e9m m\u011b\u0159\u00edtku. O nebezpe\u010d\u00ed elektromagnetick\u00fdch pol\u00ed (EMF,&nbsp;z anglick\u00e9ho Electromagnetic Field) se vedou po dlouh\u00e1 l\u00e9ta diskuse mezi t\u011bmi, kdo p\u0159esv\u011bd\u010duj\u00ed \u0161irokou ve\u0159ejnost, \u017ee bezdr\u00e1tov\u00e9 komunika\u010dn\u00ed s\u00edt\u011b ne\u0161kod\u00ed, a t\u011bmi, kdo upozor\u0148uj\u00ed na jejich nebezpe\u010d\u00ed. EMF nem\u016f\u017eeme vid\u011bt, sly\u0161et ani c\u00edtit. V\u011bt\u0161ina lid\u00ed je ani nevn\u00edm\u00e1. Ale biologick\u00e9 \u00fa\u010dinky se na na\u0161em t\u011ble projevuj\u00ed bez ohledu na to, zda EMF vn\u00edm\u00e1me. Varov\u00e1n\u00ed odborn\u00edk\u016f, v\u011bdc\u016f, fyzik\u016f, l\u00e9ka\u0159\u016f a mnoha dal\u0161\u00edch profes\u00ed zes\u00edlila zejm\u00e9na ve spojitosti se zav\u00e1d\u011bn\u00edm 5G s\u00edt\u00ed, jak jsem uvedla v p\u0159edmluv\u011b s odkazem na vznik Sv\u011btov\u00e9 v\u00fdzvy Zastavme projekt 5G na Zemi i ve vesm\u00edru, adresovan\u00e9 OSN, WHO, EU, Evropsk\u00e9 Rad\u011b a vl\u00e1d\u00e1m v\u0161ech n\u00e1rod\u016f (4). V&nbsp;t\u00e9to v\u00fdzv\u011b se zd\u016fraz\u0148uje, \u017ee \u201enen\u00ed v\u0161eobecn\u011b zn\u00e1mo, \u017ee to bude znamenat dosud nejv\u011bt\u0161\u00ed zm\u011bnu \u017eivotn\u00edho prost\u0159ed\u00ed v celosv\u011btov\u00e9m +m\u011b\u0159\u00edtku\u201d.I v&nbsp;\u010cesk\u00e9 republice se lid\u00e9 ve zv\u00fd\u0161en\u00e9 m\u00ed\u0159e zaj\u00edmaj\u00ed o skryt\u00e1 nebezpe\u010d\u00ed a obracej\u00ed se na St\u00e1tn\u00ed zdravotn\u00ed \u00fastav (SZ\u00da). Ten uve\u0159ejnil informace reaguj\u00edc\u00ed na rostouc\u00ed po\u010det dotaz\u016f, t\u00fdkaj\u00edc\u00edch se p\u0159ipravenosti \u010cesk\u00e9 republiky v r\u00e1mci ochrany zdrav\u00ed p\u0159ed elektromagnetick\u00fdm polem (neionizuj\u00edc\u00edm z\u00e1\u0159en\u00edm) generovan\u00fdm telekomunika\u010dn\u00edm syst\u00e9mem 5G. V posledn\u00edm dokumentu (l\u00e9to 2019) (44) stoj\u00ed:\u201eZav\u00e1d\u011bn\u00ed telekomunika\u010dn\u00ed s\u00edt\u011b p\u00e1t\u00e9 generace je spojeno s obavami o zdrav\u00ed osob, kter\u00e9 budou exponov\u00e1ny elektromagnetick\u00e9mu poli ve frekven\u010dn\u00edm p\u00e1smu centimetrov\u00fdch a milimetrov\u00fdch vln generovan\u00fdch r\u00e1diov\u00fdm rozhran\u00edm tohoto syst\u00e9mu. S obavami p\u0159ich\u00e1z\u00ed i zna\u010dn\u00fd po\u010det dezinformac\u00ed, kter\u00e9 se za pomoci internetu rychle \u0161\u00ed\u0159\u00ed. N\u00e1sledn\u00e9 apely n\u011bkter\u00fdch ob\u010dan\u016f k zastaven\u00ed budov\u00e1n\u00ed nov\u00e9 telekomunika\u010dn\u00ed s\u00edt\u011b tak z\u00edsk\u00e1vaj\u00ed iracion\u00e1ln\u00ed n\u00e1dech. V takov\u00e9 situaci je d\u016fle\u017eit\u00e9 danou problematiku racionalizovat a popsat v\u011bdecky ov\u011b\u0159en\u00e1 rizika, kter\u00e1 z pou\u017e\u00edv\u00e1n\u00ed dan\u00e9 technologie plynou. Tento postup se uk\u00e1zal jako \u00fa\u010dinn\u00fd i v p\u0159edchoz\u00edch vln\u00e1ch obav, kter\u00e9 byly spojeny s r\u00e1diov\u00fdm a televizn\u00edm vys\u00edl\u00e1n\u00edm, rozvodem elektrick\u00e9 energie, po\u010d\u00edta\u010dov\u00fdmi monitory a mobiln\u00edmi s\u00edt\u011bmi p\u0159edchoz\u00edch generac\u00ed, p\u0159edev\u0161\u00edm t\u00e9 druh\u00e9. D\u016fle\u017eitou ingredienc\u00ed \u00fasp\u011bchu bylo t\u00e9\u017e nepou\u017eit\u00ed principu p\u0159edb\u011b\u017en\u00e9 opatrnosti, kter\u00fd by vedl jednak k rozdm\u00fdch\u00e1n\u00ed obav, a tak\u00e9 k zastaven\u00ed v\u00fdvoje dan\u00e9 technologie a jej\u00edmu faktick\u00e9mu z\u00e1niku, to v\u0161e bez pozitivn\u00edho efektu na zdrav\u00ed exponovan\u00fdch osob.\u201cZ&nbsp;t\u00e9to uk\u00e1zky je z\u0159ejm\u00e9, \u017ee odborn\u00edci SZ\u00da nevid\u00ed \u017e\u00e1dnou v\u00e1\u017enou hrozbu pro zdrav\u00ed ob\u010dan\u016f, spojenou se zav\u00e1d\u011bn\u00edm 5G s\u00edt\u00ed. Na rozd\u00edl od nich signat\u00e1\u0159i Sv\u011btov\u00e9 v\u00fdzvy (4) p\u00ed\u0161ou: \u201eNavzdory plo\u0161n\u00e9mu pop\u00edr\u00e1n\u00ed jsou d\u016fkazy o \u0161kodlivosti EMF pro \u017eiv\u00e9 organismy alarmuj\u00edc\u00ed. Existuje v\u00edce ne\u017e 10 000 oponovan\u00fdch studi\u00ed. Ty zpracov\u00e1vaj\u00ed nashrom\u00e1\u017ed\u011bn\u00e9 klinick\u00e9 d\u016fkazy o p\u0159\u00ed\u010din\u00e1ch chorob lidsk\u00e9 populace, experiment\u00e1ln\u00ed d\u016fkazy o po\u0161kozen\u00ed DNA, bun\u011bk a org\u00e1nov\u00fdch syst\u00e9m\u016f lid\u00ed, rostlin i zv\u00ed\u0159at. Popisuj\u00ed tak\u00e9 epidemiologick\u00e9 d\u016fkazy, \u017ee hlavn\u00ed civiliza\u010dn\u00ed choroby (karcinomy, srde\u010dn\u00ed choroby a diabetes) jsou z velk\u00e9 \u010d\u00e1sti zp\u016fsobeny elektromagnetick\u00fdm zne\u010di\u0161t\u011bn\u00edm.\u201cJi\u017e v roce 2015 p\u0159edalo 215 v\u011bdc\u016f ze 41 zem\u00ed sv\u00e9 obavy Organizaci spojen\u00fdch n\u00e1rod\u016f (OSN) a Sv\u011btov\u00e9 zdravotnick\u00e9 organizaci (WHO) (45). Uv\u00e1d\u011bj\u00ed, \u017ee soudob\u00e9 v\u011bdeck\u00e9 v\u00fdzkumy ukazuj\u00ed, \u017ee elektromagnetick\u00e9 pole m\u00e1 \u0161kodliv\u00fd dopad na \u017eiv\u00e9 organismy ji\u017e v daleko men\u0161\u00edch d\u00e1vk\u00e1ch, ne\u017e jak\u00e9 povoluj\u00ed mezin\u00e1rodn\u00ed a n\u00e1rodn\u00ed sm\u011brnice. Elektromagnetick\u00e1 pole maj\u00ed jak okam\u017eit\u00e9, tak dlouhodob\u00e9 \u00fa\u010dinky na zdrav\u00ed. Ovlivn\u011bn\u00ed mozkov\u00fdch funkc\u00ed, projevuj\u00edc\u00ed se ve zm\u011bn\u00e1ch v elektroencefalogramu nebo i n\u00e1hl\u00e9 zm\u011bny srde\u010dn\u00ed aktivity, jsou p\u0159\u00edkladem okam\u017eit\u00fdch \u00fa\u010dink\u016f. P\u0159\u00edkladem dlouhodob\u00fdch \u00fa\u010dink\u016f jsou p\u0159edev\u0161\u00edm n\u00e1dorov\u00e1 onemocn\u011bn\u00ed, chronick\u00e9 srde\u010dn\u00ed choroby a metabolick\u00e9 poruchy, jako je cukrovka 2. typu.&nbsp; Syndrom nazvan\u00fd \u201eelektromagnetick\u00e1 p\u0159ecitliv\u011blost\u201c se st\u00e1le zvy\u0161uje a v sou\u010dasn\u00e9 dob\u011b postihuje a\u017e 13 % osob. Profesor Dr. Karl Hecht publikoval detailn\u00ed historii t\u011bchto syndrom\u016f, slo\u017eenou z v\u00edce ne\u017e patn\u00e1cti set rusk\u00fdch v\u011bdeck\u00fdch dokumentac\u00ed a v\u00edce ne\u017e tis\u00edce kazuistik sv\u00fdch vlastn\u00edch n\u011bmeck\u00fdch pacient\u016f. V objektivn\u00edch n\u00e1lezech byly p\u0159\u00edtomny poruchy sp\u00e1nku, nefyziologick\u00fd krevn\u00ed tlak a zm\u011bny srde\u010dn\u00ed frekvence, tr\u00e1vic\u00ed poruchy, ztr\u00e1ta ochlupen\u00ed a ko\u017en\u00ed vyr\u00e1\u017eky. Subjektivn\u00ed spektrum poruch zahrnovalo nevolnost, z\u00e1vrat\u011b, \u0161um v u\u0161\u00edch, bolesti hlavy, ztr\u00e1tu pam\u011bti, poruchy koncentrace, dlouhodobou \u00fanavu, ch\u0159ipkov\u00e9 symptomy a bolest v krajin\u011b srde\u010dn\u00ed (4). V\u00fd\u010det \u0161kodliv\u00fdch \u00fa\u010dink\u016f EMF na lidsk\u00e9 zdrav\u00ed (4) uv\u00e1d\u00ed: poruchy srde\u010dn\u00edho rytmu genov\u00e9 mutace poruchy metabolismu poruchy zr\u00e1n\u00ed kmenov\u00fdch bun\u011bk karcinomy &nbsp;&nbsp;&nbsp;&nbsp;&nbsp;&nbsp;&nbsp;&nbsp;&nbsp;&nbsp;&nbsp;&nbsp;&nbsp;&nbsp;&nbsp;&nbsp;&nbsp;&nbsp;&nbsp;&nbsp;&nbsp;&nbsp;&nbsp;&nbsp;&nbsp;&nbsp;&nbsp;&nbsp;&nbsp;&nbsp;&nbsp;&nbsp;&nbsp;&nbsp;&nbsp;&nbsp;&nbsp;&nbsp;&nbsp;&nbsp; kardiovaskul\u00e1rn\u00ed choroby kognitivn\u00ed poruchy po\u0161kozen\u00ed DNA dopad na obecnou kvalitu \u017eivota vzestup voln\u00fdch radik\u00e1l\u016f poruchy pam\u011bti a u\u010den\u00ed po\u0161kozen\u00ed kvality spermatu potraty neurologick\u00e9 po\u0161kozen\u00ed obezita a diabetes poruchy oxida\u010dn\u00edch mechanism\u016f Ne\u017e\u00e1douc\u00ed efekty u d\u011bt\u00ed zahrnuj\u00ed autismus, poruchu pozornosti s hyperaktivitou (ADHD), i astma. Josef Mercola, zn\u00e1m\u00fd populariz\u00e1tor v\u011bdy a vydavatel voln\u011b dostupn\u00e9ho elektronick\u00e9ho \u010dasopisu Natural Health Newsletter shrnul tato nebezpe\u010d\u00ed ve sv\u00e9 nov\u00e9 knize nazvan\u00e9 EMF*D (46).Nerada publikuji a \u0161\u00ed\u0159\u00edm \u201ekatastrofick\u00e9 sc\u00e9n\u00e1\u0159e\u201c. Nicm\u00e9n\u011b zd\u00e1 se, \u017ee v\u011bdeck\u00e9 d\u016fkazy o \u0161kodlivosti EMF bychom nem\u011bli ignorovat a myslet nejenom na svoje zdrav\u00ed, ale i na zdrav\u00ed budouc\u00edch generac\u00ed.<\/p>\n","protected":false},"author":3,"featured_media":2995,"comment_status":"closed","ping_status":"closed","sticky":false,"template":"","format":"standard","meta":{"footnotes":""},"categories":[28,1,31,10],"tags":[],"class_list":["post-3603","post","type-post","status-publish","format-standard","has-post-thumbnail","hentry","category-knihovnicka-medunky","category-medunka","category-pro-inspiraci","category-zdravi"],"acf":[],"_links":{"self":[{"href":"https:\/\/www.mojemedunka.cz\/index.php\/wp-json\/wp\/v2\/posts\/3603","targetHints":{"allow":["GET"]}}],"collection":[{"href":"https:\/\/www.mojemedunka.cz\/index.php\/wp-json\/wp\/v2\/posts"}],"about":[{"href":"https:\/\/www.mojemedunka.cz\/index.php\/wp-json\/wp\/v2\/types\/post"}],"author":[{"embeddable":true,"href":"https:\/\/www.mojemedunka.cz\/index.php\/wp-json\/wp\/v2\/users\/3"}],"replies":[{"embeddable":true,"href":"https:\/\/www.mojemedunka.cz\/index.php\/wp-json\/wp\/v2\/comments?post=3603"}],"version-history":[{"count":5,"href":"https:\/\/www.mojemedunka.cz\/index.php\/wp-json\/wp\/v2\/posts\/3603\/revisions"}],"predecessor-version":[{"id":3623,"href":"https:\/\/www.mojemedunka.cz\/index.php\/wp-json\/wp\/v2\/posts\/3603\/revisions\/3623"}],"wp:featuredmedia":[{"embeddable":true,"href":"https:\/\/www.mojemedunka.cz\/index.php\/wp-json\/wp\/v2\/media\/2995"}],"wp:attachment":[{"href":"https:\/\/www.mojemedunka.cz\/index.php\/wp-json\/wp\/v2\/media?parent=3603"}],"wp:term":[{"taxonomy":"category","embeddable":true,"href":"https:\/\/www.mojemedunka.cz\/index.php\/wp-json\/wp\/v2\/categories?post=3603"},{"taxonomy":"post_tag","embeddable":true,"href":"https:\/\/www.mojemedunka.cz\/index.php\/wp-json\/wp\/v2\/tags?post=3603"}],"curies":[{"name":"wp","href":"https:\/\/api.w.org\/{rel}","templated":true}]}}