{"id":3587,"date":"2020-09-15T06:00:07","date_gmt":"2020-09-15T06:00:07","guid":{"rendered":"http:\/\/www.mojemedunka.cz\/?p=3587"},"modified":"2020-09-16T09:09:17","modified_gmt":"2020-09-16T09:09:17","slug":"mse-za-ilonu-manolevskou","status":"publish","type":"post","link":"https:\/\/www.mojemedunka.cz\/index.php\/2020\/09\/15\/mse-za-ilonu-manolevskou\/","title":{"rendered":"M\u0161e za Ilonu Manolevskou"},"content":{"rendered":"\n<p><strong>Mil\u00ed p\u0159\u00e1tel\u00e9 Medu\u0148ky, v\u00e1\u017een\u00ed \u010dten\u00e1\u0159i, <\/strong><\/p>\n\n\n\n<p>pokud jste znali <strong>zakladatelku a b\u00fdvalou \u0161\u00e9fredaktorku Medu\u0148ky Ilonu Manolevskou, m\u016f\u017eete na ni vzpomenout 16. z\u00e1\u0159\u00ed p\u0159i z\u00e1du\u0161n\u00ed m\u0161i v\u00a0kostele sv. Josefa na n\u00e1m\u011bst\u00ed Republiky v Praze, za\u010d\u00e1tek v 18 hod<\/strong>.<br>Ilonka zalo\u017eila Medu\u0148ku v roce 2004 a vedla ji a\u017e do sv\u00e9 smrti v z\u00e1\u0159\u00ed 2013, kdy po dlouh\u00e9m boji podlehla t\u011b\u017ek\u00e9 nemoci. V redakci st\u00e1le m\u00e1me jej\u00ed fotku  a \u010dasto si Ilonku p\u0159ipom\u00edn\u00e1me&#8230; <\/p>\n","protected":false},"excerpt":{"rendered":"<p>Mil\u00ed p\u0159\u00e1tel\u00e9 Medu\u0148ky, v\u00e1\u017een\u00ed \u010dten\u00e1\u0159i, pokud jste znali zakladatelku a b\u00fdvalou \u0161\u00e9fredaktorku Medu\u0148ky Ilonu Manolevskou, m\u016f\u017eete na ni vzpomenout 16. z\u00e1\u0159\u00ed p\u0159i z\u00e1du\u0161n\u00ed m\u0161i v\u00a0kostele sv. Josefa na n\u00e1m\u011bst\u00ed Republiky v Praze, za\u010d\u00e1tek v 18 hod.Ilonka zalo\u017eila Medu\u0148ku v roce 2004 a vedla ji a\u017e do sv\u00e9 smrti v z\u00e1\u0159\u00ed 2013, kdy po dlouh\u00e9m boji podlehla t\u011b\u017ek\u00e9 nemoci. V redakci st\u00e1le m\u00e1me jej\u00ed fotku a \u010dasto si Ilonku p\u0159ipom\u00edn\u00e1me&#8230;<\/p>\n","protected":false},"author":3,"featured_media":3590,"comment_status":"closed","ping_status":"closed","sticky":false,"template":"","format":"standard","meta":{"footnotes":""},"categories":[1,55],"tags":[],"class_list":["post-3587","post","type-post","status-publish","format-standard","has-post-thumbnail","hentry","category-medunka","category-pozvanky"],"acf":[],"_links":{"self":[{"href":"https:\/\/www.mojemedunka.cz\/index.php\/wp-json\/wp\/v2\/posts\/3587","targetHints":{"allow":["GET"]}}],"collection":[{"href":"https:\/\/www.mojemedunka.cz\/index.php\/wp-json\/wp\/v2\/posts"}],"about":[{"href":"https:\/\/www.mojemedunka.cz\/index.php\/wp-json\/wp\/v2\/types\/post"}],"author":[{"embeddable":true,"href":"https:\/\/www.mojemedunka.cz\/index.php\/wp-json\/wp\/v2\/users\/3"}],"replies":[{"embeddable":true,"href":"https:\/\/www.mojemedunka.cz\/index.php\/wp-json\/wp\/v2\/comments?post=3587"}],"version-history":[{"count":4,"href":"https:\/\/www.mojemedunka.cz\/index.php\/wp-json\/wp\/v2\/posts\/3587\/revisions"}],"predecessor-version":[{"id":3592,"href":"https:\/\/www.mojemedunka.cz\/index.php\/wp-json\/wp\/v2\/posts\/3587\/revisions\/3592"}],"wp:featuredmedia":[{"embeddable":true,"href":"https:\/\/www.mojemedunka.cz\/index.php\/wp-json\/wp\/v2\/media\/3590"}],"wp:attachment":[{"href":"https:\/\/www.mojemedunka.cz\/index.php\/wp-json\/wp\/v2\/media?parent=3587"}],"wp:term":[{"taxonomy":"category","embeddable":true,"href":"https:\/\/www.mojemedunka.cz\/index.php\/wp-json\/wp\/v2\/categories?post=3587"},{"taxonomy":"post_tag","embeddable":true,"href":"https:\/\/www.mojemedunka.cz\/index.php\/wp-json\/wp\/v2\/tags?post=3587"}],"curies":[{"name":"wp","href":"https:\/\/api.w.org\/{rel}","templated":true}]}}