{"id":3419,"date":"2020-08-26T09:00:25","date_gmt":"2020-08-26T09:00:25","guid":{"rendered":"http:\/\/www.mojemedunka.cz\/?p=3419"},"modified":"2020-09-30T16:56:31","modified_gmt":"2020-09-30T16:56:31","slug":"vitame-zarijovou-medunku","status":"publish","type":"post","link":"https:\/\/www.mojemedunka.cz\/index.php\/2020\/08\/26\/vitame-zarijovou-medunku\/","title":{"rendered":"V\u00edt\u00e1me z\u00e1\u0159ijovou Medu\u0148ku!"},"content":{"rendered":"<p><strong>Mil\u00e9 \u010dten\u00e1\u0159ky, v\u00e1\u017een\u00ed \u010dten\u00e1\u0159i a v\u0161ichni p\u0159\u00edznivci na\u0161eho \u010dasopisu,<\/strong><br \/>\nv\u011b\u0159\u00edm, \u017ee v\u00e1s n\u00e1sleduj\u00edc\u00ed zpr\u00e1va pot\u011b\u0161\u00ed: P<strong>r\u00e1v\u011b vych\u00e1z\u00ed z\u00e1\u0159ijov\u00e1 Medu\u0148ka! Je to velm p\u0159\u00edjemn\u00e9 a informa\u010dn\u011b &#8222;nabit\u00e9&#8220; \u010d\u00edslo, tak si ho nenechte uj\u00edt! A jak\u00e9 \u010dl\u00e1nky jsme pro v\u00e1s tentokr\u00e1t p\u0159ipravili?<br \/>\n<\/strong><\/p>\n<p>V\u00e1\u017e\u00edme si sv\u00fdch dlouholet\u00fdch spolupracovn\u00edk\u016f &#8211;\u00a0 a proto <strong>v\u00a0tituln\u00edm rozhovoru bl\u00ed\u017ee p\u0159edstavujeme zku\u0161en\u00e9ho psychotronika Jana Hnilicu<\/strong>. Pov\u00eddali jsme si o jeho psychotronick\u00fdch za\u010d\u00e1tc\u00edch i o za\u010d\u00e1tc\u00edch spolupr\u00e1ce s\u00a0b\u00fdvalou \u0161\u00e9fredaktorkou Medu\u0148ky Ilonou Manolevskou, o jeho <strong>poradn\u011b v\u00a0Medu\u0148ce a o zp\u016fsobech diagnostikov\u00e1n\u00ed,<\/strong><strong>vytv\u00e1\u0159en\u00ed l\u00e9\u010debn\u00fdch energetick\u00fdch<\/strong> <strong>obrazc\u016f<\/strong>, kter\u00e9 pro Medu\u0148ku v minul\u00fdch letech p\u0159ipravoval (ned\u00e1vno vy\u0161la v\u00a0na\u0161\u00ed edici jeho kniha s n\u00e1zvem <strong><em>L\u00e9\u010debn\u00e9 obrazce)<\/em><\/strong>, mluvili jsme tak\u00e9 o <strong>poznatc\u00edch a fascinuj\u00edc\u00edch<\/strong> <strong>souvislostech tzv. tajn\u00e9 architektury<\/strong>, co\u017e je t\u00e9ma, jemu\u017e se Jan Hnilica dlouhodob\u011b v\u011bnoval a hodn\u011b o n\u011bm v\u00ed. Narazili jsme i na <strong>b\u00e1jnou Atlantidu a jist\u00e9 paralely se sou\u010dasnou situac\u00ed<\/strong>, mluvili jsme o <strong>principu analogie<\/strong>, kter\u00fd je mo\u017en\u00e9 aplikovat t\u0159eba na n\u011bkter\u00e9 zn\u00e1m\u00e9 hry \u00a0a\u00a0 prozradil tak\u00e9, jak\u00e9mu <strong>v\u00fdzkumn\u00e9mu projektu se v sou\u010dasn\u00e9 dob\u011b s\u00a0velk\u00fdm nad\u0161en\u00edm v\u011bnuje<\/strong>\u2026<br \/>\nM\u00e1me radost, \u017ee <strong>\u010dl\u00e1nek pro z\u00e1\u0159ijovou Medu\u0148ku napsala dal\u0161\u00ed na\u0161e v\u00e1\u017een\u00e1 spolupracovnice, psycholo\u017eka dr. Marta Fou\u010dkov\u00e1<\/strong>. V\u00a0\u010dl\u00e1nku s\u00a0n\u00e1zvem <strong><em>Duchovn\u00ed aspekty rodi\u010dovstv\u00ed<\/em><\/strong> oslovuje autorka rodi\u010de a v\u011bnuje se v\u00a0n\u011bm t\u00e9matu vytv\u00e1\u0159en\u00ed duchovn\u00edho sv\u011bta u d\u011bt\u00ed \u2013 a na z\u00e1klad\u011b sv\u00fdch bohat\u00fdch terapeutick\u00fdch i \u017eivotn\u00edch zku\u0161enost\u00ed tak\u00e9 rad\u00ed, jak to d\u011blat. K\u00a0\u010dl\u00e1nku jsme vybrali jako ilustraci kr\u00e1sn\u00fd star\u00fd motiv and\u011bla, prov\u00e1zej\u00edc\u00edho dv\u011b mal\u00e9 roztomil\u00e9 d\u011bti, kter\u00e9 p\u0159ech\u00e1zej\u00ed chatrnou l\u00e1vku nad prudkou byst\u0159inou &#8211; a t\u00edm jsme Marti\u010dku pot\u011b\u0161ili, proto\u017ee \u00a0v\u00a0d\u011btstv\u00ed pr\u00fd m\u011bla podobn\u00fd nebo dokonce stejn\u00fd obr\u00e1zek pov\u011b\u0161en\u00fd v\u00a0pokoj\u00ed\u010dku.<br \/>\nA pak je tu <strong>hlavn\u00ed t\u00e9ma tohoto \u010d\u00edsla.: Z\u00a0kuchyn\u00ed a \u0161pajzek na\u0161ich babi\u010dek.<\/strong> Tak\u00e9 ve v\u00e1s u\u017e jen tento n\u00e1zev vyvol\u00e1v\u00e1 p\u0159\u00edjemn\u00e9 pocity i trochu nostalgie? Na\u0161e autorky ve sv\u00fdch \u010dl\u00e1nc\u00edch rad\u00ed, <strong>jak se inspirovat p\u0159\u00edstupem p\u0159edchoz\u00edch generac\u00ed a jak zpracovat a vyu\u017e\u00edt leto\u0161n\u00ed \u00farodu ze zahrad i zahr\u00e1dek, z\u00a0pol\u00ed, mez\u00ed, sad\u016f a luk<\/strong>\u2026<br \/>\n<strong>Jak uskladnit potraviny podle zku\u0161enost\u00ed na\u0161ich babi\u010dek<\/strong> porad\u00ed <em><strong>MUDr. Vladim\u00edra Strnadelov\u00e1 a Jan Zerz\u00e1n<\/strong><\/em>. <strong>Lahodn\u00e1 a zdrav\u00ed prosp\u011b\u0161n\u00e1 bylinn\u00e1 v\u00edna a lik\u00e9ry<\/strong> si m\u016f\u017eeme vyrobit podle recept\u016f od <strong><em>Simony Proch\u00e1zkov\u00e9<\/em><\/strong>. Recepty na zaj\u00edmav\u00e9 <strong>zpracov\u00e1n\u00ed podzimn\u00edho<\/strong> <strong>ovoce<\/strong> najdete v\u00a0\u010dl\u00e1nku <strong><em>Mark\u00e9ty Vopi\u010dkov\u00e9 Cipprov\u00e9<\/em><\/strong> \u2013 v\u00edte t\u0159eba, jak se d\u011bl\u00e1 klevela? <strong>Jak zach\u00e1zet s\u00a0bylinkami, abychom v\u00a0nich uchovali l\u00e9\u010div\u00e9 l\u00e1tky a jak\u00fd je spr\u00e1vn\u00fd postup p\u0159i ml\u00e9\u010dn\u00e9m kva\u0161en\u00ed zeleniny <\/strong>rad\u00ed <strong><em>Zde\u0148ka Vacul\u00edk Erlebachov\u00e1<\/em><\/strong>. A na konec t\u00e9matu jsme za\u0159adili <strong>\u010dl\u00e1nek o kimchi<\/strong> \u2013 co\u017e sice nen\u00ed potravina z\u00a0na\u0161\u00ed provenience (jde o tradi\u010dn\u00ed korejskou potravinu), ale i tato superzdrav\u00e1 pochoutka se p\u0159ipravuje pomoc\u00ed kva\u0161en\u00ed.<br \/>\n<strong>Jak se chovat ekologicky doma i ve \u0161kole?<\/strong> N\u00e1pady a n\u00e1m\u011bty pro v\u00fdchovu d\u011bt\u00ed nab\u00edz\u00ed <strong><em>Ing. Jan Smr\u010dka ze vzd\u011bl\u00e1vac\u00edho centra TEREZA<\/em><\/strong>. O tom, co se stane, kdy\u017e se <strong>setk\u00e1me se sv\u00fdm St\u00ednem<\/strong>, p\u00ed\u0161e ve sv\u00e9m \u010dl\u00e1nku o pr\u00e1ci s du\u0161\u00ed <strong><em>Mgr Marie Plochov\u00e1 Hl\u00e1vkov\u00e1 Ph.D<\/em><\/strong>. A nem\u011bjte obavy \u2013 setk\u00e1n\u00ed se St\u00ednem, je velmi l\u00e9\u010div\u00e9\u2026 Z\u00e1v\u011bre\u010dn\u00fd d\u00edl <strong>seri\u00e1lu o p\u016fsoben\u00ed cholesterolu v\u00a0na\u0161em organismu<\/strong> p\u0159ipravila <strong><em>MUDr.<\/em><\/strong> <strong><em>Ludmila Elekov\u00e1<\/em><\/strong>. <strong>Na kole kolem kamen\u016f Jesenicka a \u017dihelska <\/strong>se vydal nad\u0161en\u00fd cyklista a propag\u00e1tor cyklov\u00fdlet\u016f <strong><em>MUDr. Rudolf Zemek<\/em><\/strong> \u2013 a my se podle jeho \u010dl\u00e1nku m\u016f\u017eeme vydat do t\u00e9to zaj\u00edmav\u00e9 lokality tak\u00e9. <strong>Pracovat, \u010di nepracovat?<\/strong> Touto ot\u00e1zkou se ve sv\u00e9m \u010dl\u00e1nku\u00a0 zab\u00fdv\u00e1 zn\u00e1m\u00fd alternativn\u00ed l\u00e9ka\u0159 <strong><em>MUDr Tom\u00e1\u0161 Lebenhart<\/em><\/strong>. Co mysl\u00edte &#8211; co n\u00e1m rad\u00ed?<br \/>\nA je tu tak\u00e9 \u010dl\u00e1nek <strong><em>Evy Joachimov\u00e9<\/em><\/strong> o st\u00e1rnut\u00ed v\u00a0obdob\u00ed Sucha, \u010dl\u00e1nek od zn\u00e1m\u00e9ho botanika <strong><em>V\u00e1clava V\u011btvi\u010dky<\/em><\/strong> i tradi\u010dn\u00ed <strong>Astrokuk\u00e1tko<\/strong> od <strong><em>Ing. Zde\u0148ka Bohuslava<\/em><\/strong> \u2013 a mnoh\u00e9 dal\u0161\u00ed skv\u011bl\u00e9 informace, kter\u00e9 se hod\u00ed pro ka\u017edodenn\u00ed \u017eivot i nad\u010dasovou inspiraci.<br \/>\n<strong>Medu\u0148ka je tu pro v\u00e1s, a\u0165 je v\u00e1m k u\u017eitku. Za celou redakci a p\u0159ejeme p\u0159\u00edjemn\u00e9 \u010dten\u00ed! \u010ct\u011bte tak\u00e9 na <a href=\"http:\/\/emedunka.cz\">emedunka.cz<\/a><br \/>\n<\/strong><\/p>\n","protected":false},"excerpt":{"rendered":"<p>Mil\u00e9 \u010dten\u00e1\u0159ky, v\u00e1\u017een\u00ed \u010dten\u00e1\u0159i a v\u0161ichni p\u0159\u00edznivci na\u0161eho \u010dasopisu, v\u011b\u0159\u00edm, \u017ee v\u00e1s n\u00e1sleduj\u00edc\u00ed zpr\u00e1va pot\u011b\u0161\u00ed: Pr\u00e1v\u011b vych\u00e1z\u00ed z\u00e1\u0159ijov\u00e1 Medu\u0148ka! Je to velm p\u0159\u00edjemn\u00e9 a informa\u010dn\u011b &#8222;nabit\u00e9&#8220; \u010d\u00edslo, tak si ho nenechte uj\u00edt! A jak\u00e9 \u010dl\u00e1nky jsme pro v\u00e1s tentokr\u00e1t p\u0159ipravili? V\u00e1\u017e\u00edme si sv\u00fdch dlouholet\u00fdch spolupracovn\u00edk\u016f &#8211;\u00a0 a proto v\u00a0tituln\u00edm rozhovoru bl\u00ed\u017ee p\u0159edstavujeme zku\u0161en\u00e9ho psychotronika Jana Hnilicu. Pov\u00eddali jsme si o jeho psychotronick\u00fdch za\u010d\u00e1tc\u00edch i o za\u010d\u00e1tc\u00edch spolupr\u00e1ce s\u00a0b\u00fdvalou \u0161\u00e9fredaktorkou Medu\u0148ky Ilonou Manolevskou, o jeho poradn\u011b v\u00a0Medu\u0148ce a o zp\u016fsobech diagnostikov\u00e1n\u00ed,vytv\u00e1\u0159en\u00ed l\u00e9\u010debn\u00fdch energetick\u00fdch obrazc\u016f, kter\u00e9 pro Medu\u0148ku v minul\u00fdch letech p\u0159ipravoval (ned\u00e1vno vy\u0161la v\u00a0na\u0161\u00ed edici jeho kniha s n\u00e1zvem L\u00e9\u010debn\u00e9 obrazce), mluvili jsme tak\u00e9 o poznatc\u00edch a fascinuj\u00edc\u00edch souvislostech tzv. tajn\u00e9 architektury, co\u017e je t\u00e9ma, jemu\u017e se Jan Hnilica dlouhodob\u011b v\u011bnoval a hodn\u011b o n\u011bm v\u00ed. Narazili jsme i na b\u00e1jnou Atlantidu a jist\u00e9 paralely se sou\u010dasnou situac\u00ed, mluvili jsme o principu analogie, kter\u00fd je mo\u017en\u00e9 aplikovat t\u0159eba na n\u011bkter\u00e9 zn\u00e1m\u00e9 hry \u00a0a\u00a0 prozradil tak\u00e9, jak\u00e9mu v\u00fdzkumn\u00e9mu projektu se v sou\u010dasn\u00e9 dob\u011b s\u00a0velk\u00fdm nad\u0161en\u00edm v\u011bnuje\u2026 M\u00e1me radost, \u017ee \u010dl\u00e1nek pro z\u00e1\u0159ijovou Medu\u0148ku napsala dal\u0161\u00ed na\u0161e v\u00e1\u017een\u00e1 spolupracovnice, psycholo\u017eka dr. Marta Fou\u010dkov\u00e1. V\u00a0\u010dl\u00e1nku s\u00a0n\u00e1zvem Duchovn\u00ed aspekty rodi\u010dovstv\u00ed oslovuje autorka rodi\u010de a v\u011bnuje se v\u00a0n\u011bm t\u00e9matu vytv\u00e1\u0159en\u00ed duchovn\u00edho sv\u011bta u d\u011bt\u00ed \u2013 a na z\u00e1klad\u011b sv\u00fdch bohat\u00fdch terapeutick\u00fdch i \u017eivotn\u00edch zku\u0161enost\u00ed tak\u00e9 rad\u00ed, jak to d\u011blat. K\u00a0\u010dl\u00e1nku jsme vybrali jako ilustraci kr\u00e1sn\u00fd star\u00fd motiv and\u011bla, prov\u00e1zej\u00edc\u00edho dv\u011b mal\u00e9 roztomil\u00e9 d\u011bti, kter\u00e9 p\u0159ech\u00e1zej\u00ed chatrnou l\u00e1vku nad prudkou byst\u0159inou &#8211; a t\u00edm jsme Marti\u010dku pot\u011b\u0161ili, proto\u017ee \u00a0v\u00a0d\u011btstv\u00ed pr\u00fd m\u011bla podobn\u00fd nebo dokonce stejn\u00fd obr\u00e1zek pov\u011b\u0161en\u00fd v\u00a0pokoj\u00ed\u010dku. A pak je tu hlavn\u00ed t\u00e9ma tohoto \u010d\u00edsla.: Z\u00a0kuchyn\u00ed a \u0161pajzek na\u0161ich babi\u010dek. Tak\u00e9 ve v\u00e1s u\u017e jen tento n\u00e1zev vyvol\u00e1v\u00e1 p\u0159\u00edjemn\u00e9 pocity i trochu nostalgie? Na\u0161e autorky ve sv\u00fdch \u010dl\u00e1nc\u00edch rad\u00ed, jak se inspirovat p\u0159\u00edstupem p\u0159edchoz\u00edch generac\u00ed a jak zpracovat a vyu\u017e\u00edt leto\u0161n\u00ed \u00farodu ze zahrad i zahr\u00e1dek, z\u00a0pol\u00ed, mez\u00ed, sad\u016f a luk\u2026 Jak uskladnit potraviny podle zku\u0161enost\u00ed na\u0161ich babi\u010dek porad\u00ed MUDr. Vladim\u00edra Strnadelov\u00e1 a Jan Zerz\u00e1n. Lahodn\u00e1 a zdrav\u00ed prosp\u011b\u0161n\u00e1 bylinn\u00e1 v\u00edna a lik\u00e9ry si m\u016f\u017eeme vyrobit podle recept\u016f od Simony Proch\u00e1zkov\u00e9. Recepty na zaj\u00edmav\u00e9 zpracov\u00e1n\u00ed podzimn\u00edho ovoce najdete v\u00a0\u010dl\u00e1nku Mark\u00e9ty Vopi\u010dkov\u00e9 Cipprov\u00e9 \u2013 v\u00edte t\u0159eba, jak se d\u011bl\u00e1 klevela? Jak zach\u00e1zet s\u00a0bylinkami, abychom v\u00a0nich uchovali l\u00e9\u010div\u00e9 l\u00e1tky a jak\u00fd je spr\u00e1vn\u00fd postup p\u0159i ml\u00e9\u010dn\u00e9m kva\u0161en\u00ed zeleniny rad\u00ed Zde\u0148ka Vacul\u00edk Erlebachov\u00e1. A na konec t\u00e9matu jsme za\u0159adili \u010dl\u00e1nek o kimchi \u2013 co\u017e sice nen\u00ed potravina z\u00a0na\u0161\u00ed provenience (jde o tradi\u010dn\u00ed korejskou potravinu), ale i tato superzdrav\u00e1 pochoutka se p\u0159ipravuje pomoc\u00ed kva\u0161en\u00ed. Jak se chovat ekologicky doma i ve \u0161kole? N\u00e1pady a n\u00e1m\u011bty pro v\u00fdchovu d\u011bt\u00ed nab\u00edz\u00ed Ing. Jan Smr\u010dka ze vzd\u011bl\u00e1vac\u00edho centra TEREZA. O tom, co se stane, kdy\u017e se setk\u00e1me se sv\u00fdm St\u00ednem, p\u00ed\u0161e ve sv\u00e9m \u010dl\u00e1nku o pr\u00e1ci s du\u0161\u00ed Mgr Marie Plochov\u00e1 Hl\u00e1vkov\u00e1 Ph.D. A nem\u011bjte obavy \u2013 setk\u00e1n\u00ed se St\u00ednem, je velmi l\u00e9\u010div\u00e9\u2026 Z\u00e1v\u011bre\u010dn\u00fd d\u00edl seri\u00e1lu o p\u016fsoben\u00ed cholesterolu v\u00a0na\u0161em organismu p\u0159ipravila MUDr. Ludmila Elekov\u00e1. Na kole kolem kamen\u016f Jesenicka a \u017dihelska se vydal nad\u0161en\u00fd cyklista a propag\u00e1tor cyklov\u00fdlet\u016f MUDr. Rudolf Zemek \u2013 a my se podle jeho \u010dl\u00e1nku m\u016f\u017eeme vydat do t\u00e9to zaj\u00edmav\u00e9 lokality tak\u00e9. Pracovat, \u010di nepracovat? Touto ot\u00e1zkou se ve sv\u00e9m \u010dl\u00e1nku\u00a0 zab\u00fdv\u00e1 zn\u00e1m\u00fd alternativn\u00ed l\u00e9ka\u0159 MUDr Tom\u00e1\u0161 Lebenhart. Co mysl\u00edte &#8211; co n\u00e1m rad\u00ed? A je tu tak\u00e9 \u010dl\u00e1nek Evy Joachimov\u00e9 o st\u00e1rnut\u00ed v\u00a0obdob\u00ed Sucha, \u010dl\u00e1nek od zn\u00e1m\u00e9ho botanika V\u00e1clava V\u011btvi\u010dky i tradi\u010dn\u00ed Astrokuk\u00e1tko od Ing. Zde\u0148ka Bohuslava \u2013 a mnoh\u00e9 dal\u0161\u00ed skv\u011bl\u00e9 informace, kter\u00e9 se hod\u00ed pro ka\u017edodenn\u00ed \u017eivot i nad\u010dasovou inspiraci. Medu\u0148ka je tu pro v\u00e1s, a\u0165 je v\u00e1m k u\u017eitku. Za celou redakci a p\u0159ejeme p\u0159\u00edjemn\u00e9 \u010dten\u00ed! \u010ct\u011bte tak\u00e9 na emedunka.cz<\/p>\n","protected":false},"author":3,"featured_media":3448,"comment_status":"closed","ping_status":"closed","sticky":false,"template":"","format":"standard","meta":{"footnotes":""},"categories":[1],"tags":[],"class_list":["post-3419","post","type-post","status-publish","format-standard","has-post-thumbnail","hentry","category-medunka"],"acf":[],"_links":{"self":[{"href":"https:\/\/www.mojemedunka.cz\/index.php\/wp-json\/wp\/v2\/posts\/3419","targetHints":{"allow":["GET"]}}],"collection":[{"href":"https:\/\/www.mojemedunka.cz\/index.php\/wp-json\/wp\/v2\/posts"}],"about":[{"href":"https:\/\/www.mojemedunka.cz\/index.php\/wp-json\/wp\/v2\/types\/post"}],"author":[{"embeddable":true,"href":"https:\/\/www.mojemedunka.cz\/index.php\/wp-json\/wp\/v2\/users\/3"}],"replies":[{"embeddable":true,"href":"https:\/\/www.mojemedunka.cz\/index.php\/wp-json\/wp\/v2\/comments?post=3419"}],"version-history":[{"count":6,"href":"https:\/\/www.mojemedunka.cz\/index.php\/wp-json\/wp\/v2\/posts\/3419\/revisions"}],"predecessor-version":[{"id":3466,"href":"https:\/\/www.mojemedunka.cz\/index.php\/wp-json\/wp\/v2\/posts\/3419\/revisions\/3466"}],"wp:featuredmedia":[{"embeddable":true,"href":"https:\/\/www.mojemedunka.cz\/index.php\/wp-json\/wp\/v2\/media\/3448"}],"wp:attachment":[{"href":"https:\/\/www.mojemedunka.cz\/index.php\/wp-json\/wp\/v2\/media?parent=3419"}],"wp:term":[{"taxonomy":"category","embeddable":true,"href":"https:\/\/www.mojemedunka.cz\/index.php\/wp-json\/wp\/v2\/categories?post=3419"},{"taxonomy":"post_tag","embeddable":true,"href":"https:\/\/www.mojemedunka.cz\/index.php\/wp-json\/wp\/v2\/tags?post=3419"}],"curies":[{"name":"wp","href":"https:\/\/api.w.org\/{rel}","templated":true}]}}