{"id":3165,"date":"2020-06-26T06:00:50","date_gmt":"2020-06-26T06:00:50","guid":{"rendered":"http:\/\/www.mojemedunka.cz\/?p=3165"},"modified":"2020-06-25T16:15:41","modified_gmt":"2020-06-25T16:15:41","slug":"3165","status":"publish","type":"post","link":"https:\/\/www.mojemedunka.cz\/index.php\/2020\/06\/26\/3165\/","title":{"rendered":"Bu\u010f na sebe hodn\u00fd, bu\u010f \u0161\u0165astn\u00fd!"},"content":{"rendered":"<p><strong>Tuto v\u00fdzvu a skryt\u00e9 poselstv\u00ed p\u0159in\u00e1\u0161\u00ed podle psychologa PhDr. Petra Novotn\u00e9ho \u010dlov\u011bku onkologick\u00e1 nemoc. Pro toto mo\u017en\u00e1 p\u0159ekvapiv\u00e9 tvrzen\u00ed m\u00e1 mnoho argument\u016f a osobn\u00edch zku\u0161enost\u00ed &#8211; pr\u00e1ci s onkologick\u00fdmi pacienty se v\u011bnuje u\u017e \u0159adu let. <\/strong>N\u00e1\u0161 rozhovor pro \u010dervencovou MEDU\u0147KU trval n\u011bkolik hodin a dozv\u011bd\u011bla jsem se p\u0159i n\u011bm spoustu maxim\u00e1ln\u011b zaj\u00edmav\u00fdch informac\u00ed, vlastn\u011b mi pan doktor poodhalil cel\u00fd nov\u00fd \u00fahel pohledu na tyto choroby, na jejich p\u0159\u00ed\u010diny i na dal\u0161\u00ed jejich aspekty. A probrali jsme i mnoh\u00e1 dal\u0161\u00ed t\u00e9mata&#8230;<br \/>\nV\u0161e d\u016fle\u017eit\u00e9 jsem se sna\u017eila do rozs\u00e1hl\u00e9ho rozhovoru napsat, abyste z n\u011bj m\u011bli u\u017eitek i vy, mil\u00ed \u010dten\u00e1\u0159i. Pro inspiraci nab\u00edz\u00edme uk\u00e1zku, cel\u00fd rozs\u00e1hl\u00fd rozhovor si p\u0159e\u010dtete <strong>v \u010dervencov\u00e9m \u010d\u00edsle Medu\u0148ky, kter\u00e9 vy\u0161lo tento t\u00fdden. Medu\u0148ku zakoup\u00edte v prodejn\u00e1ch PNS nebo v elektronick\u00e9 verzi na<a href=\"http:\/\/emedunka.cz\"> emedunka.cz\u00a0 \u00a0<\/a><br \/>\n<\/strong><\/p>\n<p><strong>\u00a0<img loading=\"lazy\" decoding=\"async\" class=\"alignnone size-full wp-image-2762 alignleft\" src=\"http:\/\/www.mojemedunka.cz\/wp-content\/uploads\/2020\/04\/xlistecek.jpg\" alt=\"\" width=\"130\" height=\"131\" srcset=\"https:\/\/www.mojemedunka.cz\/wp-content\/uploads\/2020\/04\/xlistecek.jpg 130w, https:\/\/www.mojemedunka.cz\/wp-content\/uploads\/2020\/04\/xlistecek-75x75.jpg 75w\" sizes=\"auto, (max-width: 130px) 100vw, 130px\" \/><\/strong><\/p>\n<p><strong>\u00a0<\/strong><\/p>\n<p><strong><em>Psychologa PhDr. Petra Novotn\u00e9ho mohou \u010dten\u00e1\u0159i Medu\u0148ky zn\u00e1t d\u00edky jeho knize Pro\u010d jsme nemocn\u00ed? z\u00a0roku 2003 (uk\u00e1zky z\u00a0n\u00ed jsme p\u0159ed lety publikovali na webov\u00fdch str\u00e1nk\u00e1ch Medu\u0148ky), a tak\u00e9 jako autora knihy Nemoc hodn\u00fdch lid\u00ed &#8211; rakovina z\u00a0roku 2018 \u2013 vybran\u00e9 kapitoly jsme s\u00a0jeho laskav\u00fdm svolen\u00edm zve\u0159ejnili v\u00a0n\u011bkolika posledn\u00edch \u010d\u00edslech Medu\u0148ky.<\/em><br \/>\n<em> P\u0159i rozhovoru jsme si pov\u00eddali o jeho bohat\u00e9 a r\u016fznorod\u00e9 profesn\u00ed dr\u00e1ze, ale zejm\u00e9na o dlouhodob\u00e9 pr\u00e1ci s\u00a0onkologick\u00fdmi pacienty, p\u0159i n\u00ed\u017e zkoum\u00e1 psychick\u00e9 a soci\u00e1ln\u00ed p\u0159\u00ed\u010diny vzniku t\u00e9to z\u00e1ke\u0159n\u00e9 nemoci a nemocn\u00e9 inspiruje k\u00a0emo\u010dn\u00edm a soci\u00e1ln\u00edm korekc\u00edm. Poznatky a zku\u0161enosti z\u00a0t\u00e9to pr\u00e1ce shrnul jako autor \u010di spoluautor v\u00a0n\u011bkolika knih\u00e1ch. Je tak\u00e9 \u00fasp\u011b\u0161n\u00fdm nakladatelem &#8211; ve sv\u00e9m nakladatelstv\u00ed vydal krom\u011b jin\u00e9ho des\u00edtky knih se zdravotn\u00ed tematikou.<\/em><br \/>\n<em> \u017divotn\u00ed p\u0159\u00edb\u011bh tohoto mu\u017ee, kter\u00fd velmi \u00fa\u010dinn\u011b pom\u00e1h\u00e1 lidem, um\u00ed se radovat ze \u017eivota a i po sedmdes\u00e1tce vyjede na kole na Je\u0161t\u011bd, m\u016f\u017ee b\u00fdt inspirac\u00ed pro v\u0161echny, kte\u0159\u00ed to \u2013 podobn\u011b jako on \u2013 nem\u011bli nebo nemaj\u00ed na \u017eivotn\u00edm startu snadn\u00e9\u2026\u00a0\u00a0\u00a0\u00a0<\/em>\u00a0\u00a0\u00a0\u00a0 <\/strong><\/p>\n<p><strong>Pane doktore, jak vznikl v\u00e1\u0161 z\u00e1jem o onkologick\u00e9 pacienty a o p\u0159\u00ed\u010diny n\u00e1dorov\u00fdch onemocn\u011bn\u00ed?<br \/>\n<\/strong>K onkologick\u00fdm pacient\u016fm m\u011b p\u0159ivedla spolupr\u00e1ce s v\u00fdznamn\u00fdm onkologem prof. MUDr. Milo\u0161em Pe\u0161kem, CSc., p\u0159ednostou Plze\u0148sk\u00e9 plicn\u00ed kliniky, kter\u00fd mne p\u0159ed lety vyzval, abych prozkoumal emo\u010dn\u00ed a soci\u00e1ln\u00ed nezam\u011bnitelnost jeho pacient\u016f. T\u00e9to pr\u00e1ci se v\u011bnuji u\u017e dlouho a dlouhodob\u00e1 je i spolupr\u00e1ce s\u00a0prof. Pe\u0161kem. P\u0159ed sedmi lety jsme spole\u010dn\u011b napsali knihu <em>Zachra\u0148 sv\u016fj \u017eivot<\/em> a pr\u00e1v\u011b jsme vydali druhou knihu s\u00a0n\u00e1zvem <em>Od diagn\u00f3zy rakoviny k\u00a0uzdraven\u00ed<\/em>. V\u00a0t\u00e9to nov\u00e9 knize srozumiteln\u011b informujeme, \u00a0jak by m\u011bl nemocn\u00fd zareagovat v\u00a0p\u0159\u00edpad\u011b,sd\u011blen\u00ed onkologick\u00e9 diagn\u00f3zy. Nab\u00edz\u00edme mu itiner\u00e1\u0159 v podob\u011b deseti \u201ep\u0159ik\u00e1z\u00e1n\u00ed\u201c \u2013 rad, co d\u011blat a co ned\u011blat, aby p\u0159isp\u011bl k\u00a0uchov\u00e1n\u00ed sv\u00e9ho \u017eivota. A tak\u00e9 \u0159adu dal\u0161\u00edch u\u017eite\u010dn\u00fdch informac\u00ed, proto\u017ee nemocn\u00ed maj\u00ed zna\u010dn\u00e1 pr\u00e1va, o kter\u00fdch \u010dasto \u00a0nev\u011bd\u00ed, nap\u0159\u00edklad si mohou vybrat o\u0161et\u0159uj\u00edc\u00edho l\u00e9ka\u0159e, zp\u016fsob l\u00e9\u010dby i specializovan\u00e9 pracovi\u0161t\u011b, kde se\u00a0cht\u011bj\u00ed l\u00e9\u010dit. \u00a0Informujeme je tak\u00e9 o nov\u00e9m v\u00fdzkumn\u00e9m sm\u011bru \u2013 psychoneuroimunologii, kter\u00e1 v\u00fdzna\u010dn\u011b p\u0159isp\u00edv\u00e1 k\u00a0 \u00fa\u010dinnosti klasick\u00e9 onkologick\u00e9 l\u00e9\u010dby. \u00a0Tento\u00a0 v\u00fdzkumn\u00fd\u00a0 sm\u011br hodnot\u00ed rozli\u010dn\u00e9 \u00a0taktiky\u00a0 rakoviny u konkr\u00e9tn\u00edho nemocn\u00e9ho. Rakovina bu\u010f spolupracuje, anebo \u00a0naopak \u00a0soupe\u0159\u00ed \u00a0s jeho\u00a0centr\u00e1ln\u00edm nervov\u00fdm syst\u00e9mem, endokrinn\u00edm a imunitn\u00edm \u00a0syst\u00e9mem , a to podle \u00a0aktu\u00e1ln\u00ed\u00a0 hladiny jeho stresov\u00fdch hormon\u016f, nap\u0159\u00edklad adrenalinu, noradrenalinu, kortizolu anebo hormon\u016fm podobn\u00fdm \u00a0prostaglandin\u016fm .<br \/>\nTen kdo se \u00a0nach\u00e1z\u00ed\u00a0 i \u00a0po sd\u011blen\u00ed diagn\u00f3zy v emo\u010dn\u00edm \u010di soci\u00e1ln\u00edm stresu anebo se boj\u00ed sv\u00e9 nemoci \u00a0i \u00a0klasick\u00e9 l\u00e9\u010dby, \u00a0je t\u00edm p\u00e1dem pod vlivem vysok\u00fdch\u00a0 hodnot\u00a0 stresov\u00fdch hormon\u016f, b\u00fdv\u00e1 p\u0159i klasick\u00e9 l\u00e9\u010db\u011b znev\u00fdhodn\u011bn, proto\u017ee tyto nadm\u011brn\u011b vyplavovan\u00e9 hormony blokuj\u00ed\u00a0 \u00fa\u010dinnost \u00a0klasick\u00e9 l\u00e9\u010dby a podporuj\u00ed mno\u017een\u00ed rakovinn\u00fdch bun\u011bk i zakl\u00e1d\u00e1n\u00ed metast\u00e1z. \u00a0Naopak \u00a0\u00a0nemocn\u00fd, jen\u017e \u00a0se neboj\u00ed a v\u011b\u0159\u00ed \u00a0\u00fa\u010dinnosti klasick\u00e9 l\u00e9\u010dby \u00a0a \u00a0jeho stresov\u00e9 hormony jsou t\u00edm p\u00e1dem\u00a0 v\u00a0b\u011b\u017en\u00e9 koncentraci, pak tyto \u00a0hormony\u00a0 naopak blokuj\u00ed rozmach onkologick\u00e9 nemoci.<br \/>\nSoci\u00e1ln\u00ed a emo\u010dn\u00ed stres a \u00a0tud\u00ed\u017e \u00a0i pravd\u011bpodobnost zakl\u00e1d\u00e1n\u00ed metast\u00e1z \u00a0v\u00fdznamn\u011b \u00a0sni\u017euje \u00a0skupinov\u00e1 psychoterapie, co\u017e rovn\u011b\u017e prok\u00e1zala psychoneuroimunilogie. Pot\u00ed\u017e je v\u00a0 tom,\u00a0 \u017ee \u00a0v\u00a0\u010cesku v\u016f\u010di \u00a0psychoterapii \u00a0p\u0159evl\u00e1d\u00e1\u00a0 \u00a0\u00a0despekt. \u00a0B\u00fdv\u00e1 myln\u011b p\u0159isuzov\u00e1na sp\u00ed\u0161e psychicky nemocn\u00fdm, takzvan\u00fdm bl\u00e1zn\u016fm.\u00a0 Kdy\u017e jsme s\u00a0prof. MUDr. Milo\u0161em Pe\u0161kem\u00a0 p\u0159ed \u00a0sedmi lety \u00a0p\u0159ipravili \u00a0\u00a0projekt skupinov\u00e9 terapie pro onkologick\u00e9 pacienty, v\u0161ech \u00a0dvan\u00e1ct vyzvan\u00fdch \u00a0onkologicky nemocn\u00fdch ke sv\u00e9 bl\u00edzk\u00e9 \u0161kod\u011b\u00a0 \u00fa\u010dast odm\u00edtli. Neuv\u011b\u0159ili, \u017ee jim psychoterapie m\u016f\u017ee pomoci. \u00a0I dnes \u00a0\u00a0m\u00e1\u00a0 \u00a0kdekdo \u00a0strach ze sebepozn\u00e1n\u00ed a rad\u011bji zem\u0159e, ne\u017e by n\u011bco takov\u00e9ho zkusil. Jedna moje klientka s u\u017e \u00a0\u00a0rozb\u011bhlou \u00a0\u00a0\u00a0rakovinou \u00a0plic \u00a0mi \u0159ekla, \u017ee moji knihu o rakovin\u011b sice vid\u011bla v\u00a0obchod\u011b u\u017e p\u0159ed rokem, ale b\u00e1la se ji vz\u00edt do ruky, aby se o sob\u011b \u201enedozv\u011bd\u011bla n\u011bco hrozn\u00fdho.\u201c U rakoviny plat\u00ed, \u017ee nev\u011bd\u011bt a nev\u011b\u0159it znamen\u00e1 neb\u00fdt v\u010das varov\u00e1n, a naopak.<\/p>\n<p><strong>Onkologick\u00fdm klient\u016fm se\u00a0v\u011bnujete i v\u00a0r\u00e1mci sv\u00e9 soukrom\u00e9 praxe. Jak s\u00a0nimi pracujete? V\u00edm, \u017ee jim navrhujete r\u016fzn\u00e9 korekce, tedy \u0159e\u0161en\u00ed p\u0159\u00ed\u010din, kter\u00e9 nemoc vyvolaly\u2026<br \/>\nP<\/strong>racuji maxim\u00e1ln\u011b se dv\u011bma klienty t\u00fddn\u011b, proto\u017ee ka\u017ed\u00e9ho \u010dlov\u011bka je t\u0159eba \u201ep\u0159e\u010d\u00edst\u201c a pochopit, d\u00e1t mu najevo up\u0159\u00edmn\u00fd z\u00e1jem a z\u00edskat jeho d\u016fv\u011bru. D\u016fle\u017eit\u00e9 je, aby byl klient se mnou kompatibiln\u00ed, proto ka\u017ed\u00e9ho \u017e\u00e1d\u00e1m, aby mi o sob\u011b p\u0159edem n\u011bco napsal. Pot\u0159ebuji zjistit, jak svou nemoc ch\u00e1pe, \u010demu ji \u00a0p\u0159isuzuje, \u00a0jak je na tom se sv\u00fdm soci\u00e1ln\u00edm z\u00e1zem\u00edm. Pak s\u00a0n\u00edm d\u011bl\u00e1m tzv. psychosoci\u00e1ln\u00ed anamn\u00e9zu, zji\u0161\u0165uji, zda vyr\u016fstal v\u00a0rozbit\u00e9 \u010di neharmonick\u00e9 rodin\u011b, jak\u00fd m\u011bl vztah k\u00a0rodi\u010d\u016fm a \u00a0sourozenc\u016fm, tedy kdo a jak modeloval jeho d\u011btskou ps\u00fdchu. A pot\u00e9 za\u010d\u00edn\u00e1 na\u0161e spole\u010dn\u00e1 pr\u00e1ce, vedu klienta k\u00a0prvn\u00edm korekc\u00edm&#8230;<\/p>\n<p><em> ptala se Z. Paulusov\u00e1<\/em><\/p>\n","protected":false},"excerpt":{"rendered":"<p>Tuto v\u00fdzvu a skryt\u00e9 poselstv\u00ed p\u0159in\u00e1\u0161\u00ed podle psychologa PhDr. Petra Novotn\u00e9ho \u010dlov\u011bku onkologick\u00e1 nemoc. Pro toto mo\u017en\u00e1 p\u0159ekvapiv\u00e9 tvrzen\u00ed m\u00e1 mnoho argument\u016f a osobn\u00edch zku\u0161enost\u00ed &#8211; pr\u00e1ci s onkologick\u00fdmi pacienty se v\u011bnuje u\u017e \u0159adu let. N\u00e1\u0161 rozhovor pro \u010dervencovou MEDU\u0147KU trval n\u011bkolik hodin a dozv\u011bd\u011bla jsem se p\u0159i n\u011bm spoustu maxim\u00e1ln\u011b zaj\u00edmav\u00fdch informac\u00ed, vlastn\u011b mi pan doktor poodhalil cel\u00fd nov\u00fd \u00fahel pohledu na tyto choroby, na jejich p\u0159\u00ed\u010diny i na dal\u0161\u00ed jejich aspekty. A probrali jsme i mnoh\u00e1 dal\u0161\u00ed t\u00e9mata&#8230; V\u0161e d\u016fle\u017eit\u00e9 jsem se sna\u017eila do rozs\u00e1hl\u00e9ho rozhovoru napsat, abyste z n\u011bj m\u011bli u\u017eitek i vy, mil\u00ed \u010dten\u00e1\u0159i. Pro inspiraci nab\u00edz\u00edme uk\u00e1zku, cel\u00fd rozs\u00e1hl\u00fd rozhovor si p\u0159e\u010dtete v \u010dervencov\u00e9m \u010d\u00edsle Medu\u0148ky, kter\u00e9 vy\u0161lo tento t\u00fdden. Medu\u0148ku zakoup\u00edte v prodejn\u00e1ch PNS nebo v elektronick\u00e9 verzi na emedunka.cz\u00a0 \u00a0 \u00a0 \u00a0 Psychologa PhDr. Petra Novotn\u00e9ho mohou \u010dten\u00e1\u0159i Medu\u0148ky zn\u00e1t d\u00edky jeho knize Pro\u010d jsme nemocn\u00ed? z\u00a0roku 2003 (uk\u00e1zky z\u00a0n\u00ed jsme p\u0159ed lety publikovali na webov\u00fdch str\u00e1nk\u00e1ch Medu\u0148ky), a tak\u00e9 jako autora knihy Nemoc hodn\u00fdch lid\u00ed &#8211; rakovina z\u00a0roku 2018 \u2013 vybran\u00e9 kapitoly jsme s\u00a0jeho laskav\u00fdm svolen\u00edm zve\u0159ejnili v\u00a0n\u011bkolika posledn\u00edch \u010d\u00edslech Medu\u0148ky. P\u0159i rozhovoru jsme si pov\u00eddali o jeho bohat\u00e9 a r\u016fznorod\u00e9 profesn\u00ed dr\u00e1ze, ale zejm\u00e9na o dlouhodob\u00e9 pr\u00e1ci s\u00a0onkologick\u00fdmi pacienty, p\u0159i n\u00ed\u017e zkoum\u00e1 psychick\u00e9 a soci\u00e1ln\u00ed p\u0159\u00ed\u010diny vzniku t\u00e9to z\u00e1ke\u0159n\u00e9 nemoci a nemocn\u00e9 inspiruje k\u00a0emo\u010dn\u00edm a soci\u00e1ln\u00edm korekc\u00edm. Poznatky a zku\u0161enosti z\u00a0t\u00e9to pr\u00e1ce shrnul jako autor \u010di spoluautor v\u00a0n\u011bkolika knih\u00e1ch. Je tak\u00e9 \u00fasp\u011b\u0161n\u00fdm nakladatelem &#8211; ve sv\u00e9m nakladatelstv\u00ed vydal krom\u011b jin\u00e9ho des\u00edtky knih se zdravotn\u00ed tematikou. \u017divotn\u00ed p\u0159\u00edb\u011bh tohoto mu\u017ee, kter\u00fd velmi \u00fa\u010dinn\u011b pom\u00e1h\u00e1 lidem, um\u00ed se radovat ze \u017eivota a i po sedmdes\u00e1tce vyjede na kole na Je\u0161t\u011bd, m\u016f\u017ee b\u00fdt inspirac\u00ed pro v\u0161echny, kte\u0159\u00ed to \u2013 podobn\u011b jako on \u2013 nem\u011bli nebo nemaj\u00ed na \u017eivotn\u00edm startu snadn\u00e9\u2026\u00a0\u00a0\u00a0\u00a0\u00a0\u00a0\u00a0\u00a0 Pane doktore, jak vznikl v\u00e1\u0161 z\u00e1jem o onkologick\u00e9 pacienty a o p\u0159\u00ed\u010diny n\u00e1dorov\u00fdch onemocn\u011bn\u00ed? K onkologick\u00fdm pacient\u016fm m\u011b p\u0159ivedla spolupr\u00e1ce s v\u00fdznamn\u00fdm onkologem prof. MUDr. Milo\u0161em Pe\u0161kem, CSc., p\u0159ednostou Plze\u0148sk\u00e9 plicn\u00ed kliniky, kter\u00fd mne p\u0159ed lety vyzval, abych prozkoumal emo\u010dn\u00ed a soci\u00e1ln\u00ed nezam\u011bnitelnost jeho pacient\u016f. T\u00e9to pr\u00e1ci se v\u011bnuji u\u017e dlouho a dlouhodob\u00e1 je i spolupr\u00e1ce s\u00a0prof. Pe\u0161kem. P\u0159ed sedmi lety jsme spole\u010dn\u011b napsali knihu Zachra\u0148 sv\u016fj \u017eivot a pr\u00e1v\u011b jsme vydali druhou knihu s\u00a0n\u00e1zvem Od diagn\u00f3zy rakoviny k\u00a0uzdraven\u00ed. V\u00a0t\u00e9to nov\u00e9 knize srozumiteln\u011b informujeme, \u00a0jak by m\u011bl nemocn\u00fd zareagovat v\u00a0p\u0159\u00edpad\u011b,sd\u011blen\u00ed onkologick\u00e9 diagn\u00f3zy. Nab\u00edz\u00edme mu itiner\u00e1\u0159 v podob\u011b deseti \u201ep\u0159ik\u00e1z\u00e1n\u00ed\u201c \u2013 rad, co d\u011blat a co ned\u011blat, aby p\u0159isp\u011bl k\u00a0uchov\u00e1n\u00ed sv\u00e9ho \u017eivota. A tak\u00e9 \u0159adu dal\u0161\u00edch u\u017eite\u010dn\u00fdch informac\u00ed, proto\u017ee nemocn\u00ed maj\u00ed zna\u010dn\u00e1 pr\u00e1va, o kter\u00fdch \u010dasto \u00a0nev\u011bd\u00ed, nap\u0159\u00edklad si mohou vybrat o\u0161et\u0159uj\u00edc\u00edho l\u00e9ka\u0159e, zp\u016fsob l\u00e9\u010dby i specializovan\u00e9 pracovi\u0161t\u011b, kde se\u00a0cht\u011bj\u00ed l\u00e9\u010dit. \u00a0Informujeme je tak\u00e9 o nov\u00e9m v\u00fdzkumn\u00e9m sm\u011bru \u2013 psychoneuroimunologii, kter\u00e1 v\u00fdzna\u010dn\u011b p\u0159isp\u00edv\u00e1 k\u00a0 \u00fa\u010dinnosti klasick\u00e9 onkologick\u00e9 l\u00e9\u010dby. \u00a0Tento\u00a0 v\u00fdzkumn\u00fd\u00a0 sm\u011br hodnot\u00ed rozli\u010dn\u00e9 \u00a0taktiky\u00a0 rakoviny u konkr\u00e9tn\u00edho nemocn\u00e9ho. Rakovina bu\u010f spolupracuje, anebo \u00a0naopak \u00a0soupe\u0159\u00ed \u00a0s jeho\u00a0centr\u00e1ln\u00edm nervov\u00fdm syst\u00e9mem, endokrinn\u00edm a imunitn\u00edm \u00a0syst\u00e9mem , a to podle \u00a0aktu\u00e1ln\u00ed\u00a0 hladiny jeho stresov\u00fdch hormon\u016f, nap\u0159\u00edklad adrenalinu, noradrenalinu, kortizolu anebo hormon\u016fm podobn\u00fdm \u00a0prostaglandin\u016fm . Ten kdo se \u00a0nach\u00e1z\u00ed\u00a0 i \u00a0po sd\u011blen\u00ed diagn\u00f3zy v emo\u010dn\u00edm \u010di soci\u00e1ln\u00edm stresu anebo se boj\u00ed sv\u00e9 nemoci \u00a0i \u00a0klasick\u00e9 l\u00e9\u010dby, \u00a0je t\u00edm p\u00e1dem pod vlivem vysok\u00fdch\u00a0 hodnot\u00a0 stresov\u00fdch hormon\u016f, b\u00fdv\u00e1 p\u0159i klasick\u00e9 l\u00e9\u010db\u011b znev\u00fdhodn\u011bn, proto\u017ee tyto nadm\u011brn\u011b vyplavovan\u00e9 hormony blokuj\u00ed\u00a0 \u00fa\u010dinnost \u00a0klasick\u00e9 l\u00e9\u010dby a podporuj\u00ed mno\u017een\u00ed rakovinn\u00fdch bun\u011bk i zakl\u00e1d\u00e1n\u00ed metast\u00e1z. \u00a0Naopak \u00a0\u00a0nemocn\u00fd, jen\u017e \u00a0se neboj\u00ed a v\u011b\u0159\u00ed \u00a0\u00fa\u010dinnosti klasick\u00e9 l\u00e9\u010dby \u00a0a \u00a0jeho stresov\u00e9 hormony jsou t\u00edm p\u00e1dem\u00a0 v\u00a0b\u011b\u017en\u00e9 koncentraci, pak tyto \u00a0hormony\u00a0 naopak blokuj\u00ed rozmach onkologick\u00e9 nemoci. Soci\u00e1ln\u00ed a emo\u010dn\u00ed stres a \u00a0tud\u00ed\u017e \u00a0i pravd\u011bpodobnost zakl\u00e1d\u00e1n\u00ed metast\u00e1z \u00a0v\u00fdznamn\u011b \u00a0sni\u017euje \u00a0skupinov\u00e1 psychoterapie, co\u017e rovn\u011b\u017e prok\u00e1zala psychoneuroimunilogie. Pot\u00ed\u017e je v\u00a0 tom,\u00a0 \u017ee \u00a0v\u00a0\u010cesku v\u016f\u010di \u00a0psychoterapii \u00a0p\u0159evl\u00e1d\u00e1\u00a0 \u00a0\u00a0despekt. \u00a0B\u00fdv\u00e1 myln\u011b p\u0159isuzov\u00e1na sp\u00ed\u0161e psychicky nemocn\u00fdm, takzvan\u00fdm bl\u00e1zn\u016fm.\u00a0 Kdy\u017e jsme s\u00a0prof. MUDr. Milo\u0161em Pe\u0161kem\u00a0 p\u0159ed \u00a0sedmi lety \u00a0p\u0159ipravili \u00a0\u00a0projekt skupinov\u00e9 terapie pro onkologick\u00e9 pacienty, v\u0161ech \u00a0dvan\u00e1ct vyzvan\u00fdch \u00a0onkologicky nemocn\u00fdch ke sv\u00e9 bl\u00edzk\u00e9 \u0161kod\u011b\u00a0 \u00fa\u010dast odm\u00edtli. Neuv\u011b\u0159ili, \u017ee jim psychoterapie m\u016f\u017ee pomoci. \u00a0I dnes \u00a0\u00a0m\u00e1\u00a0 \u00a0kdekdo \u00a0strach ze sebepozn\u00e1n\u00ed a rad\u011bji zem\u0159e, ne\u017e by n\u011bco takov\u00e9ho zkusil. Jedna moje klientka s u\u017e \u00a0\u00a0rozb\u011bhlou \u00a0\u00a0\u00a0rakovinou \u00a0plic \u00a0mi \u0159ekla, \u017ee moji knihu o rakovin\u011b sice vid\u011bla v\u00a0obchod\u011b u\u017e p\u0159ed rokem, ale b\u00e1la se ji vz\u00edt do ruky, aby se o sob\u011b \u201enedozv\u011bd\u011bla n\u011bco hrozn\u00fdho.\u201c U rakoviny plat\u00ed, \u017ee nev\u011bd\u011bt a nev\u011b\u0159it znamen\u00e1 neb\u00fdt v\u010das varov\u00e1n, a naopak. Onkologick\u00fdm klient\u016fm se\u00a0v\u011bnujete i v\u00a0r\u00e1mci sv\u00e9 soukrom\u00e9 praxe. Jak s\u00a0nimi pracujete? V\u00edm, \u017ee jim navrhujete r\u016fzn\u00e9 korekce, tedy \u0159e\u0161en\u00ed p\u0159\u00ed\u010din, kter\u00e9 nemoc vyvolaly\u2026 Pracuji maxim\u00e1ln\u011b se dv\u011bma klienty t\u00fddn\u011b, proto\u017ee ka\u017ed\u00e9ho \u010dlov\u011bka je t\u0159eba \u201ep\u0159e\u010d\u00edst\u201c a pochopit, d\u00e1t mu najevo up\u0159\u00edmn\u00fd z\u00e1jem a z\u00edskat jeho d\u016fv\u011bru. D\u016fle\u017eit\u00e9 je, aby byl klient se mnou kompatibiln\u00ed, proto ka\u017ed\u00e9ho \u017e\u00e1d\u00e1m, aby mi o sob\u011b p\u0159edem n\u011bco napsal. Pot\u0159ebuji zjistit, jak svou nemoc ch\u00e1pe, \u010demu ji \u00a0p\u0159isuzuje, \u00a0jak je na tom se sv\u00fdm soci\u00e1ln\u00edm z\u00e1zem\u00edm. Pak s\u00a0n\u00edm d\u011bl\u00e1m tzv. psychosoci\u00e1ln\u00ed anamn\u00e9zu, zji\u0161\u0165uji, zda vyr\u016fstal v\u00a0rozbit\u00e9 \u010di neharmonick\u00e9 rodin\u011b, jak\u00fd m\u011bl vztah k\u00a0rodi\u010d\u016fm a \u00a0sourozenc\u016fm, tedy kdo a jak modeloval jeho d\u011btskou ps\u00fdchu. A pot\u00e9 za\u010d\u00edn\u00e1 na\u0161e spole\u010dn\u00e1 pr\u00e1ce, vedu klienta k\u00a0prvn\u00edm korekc\u00edm&#8230; ptala se Z. Paulusov\u00e1<\/p>\n","protected":false},"author":3,"featured_media":3161,"comment_status":"closed","ping_status":"closed","sticky":false,"template":"","format":"standard","meta":{"footnotes":""},"categories":[11,1,20,36],"tags":[],"class_list":["post-3165","post","type-post","status-publish","format-standard","has-post-thumbnail","hentry","category-alternativni-medicina","category-medunka","category-psychologie","category-rozhovory"],"acf":[],"_links":{"self":[{"href":"https:\/\/www.mojemedunka.cz\/index.php\/wp-json\/wp\/v2\/posts\/3165","targetHints":{"allow":["GET"]}}],"collection":[{"href":"https:\/\/www.mojemedunka.cz\/index.php\/wp-json\/wp\/v2\/posts"}],"about":[{"href":"https:\/\/www.mojemedunka.cz\/index.php\/wp-json\/wp\/v2\/types\/post"}],"author":[{"embeddable":true,"href":"https:\/\/www.mojemedunka.cz\/index.php\/wp-json\/wp\/v2\/users\/3"}],"replies":[{"embeddable":true,"href":"https:\/\/www.mojemedunka.cz\/index.php\/wp-json\/wp\/v2\/comments?post=3165"}],"version-history":[{"count":5,"href":"https:\/\/www.mojemedunka.cz\/index.php\/wp-json\/wp\/v2\/posts\/3165\/revisions"}],"predecessor-version":[{"id":3170,"href":"https:\/\/www.mojemedunka.cz\/index.php\/wp-json\/wp\/v2\/posts\/3165\/revisions\/3170"}],"wp:featuredmedia":[{"embeddable":true,"href":"https:\/\/www.mojemedunka.cz\/index.php\/wp-json\/wp\/v2\/media\/3161"}],"wp:attachment":[{"href":"https:\/\/www.mojemedunka.cz\/index.php\/wp-json\/wp\/v2\/media?parent=3165"}],"wp:term":[{"taxonomy":"category","embeddable":true,"href":"https:\/\/www.mojemedunka.cz\/index.php\/wp-json\/wp\/v2\/categories?post=3165"},{"taxonomy":"post_tag","embeddable":true,"href":"https:\/\/www.mojemedunka.cz\/index.php\/wp-json\/wp\/v2\/tags?post=3165"}],"curies":[{"name":"wp","href":"https:\/\/api.w.org\/{rel}","templated":true}]}}