{"id":2619,"date":"2020-03-26T06:00:20","date_gmt":"2020-03-26T06:00:20","guid":{"rendered":"http:\/\/www.mojemedunka.cz\/?p=2619"},"modified":"2020-03-25T13:30:10","modified_gmt":"2020-03-25T13:30:10","slug":"k-zamysleni","status":"publish","type":"post","link":"https:\/\/www.mojemedunka.cz\/index.php\/2020\/03\/26\/k-zamysleni\/","title":{"rendered":"K ZAMY\u0160LEN\u00cd&#8230;"},"content":{"rendered":"<p class=\"-wm-msonormal\"><span style=\"font-size: 14.0pt;\">Lidstvo dostalo p\u0159esn\u011b tu nemoc, jakou pot\u0159ebovalo.<\/span><br \/>\n<span style=\"font-size: 14.0pt;\">P\u0159estali jsme si v\u00e1\u017eit zdrav\u00ed, a proto jsme dostali takovou nemoc, abychom si uv\u011bdomili, na \u010dem nejv\u00edc z\u00e1le\u017e\u00ed.\u00a0<\/span><br \/>\n<span style=\"font-size: 14.0pt;\">P\u0159estali jsme si v\u00e1\u017eit p\u0159\u00edrody, a proto jsme dostali takovou nemoc, aby n\u00e1m pobyt v n\u00ed byl vz\u00e1cn\u00fd.<\/span><br \/>\n<span style=\"font-size: 14.0pt;\">P\u0159estali jsme fungovat v\u00a0rodin\u011b, a proto n\u00e1s tato nemoc zamkla do na\u0161ich domov\u016f, abychom se mohli znovu nau\u010dit fungovat jako rodina.<br \/>\nP\u0159estali jsme si v\u00e1\u017eit star\u00fdch a nemocn\u00fdch, a proto n\u00e1m byla d\u00e1na tato nemoc, abychom si p\u0159ipomn\u011bli, jak jsou zraniteln\u00ed.<\/span><br \/>\n<span style=\"font-size: 14.0pt;\">P\u0159estali jsme si v\u00e1\u017eit zdravotn\u00edk\u016f a l\u00e9k\u00e1rn\u00edk\u016f, abychom zjistili, jak jsou nepostradateln\u00ed. <\/span><br \/>\n<span style=\"font-size: 14.0pt;\">P\u0159estali jsme m\u00edt respekt k\u00a0u\u010ditel\u016fm, a proto tato nemoc uzav\u0159ela na\u0161e \u0161koly, aby si rodi\u010de mohli vyzkou\u0161et sami roli u\u010ditel\u016f.<\/span><br \/>\n<span style=\"font-size: 14.0pt;\">Mysleli jsme si, \u017ee si m\u016f\u017eeme v\u0161echno koupit, b\u00fdt kdekoliv a s\u00a0k\u00fdmkoli, a proto jsme dostali tento druh nemoci, abychom si uv\u011bdomili, \u017ee to nen\u00ed samoz\u0159ejmost.<\/span><br \/>\n<span style=\"font-size: 14.0pt;\">Mamon n\u00e1m zamotal hlavu, voln\u00fd \u010das jsme tr\u00e1vili v n\u00e1kupn\u00edch centrech, proto n\u00e1m je tato nemoc zav\u0159ela, abychom pochopili, \u017ee si \u0161t\u011bst\u00ed koupit nem\u016f\u017eeme.<\/span><br \/>\n<span style=\"font-size: 14.0pt;\">Zam\u011b\u0159ili jsme velkou pozornost na n\u00e1\u0161 vzhled a \u00a0porovn\u00e1v\u00e1n\u00ed se navz\u00e1jem, proto n\u00e1m tato nemoc zakryla tv\u00e1\u0159e, abychom pochopili, \u017ee tam na\u0161e kr\u00e1sa nen\u00ed.<\/span><br \/>\n<span style=\"font-size: 14.0pt;\">Mysleli jsme si, \u017ee jsme vl\u00e1dci t\u00e9to zem\u011b, a proto jsme dostali tuto nemoc, aby n\u00e1s n\u011bco miniaturn\u00edho, co ani nen\u00ed vid\u011bt, mohlo zkrotit, d\u00e1t n\u00e1m p\u0159\u00edru\u010dku a trochu pokory.<\/span><br \/>\n<span style=\"font-size: 14.0pt;\">Tato nemoc n\u00e1m bere hodn\u011b, ale z\u00e1rove\u0148 n\u00e1m d\u00e1v\u00e1 mo\u017enost se toho tolik nau\u010dit a pochopit, co je v \u017eivot\u011b nejd\u016fle\u017eit\u011bj\u0161\u00ed.<\/span><br \/>\n<span style=\"font-size: 14.0pt;\">Dostali jsme nemoc na m\u00edru, asi jsme ji jako lidstvo opravdu pot\u0159ebovali\u2026<\/span><\/p>\n","protected":false},"excerpt":{"rendered":"<p>Lidstvo dostalo p\u0159esn\u011b tu nemoc, jakou pot\u0159ebovalo. P\u0159estali jsme si v\u00e1\u017eit zdrav\u00ed, a proto jsme dostali takovou nemoc, abychom si uv\u011bdomili, na \u010dem nejv\u00edc z\u00e1le\u017e\u00ed.\u00a0 P\u0159estali jsme si v\u00e1\u017eit p\u0159\u00edrody, a proto jsme dostali takovou nemoc, aby n\u00e1m pobyt v n\u00ed byl vz\u00e1cn\u00fd. P\u0159estali jsme fungovat v\u00a0rodin\u011b, a proto n\u00e1s tato nemoc zamkla do na\u0161ich domov\u016f, abychom se mohli znovu nau\u010dit fungovat jako rodina. P\u0159estali jsme si v\u00e1\u017eit star\u00fdch a nemocn\u00fdch, a proto n\u00e1m byla d\u00e1na tato nemoc, abychom si p\u0159ipomn\u011bli, jak jsou zraniteln\u00ed. P\u0159estali jsme si v\u00e1\u017eit zdravotn\u00edk\u016f a l\u00e9k\u00e1rn\u00edk\u016f, abychom zjistili, jak jsou nepostradateln\u00ed. P\u0159estali jsme m\u00edt respekt k\u00a0u\u010ditel\u016fm, a proto tato nemoc uzav\u0159ela na\u0161e \u0161koly, aby si rodi\u010de mohli vyzkou\u0161et sami roli u\u010ditel\u016f. Mysleli jsme si, \u017ee si m\u016f\u017eeme v\u0161echno koupit, b\u00fdt kdekoliv a s\u00a0k\u00fdmkoli, a proto jsme dostali tento druh nemoci, abychom si uv\u011bdomili, \u017ee to nen\u00ed samoz\u0159ejmost. Mamon n\u00e1m zamotal hlavu, voln\u00fd \u010das jsme tr\u00e1vili v n\u00e1kupn\u00edch centrech, proto n\u00e1m je tato nemoc zav\u0159ela, abychom pochopili, \u017ee si \u0161t\u011bst\u00ed koupit nem\u016f\u017eeme. Zam\u011b\u0159ili jsme velkou pozornost na n\u00e1\u0161 vzhled a \u00a0porovn\u00e1v\u00e1n\u00ed se navz\u00e1jem, proto n\u00e1m tato nemoc zakryla tv\u00e1\u0159e, abychom pochopili, \u017ee tam na\u0161e kr\u00e1sa nen\u00ed. Mysleli jsme si, \u017ee jsme vl\u00e1dci t\u00e9to zem\u011b, a proto jsme dostali tuto nemoc, aby n\u00e1s n\u011bco miniaturn\u00edho, co ani nen\u00ed vid\u011bt, mohlo zkrotit, d\u00e1t n\u00e1m p\u0159\u00edru\u010dku a trochu pokory. Tato nemoc n\u00e1m bere hodn\u011b, ale z\u00e1rove\u0148 n\u00e1m d\u00e1v\u00e1 mo\u017enost se toho tolik nau\u010dit a pochopit, co je v \u017eivot\u011b nejd\u016fle\u017eit\u011bj\u0161\u00ed. Dostali jsme nemoc na m\u00edru, asi jsme ji jako lidstvo opravdu pot\u0159ebovali\u2026<\/p>\n","protected":false},"author":3,"featured_media":2621,"comment_status":"closed","ping_status":"closed","sticky":false,"template":"","format":"standard","meta":{"footnotes":""},"categories":[1,31],"tags":[],"class_list":["post-2619","post","type-post","status-publish","format-standard","has-post-thumbnail","hentry","category-medunka","category-pro-inspiraci"],"acf":[],"_links":{"self":[{"href":"https:\/\/www.mojemedunka.cz\/index.php\/wp-json\/wp\/v2\/posts\/2619","targetHints":{"allow":["GET"]}}],"collection":[{"href":"https:\/\/www.mojemedunka.cz\/index.php\/wp-json\/wp\/v2\/posts"}],"about":[{"href":"https:\/\/www.mojemedunka.cz\/index.php\/wp-json\/wp\/v2\/types\/post"}],"author":[{"embeddable":true,"href":"https:\/\/www.mojemedunka.cz\/index.php\/wp-json\/wp\/v2\/users\/3"}],"replies":[{"embeddable":true,"href":"https:\/\/www.mojemedunka.cz\/index.php\/wp-json\/wp\/v2\/comments?post=2619"}],"version-history":[{"count":1,"href":"https:\/\/www.mojemedunka.cz\/index.php\/wp-json\/wp\/v2\/posts\/2619\/revisions"}],"predecessor-version":[{"id":2620,"href":"https:\/\/www.mojemedunka.cz\/index.php\/wp-json\/wp\/v2\/posts\/2619\/revisions\/2620"}],"wp:featuredmedia":[{"embeddable":true,"href":"https:\/\/www.mojemedunka.cz\/index.php\/wp-json\/wp\/v2\/media\/2621"}],"wp:attachment":[{"href":"https:\/\/www.mojemedunka.cz\/index.php\/wp-json\/wp\/v2\/media?parent=2619"}],"wp:term":[{"taxonomy":"category","embeddable":true,"href":"https:\/\/www.mojemedunka.cz\/index.php\/wp-json\/wp\/v2\/categories?post=2619"},{"taxonomy":"post_tag","embeddable":true,"href":"https:\/\/www.mojemedunka.cz\/index.php\/wp-json\/wp\/v2\/tags?post=2619"}],"curies":[{"name":"wp","href":"https:\/\/api.w.org\/{rel}","templated":true}]}}