{"id":210,"date":"2018-12-24T05:57:49","date_gmt":"2018-12-24T05:57:49","guid":{"rendered":"http:\/\/www.mojemedunka.cz\/?p=210"},"modified":"2019-01-29T11:28:20","modified_gmt":"2019-01-29T11:28:20","slug":"z-prosincove-medunky-duchovni-symbolika-vanoc","status":"publish","type":"post","link":"https:\/\/www.mojemedunka.cz\/index.php\/2018\/12\/24\/z-prosincove-medunky-duchovni-symbolika-vanoc\/","title":{"rendered":"Z prosincov\u00e9 Medu\u0148ky: Duchovn\u00ed symbolika V\u00e1noc"},"content":{"rendered":"<p><strong><img loading=\"lazy\" decoding=\"async\" class=\"size-medium wp-image-202 alignright\" src=\"http:\/\/www.mojemedunka.cz\/wp-content\/uploads\/2018\/12\/medunka12018-1-215x300.jpg\" alt=\"\" width=\"215\" height=\"300\" srcset=\"https:\/\/www.mojemedunka.cz\/wp-content\/uploads\/2018\/12\/medunka12018-1-215x300.jpg 215w, https:\/\/www.mojemedunka.cz\/wp-content\/uploads\/2018\/12\/medunka12018-1.jpg 286w\" sizes=\"auto, (max-width: 215px) 100vw, 215px\" \/>Jedn\u00edm z nejzaj\u00edmav\u011bj\u0161\u00edch \u010dl\u00e1nk\u016f v prosincov\u00e9 Medu\u0148ce je text mystika a spisovatele Ing. Ji\u0159\u00edho Vacka\u00a0 o duchovn\u00ed symbolice V\u00e1noc a zimn\u00edho slunovratu.<\/strong> Nab\u00edz\u00edme uk\u00e1zku&#8230;<\/p>\n<p>Aktu\u00e1ln\u00ed \u010d\u00edslo Medu\u0148ky st\u00e1le m\u016f\u017eete zakoupit na st\u00e1nc\u00edch PNS a ve vybran\u00fdch obchodech.<\/p>\n<p>Abychom spr\u00e1vn\u011b pochopili symboliku a v\u00fdznam V\u00e1noc, mus\u00edme si uv\u011bdomit n\u011bkolik v\u011bc\u00ed. V\u00a0z\u00e1sad\u011b na cel\u00e9m sv\u011bt\u011b existuj\u00ed pouze dva druhy n\u00e1bo\u017eenstv\u00ed. Za prv\u00e9 n\u00e1bo\u017eenstv\u00ed vnit\u0159n\u00ed, skute\u010dn\u011b duchovn\u00ed a proto i osobn\u00ed, kter\u00e9 spo\u010d\u00edv\u00e1 v\u00a0na\u0161\u00ed vnit\u0159n\u00ed praxi, a pot\u00e9 tu je zevn\u00ed, skupinov\u00e9 n\u00e1bo\u017eenstv\u00ed, kter\u00e9 tkv\u00ed v\u00a0p\u0159\u00edslu\u0161nosti k\u00a0n\u011bjak\u00e9 skupin\u011b, k\u00a0jej\u00edmu vyzn\u00e1n\u00ed v\u00edry a k ob\u0159ad\u016fm.<br \/>\n\u017d\u00e1ci vnit\u0159n\u00edho n\u00e1bo\u017eenstv\u00ed, kte\u0159\u00ed se sna\u017e\u00ed o p\u0159\u00edmou zku\u0161enost Boha, ji\u017e n\u011bkolik tis\u00edc let p\u0159ed narozen\u00edm Je\u017e\u00ed\u0161ov\u00fdm zjistili, <strong>\u017ee ur\u010dit\u00e9 ro\u010dn\u00ed doby jsou zvl\u00e1\u0161t\u011b vhodn\u00e9 pro duchovn\u00ed praxi, proto\u017ee v\u00a0nich vanou p\u0159\u00edzniv\u00e9 duchovn\u00ed vlivy, kter\u00e9 tuto praxi usnad\u0148uj\u00ed. V\u00a0t\u011bchto obdob\u00edch je uvnit\u0159n\u011bn\u00ed a spojov\u00e1n\u00ed se se svoj\u00ed podstatou snadn\u011bj\u0161\u00ed a hlub\u0161\u00ed. Mezi tato obdob\u00ed pat\u0159\u00ed velmi v\u00fdzna\u010dn\u00fdm zp\u016fsobem i zimn\u00ed slunovrat. Proto se obdob\u00ed kolem zimn\u00edho slunovratu ji\u017e mnoho tis\u00edc let a d\u00e1vno p\u0159ed k\u0159es\u0165anstv\u00edm na cel\u00e9 severn\u00ed polokouli slav\u00ed jako v\u00fdzna\u010dn\u00fd duchovn\u00ed sv\u00e1tek.<\/strong><br \/>\nDuchovn\u00ed stezka nebo duchovn\u00ed vnit\u0159n\u00ed \u017eivot se \u010dasto vyjad\u0159uj\u00ed symbolicky a tyto symboly n\u00e1m poskytuje i p\u0159\u00edroda, zevn\u00ed \u017eivot a tak\u00e9 nap\u0159\u00edklad na\u0161e sny. Tyto symboly jsou po cel\u00e9m sv\u011bt\u011b stejn\u00e9 nebo obdobn\u00e9, co\u017e krom\u011b jin\u00e9ho dokazuje i opr\u00e1vn\u011bnost praxe duchovn\u00edho neboli vnit\u0159n\u00edho n\u00e1bo\u017eenstv\u00ed. Jak je to se zimn\u00edm slunovratem? Je to sv\u00e1tek slunce, kter\u00e9 je d\u00e1rcem zevn\u00edho \u017eivota a z\u00a0tohoto pohledu zastupuje bo\u017estv\u00ed. V tomto obdob\u00ed je slunce z\u00a0hlediska zevn\u00edho sv\u011bta nejm\u00e9n\u011b \u00fa\u010dinn\u00e9, proto\u017ee den je nejkrat\u0161\u00ed a noc je nejdel\u0161\u00ed. Symbolizuje n\u00e1m tedy obdob\u00ed, kdy p\u0159evl\u00e1d\u00e1 noc, nev\u011bdomost, nebo\u017eskost, ale sou\u010dasn\u011b pr\u00e1v\u011b v\u00a0tomto okam\u017eiku za\u010d\u00edn\u00e1 i zm\u011bna. Kdy\u017e je nev\u011bdomost nejhlub\u0161\u00ed a noci nejdel\u0161\u00ed, slunce se po\u010d\u00edn\u00e1 vracet na na\u0161i oblohu, setrv\u00e1v\u00e1 tam st\u00e1le d\u00e9le a d\u00e9le a noc se zkracuje. Z\u00a0hlediska duchovn\u00edho \u017eivota to symbolizuje obrat\u00a0v\u00a0na\u0161em nitru, ve kter\u00e9m se p\u0159est\u00e1v\u00e1me vzdalovat Bohu a za\u010d\u00edn\u00e1me se k\u00a0N\u011bmu bl\u00ed\u017eit.<\/p>\n<p><strong>Narozen\u00ed Krista v n\u00e1s<\/strong><\/p>\n<p><strong><em><img loading=\"lazy\" decoding=\"async\" class=\"size-medium wp-image-212 alignleft\" src=\"http:\/\/www.mojemedunka.cz\/wp-content\/uploads\/2018\/12\/jiri_vacek_portret-200x300.jpg\" alt=\"\" width=\"200\" height=\"300\" srcset=\"https:\/\/www.mojemedunka.cz\/wp-content\/uploads\/2018\/12\/jiri_vacek_portret-200x300.jpg 200w, https:\/\/www.mojemedunka.cz\/wp-content\/uploads\/2018\/12\/jiri_vacek_portret-266x400.jpg 266w, https:\/\/www.mojemedunka.cz\/wp-content\/uploads\/2018\/12\/jiri_vacek_portret-682x1024.jpg 682w, https:\/\/www.mojemedunka.cz\/wp-content\/uploads\/2018\/12\/jiri_vacek_portret-768x1153.jpg 768w, https:\/\/www.mojemedunka.cz\/wp-content\/uploads\/2018\/12\/jiri_vacek_portret.jpg 799w\" sizes=\"auto, (max-width: 200px) 100vw, 200px\" \/>(Autor \u010dl\u00e1nku ing. Ji\u0159\u00ed Vacek)<\/em><\/strong><br \/>\nPrvn\u00ed k\u0159es\u0165an\u00e9 v\u011bt\u0161inou byli praktiky vnit\u0159n\u00edho n\u00e1bo\u017eenstv\u00ed, a proto tuto z\u00e1va\u017enost a d\u016fle\u017eitost zimn\u00edho slunovratu znali. Proto tak\u00e9 polo\u017eili Je\u017e\u00ed\u0161\u016fv zrod jako sou\u010d\u00e1st sv\u00e1tk\u016f c\u00edrkevn\u00edho roku na den slunovratu. V\u00edme, \u017ee c\u00edrkevn\u00ed rok je vlastn\u011b takovou ro\u010dn\u00ed zkratkou na\u0161eho duchovn\u00edho v\u00fdvoje a \u017ee ve sv\u00fdch sv\u00e1tc\u00edch obsahuje symboliku na\u0161eho vnit\u0159n\u00edho duchovn\u00edho v\u00fdvoje, kter\u00fdm mus\u00ed ka\u017ed\u00fd proj\u00edt, chce-li skute\u010dn\u011b p\u011bstovat sv\u016fj vlastn\u00ed vnit\u0159n\u00ed \u017eivot.<br \/>\nJestli\u017ee se obr\u00e1t\u00edme k\u00a0evangeli\u00edm a chceme se pou\u010dit o Je\u017e\u00ed\u0161ov\u011b zrodu, zjist\u00edme, \u017ee Matou\u0161 konstatuje jenom stru\u010dn\u011b jeho narozen\u00ed, Marek o n\u011bm spolu s\u00a0Janem nemluv\u00ed, zato Luk\u00e1\u0161 je popisuje velmi ob\u0161\u00edrn\u011b a opisuje je z\u00a0t\u011bch hledisek, o kter\u00fdch jsem se zm\u00ednil. Znamen\u00e1 to, \u017ee je popisuje symbolicky z hlediska vnit\u0159n\u00edho n\u00e1bo\u017eenstv\u00ed. Nejprve si vezm\u011bme Josefa. Ten symbolizuje duchovn\u00edho \u010dlov\u011bka, v\u00a0dne\u0161n\u00ed dob\u011b bychom \u0159ekli mystika nebo jog\u00edna, kter\u00fd usiluje o dosa\u017een\u00ed Boha. Josef odkr\u00fdv\u00e1 Boha v\u00a0sob\u011b, ale ten nem\u016f\u017ee b\u00fdt jeho d\u00edlem. Proto se mluv\u00ed o tom, \u017ee je jenom p\u011bstounem P\u00e1n\u011b a nikoliv jeho otcem. Jeho otcem je Duch Svat\u00fd, kter\u00fd n\u00e1m v\u00a0na\u0161em nitru pom\u00e1h\u00e1 uskute\u010d\u0148ovat na\u0161e bo\u017estv\u00ed, o kter\u00e9m mluv\u00ed Star\u00fd i Nov\u00fd z\u00e1kon, kdy\u017e souhlasn\u011b prohla\u0161uj\u00ed, \u017ee: \u201ePrav\u00edm v\u00e1m, Bohov\u00e9 jste. A \u017ee toto slovo nelze odvolat nebo zru\u0161it.\u201c Maria pak v\u00a0tomto p\u0159\u00edpad\u011b znamen\u00e1 na\u0161i mysl, a jeliko\u017e je panna, tak to zna\u010d\u00ed, \u017ee to je mysl neposkvrn\u011bn\u00e1 ni\u010d\u00edm nebo\u017esk\u00fdm, tj. neposkvrn\u011bn\u00e1 zevn\u00edmi vlivy a sv\u011btsk\u00fdmi touhami. Motiv panny, kter\u00e1 rod\u00ed Boha, nen\u00ed k\u0159es\u0165ansk\u00fd, ale zn\u00e1me jej i z\u00a0mnoha p\u0159edk\u0159es\u0165ansk\u00fdch n\u00e1bo\u017eenstv\u00ed, kter\u00e1 l\u00ed\u010d\u00ed stejn\u00e9 pravdy, jako jsou obsa\u017eeny v\u00a0evangeli\u00edch.<br \/>\nOpakem Marie, Panny \u2013 \u010dist\u00e9 mysli pln\u00e9 sv\u011btla (Indov\u00e9 \u0159\u00edkaj\u00ed sattvick\u00e9 mysli) \u2013,\u00a0 je neplodn\u00e1 \u017eena, co\u017e znamen\u00e1 mysl, kter\u00e1 v\u00a0sob\u011b Boha nem\u00e1 a kter\u00e1 ho v\u00a0sob\u011b je\u0161t\u011b nepodr\u017eela. Jako p\u0159\u00edklady Star\u00fd z\u00e1kon uv\u00e1d\u00ed S\u00e1ru, Abrahamovu man\u017eelku a Al\u017eb\u011btu.<br \/>\nVe\u00a0Star\u00e9m z\u00e1kon\u011b se mnohokr\u00e1t opakuje motiv cesty. Tato cesta nen\u00ed nic jin\u00e9ho ne\u017e mystick\u00e1 neboli jog\u00ednsk\u00e1 stezka, stezka na\u0161\u00edm nitrem. Josef a Maria se tak\u00e9 vyd\u00e1vaj\u00ed na cestu, stejn\u011b jako Abraham, \u017eid\u00e9 z\u00a0Egypta a nakonec i Je\u017e\u00ed\u0161, kter\u00fd putuje na Golgotu, co\u017e se n\u00e1m pak zobrazuje v\u00a0takzvan\u00e9 k\u0159\u00ed\u017eov\u00e9 cest\u011b. To, co \u0159\u00edk\u00e1m, nen\u00ed ciz\u00ed ani katolick\u00e9mu n\u00e1bo\u017eenstv\u00ed. Kdy\u017e si otev\u0159eme kn\u00ed\u017eku Cherubsk\u00fd poutn\u00edk, kterou napsal Angelus Silesius, katolick\u00fd mystik, spisovatel a b\u00e1sn\u00edk, do\u010dteme se tam: \u201eV\u00a0tob\u011b se mus\u00ed B\u016fh narodit. By\u0165 Kristus v\u00a0Betl\u00e9m\u011b se tis\u00edckr\u00e1te zrodil, jsi ztracen, dokud se i v\u00a0tob\u011b nenarodil.\u201c A pr\u00e1v\u011b o tomto zrozen\u00ed mluv\u00ed i evangelia, a to sam\u00e9 plat\u00ed i o Pann\u011b Marii. \u201eMus\u00edm b\u00fdt Mari\u00ed a zrodit Boha, v\u00edm, by mohl u\u010dinit mne v\u011b\u010dn\u011b bla\u017een\u00fdm.\u201c<\/p>\n<p><strong><em>Cel\u00fd \u010dl\u00e1nek najdete v prosincov\u00e9 Medu\u0148ce.<\/em><\/strong><\/p>\n","protected":false},"excerpt":{"rendered":"<p>Jedn\u00edm z nejzaj\u00edmav\u011bj\u0161\u00edch \u010dl\u00e1nk\u016f v prosincov\u00e9 Medu\u0148ce je text mystika a spisovatele Ing. Ji\u0159\u00edho Vacka\u00a0 o duchovn\u00ed symbolice V\u00e1noc a zimn\u00edho slunovratu. Nab\u00edz\u00edme uk\u00e1zku&#8230; Aktu\u00e1ln\u00ed \u010d\u00edslo Medu\u0148ky st\u00e1le m\u016f\u017eete zakoupit na st\u00e1nc\u00edch PNS a ve vybran\u00fdch obchodech. Abychom spr\u00e1vn\u011b pochopili symboliku a v\u00fdznam V\u00e1noc, mus\u00edme si uv\u011bdomit n\u011bkolik v\u011bc\u00ed. V\u00a0z\u00e1sad\u011b na cel\u00e9m sv\u011bt\u011b existuj\u00ed pouze dva druhy n\u00e1bo\u017eenstv\u00ed. Za prv\u00e9 n\u00e1bo\u017eenstv\u00ed vnit\u0159n\u00ed, skute\u010dn\u011b duchovn\u00ed a proto i osobn\u00ed, kter\u00e9 spo\u010d\u00edv\u00e1 v\u00a0na\u0161\u00ed vnit\u0159n\u00ed praxi, a pot\u00e9 tu je zevn\u00ed, skupinov\u00e9 n\u00e1bo\u017eenstv\u00ed, kter\u00e9 tkv\u00ed v\u00a0p\u0159\u00edslu\u0161nosti k\u00a0n\u011bjak\u00e9 skupin\u011b, k\u00a0jej\u00edmu vyzn\u00e1n\u00ed v\u00edry a k ob\u0159ad\u016fm. \u017d\u00e1ci vnit\u0159n\u00edho n\u00e1bo\u017eenstv\u00ed, kte\u0159\u00ed se sna\u017e\u00ed o p\u0159\u00edmou zku\u0161enost Boha, ji\u017e n\u011bkolik tis\u00edc let p\u0159ed narozen\u00edm Je\u017e\u00ed\u0161ov\u00fdm zjistili, \u017ee ur\u010dit\u00e9 ro\u010dn\u00ed doby jsou zvl\u00e1\u0161t\u011b vhodn\u00e9 pro duchovn\u00ed praxi, proto\u017ee v\u00a0nich vanou p\u0159\u00edzniv\u00e9 duchovn\u00ed vlivy, kter\u00e9 tuto praxi usnad\u0148uj\u00ed. V\u00a0t\u011bchto obdob\u00edch je uvnit\u0159n\u011bn\u00ed a spojov\u00e1n\u00ed se se svoj\u00ed podstatou snadn\u011bj\u0161\u00ed a hlub\u0161\u00ed. Mezi tato obdob\u00ed pat\u0159\u00ed velmi v\u00fdzna\u010dn\u00fdm zp\u016fsobem i zimn\u00ed slunovrat. Proto se obdob\u00ed kolem zimn\u00edho slunovratu ji\u017e mnoho tis\u00edc let a d\u00e1vno p\u0159ed k\u0159es\u0165anstv\u00edm na cel\u00e9 severn\u00ed polokouli slav\u00ed jako v\u00fdzna\u010dn\u00fd duchovn\u00ed sv\u00e1tek. Duchovn\u00ed stezka nebo duchovn\u00ed vnit\u0159n\u00ed \u017eivot se \u010dasto vyjad\u0159uj\u00ed symbolicky a tyto symboly n\u00e1m poskytuje i p\u0159\u00edroda, zevn\u00ed \u017eivot a tak\u00e9 nap\u0159\u00edklad na\u0161e sny. Tyto symboly jsou po cel\u00e9m sv\u011bt\u011b stejn\u00e9 nebo obdobn\u00e9, co\u017e krom\u011b jin\u00e9ho dokazuje i opr\u00e1vn\u011bnost praxe duchovn\u00edho neboli vnit\u0159n\u00edho n\u00e1bo\u017eenstv\u00ed. Jak je to se zimn\u00edm slunovratem? Je to sv\u00e1tek slunce, kter\u00e9 je d\u00e1rcem zevn\u00edho \u017eivota a z\u00a0tohoto pohledu zastupuje bo\u017estv\u00ed. V tomto obdob\u00ed je slunce z\u00a0hlediska zevn\u00edho sv\u011bta nejm\u00e9n\u011b \u00fa\u010dinn\u00e9, proto\u017ee den je nejkrat\u0161\u00ed a noc je nejdel\u0161\u00ed. Symbolizuje n\u00e1m tedy obdob\u00ed, kdy p\u0159evl\u00e1d\u00e1 noc, nev\u011bdomost, nebo\u017eskost, ale sou\u010dasn\u011b pr\u00e1v\u011b v\u00a0tomto okam\u017eiku za\u010d\u00edn\u00e1 i zm\u011bna. Kdy\u017e je nev\u011bdomost nejhlub\u0161\u00ed a noci nejdel\u0161\u00ed, slunce se po\u010d\u00edn\u00e1 vracet na na\u0161i oblohu, setrv\u00e1v\u00e1 tam st\u00e1le d\u00e9le a d\u00e9le a noc se zkracuje. Z\u00a0hlediska duchovn\u00edho \u017eivota to symbolizuje obrat\u00a0v\u00a0na\u0161em nitru, ve kter\u00e9m se p\u0159est\u00e1v\u00e1me vzdalovat Bohu a za\u010d\u00edn\u00e1me se k\u00a0N\u011bmu bl\u00ed\u017eit. Narozen\u00ed Krista v n\u00e1s (Autor \u010dl\u00e1nku ing. Ji\u0159\u00ed Vacek) Prvn\u00ed k\u0159es\u0165an\u00e9 v\u011bt\u0161inou byli praktiky vnit\u0159n\u00edho n\u00e1bo\u017eenstv\u00ed, a proto tuto z\u00e1va\u017enost a d\u016fle\u017eitost zimn\u00edho slunovratu znali. Proto tak\u00e9 polo\u017eili Je\u017e\u00ed\u0161\u016fv zrod jako sou\u010d\u00e1st sv\u00e1tk\u016f c\u00edrkevn\u00edho roku na den slunovratu. V\u00edme, \u017ee c\u00edrkevn\u00ed rok je vlastn\u011b takovou ro\u010dn\u00ed zkratkou na\u0161eho duchovn\u00edho v\u00fdvoje a \u017ee ve sv\u00fdch sv\u00e1tc\u00edch obsahuje symboliku na\u0161eho vnit\u0159n\u00edho duchovn\u00edho v\u00fdvoje, kter\u00fdm mus\u00ed ka\u017ed\u00fd proj\u00edt, chce-li skute\u010dn\u011b p\u011bstovat sv\u016fj vlastn\u00ed vnit\u0159n\u00ed \u017eivot. Jestli\u017ee se obr\u00e1t\u00edme k\u00a0evangeli\u00edm a chceme se pou\u010dit o Je\u017e\u00ed\u0161ov\u011b zrodu, zjist\u00edme, \u017ee Matou\u0161 konstatuje jenom stru\u010dn\u011b jeho narozen\u00ed, Marek o n\u011bm spolu s\u00a0Janem nemluv\u00ed, zato Luk\u00e1\u0161 je popisuje velmi ob\u0161\u00edrn\u011b a opisuje je z\u00a0t\u011bch hledisek, o kter\u00fdch jsem se zm\u00ednil. Znamen\u00e1 to, \u017ee je popisuje symbolicky z hlediska vnit\u0159n\u00edho n\u00e1bo\u017eenstv\u00ed. Nejprve si vezm\u011bme Josefa. Ten symbolizuje duchovn\u00edho \u010dlov\u011bka, v\u00a0dne\u0161n\u00ed dob\u011b bychom \u0159ekli mystika nebo jog\u00edna, kter\u00fd usiluje o dosa\u017een\u00ed Boha. Josef odkr\u00fdv\u00e1 Boha v\u00a0sob\u011b, ale ten nem\u016f\u017ee b\u00fdt jeho d\u00edlem. Proto se mluv\u00ed o tom, \u017ee je jenom p\u011bstounem P\u00e1n\u011b a nikoliv jeho otcem. Jeho otcem je Duch Svat\u00fd, kter\u00fd n\u00e1m v\u00a0na\u0161em nitru pom\u00e1h\u00e1 uskute\u010d\u0148ovat na\u0161e bo\u017estv\u00ed, o kter\u00e9m mluv\u00ed Star\u00fd i Nov\u00fd z\u00e1kon, kdy\u017e souhlasn\u011b prohla\u0161uj\u00ed, \u017ee: \u201ePrav\u00edm v\u00e1m, Bohov\u00e9 jste. A \u017ee toto slovo nelze odvolat nebo zru\u0161it.\u201c Maria pak v\u00a0tomto p\u0159\u00edpad\u011b znamen\u00e1 na\u0161i mysl, a jeliko\u017e je panna, tak to zna\u010d\u00ed, \u017ee to je mysl neposkvrn\u011bn\u00e1 ni\u010d\u00edm nebo\u017esk\u00fdm, tj. neposkvrn\u011bn\u00e1 zevn\u00edmi vlivy a sv\u011btsk\u00fdmi touhami. Motiv panny, kter\u00e1 rod\u00ed Boha, nen\u00ed k\u0159es\u0165ansk\u00fd, ale zn\u00e1me jej i z\u00a0mnoha p\u0159edk\u0159es\u0165ansk\u00fdch n\u00e1bo\u017eenstv\u00ed, kter\u00e1 l\u00ed\u010d\u00ed stejn\u00e9 pravdy, jako jsou obsa\u017eeny v\u00a0evangeli\u00edch. Opakem Marie, Panny \u2013 \u010dist\u00e9 mysli pln\u00e9 sv\u011btla (Indov\u00e9 \u0159\u00edkaj\u00ed sattvick\u00e9 mysli) \u2013,\u00a0 je neplodn\u00e1 \u017eena, co\u017e znamen\u00e1 mysl, kter\u00e1 v\u00a0sob\u011b Boha nem\u00e1 a kter\u00e1 ho v\u00a0sob\u011b je\u0161t\u011b nepodr\u017eela. Jako p\u0159\u00edklady Star\u00fd z\u00e1kon uv\u00e1d\u00ed S\u00e1ru, Abrahamovu man\u017eelku a Al\u017eb\u011btu. Ve\u00a0Star\u00e9m z\u00e1kon\u011b se mnohokr\u00e1t opakuje motiv cesty. Tato cesta nen\u00ed nic jin\u00e9ho ne\u017e mystick\u00e1 neboli jog\u00ednsk\u00e1 stezka, stezka na\u0161\u00edm nitrem. Josef a Maria se tak\u00e9 vyd\u00e1vaj\u00ed na cestu, stejn\u011b jako Abraham, \u017eid\u00e9 z\u00a0Egypta a nakonec i Je\u017e\u00ed\u0161, kter\u00fd putuje na Golgotu, co\u017e se n\u00e1m pak zobrazuje v\u00a0takzvan\u00e9 k\u0159\u00ed\u017eov\u00e9 cest\u011b. To, co \u0159\u00edk\u00e1m, nen\u00ed ciz\u00ed ani katolick\u00e9mu n\u00e1bo\u017eenstv\u00ed. Kdy\u017e si otev\u0159eme kn\u00ed\u017eku Cherubsk\u00fd poutn\u00edk, kterou napsal Angelus Silesius, katolick\u00fd mystik, spisovatel a b\u00e1sn\u00edk, do\u010dteme se tam: \u201eV\u00a0tob\u011b se mus\u00ed B\u016fh narodit. By\u0165 Kristus v\u00a0Betl\u00e9m\u011b se tis\u00edckr\u00e1te zrodil, jsi ztracen, dokud se i v\u00a0tob\u011b nenarodil.\u201c A pr\u00e1v\u011b o tomto zrozen\u00ed mluv\u00ed i evangelia, a to sam\u00e9 plat\u00ed i o Pann\u011b Marii. \u201eMus\u00edm b\u00fdt Mari\u00ed a zrodit Boha, v\u00edm, by mohl u\u010dinit mne v\u011b\u010dn\u011b bla\u017een\u00fdm.\u201c Cel\u00fd \u010dl\u00e1nek najdete v prosincov\u00e9 Medu\u0148ce.<\/p>\n","protected":false},"author":1,"featured_media":383,"comment_status":"closed","ping_status":"closed","sticky":false,"template":"","format":"standard","meta":{"footnotes":""},"categories":[1],"tags":[],"class_list":["post-210","post","type-post","status-publish","format-standard","has-post-thumbnail","hentry","category-medunka"],"acf":[],"_links":{"self":[{"href":"https:\/\/www.mojemedunka.cz\/index.php\/wp-json\/wp\/v2\/posts\/210","targetHints":{"allow":["GET"]}}],"collection":[{"href":"https:\/\/www.mojemedunka.cz\/index.php\/wp-json\/wp\/v2\/posts"}],"about":[{"href":"https:\/\/www.mojemedunka.cz\/index.php\/wp-json\/wp\/v2\/types\/post"}],"author":[{"embeddable":true,"href":"https:\/\/www.mojemedunka.cz\/index.php\/wp-json\/wp\/v2\/users\/1"}],"replies":[{"embeddable":true,"href":"https:\/\/www.mojemedunka.cz\/index.php\/wp-json\/wp\/v2\/comments?post=210"}],"version-history":[{"count":2,"href":"https:\/\/www.mojemedunka.cz\/index.php\/wp-json\/wp\/v2\/posts\/210\/revisions"}],"predecessor-version":[{"id":213,"href":"https:\/\/www.mojemedunka.cz\/index.php\/wp-json\/wp\/v2\/posts\/210\/revisions\/213"}],"wp:featuredmedia":[{"embeddable":true,"href":"https:\/\/www.mojemedunka.cz\/index.php\/wp-json\/wp\/v2\/media\/383"}],"wp:attachment":[{"href":"https:\/\/www.mojemedunka.cz\/index.php\/wp-json\/wp\/v2\/media?parent=210"}],"wp:term":[{"taxonomy":"category","embeddable":true,"href":"https:\/\/www.mojemedunka.cz\/index.php\/wp-json\/wp\/v2\/categories?post=210"},{"taxonomy":"post_tag","embeddable":true,"href":"https:\/\/www.mojemedunka.cz\/index.php\/wp-json\/wp\/v2\/tags?post=210"}],"curies":[{"name":"wp","href":"https:\/\/api.w.org\/{rel}","templated":true}]}}