{"id":2061,"date":"2019-12-24T06:00:16","date_gmt":"2019-12-24T06:00:16","guid":{"rendered":"http:\/\/www.mojemedunka.cz\/?p=2061"},"modified":"2019-12-20T13:12:46","modified_gmt":"2019-12-20T13:12:46","slug":"z-prosincove-medunky-objevte-kouzlo-svatych-noci","status":"publish","type":"post","link":"https:\/\/www.mojemedunka.cz\/index.php\/2019\/12\/24\/z-prosincove-medunky-objevte-kouzlo-svatych-noci\/","title":{"rendered":"Z prosincov\u00e9 Medu\u0148ky: Objevte kouzlo Svat\u00fdch noc\u00ed&#8230;"},"content":{"rendered":"<p><strong>&#8230;rad\u00ed kou\u010dka, spisovatelka a lektorka Sylvia Salow v prosincov\u00e9 Medu\u0148ce, kterou si st\u00e1le je\u0161t\u011b m\u016f\u017eete koupit na st\u00e1nc\u00edch PNS a v n\u011bkter\u00fdch obchodech, a p\u0159e\u010d\u00edst si o s\u00edle v\u0161ech svat\u00fdch noc\u00ed&#8230;<br \/>\n<\/strong><strong><br \/>\n<\/strong><\/p>\n<p>&nbsp;<\/p>\n<p><strong>S\u00a0p\u0159\u00edchodem nov\u00e9ho roku si v\u011bt\u0161ina z\u00a0n\u00e1s d\u00e1v\u00e1 novoro\u010dn\u00ed p\u0159edsevzet\u00ed, ale u\u017e m\u00e9n\u011b lid\u00ed v\u00ed, \u017ee je\u0161t\u011b mocn\u011bj\u0161\u00edm \u010dasem jsou tzv. Svat\u00e9 noci. T\u011bchto t\u0159in\u00e1ct noc\u00ed p\u0159eklenuje magick\u00e9 obdob\u00ed mezi slune\u010dn\u00edm a m\u011bs\u00ed\u010dn\u00edm kalend\u00e1\u0159em. Za\u010d\u00edn\u00e1 z\u00e1padem Slunce 24. prosince a kon\u010d\u00ed spolu se setm\u011bn\u00edm 6. ledna, \u010dasem Zjeven\u00ed.<\/strong><br \/>\nDlouho p\u0159ed p\u0159\u00edchodem k\u0159es\u0165anstv\u00ed byl tento \u010das pova\u017eov\u00e1n za posv\u00e1tn\u00fd, proto\u017ee rou\u0161ka mezi Nebem a Zem\u00ed se ten\u010d\u00ed a my m\u00e1me mo\u017enost vid\u011bt n\u00e1\u0161 \u017eivot z\u00a0vy\u0161\u0161\u00edho \u00fahlu pohledu. K\u0159es\u0165ansk\u00e1 tradice v\u011b\u0159\u00ed, \u017ee b\u011bhem t\u011bchto posv\u00e1tn\u00fdch noc\u00ed n\u00e1m Archand\u011bl\u00e9 poodhaluj\u00ed odpov\u011bdi na na\u0161e ot\u00e1zky a dovol\u00ed n\u00e1m nahl\u00e9dnout do nadch\u00e1zej\u00edc\u00edho roku. Spolu s\u00a0p\u0159\u00edrodou, kter\u00e1 se prom\u011b\u0148uje v\u00a0tichou krajinu, i my obrac\u00edme sv\u016fj zrak do sv\u00e9ho nitra. Na\u0161e sny, pocity, lidi i t\u00e9mata, kter\u00e1 se b\u011bhem Svat\u00fdch noc\u00ed objevuj\u00ed, n\u00e1m p\u0159in\u00e1\u0161ej\u00ed d\u016fle\u017eit\u00e9 poselstv\u00ed pro n\u00e1\u0161 dal\u0161\u00ed v\u00fdvoj.<br \/>\nKa\u017ed\u00e1 z\u00a0noc\u00ed je zasv\u011bcena jin\u00e9 kvalit\u011b v\u011bdom\u00ed, kter\u00e1 je vyj\u00e1d\u0159ena bu\u010f znamen\u00edmi zv\u011brokruhu, Archand\u011bly nebo jedn\u00edm z\u00a0Apo\u0161tol\u016f. Pro na\u0161e ve\u010dern\u00ed rozj\u00edm\u00e1n\u00ed si m\u016f\u017eeme po\u0159\u00eddit z\u00e1pisn\u00edk a \u010dtrn\u00e1ct sv\u00ed\u010dek, kter\u00e9 po setm\u011bn\u00ed zap\u00e1l\u00edme. Ve st\u0159edu m\u016f\u017eeme nechat st\u00e1t zlatou sv\u00edci, kter\u00e1 symbolizuje na\u0161e vnit\u0159n\u00ed Slunce, k\u00a0n\u011bmu\u017e b\u011bhem t\u011bchto noc\u00ed obrac\u00edme sv\u016fj zrak.<\/p>\n<p><strong>Prvn\u00ed Svat\u00e1 noc 24. prosince<br \/>\n<\/strong>Prvn\u00ed Svat\u00e1 noc za\u010d\u00edn\u00e1 po setm\u011bn\u00ed na \u0160t\u011bdr\u00fd den. Tato noc zahajuje proces osv\u00edcen\u00ed \u2013 vnesen\u00ed sv\u011btla do m\u00edst, kde p\u0159edt\u00edm byla tma. Narozen\u00ed Je\u017e\u00ed\u0161e Krista symbolicky zna\u010d\u00ed tento d\u011bj, kter\u00fd se odehr\u00e1v\u00e1 v\u00a0ka\u017ed\u00e9m z n\u00e1s. Temnotou je v\u0161echno, co nen\u00ed v\u00a0souladu s\u00a0l\u00e1skou a je odrazem strachu, pochybnost\u00ed nebo bolesti.<br \/>\nT\u00e9to noci vl\u00e1dne znamen\u00ed Kozoroha, kter\u00e9 n\u00e1s u\u010d\u00ed vytrvalosti na cest\u011b k\u00a0na\u0161im sn\u016fm. Kdy\u017e si zap\u00e1l\u00edme sv\u00ed\u010dku, rozj\u00edm\u00e1me nad uplynul\u00fdm rokem. Co se mi v\u00a0uplynul\u00e9m roce poda\u0159ilo? Z\u00a0\u010deho si odn\u00e1\u0161\u00edm ponau\u010den\u00ed?<br \/>\nSvoji pozornost tak\u00e9 obr\u00e1t\u00edme k roku 2020. Jak\u00fdm sm\u011brem chci, aby se p\u0159\u00ed\u0161t\u00ed rok ub\u00edral? Co si p\u0159eji za\u017e\u00edt a nau\u010dit se? Jak se o sebe mohu l\u00e9pe starat?<\/p>\n<p><strong>Druh\u00e1 Svat\u00e1 noc 25. prosince<br \/>\n<\/strong>Druh\u00e9 Svat\u00e9 noci vl\u00e1dne Vodn\u00e1\u0159, kter\u00fd n\u00e1m poodkr\u00fdv\u00e1 rou\u0161ku tajemstv\u00ed duchovn\u00edho sv\u011bta. Zvol\u00edme si pohodlnou cestu, anebo si zvol\u00edme cestu, kter\u00e1 je pro n\u00e1s opravdov\u00e1? D\u00e1me v\u00edce prostoru svoj\u00ed du\u0161i, aby n\u00e1s vedla? P\u0159i zap\u00e1len\u00ed druh\u00e9 sv\u00edce p\u0159eneseme pozornost do sv\u00e9ho srdce a d\u00e1me prostor svoj\u00ed vnit\u0159n\u00ed nem\u011bnn\u00e9 esenci. Kdy\u017e se pod\u00edv\u00e1me do tv\u00e1\u0159\u00ed rodiny, p\u0159ipomeneme si i jejich pravou podstatu. A\u0165 u\u017e se v\u00a0uplynul\u00e9m roce stalo cokoliv, dovol\u00edme si c\u00edtit l\u00e1sku k druh\u00fdm, proto\u017ee v\u00edme, \u017ee i oni se sna\u017e\u00ed d\u011blat v\u017edy to nejlep\u0161\u00ed. V\u00a0my\u0161lenk\u00e1ch se vr\u00e1t\u00edme do uplynul\u00e9ho ledna a zamysl\u00edme se nad t\u00edm, co n\u00e1s nau\u010dil. Potom vneseme z\u00e1m\u011br pro leden 2020.<\/p>\n<p><strong>T\u0159et\u00ed Svat\u00e1 noc 26. prosince<br \/>\n<\/strong>Je spojena se znamen\u00edm Ryb, kter\u00e9 n\u00e1s u\u010d\u00ed, \u017ee to co je naho\u0159e, mus\u00ed op\u011bt sestoupit dol\u016f. Tento ve\u010der si p\u0159ipomene p\u0159ede\u0161l\u00fd \u00fanor a pot\u00e9 vneseme z\u00e1m\u011br pro \u00fanor 2020. ato noc n\u00e1m pom\u00e1h\u00e1 uv\u011bdomit si, \u017ee t\u011blo, du\u0161e i mysl mohou \u017e\u00edt v\u00a0harmonii. Nevid\u00edme je jako odd\u011blen\u00e9 \u010d\u00e1sti, ale vn\u00edm\u00e1me vy\u0161\u0161\u00ed v\u011bdom\u00ed, kter\u00e9 skrze n\u011b pulzuje. Jak m\u016f\u017ee m\u00e1 du\u0161e prostoupit m\u00fdmi vztahy? Co by se v\u00a0m\u00e9m \u017eivot\u011b zm\u011bnilo, kdybych odevzdal kontrolu nad sv\u00fdm \u017eivotem sv\u00e9 du\u0161i?&#8230;<\/p>\n","protected":false},"excerpt":{"rendered":"<p>&#8230;rad\u00ed kou\u010dka, spisovatelka a lektorka Sylvia Salow v prosincov\u00e9 Medu\u0148ce, kterou si st\u00e1le je\u0161t\u011b m\u016f\u017eete koupit na st\u00e1nc\u00edch PNS a v n\u011bkter\u00fdch obchodech, a p\u0159e\u010d\u00edst si o s\u00edle v\u0161ech svat\u00fdch noc\u00ed&#8230; &nbsp; S\u00a0p\u0159\u00edchodem nov\u00e9ho roku si v\u011bt\u0161ina z\u00a0n\u00e1s d\u00e1v\u00e1 novoro\u010dn\u00ed p\u0159edsevzet\u00ed, ale u\u017e m\u00e9n\u011b lid\u00ed v\u00ed, \u017ee je\u0161t\u011b mocn\u011bj\u0161\u00edm \u010dasem jsou tzv. Svat\u00e9 noci. T\u011bchto t\u0159in\u00e1ct noc\u00ed p\u0159eklenuje magick\u00e9 obdob\u00ed mezi slune\u010dn\u00edm a m\u011bs\u00ed\u010dn\u00edm kalend\u00e1\u0159em. Za\u010d\u00edn\u00e1 z\u00e1padem Slunce 24. prosince a kon\u010d\u00ed spolu se setm\u011bn\u00edm 6. ledna, \u010dasem Zjeven\u00ed. Dlouho p\u0159ed p\u0159\u00edchodem k\u0159es\u0165anstv\u00ed byl tento \u010das pova\u017eov\u00e1n za posv\u00e1tn\u00fd, proto\u017ee rou\u0161ka mezi Nebem a Zem\u00ed se ten\u010d\u00ed a my m\u00e1me mo\u017enost vid\u011bt n\u00e1\u0161 \u017eivot z\u00a0vy\u0161\u0161\u00edho \u00fahlu pohledu. K\u0159es\u0165ansk\u00e1 tradice v\u011b\u0159\u00ed, \u017ee b\u011bhem t\u011bchto posv\u00e1tn\u00fdch noc\u00ed n\u00e1m Archand\u011bl\u00e9 poodhaluj\u00ed odpov\u011bdi na na\u0161e ot\u00e1zky a dovol\u00ed n\u00e1m nahl\u00e9dnout do nadch\u00e1zej\u00edc\u00edho roku. Spolu s\u00a0p\u0159\u00edrodou, kter\u00e1 se prom\u011b\u0148uje v\u00a0tichou krajinu, i my obrac\u00edme sv\u016fj zrak do sv\u00e9ho nitra. Na\u0161e sny, pocity, lidi i t\u00e9mata, kter\u00e1 se b\u011bhem Svat\u00fdch noc\u00ed objevuj\u00ed, n\u00e1m p\u0159in\u00e1\u0161ej\u00ed d\u016fle\u017eit\u00e9 poselstv\u00ed pro n\u00e1\u0161 dal\u0161\u00ed v\u00fdvoj. Ka\u017ed\u00e1 z\u00a0noc\u00ed je zasv\u011bcena jin\u00e9 kvalit\u011b v\u011bdom\u00ed, kter\u00e1 je vyj\u00e1d\u0159ena bu\u010f znamen\u00edmi zv\u011brokruhu, Archand\u011bly nebo jedn\u00edm z\u00a0Apo\u0161tol\u016f. Pro na\u0161e ve\u010dern\u00ed rozj\u00edm\u00e1n\u00ed si m\u016f\u017eeme po\u0159\u00eddit z\u00e1pisn\u00edk a \u010dtrn\u00e1ct sv\u00ed\u010dek, kter\u00e9 po setm\u011bn\u00ed zap\u00e1l\u00edme. Ve st\u0159edu m\u016f\u017eeme nechat st\u00e1t zlatou sv\u00edci, kter\u00e1 symbolizuje na\u0161e vnit\u0159n\u00ed Slunce, k\u00a0n\u011bmu\u017e b\u011bhem t\u011bchto noc\u00ed obrac\u00edme sv\u016fj zrak. Prvn\u00ed Svat\u00e1 noc 24. prosince Prvn\u00ed Svat\u00e1 noc za\u010d\u00edn\u00e1 po setm\u011bn\u00ed na \u0160t\u011bdr\u00fd den. Tato noc zahajuje proces osv\u00edcen\u00ed \u2013 vnesen\u00ed sv\u011btla do m\u00edst, kde p\u0159edt\u00edm byla tma. Narozen\u00ed Je\u017e\u00ed\u0161e Krista symbolicky zna\u010d\u00ed tento d\u011bj, kter\u00fd se odehr\u00e1v\u00e1 v\u00a0ka\u017ed\u00e9m z n\u00e1s. Temnotou je v\u0161echno, co nen\u00ed v\u00a0souladu s\u00a0l\u00e1skou a je odrazem strachu, pochybnost\u00ed nebo bolesti. T\u00e9to noci vl\u00e1dne znamen\u00ed Kozoroha, kter\u00e9 n\u00e1s u\u010d\u00ed vytrvalosti na cest\u011b k\u00a0na\u0161im sn\u016fm. Kdy\u017e si zap\u00e1l\u00edme sv\u00ed\u010dku, rozj\u00edm\u00e1me nad uplynul\u00fdm rokem. Co se mi v\u00a0uplynul\u00e9m roce poda\u0159ilo? Z\u00a0\u010deho si odn\u00e1\u0161\u00edm ponau\u010den\u00ed? Svoji pozornost tak\u00e9 obr\u00e1t\u00edme k roku 2020. Jak\u00fdm sm\u011brem chci, aby se p\u0159\u00ed\u0161t\u00ed rok ub\u00edral? Co si p\u0159eji za\u017e\u00edt a nau\u010dit se? Jak se o sebe mohu l\u00e9pe starat? Druh\u00e1 Svat\u00e1 noc 25. prosince Druh\u00e9 Svat\u00e9 noci vl\u00e1dne Vodn\u00e1\u0159, kter\u00fd n\u00e1m poodkr\u00fdv\u00e1 rou\u0161ku tajemstv\u00ed duchovn\u00edho sv\u011bta. Zvol\u00edme si pohodlnou cestu, anebo si zvol\u00edme cestu, kter\u00e1 je pro n\u00e1s opravdov\u00e1? D\u00e1me v\u00edce prostoru svoj\u00ed du\u0161i, aby n\u00e1s vedla? P\u0159i zap\u00e1len\u00ed druh\u00e9 sv\u00edce p\u0159eneseme pozornost do sv\u00e9ho srdce a d\u00e1me prostor svoj\u00ed vnit\u0159n\u00ed nem\u011bnn\u00e9 esenci. Kdy\u017e se pod\u00edv\u00e1me do tv\u00e1\u0159\u00ed rodiny, p\u0159ipomeneme si i jejich pravou podstatu. A\u0165 u\u017e se v\u00a0uplynul\u00e9m roce stalo cokoliv, dovol\u00edme si c\u00edtit l\u00e1sku k druh\u00fdm, proto\u017ee v\u00edme, \u017ee i oni se sna\u017e\u00ed d\u011blat v\u017edy to nejlep\u0161\u00ed. V\u00a0my\u0161lenk\u00e1ch se vr\u00e1t\u00edme do uplynul\u00e9ho ledna a zamysl\u00edme se nad t\u00edm, co n\u00e1s nau\u010dil. Potom vneseme z\u00e1m\u011br pro leden 2020. T\u0159et\u00ed Svat\u00e1 noc 26. prosince Je spojena se znamen\u00edm Ryb, kter\u00e9 n\u00e1s u\u010d\u00ed, \u017ee to co je naho\u0159e, mus\u00ed op\u011bt sestoupit dol\u016f. Tento ve\u010der si p\u0159ipomene p\u0159ede\u0161l\u00fd \u00fanor a pot\u00e9 vneseme z\u00e1m\u011br pro \u00fanor 2020. ato noc n\u00e1m pom\u00e1h\u00e1 uv\u011bdomit si, \u017ee t\u011blo, du\u0161e i mysl mohou \u017e\u00edt v\u00a0harmonii. Nevid\u00edme je jako odd\u011blen\u00e9 \u010d\u00e1sti, ale vn\u00edm\u00e1me vy\u0161\u0161\u00ed v\u011bdom\u00ed, kter\u00e9 skrze n\u011b pulzuje. Jak m\u016f\u017ee m\u00e1 du\u0161e prostoupit m\u00fdmi vztahy? Co by se v\u00a0m\u00e9m \u017eivot\u011b zm\u011bnilo, kdybych odevzdal kontrolu nad sv\u00fdm \u017eivotem sv\u00e9 du\u0161i?&#8230;<\/p>\n","protected":false},"author":3,"featured_media":2004,"comment_status":"closed","ping_status":"closed","sticky":false,"template":"","format":"standard","meta":{"footnotes":""},"categories":[1],"tags":[],"class_list":["post-2061","post","type-post","status-publish","format-standard","has-post-thumbnail","hentry","category-medunka"],"acf":[],"_links":{"self":[{"href":"https:\/\/www.mojemedunka.cz\/index.php\/wp-json\/wp\/v2\/posts\/2061","targetHints":{"allow":["GET"]}}],"collection":[{"href":"https:\/\/www.mojemedunka.cz\/index.php\/wp-json\/wp\/v2\/posts"}],"about":[{"href":"https:\/\/www.mojemedunka.cz\/index.php\/wp-json\/wp\/v2\/types\/post"}],"author":[{"embeddable":true,"href":"https:\/\/www.mojemedunka.cz\/index.php\/wp-json\/wp\/v2\/users\/3"}],"replies":[{"embeddable":true,"href":"https:\/\/www.mojemedunka.cz\/index.php\/wp-json\/wp\/v2\/comments?post=2061"}],"version-history":[{"count":1,"href":"https:\/\/www.mojemedunka.cz\/index.php\/wp-json\/wp\/v2\/posts\/2061\/revisions"}],"predecessor-version":[{"id":2062,"href":"https:\/\/www.mojemedunka.cz\/index.php\/wp-json\/wp\/v2\/posts\/2061\/revisions\/2062"}],"wp:featuredmedia":[{"embeddable":true,"href":"https:\/\/www.mojemedunka.cz\/index.php\/wp-json\/wp\/v2\/media\/2004"}],"wp:attachment":[{"href":"https:\/\/www.mojemedunka.cz\/index.php\/wp-json\/wp\/v2\/media?parent=2061"}],"wp:term":[{"taxonomy":"category","embeddable":true,"href":"https:\/\/www.mojemedunka.cz\/index.php\/wp-json\/wp\/v2\/categories?post=2061"},{"taxonomy":"post_tag","embeddable":true,"href":"https:\/\/www.mojemedunka.cz\/index.php\/wp-json\/wp\/v2\/tags?post=2061"}],"curies":[{"name":"wp","href":"https:\/\/api.w.org\/{rel}","templated":true}]}}