{"id":1585,"date":"2019-08-26T06:00:32","date_gmt":"2019-08-26T06:00:32","guid":{"rendered":"http:\/\/www.mojemedunka.cz\/?p=1585"},"modified":"2019-08-31T07:36:06","modified_gmt":"2019-08-31T07:36:06","slug":"vyberte-si-z-titulu-medunkove-knihovnicky","status":"publish","type":"post","link":"https:\/\/www.mojemedunka.cz\/index.php\/2019\/08\/26\/vyberte-si-z-titulu-medunkove-knihovnicky\/","title":{"rendered":"Vyberte si z titul\u016f medu\u0148kov\u00e9 knihovni\u010dky!"},"content":{"rendered":"<p><strong>Edice Knihovni\u010dka Medu\u0148ky <\/strong>nab\u00edz\u00ed \u0159adu <strong>zaj\u00edmav\u00fdch titul\u016f<\/strong>, ve kter\u00fdch se auto\u0159i zab\u00fdvaj\u00ed rozmanit\u00fdmi t\u00e9maty. Vyberte si z mnoha zaj\u00edmav\u00fdch t\u00e9mat pr\u00e1v\u011b to, kter\u00e9 je v aktu\u00e1ln\u00ed etap\u011b va\u0161eho \u017eivota pro v\u00e1s d\u016fle\u017eit\u00e9&#8230; <strong>Velmi inspirativn\u00ed je nap\u0159. kniha<\/strong> na\u0161ich spolupracovn\u00edk\u016f <strong>Marcely Chad\u017eijsk\u00e9 a Miroslava Hada\u0161e <\/strong><em><strong>Pr\u016fvodce<\/strong> <strong>rodinn\u00fdmi konstelacemi s nov\u00fdmi podp\u016frn\u00fdmi metodami.<\/strong> <\/em>Kniha, kterou<em><strong> Marcela a Miroslav<\/strong> n<\/em>apsali na z\u00e1klad\u011b sv\u00fdch <strong>dlouholet\u00fdch zku\u0161enost\u00ed a znalost\u00ed<\/strong>, je ur\u010dena v\u0161em, kdo se cht\u011bj\u00ed <strong>dozv\u011bd\u011bt v\u00edce informac\u00ed o t\u00e9to origin\u00e1ln\u00ed<\/strong> a velmi <strong>\u00fa\u010dinn\u00e9 terapeutick\u00e9 metod\u011b<\/strong>. <strong>Knihu zakoup\u00edte<\/strong> p\u0159es n\u00e1\u0161 e-shop <a href=\"http:\/\/www.obchodmedunka.cz\">www.obchodmedunka.cz<\/a> &#8211; <strong>a nebudete litovat!<br \/>\nP\u0159e\u010dt\u011bte si uk\u00e1zku&#8230;<\/strong><\/p>\n<p>&nbsp;<\/p>\n<p>&nbsp;<\/p>\n<p><strong><img loading=\"lazy\" decoding=\"async\" class=\"alignnone size-medium wp-image-1091 alignleft\" src=\"http:\/\/www.mojemedunka.cz\/wp-content\/uploads\/2019\/05\/5-ob\u00e1lkaChadzijskaHadas-300x225.jpg\" alt=\"\" width=\"300\" height=\"225\" srcset=\"https:\/\/www.mojemedunka.cz\/wp-content\/uploads\/2019\/05\/5-ob\u00e1lkaChadzijskaHadas-300x225.jpg 300w, https:\/\/www.mojemedunka.cz\/wp-content\/uploads\/2019\/05\/5-ob\u00e1lkaChadzijskaHadas-1024x768.jpg 1024w, https:\/\/www.mojemedunka.cz\/wp-content\/uploads\/2019\/05\/5-ob\u00e1lkaChadzijskaHadas-768x576.jpg 768w, https:\/\/www.mojemedunka.cz\/wp-content\/uploads\/2019\/05\/5-ob\u00e1lkaChadzijskaHadas-1200x900.jpg 1200w, https:\/\/www.mojemedunka.cz\/wp-content\/uploads\/2019\/05\/5-ob\u00e1lkaChadzijskaHadas.jpg 1280w\" sizes=\"auto, (max-width: 300px) 100vw, 300px\" \/>P\u0159\u00edklady z konstelac\u00ed na\u0161ich student\u016f<\/strong><strong><br \/>\n<\/strong>V\u011bt\u0161ina p\u0159\u00edb\u011bh\u016f, kter\u00e9 jsme za\u0159adili do t\u00e9to knihy, jsou z konstelac\u00ed, kter\u00e9 samostatn\u011b vedli absolventi Akademie l\u00e9\u010ditelsk\u00fdch um\u011bn\u00ed. Jsou to mist\u0159i Had\u017eiki. Pozn\u00e1te je podle zlat\u00e9ho p\u0159\u00edv\u011bsku na krku Had\u017eiki\u00ae.<\/p>\n<p><strong>Zru\u0161en\u00ed p\u0159\u00edsahy &#8211; <\/strong>kauza<br \/>\n\u010casto \u0159e\u0161\u00edme r\u016fzn\u00e9 druhy neplodnosti a ty jsou mnohdy a\u017e neuv\u011b\u0159iteln\u00e9. O pomoc nap\u0159\u00edklad \u017e\u00e1dala mlad\u00e1 \u017eena, kter\u00e1 se v \u0161estilet\u00e9m man\u017eelstv\u00ed pokou\u0161ela marn\u011b ot\u011bhotn\u011bt. Z l\u00e9ka\u0159sk\u00e9ho hlediska byli oba man\u017eel\u00e9 v po\u0159\u00e1dku.<br \/>\nPostavili jsme podosobnost, kter\u00e1 br\u00e1nila po\u010det\u00ed. Byla to \u010d\u00e1ste\u010dka, kter\u00e1 m\u011bla na starost hl\u00eddat jej\u00ed p\u0159\u00edsahy, kter\u00e9 ani nebyly jej\u00ed, ale jej\u00ed prababi\u010dky, zn\u00e1siln\u011bn\u00e9 voj\u00e1ky. D\u00edt\u011b, kter\u00e9 se j\u00ed narodilo, se pak nedopat\u0159en\u00edm utopilo. Zap\u0159\u00eds\u00e1hla se, \u017ee si nikdy neodpust\u00ed, co se stalo. To byl prav\u00fd d\u016fvod neschopnosti po\u010det\u00ed pravnu\u010dky. Museli jsme ud\u011blat ritu\u00e1l pro odpu\u0161t\u011bn\u00ed s\u00a0pou\u017eit\u00edm afirmace<br \/>\n\u201eOdpou\u0161t\u00edm si v\u0161echny p\u0159\u00edsahy, \u017ee si nikdy neodpust\u00edm.\u201c N\u00e1sledoval p\u0159\u00edliv siln\u00e9 energie. V sou\u010dasn\u00e9 dob\u011b m\u00e1 tato \u017eena ji\u017e p\u011btilet\u00e9ho chlape\u010dka.<\/p>\n<p><strong>Opraven\u00e9 posti\u017een\u00ed o\u010d\u00ed &#8211; <\/strong>kauza<strong><br \/>\n<\/strong>Ve 12 letech chlapci diagnostikovali vrozenou o\u010dn\u00ed vadu, kterou pro m\u011b l\u00e9ka\u0159ka definovala laicky jako d\u00edry v s\u00edtnici. N\u00e1sledovalo m\u011b\u0159en\u00ed stupn\u011b posti\u017een\u00ed. Slep\u00e1 m\u00edsta bohu\u017eel postihla ji\u017e 50 % zraku. M\u011b\u0159eno zp\u016fsobem, kdy na monitoru naskakovaly te\u010dky na r\u016fzn\u00fdch m\u00edstech periferie, a chlapec m\u011bl ma\u010dk\u00e1n\u00edm tla\u010d\u00edtka kliknout poka\u017ed\u00e9, kdy\u017e te\u010dku zahl\u00e9dne.\u00a0Tuto o\u010dn\u00ed vadu nelze nijak kompenzovat pom\u016fckami ani operovat. V podstat\u011b se jen sleduje, nakolik se tato vada zhor\u0161uje, jak oko roste.<br \/>\nOd tohoto opakovan\u00e9ho vy\u0161et\u0159en\u00ed jsme v obdob\u00ed dev\u00edti m\u011bs\u00edc\u016f stav\u011bli p\u011btkr\u00e1t konstelace. Jen jedny byly p\u016fvodn\u011b stav\u011bny na tuto zrakovou vadu, ostatn\u00ed na r\u016fzn\u00e1 t\u00e9mata, nap\u0159. pot\u00ed\u017ee s u\u010den\u00edm anglick\u00e9ho jazyka a pot\u00ed\u017ee s \u0161ikanou od spolu\u017e\u00e1k\u016f. Po zm\u00edn\u011bn\u00fdch dev\u00edti m\u011bs\u00edc\u00edch \u0161el chlapec znovu na kontrolu, kde jeho o\u010dn\u00ed l\u00e9ka\u0159ka\u00a0po vy\u0161et\u0159en\u00ed\u00a0s \u00fadivem konstatovala, \u017ee o\u010di jsou zdrav\u00e9. \u017d\u00e1dn\u00e1 vada tam ji\u017e nebyla.\u00a0 Potvrdilo to i n\u00e1sledn\u00e9 m\u011b\u0159en\u00ed bod\u016f, kter\u00e9 vid\u011bl na 100 %.<\/p>\n<p><strong>O\u0161et\u0159en\u00ed neplodnosti &#8211; <\/strong>kauza<strong><br \/>\n<\/strong>Ohromnou radost m\u00e1m z pan\u00ed Martiny. Tato pan\u00ed ke mn\u011b p\u0159i\u0161la velice ne\u0161\u0165astn\u00e1, \u017ee je deset let vdan\u00e1, ale neda\u0159\u00ed se j\u00ed ot\u011bhotn\u011bt. Dokonce u\u017e i podstoupila um\u011bl\u00e9 oplodn\u011bn\u00ed, ale bohu\u017eel ani to se nezda\u0159ilo.<br \/>\nZjistili jsme, \u017ee maminka zem\u0159ela, kdy\u017e byla Martina je\u0161t\u011b mal\u00e1 a otec se netajil t\u00edm, \u017ee si p\u0159\u00e1l syna a ne dceru. Se sv\u00fdm otcem m\u011bla velice \u0161patn\u00fd vztah. Byl odm\u011b\u0159en\u00fd a nep\u0159\u00edstupn\u00fd, st\u00e1le j\u00ed nad\u00e1val, \u017ee je tlust\u00e1 a vy\u010d\u00edtal ka\u017edou mali\u010dkost. Do\u0161lo to a\u017e tak daleko, \u017ee se u n\u00ed objevily mu\u017esk\u00e9 rysy. Dokonce si kv\u016fli otci nechala ost\u0159\u00edhat vlasy na je\u017eka, aby se mu n\u011bjak zavd\u011b\u010dila. Vztah s otcem byl v\u0161ak st\u00e1le stejn\u00fd, velice chladn\u00fd a \u0161patn\u00fd. Martina ke mn\u011b za\u010dala doch\u00e1zet na terapie. Postupovaly jsme velice pomalu a obez\u0159etn\u011b, aby to bylo bezpe\u010dn\u00e9.<br \/>\nNejd\u0159\u00edve jsme aplikovali metodu Duchovn\u00ed d\u011bloha, pak jsme pokra\u010dovali terapi\u00ed na vnit\u0159n\u00ed d\u00edt\u011b, ale dostali jsme se pouze do \u010dty\u0159 let v\u011bku. Pot\u00e9 se Martina rozplakala a odm\u00edtla pokra\u010dovat. Pochopila jsem, \u017ee tam je opravdu siln\u00fd blok z velk\u00e9 bolesti ze smrti sv\u00e9 matky, kter\u00fd se ned\u00e1 nijak obej\u00edt. Postavili jsme tedy \u201e\u017eidli\u010dky\u201c na matku a dceru, i kdy\u017e tvrdila, \u017ee s maminkou nem\u011bla nikdy \u017e\u00e1dn\u00fd probl\u00e9m, \u017ee je tato terapie zbyte\u010dn\u00e1. Nejv\u011bt\u0161\u00ed probl\u00e9m m\u00e1 pouze s otcem, kter\u00fd je st\u00e1le stejn\u00fd, odm\u011b\u0159en\u00fd a nep\u0159\u00edstupn\u00fd.<br \/>\nHned zpo\u010d\u00e1tku terapie v\u0161ak p\u0159i\u0161el siln\u00fd pocit zloby na maminku, kter\u00fd p\u0159e\u0161el ve vztek a z\u00e1rove\u0148 v pl\u00e1\u010d. Jak se vztek a pl\u00e1\u010d stup\u0148oval, st\u00e1le opakovala: \u201eJak si mi to mohla ud\u011blat, \u017ee jsi ode\u0161la a nechala m\u011b tady s otcem samotnou?\u201c Otev\u0159ela se velik\u00e1 bolest a Martina se zhroutila s obrovsk\u00fdm pl\u00e1\u010dem.<br \/>\nMysl\u00edm, \u017ee v takov\u00fdch p\u0159\u00edpadech je vhodn\u011bj\u0161\u00ed nechat tu bolest znovu pro\u017e\u00edt a projevit empatii. Pou\u017eili jsme afirmaci: \u201eUbl\u00ed\u017eila jsi mi a moc to bol\u00ed.\u201c Tato afirmace se mi osv\u011bd\u010dila, i kdy\u017e stav klienta se v\u011bt\u0161inou na chvilku zhor\u0161\u00ed. Velice na\u0159\u00edkala a st\u00e1le opakovala: \u201eMoc to bol\u00ed.\u201c Hladila jsem ji a \u0159\u00edkala, aby to v\u0161e pustila, \u017ee je v bezpe\u010d\u00ed. Martina afirmovala: \u201eI toto pat\u0159\u00ed do na\u0161\u00ed rodiny. Nerozum\u00edm tomu, ale chci to p\u0159ijmout.\u201c Postupn\u011b se stav lep\u0161il, a\u017e se nakonec \u00fapln\u011b uti\u0161ila. Pak jsem pou\u017eila afirmaci sm\u011brem k\u00a0mamince. \u201eRespektuji tv\u016fj osud a tv\u016fj \u017eivot, jsi voln\u00e1, j\u00e1 jsem voln\u00e1. Pou\u0161t\u00edm t\u011b s l\u00e1skou do sv\u011btla tam, kam pr\u00e1vem pat\u0159\u00ed\u0161. I kdy\u017e u\u017e nejsi mezi \u017eiv\u00fdmi, v m\u00e9m srdci je st\u00e1le kousek m\u00edsta pro tvoji l\u00e1sku. J\u00e1 m\u00e1m je\u0161t\u011b mnoho let \u017eivota na t\u00e9to zemi, ale jednou se spolu zase ur\u010dit\u011b sejdeme.\u201c<br \/>\nTyto afirmace pou\u017e\u00edv\u00e1me p\u0159ev\u00e1\u017en\u011b u klient\u016f truchl\u00edc\u00edch pro sv\u00e9 milovan\u00e9, kte\u0159\u00ed u\u017e nejsou mezi n\u00e1mi. Pocit, \u017ee se op\u011bt sejdou, jim hodn\u011b pom\u00e1h\u00e1 a pomohl i Martin\u011b. Po terapii s tat\u00ednkem a pod\u011bkov\u00e1n\u00ed za \u017eivot rodi\u010d\u016fm, tak\u00e9 po v\u0161ech r\u016fzn\u00fdch Stop \u2013 Startech, t\u0159eba na malou sebel\u00e1sku, strachu z\u00a0rodi\u010dovstv\u00ed, a hlavn\u011b ze strachu, aby se nikdy neopakoval stejn\u00fd program u jejich d\u011bt\u00ed, \u017ee by z\u016fstaly bez matky jako ona. Pak u\u017e jsme jen ur\u010dily jej\u00ed pevn\u00e9 m\u00edsto v rodov\u00e9 linii. Nakonec se poda\u0159ilo i to, na co jsem ze za\u010d\u00e1tku nev\u011b\u0159ila ani j\u00e1. Martina ot\u011bhotn\u011bla a p\u0159i\u0161lo to p\u0159irozenou cestou!<br \/>\nJsem r\u00e1da, \u017ee se n\u00e1m povedlo n\u011bco, v co jsme ze za\u010d\u00e1tku ani mo\u017en\u00e1 nev\u011b\u0159ili. Po n\u011bjak\u00e9m \u010dase n\u00e1m p\u0159i\u0161la Martina pod\u011bkovat a byli jsme velice p\u0159ekvapeni, jak zhubla a zkr\u00e1sn\u011bla. Dnes je z n\u00ed n\u00e1dhern\u00e1 a \u0161\u0165astn\u00e1 \u017eena.<\/p>\n<p><strong>O\u0161et\u0159en\u00ed nutk\u00e1n\u00ed k\u00a0sebepo\u0161kozov\u00e1n\u00ed &#8211; <\/strong>kauza<br \/>\nNaproti tomu je pravda, \u017ee v rodin\u00e1ch, ve kter\u00fdch d\u011bti maj\u00ed a mohou \u017e\u00edt ve velmi \u0161\u0165astn\u00e9m a spokojen\u00e9m prost\u0159ed\u00ed, se n\u011bkdy rodi\u010de tr\u00e1p\u00ed, proto\u017ee nev\u011bd\u00ed, jak sv\u00fdm d\u011btem pomoci p\u0159i nejr\u016fzn\u011bj\u0161\u00edch probl\u00e9mech. Jednou za n\u00e1mi p\u0159i\u0161la ne\u0161\u0165astn\u00e1 maminka dvan\u00e1ctilet\u00e9 dcery. Jej\u00ed nejv\u011bt\u0161\u00ed probl\u00e9m spo\u010d\u00edval v tom, \u017ee se dcera r\u016fzn\u00fdmi zp\u016fsoby sebepo\u0161kozovala a necht\u011bla s maminkou v\u016fbec komunikovat. Maminka t\u00e9to d\u00edvky vy\u010derpala v\u0161echny mo\u017enosti, jak p\u0159ij\u00edt na d\u016fvod dce\u0159ina chov\u00e1n\u00ed, ale bohu\u017eel bez\u00fasp\u011b\u0161n\u011b. Postavily jsme s kolegyn\u00ed \u010d\u00e1ste\u010dku, kter\u00e1 je zodpov\u011bdn\u00e1 za tuto situaci, a chov\u00e1n\u00ed t\u00e9to d\u00edvky. Maminku jsme postavily do z\u00e1stupn\u00e9 role za dceru. Byla schoulen\u00e1 a c\u00edtila se ne\u0161\u0165astn\u00e1. Pak jsme zjistily, \u017ee ta \u010d\u00e1ste\u010dka p\u0159edstavuje hodn\u011b velkou bolest, kterou dcera bere na sebe jen proto, aby netrp\u011bla maminka.<br \/>\nP\u0159i t\u00e9to terapii jsme vid\u011bli star\u00e9ho ohnut\u00e9ho d\u011bde\u010dka. Maminka n\u00e1m sd\u011blila s velk\u00fdm pl\u00e1\u010dem, \u017ee jej\u00ed tat\u00ednek zem\u0159el p\u0159ed dv\u011bma lety ve velk\u00fdch bolestech a \u017ee se s\u00a0t\u00edm nem\u016f\u017ee sm\u00ed\u0159it, proto\u017ee ho m\u011bla velice r\u00e1da. Vy\u010d\u00edt\u00e1 si, \u017ee mu neum\u011bla pomoci. Vzpomn\u011bla si, \u017ee n\u011bkdy v t\u00e9 dob\u011b za\u010dalo dce\u0159ino sebepo\u0161kozov\u00e1n\u00ed. Terapii jsme pot\u00e9 zm\u011bnili a postavili konstelace na maminku a jej\u00edho zem\u0159el\u00e9ho tat\u00ednka. Tato terapie byla pro maminku velice bolestn\u00e1 a psychicky n\u00e1ro\u010dn\u00e1, ale povedlo se n\u00e1m ji bezpe\u010dn\u011b dokon\u010dit a po z\u00e1kladn\u00edch afirmac\u00edch maminka sv\u00e9ho tat\u00ednka pustila se slovy: \u201eRespektuji tv\u016fj osud a tv\u016fj \u017eivot. Jsi voln\u00fd, j\u00e1 jsem tak\u00e9 voln\u00e1.\u201c Pot\u00e9 jsme je\u0161t\u011b ud\u011blali terapii na z\u00e1kladn\u00ed rodinu.<br \/>\nNa dce\u0159i bylo hned zn\u00e1t, \u017ee se c\u00edt\u00ed l\u00e9pe. Byla veselej\u0161\u00ed, ale vedle sv\u00e9 maminky z\u016fst\u00e1vala v pozici partnera. Tat\u00ednek byl daleko od nich a byl nez\u00fa\u010dastn\u011bn\u00fd. Pomoc\u00ed afirmac\u00ed jsme ka\u017ed\u00e9mu ustanovili m\u00edsto, kam pat\u0159\u00ed. Po skon\u010den\u00ed terapie maminka zvracela, byla slab\u00e1, a hlavn\u011b byla cel\u00e1 vyd\u011b\u0161en\u00e1, co se to s n\u00ed d\u011bje. Uklid\u0148ovali jsme ji, \u017ee v\u0161e je v naprost\u00e9m po\u0159\u00e1dku a zcela bezpe\u010dn\u00e9, a\u017e se \u017eena uklidnila. Po \u010dase se za n\u00e1mi zastavila, p\u0159inesla kv\u011btiny a moc d\u011bkovala za fantastickou zm\u011bnu v chov\u00e1n\u00ed jej\u00ed dcery. Dcera s n\u00ed pr\u00fd komunikuje, sm\u011bje se, je bezstarostn\u00e1 a vesel\u00e1.<\/p>\n<p>&nbsp;<\/p>\n","protected":false},"excerpt":{"rendered":"<p>Edice Knihovni\u010dka Medu\u0148ky nab\u00edz\u00ed \u0159adu zaj\u00edmav\u00fdch titul\u016f, ve kter\u00fdch se auto\u0159i zab\u00fdvaj\u00ed rozmanit\u00fdmi t\u00e9maty. Vyberte si z mnoha zaj\u00edmav\u00fdch t\u00e9mat pr\u00e1v\u011b to, kter\u00e9 je v aktu\u00e1ln\u00ed etap\u011b va\u0161eho \u017eivota pro v\u00e1s d\u016fle\u017eit\u00e9&#8230; Velmi inspirativn\u00ed je nap\u0159. kniha na\u0161ich spolupracovn\u00edk\u016f Marcely Chad\u017eijsk\u00e9 a Miroslava Hada\u0161e Pr\u016fvodce rodinn\u00fdmi konstelacemi s nov\u00fdmi podp\u016frn\u00fdmi metodami. Kniha, kterou Marcela a Miroslav napsali na z\u00e1klad\u011b sv\u00fdch dlouholet\u00fdch zku\u0161enost\u00ed a znalost\u00ed, je ur\u010dena v\u0161em, kdo se cht\u011bj\u00ed dozv\u011bd\u011bt v\u00edce informac\u00ed o t\u00e9to origin\u00e1ln\u00ed a velmi \u00fa\u010dinn\u00e9 terapeutick\u00e9 metod\u011b. Knihu zakoup\u00edte p\u0159es n\u00e1\u0161 e-shop www.obchodmedunka.cz &#8211; a nebudete litovat! P\u0159e\u010dt\u011bte si uk\u00e1zku&#8230; &nbsp; &nbsp; P\u0159\u00edklady z konstelac\u00ed na\u0161ich student\u016f V\u011bt\u0161ina p\u0159\u00edb\u011bh\u016f, kter\u00e9 jsme za\u0159adili do t\u00e9to knihy, jsou z konstelac\u00ed, kter\u00e9 samostatn\u011b vedli absolventi Akademie l\u00e9\u010ditelsk\u00fdch um\u011bn\u00ed. Jsou to mist\u0159i Had\u017eiki. Pozn\u00e1te je podle zlat\u00e9ho p\u0159\u00edv\u011bsku na krku Had\u017eiki\u00ae. Zru\u0161en\u00ed p\u0159\u00edsahy &#8211; kauza \u010casto \u0159e\u0161\u00edme r\u016fzn\u00e9 druhy neplodnosti a ty jsou mnohdy a\u017e neuv\u011b\u0159iteln\u00e9. O pomoc nap\u0159\u00edklad \u017e\u00e1dala mlad\u00e1 \u017eena, kter\u00e1 se v \u0161estilet\u00e9m man\u017eelstv\u00ed pokou\u0161ela marn\u011b ot\u011bhotn\u011bt. Z l\u00e9ka\u0159sk\u00e9ho hlediska byli oba man\u017eel\u00e9 v po\u0159\u00e1dku. Postavili jsme podosobnost, kter\u00e1 br\u00e1nila po\u010det\u00ed. Byla to \u010d\u00e1ste\u010dka, kter\u00e1 m\u011bla na starost hl\u00eddat jej\u00ed p\u0159\u00edsahy, kter\u00e9 ani nebyly jej\u00ed, ale jej\u00ed prababi\u010dky, zn\u00e1siln\u011bn\u00e9 voj\u00e1ky. D\u00edt\u011b, kter\u00e9 se j\u00ed narodilo, se pak nedopat\u0159en\u00edm utopilo. Zap\u0159\u00eds\u00e1hla se, \u017ee si nikdy neodpust\u00ed, co se stalo. To byl prav\u00fd d\u016fvod neschopnosti po\u010det\u00ed pravnu\u010dky. Museli jsme ud\u011blat ritu\u00e1l pro odpu\u0161t\u011bn\u00ed s\u00a0pou\u017eit\u00edm afirmace \u201eOdpou\u0161t\u00edm si v\u0161echny p\u0159\u00edsahy, \u017ee si nikdy neodpust\u00edm.\u201c N\u00e1sledoval p\u0159\u00edliv siln\u00e9 energie. V sou\u010dasn\u00e9 dob\u011b m\u00e1 tato \u017eena ji\u017e p\u011btilet\u00e9ho chlape\u010dka. Opraven\u00e9 posti\u017een\u00ed o\u010d\u00ed &#8211; kauza Ve 12 letech chlapci diagnostikovali vrozenou o\u010dn\u00ed vadu, kterou pro m\u011b l\u00e9ka\u0159ka definovala laicky jako d\u00edry v s\u00edtnici. N\u00e1sledovalo m\u011b\u0159en\u00ed stupn\u011b posti\u017een\u00ed. Slep\u00e1 m\u00edsta bohu\u017eel postihla ji\u017e 50 % zraku. M\u011b\u0159eno zp\u016fsobem, kdy na monitoru naskakovaly te\u010dky na r\u016fzn\u00fdch m\u00edstech periferie, a chlapec m\u011bl ma\u010dk\u00e1n\u00edm tla\u010d\u00edtka kliknout poka\u017ed\u00e9, kdy\u017e te\u010dku zahl\u00e9dne.\u00a0Tuto o\u010dn\u00ed vadu nelze nijak kompenzovat pom\u016fckami ani operovat. V podstat\u011b se jen sleduje, nakolik se tato vada zhor\u0161uje, jak oko roste. Od tohoto opakovan\u00e9ho vy\u0161et\u0159en\u00ed jsme v obdob\u00ed dev\u00edti m\u011bs\u00edc\u016f stav\u011bli p\u011btkr\u00e1t konstelace. Jen jedny byly p\u016fvodn\u011b stav\u011bny na tuto zrakovou vadu, ostatn\u00ed na r\u016fzn\u00e1 t\u00e9mata, nap\u0159. pot\u00ed\u017ee s u\u010den\u00edm anglick\u00e9ho jazyka a pot\u00ed\u017ee s \u0161ikanou od spolu\u017e\u00e1k\u016f. Po zm\u00edn\u011bn\u00fdch dev\u00edti m\u011bs\u00edc\u00edch \u0161el chlapec znovu na kontrolu, kde jeho o\u010dn\u00ed l\u00e9ka\u0159ka\u00a0po vy\u0161et\u0159en\u00ed\u00a0s \u00fadivem konstatovala, \u017ee o\u010di jsou zdrav\u00e9. \u017d\u00e1dn\u00e1 vada tam ji\u017e nebyla.\u00a0 Potvrdilo to i n\u00e1sledn\u00e9 m\u011b\u0159en\u00ed bod\u016f, kter\u00e9 vid\u011bl na 100 %. O\u0161et\u0159en\u00ed neplodnosti &#8211; kauza Ohromnou radost m\u00e1m z pan\u00ed Martiny. Tato pan\u00ed ke mn\u011b p\u0159i\u0161la velice ne\u0161\u0165astn\u00e1, \u017ee je deset let vdan\u00e1, ale neda\u0159\u00ed se j\u00ed ot\u011bhotn\u011bt. Dokonce u\u017e i podstoupila um\u011bl\u00e9 oplodn\u011bn\u00ed, ale bohu\u017eel ani to se nezda\u0159ilo. Zjistili jsme, \u017ee maminka zem\u0159ela, kdy\u017e byla Martina je\u0161t\u011b mal\u00e1 a otec se netajil t\u00edm, \u017ee si p\u0159\u00e1l syna a ne dceru. Se sv\u00fdm otcem m\u011bla velice \u0161patn\u00fd vztah. Byl odm\u011b\u0159en\u00fd a nep\u0159\u00edstupn\u00fd, st\u00e1le j\u00ed nad\u00e1val, \u017ee je tlust\u00e1 a vy\u010d\u00edtal ka\u017edou mali\u010dkost. Do\u0161lo to a\u017e tak daleko, \u017ee se u n\u00ed objevily mu\u017esk\u00e9 rysy. Dokonce si kv\u016fli otci nechala ost\u0159\u00edhat vlasy na je\u017eka, aby se mu n\u011bjak zavd\u011b\u010dila. Vztah s otcem byl v\u0161ak st\u00e1le stejn\u00fd, velice chladn\u00fd a \u0161patn\u00fd. Martina ke mn\u011b za\u010dala doch\u00e1zet na terapie. Postupovaly jsme velice pomalu a obez\u0159etn\u011b, aby to bylo bezpe\u010dn\u00e9. Nejd\u0159\u00edve jsme aplikovali metodu Duchovn\u00ed d\u011bloha, pak jsme pokra\u010dovali terapi\u00ed na vnit\u0159n\u00ed d\u00edt\u011b, ale dostali jsme se pouze do \u010dty\u0159 let v\u011bku. Pot\u00e9 se Martina rozplakala a odm\u00edtla pokra\u010dovat. Pochopila jsem, \u017ee tam je opravdu siln\u00fd blok z velk\u00e9 bolesti ze smrti sv\u00e9 matky, kter\u00fd se ned\u00e1 nijak obej\u00edt. Postavili jsme tedy \u201e\u017eidli\u010dky\u201c na matku a dceru, i kdy\u017e tvrdila, \u017ee s maminkou nem\u011bla nikdy \u017e\u00e1dn\u00fd probl\u00e9m, \u017ee je tato terapie zbyte\u010dn\u00e1. Nejv\u011bt\u0161\u00ed probl\u00e9m m\u00e1 pouze s otcem, kter\u00fd je st\u00e1le stejn\u00fd, odm\u011b\u0159en\u00fd a nep\u0159\u00edstupn\u00fd. Hned zpo\u010d\u00e1tku terapie v\u0161ak p\u0159i\u0161el siln\u00fd pocit zloby na maminku, kter\u00fd p\u0159e\u0161el ve vztek a z\u00e1rove\u0148 v pl\u00e1\u010d. Jak se vztek a pl\u00e1\u010d stup\u0148oval, st\u00e1le opakovala: \u201eJak si mi to mohla ud\u011blat, \u017ee jsi ode\u0161la a nechala m\u011b tady s otcem samotnou?\u201c Otev\u0159ela se velik\u00e1 bolest a Martina se zhroutila s obrovsk\u00fdm pl\u00e1\u010dem. Mysl\u00edm, \u017ee v takov\u00fdch p\u0159\u00edpadech je vhodn\u011bj\u0161\u00ed nechat tu bolest znovu pro\u017e\u00edt a projevit empatii. Pou\u017eili jsme afirmaci: \u201eUbl\u00ed\u017eila jsi mi a moc to bol\u00ed.\u201c Tato afirmace se mi osv\u011bd\u010dila, i kdy\u017e stav klienta se v\u011bt\u0161inou na chvilku zhor\u0161\u00ed. Velice na\u0159\u00edkala a st\u00e1le opakovala: \u201eMoc to bol\u00ed.\u201c Hladila jsem ji a \u0159\u00edkala, aby to v\u0161e pustila, \u017ee je v bezpe\u010d\u00ed. Martina afirmovala: \u201eI toto pat\u0159\u00ed do na\u0161\u00ed rodiny. Nerozum\u00edm tomu, ale chci to p\u0159ijmout.\u201c Postupn\u011b se stav lep\u0161il, a\u017e se nakonec \u00fapln\u011b uti\u0161ila. Pak jsem pou\u017eila afirmaci sm\u011brem k\u00a0mamince. \u201eRespektuji tv\u016fj osud a tv\u016fj \u017eivot, jsi voln\u00e1, j\u00e1 jsem voln\u00e1. Pou\u0161t\u00edm t\u011b s l\u00e1skou do sv\u011btla tam, kam pr\u00e1vem pat\u0159\u00ed\u0161. I kdy\u017e u\u017e nejsi mezi \u017eiv\u00fdmi, v m\u00e9m srdci je st\u00e1le kousek m\u00edsta pro tvoji l\u00e1sku. J\u00e1 m\u00e1m je\u0161t\u011b mnoho let \u017eivota na t\u00e9to zemi, ale jednou se spolu zase ur\u010dit\u011b sejdeme.\u201c Tyto afirmace pou\u017e\u00edv\u00e1me p\u0159ev\u00e1\u017en\u011b u klient\u016f truchl\u00edc\u00edch pro sv\u00e9 milovan\u00e9, kte\u0159\u00ed u\u017e nejsou mezi n\u00e1mi. Pocit, \u017ee se op\u011bt sejdou, jim hodn\u011b pom\u00e1h\u00e1 a pomohl i Martin\u011b. Po terapii s tat\u00ednkem a pod\u011bkov\u00e1n\u00ed za \u017eivot rodi\u010d\u016fm, tak\u00e9 po v\u0161ech r\u016fzn\u00fdch Stop \u2013 Startech, t\u0159eba na malou sebel\u00e1sku, strachu z\u00a0rodi\u010dovstv\u00ed, a hlavn\u011b ze strachu, aby se nikdy neopakoval stejn\u00fd program u jejich d\u011bt\u00ed, \u017ee by z\u016fstaly bez matky jako ona. Pak u\u017e jsme jen ur\u010dily jej\u00ed pevn\u00e9 m\u00edsto v rodov\u00e9 linii. Nakonec se poda\u0159ilo i to, na co jsem ze za\u010d\u00e1tku nev\u011b\u0159ila ani j\u00e1. Martina ot\u011bhotn\u011bla a p\u0159i\u0161lo to p\u0159irozenou cestou! Jsem r\u00e1da, \u017ee se n\u00e1m povedlo n\u011bco, v co jsme ze za\u010d\u00e1tku ani mo\u017en\u00e1 nev\u011b\u0159ili. Po n\u011bjak\u00e9m \u010dase n\u00e1m p\u0159i\u0161la Martina pod\u011bkovat a byli jsme velice p\u0159ekvapeni, jak zhubla a zkr\u00e1sn\u011bla. Dnes je z n\u00ed n\u00e1dhern\u00e1 a \u0161\u0165astn\u00e1 \u017eena. O\u0161et\u0159en\u00ed nutk\u00e1n\u00ed k\u00a0sebepo\u0161kozov\u00e1n\u00ed &#8211; kauza Naproti tomu je pravda, \u017ee v rodin\u00e1ch, ve kter\u00fdch d\u011bti maj\u00ed a mohou \u017e\u00edt ve velmi \u0161\u0165astn\u00e9m a spokojen\u00e9m prost\u0159ed\u00ed, se n\u011bkdy rodi\u010de tr\u00e1p\u00ed, proto\u017ee nev\u011bd\u00ed, jak sv\u00fdm d\u011btem pomoci p\u0159i nejr\u016fzn\u011bj\u0161\u00edch probl\u00e9mech. Jednou za n\u00e1mi p\u0159i\u0161la ne\u0161\u0165astn\u00e1 maminka dvan\u00e1ctilet\u00e9 dcery. Jej\u00ed nejv\u011bt\u0161\u00ed probl\u00e9m spo\u010d\u00edval v tom, \u017ee se dcera r\u016fzn\u00fdmi zp\u016fsoby sebepo\u0161kozovala a necht\u011bla s maminkou v\u016fbec komunikovat. Maminka t\u00e9to d\u00edvky vy\u010derpala v\u0161echny mo\u017enosti, jak p\u0159ij\u00edt na d\u016fvod dce\u0159ina chov\u00e1n\u00ed, ale bohu\u017eel bez\u00fasp\u011b\u0161n\u011b. Postavily jsme s kolegyn\u00ed \u010d\u00e1ste\u010dku, kter\u00e1 je zodpov\u011bdn\u00e1 za tuto situaci, a chov\u00e1n\u00ed t\u00e9to d\u00edvky. Maminku jsme postavily do z\u00e1stupn\u00e9 role za dceru. Byla schoulen\u00e1 a c\u00edtila se ne\u0161\u0165astn\u00e1. Pak jsme zjistily, \u017ee ta \u010d\u00e1ste\u010dka p\u0159edstavuje hodn\u011b velkou bolest, kterou dcera bere na sebe jen proto, aby netrp\u011bla maminka. P\u0159i t\u00e9to terapii jsme vid\u011bli star\u00e9ho ohnut\u00e9ho d\u011bde\u010dka. Maminka n\u00e1m sd\u011blila s velk\u00fdm pl\u00e1\u010dem, \u017ee jej\u00ed tat\u00ednek zem\u0159el p\u0159ed dv\u011bma lety ve velk\u00fdch bolestech a \u017ee se s\u00a0t\u00edm nem\u016f\u017ee sm\u00ed\u0159it, proto\u017ee ho m\u011bla velice r\u00e1da. Vy\u010d\u00edt\u00e1 si, \u017ee mu neum\u011bla pomoci. Vzpomn\u011bla si, \u017ee n\u011bkdy v t\u00e9 dob\u011b za\u010dalo dce\u0159ino sebepo\u0161kozov\u00e1n\u00ed. Terapii jsme pot\u00e9 zm\u011bnili a postavili konstelace na maminku a jej\u00edho zem\u0159el\u00e9ho tat\u00ednka. Tato terapie byla pro maminku velice bolestn\u00e1 a psychicky n\u00e1ro\u010dn\u00e1, ale povedlo se n\u00e1m ji bezpe\u010dn\u011b dokon\u010dit a po z\u00e1kladn\u00edch afirmac\u00edch maminka sv\u00e9ho tat\u00ednka pustila se slovy: \u201eRespektuji tv\u016fj osud a tv\u016fj \u017eivot. Jsi voln\u00fd, j\u00e1 jsem tak\u00e9 voln\u00e1.\u201c Pot\u00e9 jsme je\u0161t\u011b ud\u011blali terapii na z\u00e1kladn\u00ed rodinu. Na dce\u0159i bylo hned zn\u00e1t, \u017ee se c\u00edt\u00ed l\u00e9pe. Byla veselej\u0161\u00ed, ale vedle sv\u00e9 maminky z\u016fst\u00e1vala v pozici partnera. Tat\u00ednek byl daleko od nich a byl nez\u00fa\u010dastn\u011bn\u00fd. Pomoc\u00ed afirmac\u00ed jsme ka\u017ed\u00e9mu ustanovili m\u00edsto, kam pat\u0159\u00ed. Po skon\u010den\u00ed terapie maminka zvracela, byla slab\u00e1, a hlavn\u011b byla cel\u00e1 vyd\u011b\u0161en\u00e1, co se to s n\u00ed d\u011bje. Uklid\u0148ovali jsme ji, \u017ee v\u0161e je v naprost\u00e9m po\u0159\u00e1dku a zcela bezpe\u010dn\u00e9, a\u017e se \u017eena uklidnila. Po \u010dase se za n\u00e1mi zastavila, p\u0159inesla kv\u011btiny a moc d\u011bkovala za fantastickou zm\u011bnu v chov\u00e1n\u00ed jej\u00ed dcery. Dcera s n\u00ed pr\u00fd komunikuje, sm\u011bje se, je bezstarostn\u00e1 a vesel\u00e1. &nbsp;<\/p>\n","protected":false},"author":3,"featured_media":1249,"comment_status":"closed","ping_status":"closed","sticky":false,"template":"","format":"standard","meta":{"footnotes":""},"categories":[28],"tags":[],"class_list":["post-1585","post","type-post","status-publish","format-standard","has-post-thumbnail","hentry","category-knihovnicka-medunky"],"acf":[],"_links":{"self":[{"href":"https:\/\/www.mojemedunka.cz\/index.php\/wp-json\/wp\/v2\/posts\/1585","targetHints":{"allow":["GET"]}}],"collection":[{"href":"https:\/\/www.mojemedunka.cz\/index.php\/wp-json\/wp\/v2\/posts"}],"about":[{"href":"https:\/\/www.mojemedunka.cz\/index.php\/wp-json\/wp\/v2\/types\/post"}],"author":[{"embeddable":true,"href":"https:\/\/www.mojemedunka.cz\/index.php\/wp-json\/wp\/v2\/users\/3"}],"replies":[{"embeddable":true,"href":"https:\/\/www.mojemedunka.cz\/index.php\/wp-json\/wp\/v2\/comments?post=1585"}],"version-history":[{"count":8,"href":"https:\/\/www.mojemedunka.cz\/index.php\/wp-json\/wp\/v2\/posts\/1585\/revisions"}],"predecessor-version":[{"id":1593,"href":"https:\/\/www.mojemedunka.cz\/index.php\/wp-json\/wp\/v2\/posts\/1585\/revisions\/1593"}],"wp:featuredmedia":[{"embeddable":true,"href":"https:\/\/www.mojemedunka.cz\/index.php\/wp-json\/wp\/v2\/media\/1249"}],"wp:attachment":[{"href":"https:\/\/www.mojemedunka.cz\/index.php\/wp-json\/wp\/v2\/media?parent=1585"}],"wp:term":[{"taxonomy":"category","embeddable":true,"href":"https:\/\/www.mojemedunka.cz\/index.php\/wp-json\/wp\/v2\/categories?post=1585"},{"taxonomy":"post_tag","embeddable":true,"href":"https:\/\/www.mojemedunka.cz\/index.php\/wp-json\/wp\/v2\/tags?post=1585"}],"curies":[{"name":"wp","href":"https:\/\/api.w.org\/{rel}","templated":true}]}}