{"id":1518,"date":"2019-07-31T06:00:28","date_gmt":"2019-07-31T06:00:28","guid":{"rendered":"http:\/\/www.mojemedunka.cz\/?p=1518"},"modified":"2019-08-27T11:34:59","modified_gmt":"2019-08-27T11:34:59","slug":"vychazi-srpnove-cislo-medunky","status":"publish","type":"post","link":"https:\/\/www.mojemedunka.cz\/index.php\/2019\/07\/31\/vychazi-srpnove-cislo-medunky\/","title":{"rendered":"Vy\u0161lo srpnov\u00e9 \u010d\u00edslo Medu\u0148ky!"},"content":{"rendered":"<p><strong>Mil\u00ed \u010dten\u00e1\u0159i,<\/strong><\/p>\n<p><strong>srpnov\u00e1 MEDU\u0147KA je tady<\/strong>! V\u011b\u0159\u00edme, \u017ee v\u00e1m bude<strong> skv\u011blou spole\u010dnic\u00ed na dovolen\u00e9, na pr\u00e1zdninov\u00fdch cest\u00e1ch nebo na chat\u011b \u010di u vody!<\/strong><br \/>\nV tituln\u00edm rozhovoru si redaktorka V\u011bra Keilov\u00e1 pov\u00eddala se zn\u00e1m\u00fdm l\u00e9ka\u0159em <strong>MUDr. Tom\u00e1\u0161em Lebenhartem<\/strong>. <strong>Hlavn\u00ed t\u00e9ma jsme v\u011bnovali l\u00e1sce a vztah\u016fm<\/strong> a na\u0161i auto\u0159i se na toto v\u011b\u010dn\u00e9 t\u00e9ma pod\u00edvali jak z pohledu duchovn\u00edho, tak i prakti\u010dt\u011bj\u0161\u00edho &#8211; velmi zaj\u00edmav\u00fd je nap\u0159. \u010dl\u00e1nek astropsycholo\u017eky a terapeutky <strong>Marie Plochov\u00e9 Hl\u00e1vkov\u00e9 <\/strong>o fenom\u00e9nu<strong> tzv. st\u00ednov\u00fdch vztah\u016f<\/strong>. <strong>Duchovn\u00ed pohled<\/strong> nab\u00edz\u00ed mystik <strong>Ji\u0159\u00ed Vacek<\/strong>. P\u0159e\u010dtete si tak\u00e9 rozhovor s<strong> Milo\u0161em Tom\u00e1\u0161em<\/strong>, kter\u00fd vzpom\u00edn\u00e1 na sv\u00e9 rodi\u010de &#8211; <strong>Eduarda a M\u00edlu Tom\u00e1\u0161ovy<\/strong> na jejich chat\u011b v Pos\u00e1zav\u00ed&#8230;<strong> Ing. V\u00edt Syrov\u00fd<\/strong> p\u0159ipravil pro Medu\u0148ku \u010dl\u00e1nek\u00a0 o <strong>p\u0159irozen\u00fdch prost\u0159edc\u00edch p\u00e9\u010de o du\u0161evn\u00ed zdrav\u00ed<\/strong>, v \u010dl\u00e1nku <strong>Pavla Klouda<\/strong> se m\u016f\u017eete inspirovat k vyzkou\u0161en\u00ed n\u011bkter\u00fdch zdrav\u00fdch letn\u00edch aktivit nebo si p\u0159ipravit v\u00fdborn\u00fd a <strong>zdrav\u00fd \u010derstv\u00fd kompot podle recept\u016f v \u010dl\u00e1nku Charlotte Matyskov\u00e9<\/strong>&#8230; <strong>A je\u0161t\u011b mnoho a mnoho dal\u0161\u00edho<\/strong>&#8230;<br \/>\n<strong><br \/>\nP\u0159ejeme p\u0159\u00edjemn\u00e9 \u010dten\u00ed a hezk\u00e9 srpnov\u00e9 dny s Medu\u0148kou! \u00a0\u00a0\u00a0 <\/strong><\/p>\n<p><strong>\u00a0\u00a0\u00a0\u00a0\u00a0\u00a0\u00a0\u00a0\u00a0\u00a0\u00a0\u00a0\u00a0\u00a0\u00a0\u00a0\u00a0\u00a0\u00a0\u00a0\u00a0\u00a0\u00a0\u00a0\u00a0\u00a0\u00a0\u00a0\u00a0\u00a0\u00a0\u00a0\u00a0\u00a0\u00a0\u00a0\u00a0\u00a0\u00a0\u00a0\u00a0\u00a0\u00a0\u00a0\u00a0\u00a0\u00a0\u00a0\u00a0\u00a0\u00a0\u00a0\u00a0\u00a0\u00a0\u00a0\u00a0\u00a0\u00a0\u00a0\u00a0\u00a0\u00a0\u00a0\u00a0\u00a0\u00a0\u00a0\u00a0\u00a0\u00a0\u00a0\u00a0\u00a0\u00a0\u00a0\u00a0\u00a0\u00a0\u00a0\u00a0\u00a0\u00a0\u00a0\u00a0\u00a0\u00a0\u00a0\u00a0\u00a0\u00a0\u00a0\u00a0 Va\u0161e redakce\u00a0<\/strong><\/p>\n","protected":false},"excerpt":{"rendered":"<p>Mil\u00ed \u010dten\u00e1\u0159i, srpnov\u00e1 MEDU\u0147KA je tady! V\u011b\u0159\u00edme, \u017ee v\u00e1m bude skv\u011blou spole\u010dnic\u00ed na dovolen\u00e9, na pr\u00e1zdninov\u00fdch cest\u00e1ch nebo na chat\u011b \u010di u vody! V tituln\u00edm rozhovoru si redaktorka V\u011bra Keilov\u00e1 pov\u00eddala se zn\u00e1m\u00fdm l\u00e9ka\u0159em MUDr. Tom\u00e1\u0161em Lebenhartem. Hlavn\u00ed t\u00e9ma jsme v\u011bnovali l\u00e1sce a vztah\u016fm a na\u0161i auto\u0159i se na toto v\u011b\u010dn\u00e9 t\u00e9ma pod\u00edvali jak z pohledu duchovn\u00edho, tak i prakti\u010dt\u011bj\u0161\u00edho &#8211; velmi zaj\u00edmav\u00fd je nap\u0159. \u010dl\u00e1nek astropsycholo\u017eky a terapeutky Marie Plochov\u00e9 Hl\u00e1vkov\u00e9 o fenom\u00e9nu tzv. st\u00ednov\u00fdch vztah\u016f. Duchovn\u00ed pohled nab\u00edz\u00ed mystik Ji\u0159\u00ed Vacek. P\u0159e\u010dtete si tak\u00e9 rozhovor s Milo\u0161em Tom\u00e1\u0161em, kter\u00fd vzpom\u00edn\u00e1 na sv\u00e9 rodi\u010de &#8211; Eduarda a M\u00edlu Tom\u00e1\u0161ovy na jejich chat\u011b v Pos\u00e1zav\u00ed&#8230; Ing. V\u00edt Syrov\u00fd p\u0159ipravil pro Medu\u0148ku \u010dl\u00e1nek\u00a0 o p\u0159irozen\u00fdch prost\u0159edc\u00edch p\u00e9\u010de o du\u0161evn\u00ed zdrav\u00ed, v \u010dl\u00e1nku Pavla Klouda se m\u016f\u017eete inspirovat k vyzkou\u0161en\u00ed n\u011bkter\u00fdch zdrav\u00fdch letn\u00edch aktivit nebo si p\u0159ipravit v\u00fdborn\u00fd a zdrav\u00fd \u010derstv\u00fd kompot podle recept\u016f v \u010dl\u00e1nku Charlotte Matyskov\u00e9&#8230; A je\u0161t\u011b mnoho a mnoho dal\u0161\u00edho&#8230; P\u0159ejeme p\u0159\u00edjemn\u00e9 \u010dten\u00ed a hezk\u00e9 srpnov\u00e9 dny s Medu\u0148kou! \u00a0\u00a0\u00a0 \u00a0\u00a0\u00a0\u00a0\u00a0\u00a0\u00a0\u00a0\u00a0\u00a0\u00a0\u00a0\u00a0\u00a0\u00a0\u00a0\u00a0\u00a0\u00a0\u00a0\u00a0\u00a0\u00a0\u00a0\u00a0\u00a0\u00a0\u00a0\u00a0\u00a0\u00a0\u00a0\u00a0\u00a0\u00a0\u00a0\u00a0\u00a0\u00a0\u00a0\u00a0\u00a0\u00a0\u00a0\u00a0\u00a0\u00a0\u00a0\u00a0\u00a0\u00a0\u00a0\u00a0\u00a0\u00a0\u00a0\u00a0\u00a0\u00a0\u00a0\u00a0\u00a0\u00a0\u00a0\u00a0\u00a0\u00a0\u00a0\u00a0\u00a0\u00a0\u00a0\u00a0\u00a0\u00a0\u00a0\u00a0\u00a0\u00a0\u00a0\u00a0\u00a0\u00a0\u00a0\u00a0\u00a0\u00a0\u00a0\u00a0\u00a0\u00a0\u00a0\u00a0 Va\u0161e redakce\u00a0<\/p>\n","protected":false},"author":3,"featured_media":1556,"comment_status":"closed","ping_status":"closed","sticky":false,"template":"","format":"standard","meta":{"footnotes":""},"categories":[1],"tags":[],"class_list":["post-1518","post","type-post","status-publish","format-standard","has-post-thumbnail","hentry","category-medunka"],"acf":[],"_links":{"self":[{"href":"https:\/\/www.mojemedunka.cz\/index.php\/wp-json\/wp\/v2\/posts\/1518","targetHints":{"allow":["GET"]}}],"collection":[{"href":"https:\/\/www.mojemedunka.cz\/index.php\/wp-json\/wp\/v2\/posts"}],"about":[{"href":"https:\/\/www.mojemedunka.cz\/index.php\/wp-json\/wp\/v2\/types\/post"}],"author":[{"embeddable":true,"href":"https:\/\/www.mojemedunka.cz\/index.php\/wp-json\/wp\/v2\/users\/3"}],"replies":[{"embeddable":true,"href":"https:\/\/www.mojemedunka.cz\/index.php\/wp-json\/wp\/v2\/comments?post=1518"}],"version-history":[{"count":4,"href":"https:\/\/www.mojemedunka.cz\/index.php\/wp-json\/wp\/v2\/posts\/1518\/revisions"}],"predecessor-version":[{"id":1579,"href":"https:\/\/www.mojemedunka.cz\/index.php\/wp-json\/wp\/v2\/posts\/1518\/revisions\/1579"}],"wp:featuredmedia":[{"embeddable":true,"href":"https:\/\/www.mojemedunka.cz\/index.php\/wp-json\/wp\/v2\/media\/1556"}],"wp:attachment":[{"href":"https:\/\/www.mojemedunka.cz\/index.php\/wp-json\/wp\/v2\/media?parent=1518"}],"wp:term":[{"taxonomy":"category","embeddable":true,"href":"https:\/\/www.mojemedunka.cz\/index.php\/wp-json\/wp\/v2\/categories?post=1518"},{"taxonomy":"post_tag","embeddable":true,"href":"https:\/\/www.mojemedunka.cz\/index.php\/wp-json\/wp\/v2\/tags?post=1518"}],"curies":[{"name":"wp","href":"https:\/\/api.w.org\/{rel}","templated":true}]}}