{"id":1492,"date":"2019-07-26T06:00:08","date_gmt":"2019-07-26T06:00:08","guid":{"rendered":"http:\/\/www.mojemedunka.cz\/?p=1492"},"modified":"2019-07-17T10:29:55","modified_gmt":"2019-07-17T10:29:55","slug":"z-cervencove-medunky-vztycene-kameny-u-medvedi-kaple","status":"publish","type":"post","link":"https:\/\/www.mojemedunka.cz\/index.php\/2019\/07\/26\/z-cervencove-medunky-vztycene-kameny-u-medvedi-kaple\/","title":{"rendered":"Z \u010dervencov\u00e9 Medu\u0148ky: Vzty\u010den\u00e9 kameny u Medv\u011bd\u00ed kaple"},"content":{"rendered":"<p><strong>Z aktu\u00e1ln\u00edho \u010dervencov\u00e9ho \u010d\u00edsla vyb\u00edr\u00e1me tento t\u00fdden uk\u00e1zku z \u010dl\u00e1nku MUDr. Rudolfa Zemka o menhirech v z\u00e1padn\u00edch \u010cech\u00e1ch&#8230;<br \/>\n<\/strong><\/p>\n<p>&nbsp;<\/p>\n<p><strong>M\u00edsto, o n\u011bm\u017e m\u00e1 b\u00fdt m\u016fj \u010dl\u00e1nek a kam se m\u016f\u017eete v\u00a0t\u011bchto kr\u00e1sn\u00fdch dnech vydat na v\u00fdlet, d\u00e1vno p\u0159ede mnou popsali jin\u00ed, a tak si na \u00favod vypomohu t\u00edm, co o dan\u00e9 okalit\u011b napsal Lud\u011bk Kr\u010dm\u00e1\u0159.<br \/>\n<\/strong><em>Tajemnou a v\u00fdznamnou p\u0159\u00edrodn\u00ed pam\u00e1tku Svat\u00fd Bernard najdeme na h\u0159betu vyb\u00edhaj\u00edc\u00edm severn\u011b od vrcholu Li\u0161\u00e1ku nad silnic\u00ed mezi N\u00fdrskem a V\u0161eruby. Zavede n\u00e1s k n\u00ed od silnice turistick\u00e1 zna\u010dka. V bl\u00edzkosti p\u011bkn\u011b opraven\u00e9 kaple sv. Bernarda (n\u011bkdy t\u00e9\u017e zvan\u00e9 Medv\u011bd\u00ed kaple) se zde nach\u00e1z\u00ed p\u0159ibli\u017en\u011b v nadmo\u0159sk\u00e9 v\u00fd\u0161ce 640\u2013645 m n\u011bkolik bizarn\u011b uspo\u0159\u00e1dan\u00fdch balvan\u016f, kter\u00e9 tvo\u0159\u00ed j\u00e1dro p\u0159\u00edrodn\u00ed pam\u00e1tky, vyhl\u00e1\u0161en\u00e9 v roce 1990, kter\u00e1 se rozkl\u00e1d\u00e1 na celkov\u00e9 v\u00fdm\u011b\u0159e 0,73 ha.<br \/>\nJedn\u00e1 se o sk\u00e1ly amfibolick\u00e9ho gabronoritu, kter\u00e9 dokumentuj\u00ed geologick\u00fd v\u00fdvoj t\u00e9to oblasti \u2013 typov\u00e1 lokalita kdy\u0148sk\u00e9ho masivu (spodn\u00ed paleozoikum). Na t\u00e9to velmi zaj\u00edmav\u00e9 lokalit\u011b zaples\u00e1 nejen srdce zan\u00edcen\u00e9ho geologick\u00e9ho odborn\u00edka \u010di milovn\u00edka p\u0159\u00edrodn\u00edch kr\u00e1s, ale tak\u00e9 lid\u00ed, kte\u0159\u00ed maj\u00ed \u00fadajn\u011b vy\u0161\u0161\u00ed schopnost vn\u00edm\u00e1n\u00ed ne\u017e oby\u010dejn\u00fd \u010dlov\u011bk. T\u011bmi vn\u00edmav\u011bj\u0161\u00edmi je pak zdej\u0161\u00ed uskupen\u00ed balvan\u016f pova\u017eov\u00e1no za m\u00edsto star\u00e9 pohansk\u00e9 kultovn\u00ed svatyn\u011b. Dnes pr\u00fd v\u0161ak ji\u017e toto m\u00edsto tolik energie nevyza\u0159uje, jej\u00ed p\u016fsoben\u00ed se p\u0159esunulo mimo jin\u00e9 i na m\u00edsto nyn\u011bj\u0161\u00ed bl\u00edzk\u00e9 kaple. A\u0165 je tomu jakkoliv, m\u00edsto samo jist\u011b svoji p\u0159ita\u017elivost m\u00e1.<br \/>\n<\/em>Potud Lud\u011bk Kr\u010dm\u00e1\u0159. Je\u0161t\u011b je t\u0159eba vysv\u011btlit, pro\u010d se p\u0159\u00edrodn\u00ed pam\u00e1tka jmenuje Kaple sv. Bernarda nebo t\u00e9\u017e Medv\u011bd\u00ed kaple. Kapli\u010dka tu byla vystav\u011bna p\u016fvodn\u011b s kulat\u00fdm obrysem a poch\u00e1z\u00ed z konce 18. stolet\u00ed. \u0158\u00edk\u00e1 se, \u017ee zde jak\u00fdsi Georg Kohlbec z (dnes ji\u017e neexistuj\u00edc\u00ed) obce Li\u0161\u010d\u00ed byl napaden velk\u00fdm medv\u011bdem, kter\u00e9ho nakonec zabil. Kaple stoj\u00edc\u00ed v\u00a0t\u011bsn\u00e9 bl\u00edzkosti \u010desko-bavorsk\u00e9 hranice byla po roce 1948 ponech\u00e1na sv\u00e9mu osudu. Jak jinak. Do bl\u00edzkosti z\u00e1padn\u00ed hranice se nikdo jen tak nedostal kv\u016fli minul\u00fdm re\u017eimem vytvo\u0159en\u00e9mu tzv. hrani\u010dn\u00edmu p\u00e1smu. V\u00a0tomto n\u011bkolik set kilometr\u016f dlouh\u00e9m a n\u011bkolik kilometr\u016f \u0161irok\u00e9m p\u0159\u00edsn\u011b st\u0159e\u017een\u00e9m pruhu zem\u011b ch\u00e1tralo v\u00edcero pam\u00e1tek.<br \/>\nKaple byla obnovena teprve v roce 1992, kdy byly u n\u00ed rovn\u011b\u017e upraveny t\u0159i litinov\u00e9 k\u0159\u00ed\u017ee. N\u011bkolik des\u00edtek metr\u016f ji\u017en\u011b od kaple se nach\u00e1z\u00ed uspo\u0159\u00e1d\u00e1n\u00ed kamen\u016f sv\u011bd\u010d\u00edc\u00edch o tom, \u017ee toto m\u00edsto bylo pova\u017eov\u00e1no za posv\u00e1tn\u00e9 u\u017e dlouho p\u0159ed jej\u00edm postaven\u00edm. Onou p\u0159\u00edrodn\u00ed pam\u00e1tkou je pak \u201esvatyn\u011b\u201c, kterou tvo\u0159\u00ed kameny uspo\u0159\u00e1dan\u00e9 do tvaru hranat\u00e9ho U, v jej\u00edm\u017e st\u0159edu stoj\u00ed dva vzty\u010den\u00e9 kameny, o nich\u017e se mluv\u00ed jako o \u201emenhirech\u201c.\u00a0 Toto uspo\u0159\u00e1d\u00e1n\u00ed m\u00e1 poch\u00e1zet ze st\u0159edov\u011bku. A to je p\u0159esn\u011b ten \u00fadaj, s\u00a0n\u00edm\u017e osobn\u011b nesouhlas\u00edm. Na lokalit\u011b jsem v\u00a0listopadu 2008 str\u00e1vil \u0159adu hodin. Za tu dobu se mi poda\u0159ilo zbavit kameny spadan\u00e9ho list\u00ed a vyfotit je tak\u0159\u00edkaj\u00edc v \u201ep\u016fvodn\u00edm\u201c stavu. Tak se uk\u00e1zal vlastn\u00ed tvar jak stoj\u00edc\u00edchh men\u0161\u00edch kamen\u016f, tak kamen\u016f le\u017e\u00edc\u00edch a pod list\u00edm neviditeln\u00fdch. P\u0159ev\u00e1\u017en\u00e1 v\u011bt\u0161ina kamen\u016f stoj\u00edc\u00edch vykazovala klasickou \u201emenhiroidn\u00ed\u201c formu. T\u00edm je my\u0161len tvar prot\u00e1hl\u00e9 stoj\u00edc\u00ed \u0161pice nebo tvar troj\u00faheln\u00edkov\u00fd. Vzty\u010den\u00e1 poloha t\u011bchto kamen\u016f je udr\u017eov\u00e1na t\u00edm, \u017ee byly vsazeny do kamenn\u00e9ho l\u016f\u017eka vystlan\u00e9ho mal\u00fdmi kameny, z\u00a0nich\u017e \u010d\u00e1st byla z\u00a0jin\u00e9 horniny, ne\u017e byla hornina okoln\u00edho podlo\u017e\u00ed. V\u011bt\u0161ina t\u011bchto mal\u00fdch zaji\u0161\u0165ovac\u00edch kamen\u016f vykazovala zn\u00e1mky opracov\u00e1n\u00ed a n\u011bkter\u00e9 i stopy po p\u016fsoben\u00ed ohn\u011b. V\u0161echny uveden\u00e9 znaky jsou typick\u00e9 pro kamenn\u00e1 l\u016f\u017eka stoj\u00edc\u00edch v\u011bt\u0161\u00edch kamen\u016f, jak na n\u011b lze narazit t\u0159eba na Sedl\u010dansku nebo taky v\u00a0Bavorsku ve Smr\u010din\u00e1ch (Fichtelgebirge).<\/p>\n<p><strong>Slovan\u00e9 uct\u00edvali i kameny<br \/>\n<\/strong>Kamenn\u00e9 l\u016f\u017eko slo\u017een\u00e9 z\u00a0men\u0161\u00edch kamen\u016f z \u201eciz\u00ed\u201c horniny jsem na\u0161el i pod stoj\u00edc\u00edm kamenem na vrchu Homole. Tento stoj\u00edc\u00ed k\u00e1men je geology ofici\u00e1ln\u011b uzn\u00e1v\u00e1n jako menhir. Jeden z\u00a0men\u0161\u00edch kamen\u016f jeho l\u016f\u017eka poch\u00e1zel dle posudku certifikovan\u00e9ho geologa ze zdroje vzd\u00e1len\u00e9ho nejm\u00e9n\u011b \u010dty\u0159icet kilometr\u016f, odkud musel b\u00fdt na Homoli z\u00e1m\u011brn\u011b p\u0159inesen, aby byl pod menhirem um\u00edst\u011bn. Vzhledem k\u00a0faktu, \u017ee v\u00a0mnou na Li\u0161\u010d\u00ed prozkouman\u00fdch kamenn\u00fdch l\u016f\u017ek\u00e1ch se v\u017edy na\u0161el kam\u00e9nek z\u00a0jin\u00e9 horniny, se klon\u00edm k\u00a0n\u00e1zoru, \u017ee tato lokalita \u010di svatyn\u011b byla \u201epostavena\u201c v\u00a0dob\u00e1ch p\u0159edk\u0159es\u0165ansk\u00fdch. A nikoli a\u017e ve st\u0159edov\u011bku, kdy byla druhotn\u011b christianizov\u00e1na.\u00a0 Pro pohansk\u00fd p\u016fvod svatyn\u011b by sv\u011bd\u010dil i fakt, \u017ee katolick\u00e1 c\u00edrkev vzty\u010dov\u00e1n\u00ed kamen\u016f zakazovala, d\u016fsledn\u011b st\u00edhala a mnoho stoj\u00edc\u00edch kamen\u016f nechala povalit nebo zni\u010dit. Sta\u0159\u00ed Slovan\u00e9 toti\u017e krom\u011b stud\u00e1nek a mohutn\u00fdch dub\u016f \u2013 nikoli lip! \u2013 uct\u00edvali i kameny.<br \/>\nKrom\u011b \u201emenhiroidn\u00edch\u201c kamen\u016f se v\u00a0okol\u00ed svatyn\u011b nach\u00e1zej\u00ed i velk\u00e9 balvany s\u00a0m\u00edsovit\u00fdmi prohlubn\u011bmi&#8230;<\/p>\n<p><strong><em>(Cel\u00fd \u010dl\u00e1nek si p\u0159e\u010dtete v \u010dervencov\u00e9 Medu\u0148ce.)<\/em><\/strong><\/p>\n","protected":false},"excerpt":{"rendered":"<p>Z aktu\u00e1ln\u00edho \u010dervencov\u00e9ho \u010d\u00edsla vyb\u00edr\u00e1me tento t\u00fdden uk\u00e1zku z \u010dl\u00e1nku MUDr. Rudolfa Zemka o menhirech v z\u00e1padn\u00edch \u010cech\u00e1ch&#8230; &nbsp; M\u00edsto, o n\u011bm\u017e m\u00e1 b\u00fdt m\u016fj \u010dl\u00e1nek a kam se m\u016f\u017eete v\u00a0t\u011bchto kr\u00e1sn\u00fdch dnech vydat na v\u00fdlet, d\u00e1vno p\u0159ede mnou popsali jin\u00ed, a tak si na \u00favod vypomohu t\u00edm, co o dan\u00e9 okalit\u011b napsal Lud\u011bk Kr\u010dm\u00e1\u0159. Tajemnou a v\u00fdznamnou p\u0159\u00edrodn\u00ed pam\u00e1tku Svat\u00fd Bernard najdeme na h\u0159betu vyb\u00edhaj\u00edc\u00edm severn\u011b od vrcholu Li\u0161\u00e1ku nad silnic\u00ed mezi N\u00fdrskem a V\u0161eruby. Zavede n\u00e1s k n\u00ed od silnice turistick\u00e1 zna\u010dka. V bl\u00edzkosti p\u011bkn\u011b opraven\u00e9 kaple sv. Bernarda (n\u011bkdy t\u00e9\u017e zvan\u00e9 Medv\u011bd\u00ed kaple) se zde nach\u00e1z\u00ed p\u0159ibli\u017en\u011b v nadmo\u0159sk\u00e9 v\u00fd\u0161ce 640\u2013645 m n\u011bkolik bizarn\u011b uspo\u0159\u00e1dan\u00fdch balvan\u016f, kter\u00e9 tvo\u0159\u00ed j\u00e1dro p\u0159\u00edrodn\u00ed pam\u00e1tky, vyhl\u00e1\u0161en\u00e9 v roce 1990, kter\u00e1 se rozkl\u00e1d\u00e1 na celkov\u00e9 v\u00fdm\u011b\u0159e 0,73 ha. Jedn\u00e1 se o sk\u00e1ly amfibolick\u00e9ho gabronoritu, kter\u00e9 dokumentuj\u00ed geologick\u00fd v\u00fdvoj t\u00e9to oblasti \u2013 typov\u00e1 lokalita kdy\u0148sk\u00e9ho masivu (spodn\u00ed paleozoikum). Na t\u00e9to velmi zaj\u00edmav\u00e9 lokalit\u011b zaples\u00e1 nejen srdce zan\u00edcen\u00e9ho geologick\u00e9ho odborn\u00edka \u010di milovn\u00edka p\u0159\u00edrodn\u00edch kr\u00e1s, ale tak\u00e9 lid\u00ed, kte\u0159\u00ed maj\u00ed \u00fadajn\u011b vy\u0161\u0161\u00ed schopnost vn\u00edm\u00e1n\u00ed ne\u017e oby\u010dejn\u00fd \u010dlov\u011bk. T\u011bmi vn\u00edmav\u011bj\u0161\u00edmi je pak zdej\u0161\u00ed uskupen\u00ed balvan\u016f pova\u017eov\u00e1no za m\u00edsto star\u00e9 pohansk\u00e9 kultovn\u00ed svatyn\u011b. Dnes pr\u00fd v\u0161ak ji\u017e toto m\u00edsto tolik energie nevyza\u0159uje, jej\u00ed p\u016fsoben\u00ed se p\u0159esunulo mimo jin\u00e9 i na m\u00edsto nyn\u011bj\u0161\u00ed bl\u00edzk\u00e9 kaple. A\u0165 je tomu jakkoliv, m\u00edsto samo jist\u011b svoji p\u0159ita\u017elivost m\u00e1. Potud Lud\u011bk Kr\u010dm\u00e1\u0159. Je\u0161t\u011b je t\u0159eba vysv\u011btlit, pro\u010d se p\u0159\u00edrodn\u00ed pam\u00e1tka jmenuje Kaple sv. Bernarda nebo t\u00e9\u017e Medv\u011bd\u00ed kaple. Kapli\u010dka tu byla vystav\u011bna p\u016fvodn\u011b s kulat\u00fdm obrysem a poch\u00e1z\u00ed z konce 18. stolet\u00ed. \u0158\u00edk\u00e1 se, \u017ee zde jak\u00fdsi Georg Kohlbec z (dnes ji\u017e neexistuj\u00edc\u00ed) obce Li\u0161\u010d\u00ed byl napaden velk\u00fdm medv\u011bdem, kter\u00e9ho nakonec zabil. Kaple stoj\u00edc\u00ed v\u00a0t\u011bsn\u00e9 bl\u00edzkosti \u010desko-bavorsk\u00e9 hranice byla po roce 1948 ponech\u00e1na sv\u00e9mu osudu. Jak jinak. Do bl\u00edzkosti z\u00e1padn\u00ed hranice se nikdo jen tak nedostal kv\u016fli minul\u00fdm re\u017eimem vytvo\u0159en\u00e9mu tzv. hrani\u010dn\u00edmu p\u00e1smu. V\u00a0tomto n\u011bkolik set kilometr\u016f dlouh\u00e9m a n\u011bkolik kilometr\u016f \u0161irok\u00e9m p\u0159\u00edsn\u011b st\u0159e\u017een\u00e9m pruhu zem\u011b ch\u00e1tralo v\u00edcero pam\u00e1tek. Kaple byla obnovena teprve v roce 1992, kdy byly u n\u00ed rovn\u011b\u017e upraveny t\u0159i litinov\u00e9 k\u0159\u00ed\u017ee. N\u011bkolik des\u00edtek metr\u016f ji\u017en\u011b od kaple se nach\u00e1z\u00ed uspo\u0159\u00e1d\u00e1n\u00ed kamen\u016f sv\u011bd\u010d\u00edc\u00edch o tom, \u017ee toto m\u00edsto bylo pova\u017eov\u00e1no za posv\u00e1tn\u00e9 u\u017e dlouho p\u0159ed jej\u00edm postaven\u00edm. Onou p\u0159\u00edrodn\u00ed pam\u00e1tkou je pak \u201esvatyn\u011b\u201c, kterou tvo\u0159\u00ed kameny uspo\u0159\u00e1dan\u00e9 do tvaru hranat\u00e9ho U, v jej\u00edm\u017e st\u0159edu stoj\u00ed dva vzty\u010den\u00e9 kameny, o nich\u017e se mluv\u00ed jako o \u201emenhirech\u201c.\u00a0 Toto uspo\u0159\u00e1d\u00e1n\u00ed m\u00e1 poch\u00e1zet ze st\u0159edov\u011bku. A to je p\u0159esn\u011b ten \u00fadaj, s\u00a0n\u00edm\u017e osobn\u011b nesouhlas\u00edm. Na lokalit\u011b jsem v\u00a0listopadu 2008 str\u00e1vil \u0159adu hodin. Za tu dobu se mi poda\u0159ilo zbavit kameny spadan\u00e9ho list\u00ed a vyfotit je tak\u0159\u00edkaj\u00edc v \u201ep\u016fvodn\u00edm\u201c stavu. Tak se uk\u00e1zal vlastn\u00ed tvar jak stoj\u00edc\u00edchh men\u0161\u00edch kamen\u016f, tak kamen\u016f le\u017e\u00edc\u00edch a pod list\u00edm neviditeln\u00fdch. P\u0159ev\u00e1\u017en\u00e1 v\u011bt\u0161ina kamen\u016f stoj\u00edc\u00edch vykazovala klasickou \u201emenhiroidn\u00ed\u201c formu. T\u00edm je my\u0161len tvar prot\u00e1hl\u00e9 stoj\u00edc\u00ed \u0161pice nebo tvar troj\u00faheln\u00edkov\u00fd. Vzty\u010den\u00e1 poloha t\u011bchto kamen\u016f je udr\u017eov\u00e1na t\u00edm, \u017ee byly vsazeny do kamenn\u00e9ho l\u016f\u017eka vystlan\u00e9ho mal\u00fdmi kameny, z\u00a0nich\u017e \u010d\u00e1st byla z\u00a0jin\u00e9 horniny, ne\u017e byla hornina okoln\u00edho podlo\u017e\u00ed. V\u011bt\u0161ina t\u011bchto mal\u00fdch zaji\u0161\u0165ovac\u00edch kamen\u016f vykazovala zn\u00e1mky opracov\u00e1n\u00ed a n\u011bkter\u00e9 i stopy po p\u016fsoben\u00ed ohn\u011b. V\u0161echny uveden\u00e9 znaky jsou typick\u00e9 pro kamenn\u00e1 l\u016f\u017eka stoj\u00edc\u00edch v\u011bt\u0161\u00edch kamen\u016f, jak na n\u011b lze narazit t\u0159eba na Sedl\u010dansku nebo taky v\u00a0Bavorsku ve Smr\u010din\u00e1ch (Fichtelgebirge). Slovan\u00e9 uct\u00edvali i kameny Kamenn\u00e9 l\u016f\u017eko slo\u017een\u00e9 z\u00a0men\u0161\u00edch kamen\u016f z \u201eciz\u00ed\u201c horniny jsem na\u0161el i pod stoj\u00edc\u00edm kamenem na vrchu Homole. Tento stoj\u00edc\u00ed k\u00e1men je geology ofici\u00e1ln\u011b uzn\u00e1v\u00e1n jako menhir. Jeden z\u00a0men\u0161\u00edch kamen\u016f jeho l\u016f\u017eka poch\u00e1zel dle posudku certifikovan\u00e9ho geologa ze zdroje vzd\u00e1len\u00e9ho nejm\u00e9n\u011b \u010dty\u0159icet kilometr\u016f, odkud musel b\u00fdt na Homoli z\u00e1m\u011brn\u011b p\u0159inesen, aby byl pod menhirem um\u00edst\u011bn. Vzhledem k\u00a0faktu, \u017ee v\u00a0mnou na Li\u0161\u010d\u00ed prozkouman\u00fdch kamenn\u00fdch l\u016f\u017ek\u00e1ch se v\u017edy na\u0161el kam\u00e9nek z\u00a0jin\u00e9 horniny, se klon\u00edm k\u00a0n\u00e1zoru, \u017ee tato lokalita \u010di svatyn\u011b byla \u201epostavena\u201c v\u00a0dob\u00e1ch p\u0159edk\u0159es\u0165ansk\u00fdch. A nikoli a\u017e ve st\u0159edov\u011bku, kdy byla druhotn\u011b christianizov\u00e1na.\u00a0 Pro pohansk\u00fd p\u016fvod svatyn\u011b by sv\u011bd\u010dil i fakt, \u017ee katolick\u00e1 c\u00edrkev vzty\u010dov\u00e1n\u00ed kamen\u016f zakazovala, d\u016fsledn\u011b st\u00edhala a mnoho stoj\u00edc\u00edch kamen\u016f nechala povalit nebo zni\u010dit. Sta\u0159\u00ed Slovan\u00e9 toti\u017e krom\u011b stud\u00e1nek a mohutn\u00fdch dub\u016f \u2013 nikoli lip! \u2013 uct\u00edvali i kameny. Krom\u011b \u201emenhiroidn\u00edch\u201c kamen\u016f se v\u00a0okol\u00ed svatyn\u011b nach\u00e1zej\u00ed i velk\u00e9 balvany s\u00a0m\u00edsovit\u00fdmi prohlubn\u011bmi&#8230; (Cel\u00fd \u010dl\u00e1nek si p\u0159e\u010dtete v \u010dervencov\u00e9 Medu\u0148ce.)<\/p>\n","protected":false},"author":3,"featured_media":1494,"comment_status":"closed","ping_status":"closed","sticky":false,"template":"","format":"standard","meta":{"footnotes":""},"categories":[1],"tags":[],"class_list":["post-1492","post","type-post","status-publish","format-standard","has-post-thumbnail","hentry","category-medunka"],"acf":[],"_links":{"self":[{"href":"https:\/\/www.mojemedunka.cz\/index.php\/wp-json\/wp\/v2\/posts\/1492","targetHints":{"allow":["GET"]}}],"collection":[{"href":"https:\/\/www.mojemedunka.cz\/index.php\/wp-json\/wp\/v2\/posts"}],"about":[{"href":"https:\/\/www.mojemedunka.cz\/index.php\/wp-json\/wp\/v2\/types\/post"}],"author":[{"embeddable":true,"href":"https:\/\/www.mojemedunka.cz\/index.php\/wp-json\/wp\/v2\/users\/3"}],"replies":[{"embeddable":true,"href":"https:\/\/www.mojemedunka.cz\/index.php\/wp-json\/wp\/v2\/comments?post=1492"}],"version-history":[{"count":1,"href":"https:\/\/www.mojemedunka.cz\/index.php\/wp-json\/wp\/v2\/posts\/1492\/revisions"}],"predecessor-version":[{"id":1493,"href":"https:\/\/www.mojemedunka.cz\/index.php\/wp-json\/wp\/v2\/posts\/1492\/revisions\/1493"}],"wp:featuredmedia":[{"embeddable":true,"href":"https:\/\/www.mojemedunka.cz\/index.php\/wp-json\/wp\/v2\/media\/1494"}],"wp:attachment":[{"href":"https:\/\/www.mojemedunka.cz\/index.php\/wp-json\/wp\/v2\/media?parent=1492"}],"wp:term":[{"taxonomy":"category","embeddable":true,"href":"https:\/\/www.mojemedunka.cz\/index.php\/wp-json\/wp\/v2\/categories?post=1492"},{"taxonomy":"post_tag","embeddable":true,"href":"https:\/\/www.mojemedunka.cz\/index.php\/wp-json\/wp\/v2\/tags?post=1492"}],"curies":[{"name":"wp","href":"https:\/\/api.w.org\/{rel}","templated":true}]}}