{"id":1460,"date":"2019-07-24T06:00:21","date_gmt":"2019-07-24T06:00:21","guid":{"rendered":"http:\/\/www.mojemedunka.cz\/?p=1460"},"modified":"2019-07-19T08:51:34","modified_gmt":"2019-07-19T08:51:34","slug":"ucme-se-zivotu-s-medunkovou-knihovnickou-dokonceni","status":"publish","type":"post","link":"https:\/\/www.mojemedunka.cz\/index.php\/2019\/07\/24\/ucme-se-zivotu-s-medunkovou-knihovnickou-dokonceni\/","title":{"rendered":"U\u010dme se \u017eivotu&#8230; s medu\u0148kovou knihovni\u010dkou (dokon\u010den\u00ed)"},"content":{"rendered":"<p>&#8230;p\u0159e\u010dt\u011bte si dokon\u010den\u00ed kapitoly o civiliza\u010dn\u00edch chorob\u00e1ch z knihy <strong><em>U<\/em><\/strong><em><strong>\u010dme se \u017eivotu II. od PhDr. Marie \u0158\u00edhov\u00e9..<\/strong>.<br \/>\n<\/em><strong>Pokud v\u00e1s knihy t\u00e9to autorky zaujaly, pod\u00edvejte se na n\u00e1\u0161 e-shop www.obchodmedunka.cz<\/strong><\/p>\n<p>&nbsp;<\/p>\n<p><strong>Terapeut nem\u016f\u017ee br\u00e1t na sebe odpov\u011bdnost za chov\u00e1n\u00ed jin\u00fdch<\/strong> \u2013 t\u00edm by omezoval jejich svobodu \u2013 ale mus\u00ed je nau\u010dit, jak zm\u011bnit nespr\u00e1vn\u00fd \u017eivotn\u00ed styl, a to je v\u017edy velmi slo\u017eit\u00e9. Ale um\u011bt se i v\u00a0sou\u010dasnosti zastavit a v\u011bnovat chvilku s\u00e1m sob\u011b, uvolnit sv\u00e9 city, aby byly voln\u00e9 a svobodn\u00e9 v\u00a0souladu s\u00a0p\u0159\u00edrodn\u00edmi z\u00e1kony, kter\u00e9 jsou univerz\u00e1ln\u00ed, se mus\u00ed nau\u010dit ka\u017ed\u00fd, kdo chce \u017e\u00edt v\u00a0harmonii s\u00e1m se sebou i s\u00a0vesm\u00edrem, jeho\u017e jsme sou\u010d\u00e1st\u00ed. A \u201eciviliza\u010dn\u00ed\u201c choroby n\u00e1s p\u0159estanou pron\u00e1sledovat. V\u017edy\u0165 \u010dlov\u011bk pot\u0159ebuje ke \u0161\u0165astn\u00e9mu \u017eivotu tak m\u00e1lo \u2013prost\u00fd p\u0159\u00edbytek, prost\u00e9 j\u00eddlo, o\u0161acen\u00ed, l\u00e1sku a schopnost odpu\u0161t\u011bn\u00ed. Jenom t\u00edm m\u016f\u017eeme zabezpe\u010dit, aby se nenaplnilo Sibylino proroctv\u00ed.<br \/>\n<strong>V\u0161\u00edmejme si toho, co se kolem n\u00e1s d\u011bje a srovnejme si to s\u00a0dvan\u00e1cti varovn\u00fdmi znamen\u00edmi, kter\u00e9 Sibyla sd\u011blila kr\u00e1li \u0160alamounovi&#8230;<\/strong><\/p>\n<p><strong><u>Prvn\u00ed znamen\u00ed<\/u>:<\/strong>\u00a0 Lid\u00e9 budou i ve sv\u00e1te\u010dn\u00edch dnech vykon\u00e1vat t\u011b\u017ekou pr\u00e1ci<br \/>\n<strong><u>Druh\u00e9 znamen\u00ed<\/u>:<\/strong> Mlad\u00ed lid\u00e9 se budou u\u017e ve 14\u201315 letech br\u00e1t. Mnoz\u00ed se zakr\u00e1tko rozvedou, proto\u017ee jedna nebo druh\u00e1 strana nebude spokojena.<br \/>\n<strong><u>T\u0159et\u00ed znamen\u00ed<\/u>:<\/strong>\u00a0 V\u00a0zemi se roz\u0161\u00ed\u0159\u00ed rozli\u010dn\u00e1 um\u011bn\u00ed a \u0159emesla, dosud nev\u00eddan\u00e1 a nesl\u00fdchan\u00e1, kter\u00e1 tam cizinci p\u0159inesou.<br \/>\n<strong><u>\u010ctvrt\u00e9 znamen\u00ed<\/u>:<\/strong> Dobytek bude d\u00e1vat mal\u00fd u\u017eitek.<br \/>\n<strong><u>P\u00e1t\u00e9 znamen\u00ed<\/u>:<\/strong>\u00a0 Lid\u00e9 si zamiluj\u00ed le\u017e v\u00edce ne\u017e pravdu.<br \/>\n<strong><u>\u0160est\u00e9 znamen\u00ed<\/u><\/strong>: Domy, majetek a grunty se budou prod\u00e1vat dr\u00e1\u017ee, ne\u017e by si to kdo mohl pomyslet.<br \/>\n<strong><u>Sedm\u00e9 znamen\u00ed<\/u>:<\/strong> Lid\u00e9 budou \u0161t\u011bpovat mnoh\u00e9 zahrady, vinice a chmelnice, v\u0161elijak\u00e9 pustiny a meze budou rozor\u00e1vat a rozkop\u00e1vat a pole z\u00a0nich d\u011blat a p\u0159itom chl\u00e9b bude drah\u00fd.<br \/>\n<strong><u>Osm\u00e9 znamen\u00ed<\/u>:\u00a0<\/strong> Dojde ke zm\u011bn\u00e1m v\u00a0pen\u011bz\u00edch a rozli\u010dn\u00fdch minc\u00edch, kter\u00e9 potrvaj\u00ed dlouh\u00fd \u010das. P\u0159itom vzniknou rozli\u010dn\u00e9 platby a velik\u00e9, nesl\u00fdchan\u00e9 a nesnesiteln\u00e9 dan\u011b.<br \/>\n<strong><u>Dev\u00e1t\u00e9 znamen\u00ed<\/u>:<\/strong>\u00a0 Bude kr\u00e1tk\u00fd masopust, kter\u00fd je\u0161t\u011b nikdy tak kr\u00e1tk\u00fd nebyl, tak\u017ee se lid\u00e9 nebudou moci naba\u017eit veselosti a budou z\u00e1bav\u00e1m holdovat i v\u00a0postn\u00ed dny.<br \/>\n<strong><u>Des\u00e1t\u00e9 znamen\u00ed<\/u>:<\/strong>\u00a0 Lid\u00e9 budou m\u00edsto sena shrabovat sn\u00edh, proto\u017ee pr\u00e1v\u011b kdy\u017e nastane \u017eatva, napadne mnoho sn\u011bhu.<br \/>\n<strong><u>Jeden\u00e1ct\u00e9 znamen\u00ed<\/u>:<\/strong>\u00a0 Kobylky, kter\u00e9 polet\u00ed od v\u00fdchodu k z\u00e1padu jako do Egypta za dob faraona, nap\u00e1chaj\u00ed mnoho \u0161kod na \u00farod\u011b.<br \/>\n<strong><u>Dvan\u00e1ct\u00e9 znamen\u00ed<\/u>:<\/strong>\u00a0 V\u00a0zemi \u010desk\u00e9 na ho\u0159e Blan\u00edk za\u010dnou v\u0161echny stromy shora dol\u016f usychat a zakr\u00e1tko nastane velk\u00fd hlad.<\/p>\n<p><strong>Co \u0159\u00edk\u00e1te, mil\u00ed \u010dten\u00e1\u0159i? <\/strong>Nepln\u00ed se ji\u017e n\u011bkter\u00e1 znamen\u00ed? A nem\u011bli bychom se \u0159\u00eddit varov\u00e1n\u00edm, kter\u00e9 n\u00e1m Sibyla zanechala?<br \/>\nTo zn\u00ed: \u201ePokud si lid\u00e9 nebudou t\u011bchto znamen\u00ed v\u0161\u00edmat a nepostav\u00ed pravdu proti l\u017ei a dobro proti zlu a chamtivosti, bude zle&#8230;&#8220;<\/p>\n","protected":false},"excerpt":{"rendered":"<p>&#8230;p\u0159e\u010dt\u011bte si dokon\u010den\u00ed kapitoly o civiliza\u010dn\u00edch chorob\u00e1ch z knihy U\u010dme se \u017eivotu II. od PhDr. Marie \u0158\u00edhov\u00e9&#8230; Pokud v\u00e1s knihy t\u00e9to autorky zaujaly, pod\u00edvejte se na n\u00e1\u0161 e-shop www.obchodmedunka.cz &nbsp; Terapeut nem\u016f\u017ee br\u00e1t na sebe odpov\u011bdnost za chov\u00e1n\u00ed jin\u00fdch \u2013 t\u00edm by omezoval jejich svobodu \u2013 ale mus\u00ed je nau\u010dit, jak zm\u011bnit nespr\u00e1vn\u00fd \u017eivotn\u00ed styl, a to je v\u017edy velmi slo\u017eit\u00e9. Ale um\u011bt se i v\u00a0sou\u010dasnosti zastavit a v\u011bnovat chvilku s\u00e1m sob\u011b, uvolnit sv\u00e9 city, aby byly voln\u00e9 a svobodn\u00e9 v\u00a0souladu s\u00a0p\u0159\u00edrodn\u00edmi z\u00e1kony, kter\u00e9 jsou univerz\u00e1ln\u00ed, se mus\u00ed nau\u010dit ka\u017ed\u00fd, kdo chce \u017e\u00edt v\u00a0harmonii s\u00e1m se sebou i s\u00a0vesm\u00edrem, jeho\u017e jsme sou\u010d\u00e1st\u00ed. A \u201eciviliza\u010dn\u00ed\u201c choroby n\u00e1s p\u0159estanou pron\u00e1sledovat. V\u017edy\u0165 \u010dlov\u011bk pot\u0159ebuje ke \u0161\u0165astn\u00e9mu \u017eivotu tak m\u00e1lo \u2013prost\u00fd p\u0159\u00edbytek, prost\u00e9 j\u00eddlo, o\u0161acen\u00ed, l\u00e1sku a schopnost odpu\u0161t\u011bn\u00ed. Jenom t\u00edm m\u016f\u017eeme zabezpe\u010dit, aby se nenaplnilo Sibylino proroctv\u00ed. V\u0161\u00edmejme si toho, co se kolem n\u00e1s d\u011bje a srovnejme si to s\u00a0dvan\u00e1cti varovn\u00fdmi znamen\u00edmi, kter\u00e9 Sibyla sd\u011blila kr\u00e1li \u0160alamounovi&#8230; Prvn\u00ed znamen\u00ed:\u00a0 Lid\u00e9 budou i ve sv\u00e1te\u010dn\u00edch dnech vykon\u00e1vat t\u011b\u017ekou pr\u00e1ci Druh\u00e9 znamen\u00ed: Mlad\u00ed lid\u00e9 se budou u\u017e ve 14\u201315 letech br\u00e1t. Mnoz\u00ed se zakr\u00e1tko rozvedou, proto\u017ee jedna nebo druh\u00e1 strana nebude spokojena. T\u0159et\u00ed znamen\u00ed:\u00a0 V\u00a0zemi se roz\u0161\u00ed\u0159\u00ed rozli\u010dn\u00e1 um\u011bn\u00ed a \u0159emesla, dosud nev\u00eddan\u00e1 a nesl\u00fdchan\u00e1, kter\u00e1 tam cizinci p\u0159inesou. \u010ctvrt\u00e9 znamen\u00ed: Dobytek bude d\u00e1vat mal\u00fd u\u017eitek. P\u00e1t\u00e9 znamen\u00ed:\u00a0 Lid\u00e9 si zamiluj\u00ed le\u017e v\u00edce ne\u017e pravdu. \u0160est\u00e9 znamen\u00ed: Domy, majetek a grunty se budou prod\u00e1vat dr\u00e1\u017ee, ne\u017e by si to kdo mohl pomyslet. Sedm\u00e9 znamen\u00ed: Lid\u00e9 budou \u0161t\u011bpovat mnoh\u00e9 zahrady, vinice a chmelnice, v\u0161elijak\u00e9 pustiny a meze budou rozor\u00e1vat a rozkop\u00e1vat a pole z\u00a0nich d\u011blat a p\u0159itom chl\u00e9b bude drah\u00fd. Osm\u00e9 znamen\u00ed:\u00a0 Dojde ke zm\u011bn\u00e1m v\u00a0pen\u011bz\u00edch a rozli\u010dn\u00fdch minc\u00edch, kter\u00e9 potrvaj\u00ed dlouh\u00fd \u010das. P\u0159itom vzniknou rozli\u010dn\u00e9 platby a velik\u00e9, nesl\u00fdchan\u00e9 a nesnesiteln\u00e9 dan\u011b. Dev\u00e1t\u00e9 znamen\u00ed:\u00a0 Bude kr\u00e1tk\u00fd masopust, kter\u00fd je\u0161t\u011b nikdy tak kr\u00e1tk\u00fd nebyl, tak\u017ee se lid\u00e9 nebudou moci naba\u017eit veselosti a budou z\u00e1bav\u00e1m holdovat i v\u00a0postn\u00ed dny. Des\u00e1t\u00e9 znamen\u00ed:\u00a0 Lid\u00e9 budou m\u00edsto sena shrabovat sn\u00edh, proto\u017ee pr\u00e1v\u011b kdy\u017e nastane \u017eatva, napadne mnoho sn\u011bhu. Jeden\u00e1ct\u00e9 znamen\u00ed:\u00a0 Kobylky, kter\u00e9 polet\u00ed od v\u00fdchodu k z\u00e1padu jako do Egypta za dob faraona, nap\u00e1chaj\u00ed mnoho \u0161kod na \u00farod\u011b. Dvan\u00e1ct\u00e9 znamen\u00ed:\u00a0 V\u00a0zemi \u010desk\u00e9 na ho\u0159e Blan\u00edk za\u010dnou v\u0161echny stromy shora dol\u016f usychat a zakr\u00e1tko nastane velk\u00fd hlad. Co \u0159\u00edk\u00e1te, mil\u00ed \u010dten\u00e1\u0159i? Nepln\u00ed se ji\u017e n\u011bkter\u00e1 znamen\u00ed? A nem\u011bli bychom se \u0159\u00eddit varov\u00e1n\u00edm, kter\u00e9 n\u00e1m Sibyla zanechala? To zn\u00ed: \u201ePokud si lid\u00e9 nebudou t\u011bchto znamen\u00ed v\u0161\u00edmat a nepostav\u00ed pravdu proti l\u017ei a dobro proti zlu a chamtivosti, bude zle&#8230;&#8220;<\/p>\n","protected":false},"author":3,"featured_media":1534,"comment_status":"closed","ping_status":"closed","sticky":false,"template":"","format":"standard","meta":{"footnotes":""},"categories":[28],"tags":[],"class_list":["post-1460","post","type-post","status-publish","format-standard","has-post-thumbnail","hentry","category-knihovnicka-medunky"],"acf":[],"_links":{"self":[{"href":"https:\/\/www.mojemedunka.cz\/index.php\/wp-json\/wp\/v2\/posts\/1460","targetHints":{"allow":["GET"]}}],"collection":[{"href":"https:\/\/www.mojemedunka.cz\/index.php\/wp-json\/wp\/v2\/posts"}],"about":[{"href":"https:\/\/www.mojemedunka.cz\/index.php\/wp-json\/wp\/v2\/types\/post"}],"author":[{"embeddable":true,"href":"https:\/\/www.mojemedunka.cz\/index.php\/wp-json\/wp\/v2\/users\/3"}],"replies":[{"embeddable":true,"href":"https:\/\/www.mojemedunka.cz\/index.php\/wp-json\/wp\/v2\/comments?post=1460"}],"version-history":[{"count":3,"href":"https:\/\/www.mojemedunka.cz\/index.php\/wp-json\/wp\/v2\/posts\/1460\/revisions"}],"predecessor-version":[{"id":1491,"href":"https:\/\/www.mojemedunka.cz\/index.php\/wp-json\/wp\/v2\/posts\/1460\/revisions\/1491"}],"wp:featuredmedia":[{"embeddable":true,"href":"https:\/\/www.mojemedunka.cz\/index.php\/wp-json\/wp\/v2\/media\/1534"}],"wp:attachment":[{"href":"https:\/\/www.mojemedunka.cz\/index.php\/wp-json\/wp\/v2\/media?parent=1460"}],"wp:term":[{"taxonomy":"category","embeddable":true,"href":"https:\/\/www.mojemedunka.cz\/index.php\/wp-json\/wp\/v2\/categories?post=1460"},{"taxonomy":"post_tag","embeddable":true,"href":"https:\/\/www.mojemedunka.cz\/index.php\/wp-json\/wp\/v2\/tags?post=1460"}],"curies":[{"name":"wp","href":"https:\/\/api.w.org\/{rel}","templated":true}]}}