{"id":12366,"date":"2026-04-03T06:00:00","date_gmt":"2026-04-03T06:00:00","guid":{"rendered":"https:\/\/www.mojemedunka.cz\/?p=12366"},"modified":"2026-04-02T07:38:27","modified_gmt":"2026-04-02T07:38:27","slug":"dnes-je-velky-patek","status":"publish","type":"post","link":"https:\/\/www.mojemedunka.cz\/index.php\/2026\/04\/03\/dnes-je-velky-patek\/","title":{"rendered":"Dnes je&#8230;Velk\u00fd p\u00e1tek"},"content":{"rendered":"\n<p><strong>P\u00e1tek pa\u0161ijov\u00e9ho t\u00fddne je p\u0159ipom\u00ednkou ud\u00e1lost\u00ed posledn\u00edho dne \u017eivota Je\u017e\u00ed\u0161e Krista. <\/strong><br><strong>V katolick\u00e9 liturgii je Velk\u00fd p\u00e1tek (Pam\u00e1tka umu\u010den\u00ed P\u00e1n\u011b) dnem hlubok\u00e9ho smutku, nekon\u00e1 se m\u0161e a bohoslu\u017eba je slo\u017een\u00e1 jen ze \u010dten\u00ed a zp\u011bvu<\/strong>. D\u016fle\u017eitou sou\u010d\u00e1st\u00ed pobo\u017enosti je odhalen\u00ed a uct\u011bn\u00ed svat\u00e9ho k\u0159\u00ed\u017ee. P\u016fvodn\u00ed prost\u00fd r\u00e1z liturgick\u00fdch oslav zm\u011bnila a\u017e doba protireformace, kdy se zv\u00fdraznil v\u00fdznam oslav tohoto sv\u00e1tku jako dne, kdy je t\u0159eba myslet na sp\u00e1su. Zvyk Bo\u017e\u00edho hrobu zavedli jezuit\u00e9. Vystavili monstranci zakrytou rou\u0161kou , do dutiny pod olt\u00e1\u0159em um\u00edstili sochu p\u0159edstavuj\u00edc\u00ed mrtv\u00e9ho Krista, kolem kv\u011bty a mnoho sv\u00edc\u00ed. Takov\u00e1to \u00faprava \u201eBo\u017e\u00edho hrobu\u201c byla poprv\u00e9 provedena v Praze v 80.letech 16. stolet\u00ed, v 17. a 18. stolet\u00ed se zvyk roz\u0161\u00ed\u0159il obecn\u011b. Tak\u00e9 na Velk\u00fd p\u00e1tek vst\u00e1vali lid\u00e9 p\u0159ed v\u00fdchodem slunce a odch\u00e1zeli se om\u00fdt k potoku, aby byli chr\u00e1n\u011bni p\u0159ed nemocemi, n\u011bkte\u0159\u00ed se ve vod\u011b i pot\u00e1p\u011bli. D\u011bv\u010data st\u00edrala z osen\u00ed rosu, aby byla chr\u00e1n\u011bna p\u0159ed sluncem. \u0158ada pov\u011br byla spojena s v\u00edrou v \u010darod\u011bjnice a s hled\u00e1n\u00edm ochrany p\u0159ed uhranut\u00edm, v tento den se nesm\u011blo p\u016fj\u010dovat nic z dom\u00e1cnosti, proto\u017ee s takov\u00fdmi p\u0159edm\u011bty by se dalo \u010darovat. Nesm\u011blo se h\u00fdbat zem\u00ed, proto se nepracovalo na poli ani v sadu. Nesm\u011blo se tak\u00e9 pr\u00e1t pr\u00e1dlo.<br><strong>S Velk\u00fdm p\u00e1tkem byla spojena v\u00edra v magickou s\u00edlu zem\u011b a z\u00e1zraky, kter\u00e9 se toho dne d\u011bj\u00ed. Podle lidov\u00e9 v\u00edry se zem\u011b otev\u00edrala, aby na kr\u00e1tkou dobu odhalila ukryt\u00e9 poklady<\/strong> (mo\u017en\u00e1 zn\u00e1te p\u016fsobivou baladu K. J. Erbena s n\u00e1zvem Poklad ze sb\u00edrky Kytice, kter\u00e1 vych\u00e1z\u00ed pr\u00e1v\u011b z t\u00e9to d\u00e1vn\u00e9 v\u00edry\u2026)<strong>.<\/strong> Proto bylo ve\u010der o Velk\u00e9m p\u00e1tku vid\u011bt v les\u00edch, u z\u0159\u00edcenin hrad\u016f a na dal\u0161\u00edch podobn\u00fdch m\u00edstech\u00a0 hleda\u010de poklad\u016f. Poklad pr\u00fd ozna\u010dovalo sv\u011bt\u00e9lko, jindy z\u00e1\u0159\u00edc\u00ed a kvetouc\u00ed kaprad\u00ed,\u00a0 p\u0159\u00edpadn\u011b otvor ve sk\u00e1le \u010di zdi, z n\u011bho\u017e vych\u00e1zela zvl\u00e1\u0161tn\u00ed z\u00e1\u0159e. Toho dne se podle pov\u011bsti otev\u00edrala na n\u011bkolik hodin i hora Blan\u00edk.<br><em>(zdroj: V. Vondru\u0161ka: C\u00edrkevn\u00ed zvyky a oby\u010deje)<\/em><br><br><strong>Lidov\u00e1 p\u0159edstavivost spojila Velk\u00fd p\u00e1tek s v\u00edrou v nadp\u0159irozen\u00e9 bytosti, kouzla a \u010d\u00e1ry<\/strong>. K nejroz\u0161\u00ed\u0159en\u011bj\u0161\u00edm p\u0159edstav\u00e1m pat\u0159ila v\u00edra, \u017ee kdy\u017e se v p\u00e1tek \u010dtou v kostele pa\u0161ije, otev\u00edr\u00e1 se cesta k poklad\u016fm ukryt\u00fdm pod zem\u00ed. Na takov\u00e9m m\u00edst\u011b pr\u00fd ho\u0159elo sv\u011bt\u00e9lko, od t\u0159\u00ed do dev\u00edti hodin vykv\u00e9talo kaprad\u00ed nebo ze zem\u011b vych\u00e1zela zvl\u00e1\u0161tn\u00ed z\u00e1\u0159e. Podle pov\u011bsti, roz\u0161\u00ed\u0159en\u00e9 v na\u0161ich zem\u00edch, se na Velk\u00fd p\u00e1tek na n\u011bkolik hodin otev\u00edrala hora Blan\u00edk a ryt\u00ed\u0159i se vyj\u00ed\u017ed\u011bli p\u0159esv\u011bd\u010dit, zda zemi nehroz\u00ed nebezpe\u010d\u00ed. V mnoha kraj\u00edch panovalo p\u0159esv\u011bd\u010den\u00ed, \u017ee na Velk\u00fd p\u00e1tek se neotev\u00edr\u00e1 pouze zem\u011b, ale rozestupuje se voda, na sou\u0161 vych\u00e1zej\u00ed vodn\u00edci a proh\u00e1n\u011bj\u00ed se po pol\u00edch na kon\u00edch, kter\u00e9 odvedli nepozorn\u00fdm hospod\u00e1\u0159\u016fm. K vod\u011b se pojily i dal\u0161\u00ed velkop\u00e1te\u010dn\u00ed pov\u011bry&#8230;<br><em>(z knihy Mal\u00e1 encyklopedie Velikonoc od Valburgy Vav\u0159\u00ednov\u00e9, nakladatelstv\u00ed Libri, 2006) <\/em><\/p>\n","protected":false},"excerpt":{"rendered":"<p>P\u00e1tek pa\u0161ijov\u00e9ho t\u00fddne je p\u0159ipom\u00ednkou ud\u00e1lost\u00ed posledn\u00edho dne \u017eivota Je\u017e\u00ed\u0161e Krista. V katolick\u00e9 liturgii je Velk\u00fd p\u00e1tek (Pam\u00e1tka umu\u010den\u00ed P\u00e1n\u011b) dnem hlubok\u00e9ho smutku, nekon\u00e1 se m\u0161e a bohoslu\u017eba je slo\u017een\u00e1 jen ze \u010dten\u00ed a zp\u011bvu. D\u016fle\u017eitou sou\u010d\u00e1st\u00ed pobo\u017enosti je odhalen\u00ed a uct\u011bn\u00ed svat\u00e9ho k\u0159\u00ed\u017ee. P\u016fvodn\u00ed prost\u00fd r\u00e1z liturgick\u00fdch oslav zm\u011bnila a\u017e doba protireformace, kdy se zv\u00fdraznil v\u00fdznam oslav tohoto sv\u00e1tku jako dne, kdy je t\u0159eba myslet na sp\u00e1su. Zvyk Bo\u017e\u00edho hrobu zavedli jezuit\u00e9. Vystavili monstranci zakrytou rou\u0161kou , do dutiny pod olt\u00e1\u0159em um\u00edstili sochu p\u0159edstavuj\u00edc\u00ed mrtv\u00e9ho Krista, kolem kv\u011bty a mnoho sv\u00edc\u00ed. Takov\u00e1to \u00faprava \u201eBo\u017e\u00edho hrobu\u201c byla poprv\u00e9 provedena v Praze v 80.letech 16. stolet\u00ed, v 17. a 18. stolet\u00ed se zvyk roz\u0161\u00ed\u0159il obecn\u011b. Tak\u00e9 na Velk\u00fd p\u00e1tek vst\u00e1vali lid\u00e9 p\u0159ed v\u00fdchodem slunce a odch\u00e1zeli se om\u00fdt k potoku, aby byli chr\u00e1n\u011bni p\u0159ed nemocemi, n\u011bkte\u0159\u00ed se ve vod\u011b i pot\u00e1p\u011bli. D\u011bv\u010data st\u00edrala z osen\u00ed rosu, aby byla chr\u00e1n\u011bna p\u0159ed sluncem. \u0158ada pov\u011br byla spojena s v\u00edrou v \u010darod\u011bjnice a s hled\u00e1n\u00edm ochrany p\u0159ed uhranut\u00edm, v tento den se nesm\u011blo p\u016fj\u010dovat nic z dom\u00e1cnosti, proto\u017ee s takov\u00fdmi p\u0159edm\u011bty by se dalo \u010darovat. Nesm\u011blo se h\u00fdbat zem\u00ed, proto se nepracovalo na poli ani v sadu. Nesm\u011blo se tak\u00e9 pr\u00e1t pr\u00e1dlo.S Velk\u00fdm p\u00e1tkem byla spojena v\u00edra v magickou s\u00edlu zem\u011b a z\u00e1zraky, kter\u00e9 se toho dne d\u011bj\u00ed. Podle lidov\u00e9 v\u00edry se zem\u011b otev\u00edrala, aby na kr\u00e1tkou dobu odhalila ukryt\u00e9 poklady (mo\u017en\u00e1 zn\u00e1te p\u016fsobivou baladu K. J. Erbena s n\u00e1zvem Poklad ze sb\u00edrky Kytice, kter\u00e1 vych\u00e1z\u00ed pr\u00e1v\u011b z t\u00e9to d\u00e1vn\u00e9 v\u00edry\u2026). Proto bylo ve\u010der o Velk\u00e9m p\u00e1tku vid\u011bt v les\u00edch, u z\u0159\u00edcenin hrad\u016f a na dal\u0161\u00edch podobn\u00fdch m\u00edstech\u00a0 hleda\u010de poklad\u016f. Poklad pr\u00fd ozna\u010dovalo sv\u011bt\u00e9lko, jindy z\u00e1\u0159\u00edc\u00ed a kvetouc\u00ed kaprad\u00ed,\u00a0 p\u0159\u00edpadn\u011b otvor ve sk\u00e1le \u010di zdi, z n\u011bho\u017e vych\u00e1zela zvl\u00e1\u0161tn\u00ed z\u00e1\u0159e. Toho dne se podle pov\u011bsti otev\u00edrala na n\u011bkolik hodin i hora Blan\u00edk.(zdroj: V. Vondru\u0161ka: C\u00edrkevn\u00ed zvyky a oby\u010deje) Lidov\u00e1 p\u0159edstavivost spojila Velk\u00fd p\u00e1tek s v\u00edrou v nadp\u0159irozen\u00e9 bytosti, kouzla a \u010d\u00e1ry. K nejroz\u0161\u00ed\u0159en\u011bj\u0161\u00edm p\u0159edstav\u00e1m pat\u0159ila v\u00edra, \u017ee kdy\u017e se v p\u00e1tek \u010dtou v kostele pa\u0161ije, otev\u00edr\u00e1 se cesta k poklad\u016fm ukryt\u00fdm pod zem\u00ed. Na takov\u00e9m m\u00edst\u011b pr\u00fd ho\u0159elo sv\u011bt\u00e9lko, od t\u0159\u00ed do dev\u00edti hodin vykv\u00e9talo kaprad\u00ed nebo ze zem\u011b vych\u00e1zela zvl\u00e1\u0161tn\u00ed z\u00e1\u0159e. Podle pov\u011bsti, roz\u0161\u00ed\u0159en\u00e9 v na\u0161ich zem\u00edch, se na Velk\u00fd p\u00e1tek na n\u011bkolik hodin otev\u00edrala hora Blan\u00edk a ryt\u00ed\u0159i se vyj\u00ed\u017ed\u011bli p\u0159esv\u011bd\u010dit, zda zemi nehroz\u00ed nebezpe\u010d\u00ed. V mnoha kraj\u00edch panovalo p\u0159esv\u011bd\u010den\u00ed, \u017ee na Velk\u00fd p\u00e1tek se neotev\u00edr\u00e1 pouze zem\u011b, ale rozestupuje se voda, na sou\u0161 vych\u00e1zej\u00ed vodn\u00edci a proh\u00e1n\u011bj\u00ed se po pol\u00edch na kon\u00edch, kter\u00e9 odvedli nepozorn\u00fdm hospod\u00e1\u0159\u016fm. K vod\u011b se pojily i dal\u0161\u00ed velkop\u00e1te\u010dn\u00ed pov\u011bry&#8230;(z knihy Mal\u00e1 encyklopedie Velikonoc od Valburgy Vav\u0159\u00ednov\u00e9, nakladatelstv\u00ed Libri, 2006)<\/p>\n","protected":false},"author":3,"featured_media":12368,"comment_status":"closed","ping_status":"closed","sticky":false,"template":"","format":"standard","meta":{"footnotes":""},"categories":[1,31],"tags":[],"class_list":["post-12366","post","type-post","status-publish","format-standard","has-post-thumbnail","hentry","category-medunka","category-pro-inspiraci"],"acf":[],"_links":{"self":[{"href":"https:\/\/www.mojemedunka.cz\/index.php\/wp-json\/wp\/v2\/posts\/12366","targetHints":{"allow":["GET"]}}],"collection":[{"href":"https:\/\/www.mojemedunka.cz\/index.php\/wp-json\/wp\/v2\/posts"}],"about":[{"href":"https:\/\/www.mojemedunka.cz\/index.php\/wp-json\/wp\/v2\/types\/post"}],"author":[{"embeddable":true,"href":"https:\/\/www.mojemedunka.cz\/index.php\/wp-json\/wp\/v2\/users\/3"}],"replies":[{"embeddable":true,"href":"https:\/\/www.mojemedunka.cz\/index.php\/wp-json\/wp\/v2\/comments?post=12366"}],"version-history":[{"count":3,"href":"https:\/\/www.mojemedunka.cz\/index.php\/wp-json\/wp\/v2\/posts\/12366\/revisions"}],"predecessor-version":[{"id":12371,"href":"https:\/\/www.mojemedunka.cz\/index.php\/wp-json\/wp\/v2\/posts\/12366\/revisions\/12371"}],"wp:featuredmedia":[{"embeddable":true,"href":"https:\/\/www.mojemedunka.cz\/index.php\/wp-json\/wp\/v2\/media\/12368"}],"wp:attachment":[{"href":"https:\/\/www.mojemedunka.cz\/index.php\/wp-json\/wp\/v2\/media?parent=12366"}],"wp:term":[{"taxonomy":"category","embeddable":true,"href":"https:\/\/www.mojemedunka.cz\/index.php\/wp-json\/wp\/v2\/categories?post=12366"},{"taxonomy":"post_tag","embeddable":true,"href":"https:\/\/www.mojemedunka.cz\/index.php\/wp-json\/wp\/v2\/tags?post=12366"}],"curies":[{"name":"wp","href":"https:\/\/api.w.org\/{rel}","templated":true}]}}