{"id":12354,"date":"2026-04-03T06:00:00","date_gmt":"2026-04-03T06:00:00","guid":{"rendered":"https:\/\/www.mojemedunka.cz\/?p=12354"},"modified":"2026-04-02T07:11:19","modified_gmt":"2026-04-02T07:11:19","slug":"z-dubnove-medunky-velikonoce-radost-ze-vzkriseni","status":"publish","type":"post","link":"https:\/\/www.mojemedunka.cz\/index.php\/2026\/04\/03\/z-dubnove-medunky-velikonoce-radost-ze-vzkriseni\/","title":{"rendered":"Z dubnov\u00e9 Medu\u0148ky: Velikonoce \u2014 radost ze vzk\u0159\u00ed\u0161en\u00ed"},"content":{"rendered":"\n<p><strong>Dnes je B\u00edl\u00e1 sobota (tento n\u00e1zev vznikl podle n\u011bkter\u00fdch n\u00e1zor\u016f z b\u00edl\u00e9 barvy rouch, do kter\u00fdch se po k\u0159tu obl\u00e9kali tzv. katechumeni &#8211; pr\u00e1v\u011b pok\u0159t\u011bn\u00ed lid\u00e9). V\u00fdznam velikono\u010dn\u00edch sv\u00e1tk\u016f v aktu\u00e1ln\u00edm dubnov\u00e9m \u010d\u00edsle Medu\u0148ky p\u0159ipom\u00edn\u00e1 Vladim\u00edr Strej\u010dek, ThD. Nab\u00edz\u00edme uk\u00e1zku, cel\u00fd \u010dl\u00e1nek i mnoho dal\u0161\u00edch skv\u011bl\u00fdch \u010dl\u00e1nk\u016f m\u016f\u017eete \u010d\u00edst na <a href=\"http:\/\/emedunka.cz\" data-type=\"link\" data-id=\"emedunka.cz\">emedunka.cz<\/a><\/strong><\/p>\n\n\n\n<p><\/p>\n\n\n\n<p><strong>Ka\u017ed\u00fdm rokem si k\u0159es\u0165ansk\u00fd sv\u011bt o Velikonoc\u00edch p\u0159ipom\u00edn\u00e1 vystoupen\u00ed Krista na nebesa neboli vzk\u0159\u00ed\u0161en\u00ed. Je to velik\u00e1 radost, kter\u00e1 p\u0159ich\u00e1z\u00ed s uv\u011bdom\u011bn\u00edm, \u017ee \u017eivot nekon\u010d\u00ed smrt\u00ed a pokra\u010duje d\u00e1l ve vysok\u00e9 duchovn\u00ed vibra\u010dn\u00ed sf\u00e9\u0159e. Je\u017e\u00ed\u0161 Kristus n\u00e1m to zcela jasn\u011b dok\u00e1zal sv\u00fdm vzk\u0159\u00ed\u0161en\u00edm, a hlavn\u011b t\u00edm, \u017ee se zjevil Marii Magdal\u00e9n\u011b a jin\u00fdm \u017een\u00e1m, aby jim dok\u00e1zal, \u017ee nen\u00ed mrtev, ale \u017ee \u017eije v Bo\u017e\u00edm duchovn\u00edm sv\u011bt\u011b d\u00e1le.<\/strong><\/p>\n\n\n\n<p>Tato skute\u010dnost by m\u011bla naplnit srdce nejen ka\u017ed\u00e9ho k\u0159es\u0165ana, ale i kohokoliv jin\u00e9ho radostn\u00fdm uv\u011bdom\u011bn\u00edm, \u017ee duchovn\u00ed \u017eivot d\u00e1le pokra\u010duje, i kdy\u017e odlo\u017e\u00edme fyzick\u00e9 t\u011blo. Je\u017e\u00ed\u0161 Kristus je toho n\u00e1dhern\u00fdm d\u016fkazem. Mo\u017en\u00e1 je \u0161koda, \u017ee jsme se a\u017e p\u0159\u00edli\u0161 soust\u0159edili na jeho symbol na k\u0159\u00ed\u017ei, m\u00edsto na skute\u010dnost jeho vzk\u0159\u00ed\u0161en\u00ed a dal\u0161\u00edho duchovn\u00edho posl\u00e1n\u00ed, j\u00edm\u017e pom\u00e1h\u00e1 t\u011bm, kte\u0159\u00ed se k n\u011bmu obrac\u00ed. K\u0159\u00ed\u017e bychom m\u011bli sp\u00ed\u0161e vid\u011bt jako symbol \u201euk\u0159i\u017eov\u00e1n\u00ed\u201c na\u0161eho ega, na\u0161ich negativn\u00edch vlastnost\u00ed, jako je z\u00e1vist, touha po moci, nepoctivost, nen\u00e1vist a jin\u00e9. Pot\u00e9, co opust\u00edme tyto negativn\u00ed vlastnosti, m\u016f\u017eeme ve sv\u00e9 du\u0161i pro\u017e\u00edt pocity vzk\u0159\u00ed\u0161en\u00ed a ve sv\u00e9m srdci c\u00edtit p\u0159\u00edtomnost Kristova bo\u017esk\u00e9ho sv\u011btla. K tomuto pozn\u00e1n\u00ed a pro\u017eitku vede ka\u017ed\u00e9ho vzk\u0159\u00ed\u0161en\u00fd Kristus. Proto je t\u0159eba se v tichu mysli a srdce se vzk\u0159\u00ed\u0161en\u00fdm Kristem spojit a nechat jej kralovat v na\u0161\u00ed du\u0161i.<\/p>\n\n\n\n<p>Anglick\u00fd kvaker Frances Hall ve sv\u00e9m zamy\u0161len\u00ed \u201e\u017divot ze St\u0159edu\u201c popisuje pocit, kter\u00fd m\u016f\u017ee c\u00edtit ka\u017ed\u00fd, jestli\u017ee dos\u00e1hne spojen\u00ed s univerz\u00e1ln\u00ed moudrost\u00ed Bo\u017e\u00ed, s Duchem Svat\u00fdm \u010di se vzk\u0159\u00ed\u0161en\u00fdm Kristem. \u201eDuch Svat\u00fd a Bo\u017e\u00ed je siln\u00fd prudk\u00fd v\u00edtr a \u0159eka \u017eivota. Je to pulzuj\u00edc\u00ed, \u017eiv\u00fd, vibruj\u00edc\u00ed proud Bo\u017e\u00ed s\u00edly. Jestli\u017ee se staneme jeho \u010d\u00e1st\u00ed, potom c\u00edt\u00edme otev\u0159en\u00ed nebes a v\u00edme, \u017ee cokoliv je mo\u017en\u00e9. D\u016fle\u017eit\u00fdm posl\u00e1n\u00edm \u017eivota je st\u00e1t se zcela \u010d\u00e1st\u00ed proudu harmonie a radosti a t\u00edm tak\u00e9 energie Ducha Bo\u017e\u00edho a Kristovy p\u0159\u00edtomnosti. Jestli\u017ee budeme zajedno s touto duchovn\u00ed silou, potom u\u017e to nejsme my, kte\u0159\u00ed \u017eij\u00ed, ale s\u00edla Ducha a p\u0159\u00edtomnost Krista, kter\u00fd \u017eije v n\u00e1s. Je to kr\u00e1lovstv\u00ed bo\u017e\u00ed, jednota s Bohem, \u017eivot v p\u0159\u00edtomnosti Bo\u017e\u00ed.\u201c Jak kr\u00e1sn\u00e1 slova, kter\u00e1 vyjad\u0159uj\u00ed p\u0159\u00edtomnost Bo\u017e\u00ed. V\u00edme, \u017ee pro p\u0159\u00edtomnost Boha je ticho d\u016fle\u017eitou \u010d\u00e1st\u00ed duchovn\u00edho \u017eivota, a\u0165 se tichu odd\u00e1v\u00e1me doma anebo p\u0159i proch\u00e1zce v p\u0159\u00edrod\u011b. Ticho my\u0161lenek je d\u016fle\u017eit\u00fdm kouzeln\u00fdm kl\u00ed\u010dem, jak se p\u0159ibl\u00ed\u017eit k pocitu p\u0159\u00edtomnosti Boha, k duchovn\u00edmu otev\u0159en\u00ed a radosti.<\/p>\n\n\n\n<p><strong>Symbolika k\u0159\u00ed\u017ee<\/strong><\/p>\n\n\n\n<p>Kristus n\u00e1m sv\u00fdm vzk\u0159\u00ed\u0161en\u00edm uk\u00e1zal, \u017ee zanech\u00e1n\u00edm na\u0161ich negativn\u00edch my\u0161lenek a \u010din\u016f na k\u0159\u00ed\u017ei na\u0161e duchovn\u00ed cesta teprve za\u010d\u00edn\u00e1. Otev\u00edr\u00e1 se n\u00e1m neuv\u011b\u0159iteln\u00e1 cesta napln\u011bn\u00e1 duchovn\u00ed radost\u00ed, po kter\u00e9 je v\u0161ak t\u0159eba vytrvale kr\u00e1\u010det. N\u00e1dhern\u00e9 p\u0159\u00edklady m\u016f\u017eeme \u010d\u00edst v \u017dalmech Davidov\u00fdch. V \u017dalmu 63 se kr\u00e1l David obrac\u00ed k Bohu t\u011bmito slovy: \u201e\u00d3 Bo\u017ee, tys B\u016fh m\u016fj. Hled\u00e1m T\u011b za \u00fasvitu, m\u00e1 du\u0161e po tob\u011b \u017e\u00edzn\u00ed. M\u00e9 t\u011blo touhou po tob\u011b hyne, ve vyschl\u00e9 prahnouc\u00ed zemi. Tv\u00e9 milosrdenstv\u00ed je lep\u0161\u00ed ne\u017e \u017eivot, m\u00e9 rty t\u011b chv\u00e1l\u00ed zp\u011bvem, m\u00e1 du\u0161e p\u0159ilnula k tob\u011b, tv\u00e1 pravice m\u011b pevn\u011b dr\u017e\u00ed.\u201c<\/p>\n\n\n\n<p>Z t\u011bchto slov c\u00edt\u00edme velikou oddanost do v\u016fle Bo\u017e\u00ed a tak\u00e9 silnou v\u00edru v p\u0159\u00edtomnost Boha, jestli\u017ee se k n\u011bmu obr\u00e1t\u00edme. Nejd\u016fle\u017eit\u011bj\u0161\u00ed v\u0161ak je uv\u011bdom\u011bn\u00ed, \u017ee k Bohu nebo ke Kristu je t\u0159eba se obracet st\u00e1le, nejen v dob\u011b Velikonoc nebo kdy\u017e pot\u0159ebujeme s n\u011b\u010d\u00edm pomoci a jsme v t\u011b\u017ek\u00e9 situaci. Je t\u0159eba si uv\u011bdomit, \u017ee B\u016fh je st\u00e1le p\u0159\u00edtomen, proto\u017ee je v\u011b\u010dnost\u00ed, kter\u00e1 stvo\u0159ila cel\u00fd vesm\u00edr v\u010detn\u011b n\u00e1s. Proto je t\u0159eba si p\u0159\u00edtomnost Bo\u017e\u00ed st\u00e1le p\u0159ipom\u00ednat a b\u00fdt s n\u00ed v&nbsp;kontaktu ve sv\u00e9m srdci. Duchovn\u00ed mistr P. Yogananda \u0159\u00edk\u00e1: \u201eMinuty jsou d\u016fle\u017eit\u011bj\u0161\u00ed ne\u017e roky. Jestli\u017ee nenapln\u00edme minuty na\u0161eho \u017eivota my\u0161lenkami na Boha, potom roky rychle uplynou. A tehdy, kdy\u017e budeme Boha pot\u0159ebovat nejv\u00edce, nebudeme schopni c\u00edtit bo\u017e\u00ed p\u0159\u00edtomnost. Av\u0161ak kdy\u017e napln\u00edme minuty sv\u00e9ho \u017eivota my\u0161lenkami na Boha, potom dny a roky budou napln\u011bny bo\u017e\u00ed p\u0159\u00edtomnosti.\u201c Zde vid\u00edme, jak je d\u016fle\u017eit\u00e9 si uv\u011bdomovat, \u017ee Kristus byl vzk\u0159\u00ed\u0161en a \u017ee m\u016f\u017eeme c\u00edtit jeho p\u0159\u00edtomnost v srdci a du\u0161i, jestli\u017ee se k n\u011bmu budeme pravideln\u011b obracet a vn\u00edmat jeho sv\u011btlo, tak jako to vn\u00edmalo mnoho hluboce v\u011b\u0159\u00edc\u00edch k\u0159es\u0165an\u016f a mystik\u016f. Eileen Cady p\u0159ipom\u00edn\u00e1 d\u016fle\u017eit\u00e1 slova, kdy\u017e \u0159\u00edk\u00e1: \u201eL\u00e1ska bo\u017e\u00ed je st\u00e1le s v\u00e1mi. Je to st\u0159ed va\u0161\u00ed existence. Bo\u017e\u00ed l\u00e1ska je v ka\u017ed\u00e9 vlo\u010dce sn\u011bhu, v ka\u017ed\u00e9m pt\u00e1\u010dku, stromu, kv\u011btin\u011b, ve hv\u011bzd\u00e1ch. Milujte a m\u011bjte \u00factu ke v\u0161em. Klid a m\u00edr jdou ruku v ruce s l\u00e1skou bo\u017e\u00ed. Rozd\u00e1vejte l\u00e1sku a \u00factu v\u0161em.\u201c<\/p>\n","protected":false},"excerpt":{"rendered":"<p>Dnes je B\u00edl\u00e1 sobota (tento n\u00e1zev vznikl podle n\u011bkter\u00fdch n\u00e1zor\u016f z b\u00edl\u00e9 barvy rouch, do kter\u00fdch se po k\u0159tu obl\u00e9kali tzv. katechumeni &#8211; pr\u00e1v\u011b pok\u0159t\u011bn\u00ed lid\u00e9). V\u00fdznam velikono\u010dn\u00edch sv\u00e1tk\u016f v aktu\u00e1ln\u00edm dubnov\u00e9m \u010d\u00edsle Medu\u0148ky p\u0159ipom\u00edn\u00e1 Vladim\u00edr Strej\u010dek, ThD. Nab\u00edz\u00edme uk\u00e1zku, cel\u00fd \u010dl\u00e1nek i mnoho dal\u0161\u00edch skv\u011bl\u00fdch \u010dl\u00e1nk\u016f m\u016f\u017eete \u010d\u00edst na emedunka.cz Ka\u017ed\u00fdm rokem si k\u0159es\u0165ansk\u00fd sv\u011bt o Velikonoc\u00edch p\u0159ipom\u00edn\u00e1 vystoupen\u00ed Krista na nebesa neboli vzk\u0159\u00ed\u0161en\u00ed. Je to velik\u00e1 radost, kter\u00e1 p\u0159ich\u00e1z\u00ed s uv\u011bdom\u011bn\u00edm, \u017ee \u017eivot nekon\u010d\u00ed smrt\u00ed a pokra\u010duje d\u00e1l ve vysok\u00e9 duchovn\u00ed vibra\u010dn\u00ed sf\u00e9\u0159e. Je\u017e\u00ed\u0161 Kristus n\u00e1m to zcela jasn\u011b dok\u00e1zal sv\u00fdm vzk\u0159\u00ed\u0161en\u00edm, a hlavn\u011b t\u00edm, \u017ee se zjevil Marii Magdal\u00e9n\u011b a jin\u00fdm \u017een\u00e1m, aby jim dok\u00e1zal, \u017ee nen\u00ed mrtev, ale \u017ee \u017eije v Bo\u017e\u00edm duchovn\u00edm sv\u011bt\u011b d\u00e1le. Tato skute\u010dnost by m\u011bla naplnit srdce nejen ka\u017ed\u00e9ho k\u0159es\u0165ana, ale i kohokoliv jin\u00e9ho radostn\u00fdm uv\u011bdom\u011bn\u00edm, \u017ee duchovn\u00ed \u017eivot d\u00e1le pokra\u010duje, i kdy\u017e odlo\u017e\u00edme fyzick\u00e9 t\u011blo. Je\u017e\u00ed\u0161 Kristus je toho n\u00e1dhern\u00fdm d\u016fkazem. Mo\u017en\u00e1 je \u0161koda, \u017ee jsme se a\u017e p\u0159\u00edli\u0161 soust\u0159edili na jeho symbol na k\u0159\u00ed\u017ei, m\u00edsto na skute\u010dnost jeho vzk\u0159\u00ed\u0161en\u00ed a dal\u0161\u00edho duchovn\u00edho posl\u00e1n\u00ed, j\u00edm\u017e pom\u00e1h\u00e1 t\u011bm, kte\u0159\u00ed se k n\u011bmu obrac\u00ed. K\u0159\u00ed\u017e bychom m\u011bli sp\u00ed\u0161e vid\u011bt jako symbol \u201euk\u0159i\u017eov\u00e1n\u00ed\u201c na\u0161eho ega, na\u0161ich negativn\u00edch vlastnost\u00ed, jako je z\u00e1vist, touha po moci, nepoctivost, nen\u00e1vist a jin\u00e9. Pot\u00e9, co opust\u00edme tyto negativn\u00ed vlastnosti, m\u016f\u017eeme ve sv\u00e9 du\u0161i pro\u017e\u00edt pocity vzk\u0159\u00ed\u0161en\u00ed a ve sv\u00e9m srdci c\u00edtit p\u0159\u00edtomnost Kristova bo\u017esk\u00e9ho sv\u011btla. K tomuto pozn\u00e1n\u00ed a pro\u017eitku vede ka\u017ed\u00e9ho vzk\u0159\u00ed\u0161en\u00fd Kristus. Proto je t\u0159eba se v tichu mysli a srdce se vzk\u0159\u00ed\u0161en\u00fdm Kristem spojit a nechat jej kralovat v na\u0161\u00ed du\u0161i. Anglick\u00fd kvaker Frances Hall ve sv\u00e9m zamy\u0161len\u00ed \u201e\u017divot ze St\u0159edu\u201c popisuje pocit, kter\u00fd m\u016f\u017ee c\u00edtit ka\u017ed\u00fd, jestli\u017ee dos\u00e1hne spojen\u00ed s univerz\u00e1ln\u00ed moudrost\u00ed Bo\u017e\u00ed, s Duchem Svat\u00fdm \u010di se vzk\u0159\u00ed\u0161en\u00fdm Kristem. \u201eDuch Svat\u00fd a Bo\u017e\u00ed je siln\u00fd prudk\u00fd v\u00edtr a \u0159eka \u017eivota. Je to pulzuj\u00edc\u00ed, \u017eiv\u00fd, vibruj\u00edc\u00ed proud Bo\u017e\u00ed s\u00edly. Jestli\u017ee se staneme jeho \u010d\u00e1st\u00ed, potom c\u00edt\u00edme otev\u0159en\u00ed nebes a v\u00edme, \u017ee cokoliv je mo\u017en\u00e9. D\u016fle\u017eit\u00fdm posl\u00e1n\u00edm \u017eivota je st\u00e1t se zcela \u010d\u00e1st\u00ed proudu harmonie a radosti a t\u00edm tak\u00e9 energie Ducha Bo\u017e\u00edho a Kristovy p\u0159\u00edtomnosti. Jestli\u017ee budeme zajedno s touto duchovn\u00ed silou, potom u\u017e to nejsme my, kte\u0159\u00ed \u017eij\u00ed, ale s\u00edla Ducha a p\u0159\u00edtomnost Krista, kter\u00fd \u017eije v n\u00e1s. Je to kr\u00e1lovstv\u00ed bo\u017e\u00ed, jednota s Bohem, \u017eivot v p\u0159\u00edtomnosti Bo\u017e\u00ed.\u201c Jak kr\u00e1sn\u00e1 slova, kter\u00e1 vyjad\u0159uj\u00ed p\u0159\u00edtomnost Bo\u017e\u00ed. V\u00edme, \u017ee pro p\u0159\u00edtomnost Boha je ticho d\u016fle\u017eitou \u010d\u00e1st\u00ed duchovn\u00edho \u017eivota, a\u0165 se tichu odd\u00e1v\u00e1me doma anebo p\u0159i proch\u00e1zce v p\u0159\u00edrod\u011b. Ticho my\u0161lenek je d\u016fle\u017eit\u00fdm kouzeln\u00fdm kl\u00ed\u010dem, jak se p\u0159ibl\u00ed\u017eit k pocitu p\u0159\u00edtomnosti Boha, k duchovn\u00edmu otev\u0159en\u00ed a radosti. Symbolika k\u0159\u00ed\u017ee Kristus n\u00e1m sv\u00fdm vzk\u0159\u00ed\u0161en\u00edm uk\u00e1zal, \u017ee zanech\u00e1n\u00edm na\u0161ich negativn\u00edch my\u0161lenek a \u010din\u016f na k\u0159\u00ed\u017ei na\u0161e duchovn\u00ed cesta teprve za\u010d\u00edn\u00e1. Otev\u00edr\u00e1 se n\u00e1m neuv\u011b\u0159iteln\u00e1 cesta napln\u011bn\u00e1 duchovn\u00ed radost\u00ed, po kter\u00e9 je v\u0161ak t\u0159eba vytrvale kr\u00e1\u010det. N\u00e1dhern\u00e9 p\u0159\u00edklady m\u016f\u017eeme \u010d\u00edst v \u017dalmech Davidov\u00fdch. V \u017dalmu 63 se kr\u00e1l David obrac\u00ed k Bohu t\u011bmito slovy: \u201e\u00d3 Bo\u017ee, tys B\u016fh m\u016fj. Hled\u00e1m T\u011b za \u00fasvitu, m\u00e1 du\u0161e po tob\u011b \u017e\u00edzn\u00ed. M\u00e9 t\u011blo touhou po tob\u011b hyne, ve vyschl\u00e9 prahnouc\u00ed zemi. Tv\u00e9 milosrdenstv\u00ed je lep\u0161\u00ed ne\u017e \u017eivot, m\u00e9 rty t\u011b chv\u00e1l\u00ed zp\u011bvem, m\u00e1 du\u0161e p\u0159ilnula k tob\u011b, tv\u00e1 pravice m\u011b pevn\u011b dr\u017e\u00ed.\u201c Z t\u011bchto slov c\u00edt\u00edme velikou oddanost do v\u016fle Bo\u017e\u00ed a tak\u00e9 silnou v\u00edru v p\u0159\u00edtomnost Boha, jestli\u017ee se k n\u011bmu obr\u00e1t\u00edme. Nejd\u016fle\u017eit\u011bj\u0161\u00ed v\u0161ak je uv\u011bdom\u011bn\u00ed, \u017ee k Bohu nebo ke Kristu je t\u0159eba se obracet st\u00e1le, nejen v dob\u011b Velikonoc nebo kdy\u017e pot\u0159ebujeme s n\u011b\u010d\u00edm pomoci a jsme v t\u011b\u017ek\u00e9 situaci. Je t\u0159eba si uv\u011bdomit, \u017ee B\u016fh je st\u00e1le p\u0159\u00edtomen, proto\u017ee je v\u011b\u010dnost\u00ed, kter\u00e1 stvo\u0159ila cel\u00fd vesm\u00edr v\u010detn\u011b n\u00e1s. Proto je t\u0159eba si p\u0159\u00edtomnost Bo\u017e\u00ed st\u00e1le p\u0159ipom\u00ednat a b\u00fdt s n\u00ed v&nbsp;kontaktu ve sv\u00e9m srdci. Duchovn\u00ed mistr P. Yogananda \u0159\u00edk\u00e1: \u201eMinuty jsou d\u016fle\u017eit\u011bj\u0161\u00ed ne\u017e roky. Jestli\u017ee nenapln\u00edme minuty na\u0161eho \u017eivota my\u0161lenkami na Boha, potom roky rychle uplynou. A tehdy, kdy\u017e budeme Boha pot\u0159ebovat nejv\u00edce, nebudeme schopni c\u00edtit bo\u017e\u00ed p\u0159\u00edtomnost. Av\u0161ak kdy\u017e napln\u00edme minuty sv\u00e9ho \u017eivota my\u0161lenkami na Boha, potom dny a roky budou napln\u011bny bo\u017e\u00ed p\u0159\u00edtomnosti.\u201c Zde vid\u00edme, jak je d\u016fle\u017eit\u00e9 si uv\u011bdomovat, \u017ee Kristus byl vzk\u0159\u00ed\u0161en a \u017ee m\u016f\u017eeme c\u00edtit jeho p\u0159\u00edtomnost v srdci a du\u0161i, jestli\u017ee se k n\u011bmu budeme pravideln\u011b obracet a vn\u00edmat jeho sv\u011btlo, tak jako to vn\u00edmalo mnoho hluboce v\u011b\u0159\u00edc\u00edch k\u0159es\u0165an\u016f a mystik\u016f. Eileen Cady p\u0159ipom\u00edn\u00e1 d\u016fle\u017eit\u00e1 slova, kdy\u017e \u0159\u00edk\u00e1: \u201eL\u00e1ska bo\u017e\u00ed je st\u00e1le s v\u00e1mi. Je to st\u0159ed va\u0161\u00ed existence. Bo\u017e\u00ed l\u00e1ska je v ka\u017ed\u00e9 vlo\u010dce sn\u011bhu, v ka\u017ed\u00e9m pt\u00e1\u010dku, stromu, kv\u011btin\u011b, ve hv\u011bzd\u00e1ch. Milujte a m\u011bjte \u00factu ke v\u0161em. Klid a m\u00edr jdou ruku v ruce s l\u00e1skou bo\u017e\u00ed. Rozd\u00e1vejte l\u00e1sku a \u00factu v\u0161em.\u201c<\/p>\n","protected":false},"author":3,"featured_media":12362,"comment_status":"closed","ping_status":"closed","sticky":false,"template":"","format":"standard","meta":{"footnotes":""},"categories":[21,1],"tags":[],"class_list":["post-12354","post","type-post","status-publish","format-standard","has-post-thumbnail","hentry","category-duchovni-clanky","category-medunka"],"acf":[],"_links":{"self":[{"href":"https:\/\/www.mojemedunka.cz\/index.php\/wp-json\/wp\/v2\/posts\/12354","targetHints":{"allow":["GET"]}}],"collection":[{"href":"https:\/\/www.mojemedunka.cz\/index.php\/wp-json\/wp\/v2\/posts"}],"about":[{"href":"https:\/\/www.mojemedunka.cz\/index.php\/wp-json\/wp\/v2\/types\/post"}],"author":[{"embeddable":true,"href":"https:\/\/www.mojemedunka.cz\/index.php\/wp-json\/wp\/v2\/users\/3"}],"replies":[{"embeddable":true,"href":"https:\/\/www.mojemedunka.cz\/index.php\/wp-json\/wp\/v2\/comments?post=12354"}],"version-history":[{"count":2,"href":"https:\/\/www.mojemedunka.cz\/index.php\/wp-json\/wp\/v2\/posts\/12354\/revisions"}],"predecessor-version":[{"id":12364,"href":"https:\/\/www.mojemedunka.cz\/index.php\/wp-json\/wp\/v2\/posts\/12354\/revisions\/12364"}],"wp:featuredmedia":[{"embeddable":true,"href":"https:\/\/www.mojemedunka.cz\/index.php\/wp-json\/wp\/v2\/media\/12362"}],"wp:attachment":[{"href":"https:\/\/www.mojemedunka.cz\/index.php\/wp-json\/wp\/v2\/media?parent=12354"}],"wp:term":[{"taxonomy":"category","embeddable":true,"href":"https:\/\/www.mojemedunka.cz\/index.php\/wp-json\/wp\/v2\/categories?post=12354"},{"taxonomy":"post_tag","embeddable":true,"href":"https:\/\/www.mojemedunka.cz\/index.php\/wp-json\/wp\/v2\/tags?post=12354"}],"curies":[{"name":"wp","href":"https:\/\/api.w.org\/{rel}","templated":true}]}}