{"id":12327,"date":"2026-03-25T09:00:00","date_gmt":"2026-03-25T09:00:00","guid":{"rendered":"https:\/\/www.mojemedunka.cz\/?p=12327"},"modified":"2026-03-25T08:49:44","modified_gmt":"2026-03-25T08:49:44","slug":"dubnove-cislo-medunky-je-tady","status":"publish","type":"post","link":"https:\/\/www.mojemedunka.cz\/index.php\/2026\/03\/25\/dubnove-cislo-medunky-je-tady\/","title":{"rendered":"DUBNOV\u00c9 \u010c\u00cdSLO MEDU\u0147KY JE TADY!!!!!"},"content":{"rendered":"\n<p><\/p>\n\n\n\n<p><strong>P\u0159\u00e1tel\u00e9, jaro je tady, a s n\u00edm p\u0159ich\u00e1z\u00ed i nov\u00e1 Medu\u0148ka \u2013 na ob\u00e1lce m\u00e1 jemn\u00fd, ale radostn\u00fd obr\u00e1zek rozv\u00edjej\u00edc\u00edch se l\u00edstk\u016f, slunce i p\u016fvabn\u00e9ho \u017eiv\u00e9ho tvore\u010dka. V\u0161ak se tak\u00e9 obr\u00e1zek Petry V\u00e1vrov\u00e9 jmenuje <em>Radost z\u00a0b\u011b\u017en\u00fdch okam\u017eik\u016f<\/em> a my \u2013 tedy cel\u00fd n\u00e1\u0161 redak\u010dn\u00ed t\u00fdm &#8211; v\u011b\u0159\u00edme, \u017ee radost v\u00e1m do ka\u017edodenn\u00edho \u017eivota p\u0159inese i toto dubnov\u00e9 \u010d\u00edslo va\u0161eho obl\u00edben\u00e9ho \u010dasopisu.<\/strong><br><strong>Zdrav\u00e9 a dlouh\u00e9 \u017eit\u00ed \u2013<\/strong> jak se jmenuje <strong>hlavn\u00ed t\u00e9ma tohoto \u010d\u00edsla<\/strong>. Kdo by necht\u011bl b\u00fdt zdrav\u00fd a \u017e\u00edt dlouho! Proces st\u00e1rnut\u00ed m\u016f\u017eeme v\u00a0lec\u010dems ovlivnit &#8211; co v\u0161echno pro to m\u016f\u017eeme ud\u011blat a jak na to, porad\u00ed v t\u00e9amtu na\u0161i auto\u0159i.<br><strong>L\u00e9\u010ditel PhDr. Jan J\u00edlek, p\u016fvodn\u00edm povol\u00e1n\u00edm psycholog a respondent titulov\u00e9ho rozhovoru<\/strong>, m\u00e1 svoji vlastn\u00ed metodu zalo\u017eenou na p\u0159ed\u00e1v\u00e1n\u00ed tzv. t\u011blov\u00fdch program\u016f a v\u00a0sou\u010dasnosti zkoum\u00e1 tak\u00e9 mo\u017enost, jak zpomalit st\u00e1rnut\u00ed organismu. <strong>O \u017elu\u010dn\u00edku, mal\u00e9m org\u00e1nu s\u00a0velk\u00fdm vlivem, kter\u00fd je aktivn\u00ed pr\u00e1v\u011b na ja\u0159e, si p\u0159e\u010dtete v\u00a0\u010dl\u00e1nku Ch. Matyskov\u00e9.<\/strong><br><strong>MUDr. L. Elekov\u00e1 p\u0159ipravila \u010dl\u00e1nek p\u0159in\u00e1\u0161ej\u00edc\u00ed podrobn\u011bj\u0161\u00ed informace o diet\u011b AIP<\/strong> (autoimunitn\u00ed protokolu), vych\u00e1z\u00ed p\u0159i tom z\u00a0vlastn\u00edch zku\u0161enost\u00ed. <strong>O vlivu \u010d\u00edsel na n\u00e1\u0161 \u017eivot <\/strong>si p\u0159e\u010dtete v\u00a0\u010dl\u00e1nku <br>E. Joachimov\u00e9, o tom, pro\u010d <strong>mnoh\u00e9 star\u00e9 kultury sv\u011btily &#8222;\u0161a\u0161kovsk\u00e9 sv\u00e1tky&#8220;<\/strong>, jejich\u017e smysl byl ov\u0161em hlub\u0161\u00ed, ne\u017e to na prvn\u00ed pohled vypad\u00e1, napsala J. Peschlov\u00e1.\u00a0 <strong>Nad duchovn\u00edm v\u00fdznamem Velikonoc <\/strong>se zam\u00e1\u0161lo ThDr. V. Strej\u010dek a p\u0159ipomeneme i p\u00e1r tradi\u010dn\u00edch velikono\u010dn\u00edch recept\u016f na pokrmy, kter\u00e9 v\u00a0sob\u011b nesou symbolick\u00fd v\u00fdznam\u2026<br><strong>T\u00e9m\u011b\u0159 50 str\u00e1nek zaj\u00edmav\u00e9ho, p\u0159\u00ednosn\u00e9ho a u\u017eite\u010dn\u00e9ho \u010dten\u00ed \u2013 to je MEDU\u0147KA!<\/strong><br>Tak si ji nezapome\u0148te opat\u0159it a u\u017eijte si ji! <strong>\u010c\u00edst m\u016f\u017eete tak\u00e9 na <a href=\"http:\/\/emedunka.cz\" data-type=\"link\" data-id=\"emedunka.cz\">emedunka.cz<\/a><\/strong><br><strong>P\u0159\u00edjemn\u00e9 \u010dten\u00ed a hezk\u00fd za\u010d\u00e1tek jara, mil\u00ed \u010dten\u00e1\u0159i!!<\/strong><\/p>\n\n\n\n<p><strong><em>Va\u0161e redakce \u00a0-:)<\/em><\/strong><\/p>\n","protected":false},"excerpt":{"rendered":"<p>P\u0159\u00e1tel\u00e9, jaro je tady, a s n\u00edm p\u0159ich\u00e1z\u00ed i nov\u00e1 Medu\u0148ka \u2013 na ob\u00e1lce m\u00e1 jemn\u00fd, ale radostn\u00fd obr\u00e1zek rozv\u00edjej\u00edc\u00edch se l\u00edstk\u016f, slunce i p\u016fvabn\u00e9ho \u017eiv\u00e9ho tvore\u010dka. V\u0161ak se tak\u00e9 obr\u00e1zek Petry V\u00e1vrov\u00e9 jmenuje Radost z\u00a0b\u011b\u017en\u00fdch okam\u017eik\u016f a my \u2013 tedy cel\u00fd n\u00e1\u0161 redak\u010dn\u00ed t\u00fdm &#8211; v\u011b\u0159\u00edme, \u017ee radost v\u00e1m do ka\u017edodenn\u00edho \u017eivota p\u0159inese i toto dubnov\u00e9 \u010d\u00edslo va\u0161eho obl\u00edben\u00e9ho \u010dasopisu.Zdrav\u00e9 a dlouh\u00e9 \u017eit\u00ed \u2013 jak se jmenuje hlavn\u00ed t\u00e9ma tohoto \u010d\u00edsla. Kdo by necht\u011bl b\u00fdt zdrav\u00fd a \u017e\u00edt dlouho! Proces st\u00e1rnut\u00ed m\u016f\u017eeme v\u00a0lec\u010dems ovlivnit &#8211; co v\u0161echno pro to m\u016f\u017eeme ud\u011blat a jak na to, porad\u00ed v t\u00e9amtu na\u0161i auto\u0159i.L\u00e9\u010ditel PhDr. Jan J\u00edlek, p\u016fvodn\u00edm povol\u00e1n\u00edm psycholog a respondent titulov\u00e9ho rozhovoru, m\u00e1 svoji vlastn\u00ed metodu zalo\u017eenou na p\u0159ed\u00e1v\u00e1n\u00ed tzv. t\u011blov\u00fdch program\u016f a v\u00a0sou\u010dasnosti zkoum\u00e1 tak\u00e9 mo\u017enost, jak zpomalit st\u00e1rnut\u00ed organismu. O \u017elu\u010dn\u00edku, mal\u00e9m org\u00e1nu s\u00a0velk\u00fdm vlivem, kter\u00fd je aktivn\u00ed pr\u00e1v\u011b na ja\u0159e, si p\u0159e\u010dtete v\u00a0\u010dl\u00e1nku Ch. Matyskov\u00e9.MUDr. L. Elekov\u00e1 p\u0159ipravila \u010dl\u00e1nek p\u0159in\u00e1\u0161ej\u00edc\u00ed podrobn\u011bj\u0161\u00ed informace o diet\u011b AIP (autoimunitn\u00ed protokolu), vych\u00e1z\u00ed p\u0159i tom z\u00a0vlastn\u00edch zku\u0161enost\u00ed. O vlivu \u010d\u00edsel na n\u00e1\u0161 \u017eivot si p\u0159e\u010dtete v\u00a0\u010dl\u00e1nku E. Joachimov\u00e9, o tom, pro\u010d mnoh\u00e9 star\u00e9 kultury sv\u011btily &#8222;\u0161a\u0161kovsk\u00e9 sv\u00e1tky&#8220;, jejich\u017e smysl byl ov\u0161em hlub\u0161\u00ed, ne\u017e to na prvn\u00ed pohled vypad\u00e1, napsala J. Peschlov\u00e1.\u00a0 Nad duchovn\u00edm v\u00fdznamem Velikonoc se zam\u00e1\u0161lo ThDr. V. Strej\u010dek a p\u0159ipomeneme i p\u00e1r tradi\u010dn\u00edch velikono\u010dn\u00edch recept\u016f na pokrmy, kter\u00e9 v\u00a0sob\u011b nesou symbolick\u00fd v\u00fdznam\u2026T\u00e9m\u011b\u0159 50 str\u00e1nek zaj\u00edmav\u00e9ho, p\u0159\u00ednosn\u00e9ho a u\u017eite\u010dn\u00e9ho \u010dten\u00ed \u2013 to je MEDU\u0147KA!Tak si ji nezapome\u0148te opat\u0159it a u\u017eijte si ji! \u010c\u00edst m\u016f\u017eete tak\u00e9 na emedunka.czP\u0159\u00edjemn\u00e9 \u010dten\u00ed a hezk\u00fd za\u010d\u00e1tek jara, mil\u00ed \u010dten\u00e1\u0159i!! Va\u0161e redakce \u00a0-:)<\/p>\n","protected":false},"author":3,"featured_media":12330,"comment_status":"closed","ping_status":"closed","sticky":false,"template":"","format":"standard","meta":{"footnotes":""},"categories":[1,31],"tags":[],"class_list":["post-12327","post","type-post","status-publish","format-standard","has-post-thumbnail","hentry","category-medunka","category-pro-inspiraci"],"acf":[],"_links":{"self":[{"href":"https:\/\/www.mojemedunka.cz\/index.php\/wp-json\/wp\/v2\/posts\/12327","targetHints":{"allow":["GET"]}}],"collection":[{"href":"https:\/\/www.mojemedunka.cz\/index.php\/wp-json\/wp\/v2\/posts"}],"about":[{"href":"https:\/\/www.mojemedunka.cz\/index.php\/wp-json\/wp\/v2\/types\/post"}],"author":[{"embeddable":true,"href":"https:\/\/www.mojemedunka.cz\/index.php\/wp-json\/wp\/v2\/users\/3"}],"replies":[{"embeddable":true,"href":"https:\/\/www.mojemedunka.cz\/index.php\/wp-json\/wp\/v2\/comments?post=12327"}],"version-history":[{"count":2,"href":"https:\/\/www.mojemedunka.cz\/index.php\/wp-json\/wp\/v2\/posts\/12327\/revisions"}],"predecessor-version":[{"id":12332,"href":"https:\/\/www.mojemedunka.cz\/index.php\/wp-json\/wp\/v2\/posts\/12327\/revisions\/12332"}],"wp:featuredmedia":[{"embeddable":true,"href":"https:\/\/www.mojemedunka.cz\/index.php\/wp-json\/wp\/v2\/media\/12330"}],"wp:attachment":[{"href":"https:\/\/www.mojemedunka.cz\/index.php\/wp-json\/wp\/v2\/media?parent=12327"}],"wp:term":[{"taxonomy":"category","embeddable":true,"href":"https:\/\/www.mojemedunka.cz\/index.php\/wp-json\/wp\/v2\/categories?post=12327"},{"taxonomy":"post_tag","embeddable":true,"href":"https:\/\/www.mojemedunka.cz\/index.php\/wp-json\/wp\/v2\/tags?post=12327"}],"curies":[{"name":"wp","href":"https:\/\/api.w.org\/{rel}","templated":true}]}}