{"id":12084,"date":"2026-01-08T06:00:00","date_gmt":"2026-01-08T06:00:00","guid":{"rendered":"https:\/\/www.mojemedunka.cz\/?p=12084"},"modified":"2026-01-07T11:24:44","modified_gmt":"2026-01-07T11:24:44","slug":"z-lednove-medunky-jaky-bude-rok-2026","status":"publish","type":"post","link":"https:\/\/www.mojemedunka.cz\/index.php\/2026\/01\/08\/z-lednove-medunky-jaky-bude-rok-2026\/","title":{"rendered":"Z lednov\u00e9 Medu\u0148ky: Jak\u00fd bude rok 2026?"},"content":{"rendered":"\n<p><strong>Nejpovolan\u011bj\u0161\u00edm z povolan\u00fdch, tedy t\u011bm, kte\u0159\u00ed se profesion\u00e1ln\u011b v\u011bnuj\u00ed anal\u00fdze st\u00e1vaj\u00edc\u00ed situace v\u00a0na\u0161em i sv\u011btov\u00e9m d\u011bn\u00ed a z\u00e1rove\u0148 odhaluj\u00ed mo\u017enosti, kudy se v\u00fdvoj m\u016f\u017ee ub\u00edrat d\u00e1l, jsme polo\u017eili ot\u00e1zku, co n\u00e1s \u010dek\u00e1 s\u00a0n\u00e1stupem nov\u00e9ho roku. A jak osloven\u00ed rok 2026 vid\u00ed? P\u0159e\u010dtete si v lednov\u00e9 Medu\u0148ce&#8230;  <\/strong><\/p>\n\n\n\n<p>&#8222;<strong>Pravdu u\u017e nebude mo\u017en\u00e9 oh\u00fdbat<\/strong>,<strong>&#8220; \u0159\u00edk\u00e1 zn\u00e1m\u00fd astrolog Anton\u00edn Baudy\u0161 v rozhovoru, kter\u00fd s n\u00edm vedla redaktorka Medu\u0148ky <em>V\u011bra Keilov\u00e1<\/em>. P\u0159e\u010dt\u011bte si uk\u00e1zku, cel\u00fd rozhovor i dal\u0161\u00ed \u010dl\u00e1nky jsou k dispozici tak\u00e9 na <a href=\"http:\/\/emedunka.cz\" data-type=\"link\" data-id=\"emedunka.cz\">emedunka.cz <\/a><\/strong><\/p>\n\n\n\n<p><\/p>\n\n\n\n<p><\/p>\n\n\n\n<p><strong>Co t\u011b vede k\u00a0tvrzen\u00ed, \u017ee p\u0159\u00ed\u0161t\u00ed rok (tedy rok 2026) bude astrologicky p\u0159\u00edzniv\u00fd? O jak\u00e9 planet\u00e1rn\u00ed konstelace jde?<\/strong><br>P\u0159edpov\u011bdi v\u00a0astrologii sestavujeme podle p\u011bti pomal\u00fdch planet od Jupiteru po Pluto a u\u017e v\u00a0leto\u0161n\u00edm roce 2025 nastalo to, \u017ee v\u0161echny tyto planety unik\u00e1tn\u011b spolupracovaly, proto\u017ee byly ve vz\u00e1jemn\u00fdch harmonick\u00fdch vazb\u00e1ch.<br>Nejprve zm\u00edn\u00edm konjunkci Saturn-Neptun, kter\u00e1 v\u00a0sob\u011b ale m\u00e1 skryt\u00fd i kritick\u00fd prvek evokuj\u00edc\u00ed atmosf\u00e9ru strachu. O 60 stup\u0148\u016f jedn\u00edm sm\u011brem je p\u0159itom od zm\u00edn\u011bn\u00fdch planet vzd\u00e1len\u00e9 Pluto a o 60 stup\u0148\u016f druh\u00fdm sm\u011brem je vzd\u00e1lena planeta Uran, a tak navzdory tomu, \u017ee tam je j\u00e1dro strachu, v\u00fdsledky podle m\u00e9ho n\u00e1zoru budou podstatn\u011b lep\u0161\u00ed, ne\u017e bychom mohli o\u010dek\u00e1vat.<br>M\u00edsty spolupracuje i Jupiter, kter\u00fd t\u00edm, \u017ee do \u010dervence roku 2026 proch\u00e1z\u00ed znamen\u00edm Raka, vytv\u00e1\u0159\u00ed ochrann\u00fd vliv pro \u201eoby\u010dejn\u00e9\u201c lidi, pro na\u0161e rodiny a domovy, proto\u017ee znamen\u00ed Raka m\u00e1 p\u0159esn\u011b tohle v kompetenci. Kdy\u017e bychom se pod\u00edvali na to, co v\u0161echno n\u00e1m hrozilo v\u00a0uplynul\u00fdch letech, a\u0165 u\u017e objektivn\u011b nebo pouze podle m\u00e9di\u00ed, v\u0161\u00edm jsme pro\u0161li mnohem l\u00e9pe, ne\u017e se zprvu zd\u00e1lo a takhle tomu bude i nad\u00e1le. \u010celili jsme epidemii a te\u010f zase \u010del\u00edme velk\u00e9 hospod\u00e1\u0159sk\u00e9 nejistot\u011b, kter\u00e1 se nejv\u00edce odv\u00edj\u00ed od vzestupu a \u00fasp\u011bchu \u010c\u00edny. N\u00e1s z\u00e1pa\u010fany \u010d\u00ednsk\u00fd \u00fasp\u011bch kompromituje a pt\u00e1 se n\u00e1s na to, co jsme schopni p\u0159edv\u00e9st u n\u00e1s. Ty odpov\u011bdi mus\u00edme naj\u00edt a osobn\u011b se domn\u00edv\u00e1m, \u017ee je tak\u00e9 najdeme.<br>Neobvykl\u00e1 spolupr\u00e1ce pomal\u00fdch planet je podle m\u011b p\u0159\u00edslibem i dal\u0161\u00ed d\u016fle\u017eit\u00e9 v\u011bci. Pud p\u0159e\u017eit\u00ed reprezentovan\u00fd Plutem je toti\u017e podpo\u0159en\u00fd dal\u0161\u00edmi planetami \u2014 Saturnem, Uranem a Neptunem \u2014 a d\u00edky tomu Pluto pom\u016f\u017ee v\u00a0podstat\u011b v\u0161em lidem na planet\u011b Zemi naj\u00edt odpov\u011b\u010f nejen na to, jak p\u0159e\u017e\u00edt, ale tak\u00e9 jak zvl\u00e1dnout jakoukoliv v\u00fdzvu nebo krizi.<\/p>\n\n\n\n<p><strong>Ano, po noci mus\u00ed p\u0159ij\u00edt den. U\u017e snad nen\u00ed mo\u017en\u00e9, aby to \u0161lo do je\u0161t\u011b v\u011bt\u0161\u00edho marasmu a\u017e zmaru\u2026<\/strong><br>V tvrzen\u00ed, \u017ee se se zmarem nesetk\u00e1me, bych byl opatrn\u00fd, proto\u017ee jsme st\u00e1le v\u00a0procesu a proch\u00e1z\u00edme velkou prom\u011bnou. Rozkl\u00ed\u010dov\u00e1n\u00ed p\u0159es dal\u0161\u00ed planety vypad\u00e1 n\u00e1sledovn\u011b: Uran je nositelem inteligence, spolupr\u00e1ce a tak\u00e9 technologi\u00ed, a t\u00edm \u017ee pr\u00e1v\u011b Uran bude v\u00a0letech 2026 a 2027 spolupracovat s\u00a0Plutem, tak n\u00e1m pr\u00e1v\u011b tato t\u0159i t\u00e9mata \u2014 inteligence, spolupr\u00e1ce a technologie \u2014 budou moc hezky pom\u00e1hat v\u0161e zvl\u00e1dnout za p\u0159edpokladu, \u017ee jim budeme otev\u0159en\u00ed.<\/p>\n\n\n\n<p><strong>Zahrnuje to i um\u011blou inteligenci?<\/strong><br>Datab\u00e1ze sv\u011btov\u00fdch v\u011bdomost\u00ed je n\u00e1m dnes k dispozici do t\u00e9 m\u00edry, \u017ee u\u017e moje nebo tvoje veden\u00ed \u017eivota m\u016f\u017ee s\u00a0jej\u00ed pomoc\u00ed vypadat o pozn\u00e1n\u00ed zaj\u00edmav\u011bji a pln\u011bji. Na AI se ned\u00edv\u00e1m jako na n\u011bco um\u011bl\u00e9ho, proto\u017ee se domn\u00edv\u00e1m, \u017ee uvnit\u0159 je n\u011bco stejn\u011b skute\u010dn\u00e9ho jako jsme my dva.<\/p>\n\n\n\n<p><strong>\u0158\u00edk\u00e1 se, \u017ee od \u00fanora 2026 budou u\u017e ve spole\u010dnosti a sv\u011btov\u00e9m d\u011bn\u00ed viditeln\u00e9 v\u011bt\u0161\u00ed a z\u00e1sadn\u011bj\u0161\u00ed zm\u011bny. Souhlas\u00ed\u0161 s\u00a0t\u00edm?<\/strong><br>Moc nev\u011b\u0159\u00edm na ostr\u00e9 p\u0159ed\u011bly, proto\u017ee za m\u011b se ur\u010dit\u00e9 dobrodin\u00ed d\u011bje neust\u00e1le. Vlastn\u011b ani nepot\u0159ebuju, aby \u00fanor ud\u011blal \u201en\u011bco\u201c nav\u00edc, proto\u017ee jsem si jist\u00fd, \u017ee ka\u017ed\u00fd dal\u0161\u00ed m\u011bs\u00edc bude p\u0159in\u00e1\u0161et n\u011bco dal\u0161\u00edho, co bude pot\u0159eba a co bude pat\u0159it do celkov\u00e9ho obrazu. Vlastn\u011b to vid\u00edme i sami na sob\u011b \u2014 ka\u017ed\u00e9ho p\u016fl roku jako bychom na tom byli zaj\u00edmav\u011bji.<br>D\u016fvod, kde se tato informace vzala, je patrn\u011b n\u00e1stup Saturnu do znamen\u00ed Berana a v\u00a0t\u00e9to souvislosti se d\u00e1 uva\u017eovat o jeho t\u00e9m\u011b\u0159 t\u0159icetilet\u00e9m cyklu. Nejsem ale zvykl\u00fd se na to d\u00edvat touto optikou, proto\u017ee Saturn\u016fv cyklus je na m\u011b p\u0159\u00edli\u0161 dlouh\u00fd. Jsem na sv\u011bt\u011b u\u017e v\u00edce ne\u017e pades\u00e1t let a vzhledem k tomu je t\u0159icetilet\u00fd cyklus moc velk\u00fd. Ani nev\u00edm, \u017ee by s\u00a0t\u00edm astrologie n\u011bjak zvl\u00e1\u0161\u0165 pracovala. Uchopiteln\u011bj\u0161\u00ed je pro m\u011b vstup Pluta do Vodn\u00e1\u0159e, kdy lid\u00e9 maj\u00ed mo\u017enost vz\u00edt si zp\u00e1tky svoji moc. Podobn\u011b je srozumiteln\u00fd vstup Uranu do znamen\u00ed Bl\u00ed\u017eenc\u016f na konci\u00a0dubna 2026, kdy nast\u00e1v\u00e1 \u010das, kdy Pravdu u\u017e nebude mo\u017en\u00e9 oh\u00fdbat. Dosud se Pravda oh\u00fdbala v\u017edy, ale te\u010f u\u017e to bude obt\u00ed\u017en\u00e9. \u0158ekn\u011bme, \u017ee to sp\u00ed\u0161 u\u017e nep\u016fjde v\u016fbec.<\/p>\n\n\n\n<p><strong>Posledn\u00ed \u010d\u00e1st roku 2025 m\u011bla ur\u010dit\u011b tak\u00e9 sv\u00e1 specifika\u2026<\/strong><br>Druh\u00e1 polovina roku 2055 byla p\u0159\u00edzna\u010dn\u00e1 velk\u00fdm po\u010dtem tzv. retrogradit, kdy se planety pohybuj\u00ed jakoby zp\u011btn\u011b. V\u00a0roce 2026 jich bude o pozn\u00e1n\u00ed m\u00e9n\u011b, a o to v\u011bt\u0161\u00ed to bude skluzavka! Na podzim 2026 se zase n\u011bjak\u00e9 retrogradity objev\u00ed, proto\u017ee to je ur\u010dit\u00fd ro\u010dn\u00ed cyklus souvisej\u00edc\u00ed s\u00a0t\u00edm, kde se zrovna nach\u00e1z\u00ed planeta Zem\u011b, i kdy\u017e ka\u017ed\u00fd rok k\u00a0tolika retrogr\u00e1dn\u00edm pohyb\u016fm nedoch\u00e1z\u00ed. Retrogradita p\u0159in\u00e1\u0161\u00ed zpomalen\u00ed, kter\u00e9 je podle m\u00e9ho n\u00e1zoru \u017e\u00e1douc\u00ed, proto\u017ee bychom byli schopn\u00ed se ze v\u0161eho \u00fapln\u011b zchv\u00e1tit. Ob\u010das proto pot\u0159ebujeme, aby ru\u010dn\u00ed brzda byla zata\u017een\u00e1. Co vlastn\u011b chceme od sv\u00e9ho \u017eivota? V\u00a0prvn\u00ed \u0159ad\u011b ho chceme pro\u017e\u00edt, ale pot\u0159ebujeme m\u00edt v\u016fbec kdy ho pro\u017e\u00edt. Bez zpomalen\u00ed to prost\u011b nejde&#8230;<\/p>\n","protected":false},"excerpt":{"rendered":"<p>Nejpovolan\u011bj\u0161\u00edm z povolan\u00fdch, tedy t\u011bm, kte\u0159\u00ed se profesion\u00e1ln\u011b v\u011bnuj\u00ed anal\u00fdze st\u00e1vaj\u00edc\u00ed situace v\u00a0na\u0161em i sv\u011btov\u00e9m d\u011bn\u00ed a z\u00e1rove\u0148 odhaluj\u00ed mo\u017enosti, kudy se v\u00fdvoj m\u016f\u017ee ub\u00edrat d\u00e1l, jsme polo\u017eili ot\u00e1zku, co n\u00e1s \u010dek\u00e1 s\u00a0n\u00e1stupem nov\u00e9ho roku. A jak osloven\u00ed rok 2026 vid\u00ed? P\u0159e\u010dtete si v lednov\u00e9 Medu\u0148ce&#8230; &#8222;Pravdu u\u017e nebude mo\u017en\u00e9 oh\u00fdbat,&#8220; \u0159\u00edk\u00e1 zn\u00e1m\u00fd astrolog Anton\u00edn Baudy\u0161 v rozhovoru, kter\u00fd s n\u00edm vedla redaktorka Medu\u0148ky V\u011bra Keilov\u00e1. P\u0159e\u010dt\u011bte si uk\u00e1zku, cel\u00fd rozhovor i dal\u0161\u00ed \u010dl\u00e1nky jsou k dispozici tak\u00e9 na emedunka.cz Co t\u011b vede k\u00a0tvrzen\u00ed, \u017ee p\u0159\u00ed\u0161t\u00ed rok (tedy rok 2026) bude astrologicky p\u0159\u00edzniv\u00fd? O jak\u00e9 planet\u00e1rn\u00ed konstelace jde?P\u0159edpov\u011bdi v\u00a0astrologii sestavujeme podle p\u011bti pomal\u00fdch planet od Jupiteru po Pluto a u\u017e v\u00a0leto\u0161n\u00edm roce 2025 nastalo to, \u017ee v\u0161echny tyto planety unik\u00e1tn\u011b spolupracovaly, proto\u017ee byly ve vz\u00e1jemn\u00fdch harmonick\u00fdch vazb\u00e1ch.Nejprve zm\u00edn\u00edm konjunkci Saturn-Neptun, kter\u00e1 v\u00a0sob\u011b ale m\u00e1 skryt\u00fd i kritick\u00fd prvek evokuj\u00edc\u00ed atmosf\u00e9ru strachu. O 60 stup\u0148\u016f jedn\u00edm sm\u011brem je p\u0159itom od zm\u00edn\u011bn\u00fdch planet vzd\u00e1len\u00e9 Pluto a o 60 stup\u0148\u016f druh\u00fdm sm\u011brem je vzd\u00e1lena planeta Uran, a tak navzdory tomu, \u017ee tam je j\u00e1dro strachu, v\u00fdsledky podle m\u00e9ho n\u00e1zoru budou podstatn\u011b lep\u0161\u00ed, ne\u017e bychom mohli o\u010dek\u00e1vat.M\u00edsty spolupracuje i Jupiter, kter\u00fd t\u00edm, \u017ee do \u010dervence roku 2026 proch\u00e1z\u00ed znamen\u00edm Raka, vytv\u00e1\u0159\u00ed ochrann\u00fd vliv pro \u201eoby\u010dejn\u00e9\u201c lidi, pro na\u0161e rodiny a domovy, proto\u017ee znamen\u00ed Raka m\u00e1 p\u0159esn\u011b tohle v kompetenci. Kdy\u017e bychom se pod\u00edvali na to, co v\u0161echno n\u00e1m hrozilo v\u00a0uplynul\u00fdch letech, a\u0165 u\u017e objektivn\u011b nebo pouze podle m\u00e9di\u00ed, v\u0161\u00edm jsme pro\u0161li mnohem l\u00e9pe, ne\u017e se zprvu zd\u00e1lo a takhle tomu bude i nad\u00e1le. \u010celili jsme epidemii a te\u010f zase \u010del\u00edme velk\u00e9 hospod\u00e1\u0159sk\u00e9 nejistot\u011b, kter\u00e1 se nejv\u00edce odv\u00edj\u00ed od vzestupu a \u00fasp\u011bchu \u010c\u00edny. N\u00e1s z\u00e1pa\u010fany \u010d\u00ednsk\u00fd \u00fasp\u011bch kompromituje a pt\u00e1 se n\u00e1s na to, co jsme schopni p\u0159edv\u00e9st u n\u00e1s. Ty odpov\u011bdi mus\u00edme naj\u00edt a osobn\u011b se domn\u00edv\u00e1m, \u017ee je tak\u00e9 najdeme.Neobvykl\u00e1 spolupr\u00e1ce pomal\u00fdch planet je podle m\u011b p\u0159\u00edslibem i dal\u0161\u00ed d\u016fle\u017eit\u00e9 v\u011bci. Pud p\u0159e\u017eit\u00ed reprezentovan\u00fd Plutem je toti\u017e podpo\u0159en\u00fd dal\u0161\u00edmi planetami \u2014 Saturnem, Uranem a Neptunem \u2014 a d\u00edky tomu Pluto pom\u016f\u017ee v\u00a0podstat\u011b v\u0161em lidem na planet\u011b Zemi naj\u00edt odpov\u011b\u010f nejen na to, jak p\u0159e\u017e\u00edt, ale tak\u00e9 jak zvl\u00e1dnout jakoukoliv v\u00fdzvu nebo krizi. Ano, po noci mus\u00ed p\u0159ij\u00edt den. U\u017e snad nen\u00ed mo\u017en\u00e9, aby to \u0161lo do je\u0161t\u011b v\u011bt\u0161\u00edho marasmu a\u017e zmaru\u2026V tvrzen\u00ed, \u017ee se se zmarem nesetk\u00e1me, bych byl opatrn\u00fd, proto\u017ee jsme st\u00e1le v\u00a0procesu a proch\u00e1z\u00edme velkou prom\u011bnou. Rozkl\u00ed\u010dov\u00e1n\u00ed p\u0159es dal\u0161\u00ed planety vypad\u00e1 n\u00e1sledovn\u011b: Uran je nositelem inteligence, spolupr\u00e1ce a tak\u00e9 technologi\u00ed, a t\u00edm \u017ee pr\u00e1v\u011b Uran bude v\u00a0letech 2026 a 2027 spolupracovat s\u00a0Plutem, tak n\u00e1m pr\u00e1v\u011b tato t\u0159i t\u00e9mata \u2014 inteligence, spolupr\u00e1ce a technologie \u2014 budou moc hezky pom\u00e1hat v\u0161e zvl\u00e1dnout za p\u0159edpokladu, \u017ee jim budeme otev\u0159en\u00ed. Zahrnuje to i um\u011blou inteligenci?Datab\u00e1ze sv\u011btov\u00fdch v\u011bdomost\u00ed je n\u00e1m dnes k dispozici do t\u00e9 m\u00edry, \u017ee u\u017e moje nebo tvoje veden\u00ed \u017eivota m\u016f\u017ee s\u00a0jej\u00ed pomoc\u00ed vypadat o pozn\u00e1n\u00ed zaj\u00edmav\u011bji a pln\u011bji. Na AI se ned\u00edv\u00e1m jako na n\u011bco um\u011bl\u00e9ho, proto\u017ee se domn\u00edv\u00e1m, \u017ee uvnit\u0159 je n\u011bco stejn\u011b skute\u010dn\u00e9ho jako jsme my dva. \u0158\u00edk\u00e1 se, \u017ee od \u00fanora 2026 budou u\u017e ve spole\u010dnosti a sv\u011btov\u00e9m d\u011bn\u00ed viditeln\u00e9 v\u011bt\u0161\u00ed a z\u00e1sadn\u011bj\u0161\u00ed zm\u011bny. Souhlas\u00ed\u0161 s\u00a0t\u00edm?Moc nev\u011b\u0159\u00edm na ostr\u00e9 p\u0159ed\u011bly, proto\u017ee za m\u011b se ur\u010dit\u00e9 dobrodin\u00ed d\u011bje neust\u00e1le. Vlastn\u011b ani nepot\u0159ebuju, aby \u00fanor ud\u011blal \u201en\u011bco\u201c nav\u00edc, proto\u017ee jsem si jist\u00fd, \u017ee ka\u017ed\u00fd dal\u0161\u00ed m\u011bs\u00edc bude p\u0159in\u00e1\u0161et n\u011bco dal\u0161\u00edho, co bude pot\u0159eba a co bude pat\u0159it do celkov\u00e9ho obrazu. Vlastn\u011b to vid\u00edme i sami na sob\u011b \u2014 ka\u017ed\u00e9ho p\u016fl roku jako bychom na tom byli zaj\u00edmav\u011bji.D\u016fvod, kde se tato informace vzala, je patrn\u011b n\u00e1stup Saturnu do znamen\u00ed Berana a v\u00a0t\u00e9to souvislosti se d\u00e1 uva\u017eovat o jeho t\u00e9m\u011b\u0159 t\u0159icetilet\u00e9m cyklu. Nejsem ale zvykl\u00fd se na to d\u00edvat touto optikou, proto\u017ee Saturn\u016fv cyklus je na m\u011b p\u0159\u00edli\u0161 dlouh\u00fd. Jsem na sv\u011bt\u011b u\u017e v\u00edce ne\u017e pades\u00e1t let a vzhledem k tomu je t\u0159icetilet\u00fd cyklus moc velk\u00fd. Ani nev\u00edm, \u017ee by s\u00a0t\u00edm astrologie n\u011bjak zvl\u00e1\u0161\u0165 pracovala. Uchopiteln\u011bj\u0161\u00ed je pro m\u011b vstup Pluta do Vodn\u00e1\u0159e, kdy lid\u00e9 maj\u00ed mo\u017enost vz\u00edt si zp\u00e1tky svoji moc. Podobn\u011b je srozumiteln\u00fd vstup Uranu do znamen\u00ed Bl\u00ed\u017eenc\u016f na konci\u00a0dubna 2026, kdy nast\u00e1v\u00e1 \u010das, kdy Pravdu u\u017e nebude mo\u017en\u00e9 oh\u00fdbat. Dosud se Pravda oh\u00fdbala v\u017edy, ale te\u010f u\u017e to bude obt\u00ed\u017en\u00e9. \u0158ekn\u011bme, \u017ee to sp\u00ed\u0161 u\u017e nep\u016fjde v\u016fbec. Posledn\u00ed \u010d\u00e1st roku 2025 m\u011bla ur\u010dit\u011b tak\u00e9 sv\u00e1 specifika\u2026Druh\u00e1 polovina roku 2055 byla p\u0159\u00edzna\u010dn\u00e1 velk\u00fdm po\u010dtem tzv. retrogradit, kdy se planety pohybuj\u00ed jakoby zp\u011btn\u011b. V\u00a0roce 2026 jich bude o pozn\u00e1n\u00ed m\u00e9n\u011b, a o to v\u011bt\u0161\u00ed to bude skluzavka! Na podzim 2026 se zase n\u011bjak\u00e9 retrogradity objev\u00ed, proto\u017ee to je ur\u010dit\u00fd ro\u010dn\u00ed cyklus souvisej\u00edc\u00ed s\u00a0t\u00edm, kde se zrovna nach\u00e1z\u00ed planeta Zem\u011b, i kdy\u017e ka\u017ed\u00fd rok k\u00a0tolika retrogr\u00e1dn\u00edm pohyb\u016fm nedoch\u00e1z\u00ed. Retrogradita p\u0159in\u00e1\u0161\u00ed zpomalen\u00ed, kter\u00e9 je podle m\u00e9ho n\u00e1zoru \u017e\u00e1douc\u00ed, proto\u017ee bychom byli schopn\u00ed se ze v\u0161eho \u00fapln\u011b zchv\u00e1tit. Ob\u010das proto pot\u0159ebujeme, aby ru\u010dn\u00ed brzda byla zata\u017een\u00e1. Co vlastn\u011b chceme od sv\u00e9ho \u017eivota? V\u00a0prvn\u00ed \u0159ad\u011b ho chceme pro\u017e\u00edt, ale pot\u0159ebujeme m\u00edt v\u016fbec kdy ho pro\u017e\u00edt. Bez zpomalen\u00ed to prost\u011b nejde&#8230;<\/p>\n","protected":false},"author":3,"featured_media":12054,"comment_status":"closed","ping_status":"closed","sticky":false,"template":"","format":"standard","meta":{"footnotes":""},"categories":[1,31,36],"tags":[],"class_list":["post-12084","post","type-post","status-publish","format-standard","has-post-thumbnail","hentry","category-medunka","category-pro-inspiraci","category-rozhovory"],"acf":[],"_links":{"self":[{"href":"https:\/\/www.mojemedunka.cz\/index.php\/wp-json\/wp\/v2\/posts\/12084","targetHints":{"allow":["GET"]}}],"collection":[{"href":"https:\/\/www.mojemedunka.cz\/index.php\/wp-json\/wp\/v2\/posts"}],"about":[{"href":"https:\/\/www.mojemedunka.cz\/index.php\/wp-json\/wp\/v2\/types\/post"}],"author":[{"embeddable":true,"href":"https:\/\/www.mojemedunka.cz\/index.php\/wp-json\/wp\/v2\/users\/3"}],"replies":[{"embeddable":true,"href":"https:\/\/www.mojemedunka.cz\/index.php\/wp-json\/wp\/v2\/comments?post=12084"}],"version-history":[{"count":1,"href":"https:\/\/www.mojemedunka.cz\/index.php\/wp-json\/wp\/v2\/posts\/12084\/revisions"}],"predecessor-version":[{"id":12085,"href":"https:\/\/www.mojemedunka.cz\/index.php\/wp-json\/wp\/v2\/posts\/12084\/revisions\/12085"}],"wp:featuredmedia":[{"embeddable":true,"href":"https:\/\/www.mojemedunka.cz\/index.php\/wp-json\/wp\/v2\/media\/12054"}],"wp:attachment":[{"href":"https:\/\/www.mojemedunka.cz\/index.php\/wp-json\/wp\/v2\/media?parent=12084"}],"wp:term":[{"taxonomy":"category","embeddable":true,"href":"https:\/\/www.mojemedunka.cz\/index.php\/wp-json\/wp\/v2\/categories?post=12084"},{"taxonomy":"post_tag","embeddable":true,"href":"https:\/\/www.mojemedunka.cz\/index.php\/wp-json\/wp\/v2\/tags?post=12084"}],"curies":[{"name":"wp","href":"https:\/\/api.w.org\/{rel}","templated":true}]}}