{"id":11945,"date":"2025-11-26T09:00:00","date_gmt":"2025-11-26T09:00:00","guid":{"rendered":"https:\/\/www.mojemedunka.cz\/?p=11945"},"modified":"2025-11-26T08:19:37","modified_gmt":"2025-11-26T08:19:37","slug":"prosincova-medunka-je-tady-3","status":"publish","type":"post","link":"https:\/\/www.mojemedunka.cz\/index.php\/2025\/11\/26\/prosincova-medunka-je-tady-3\/","title":{"rendered":"PROSINCOV\u00c1 MEDU\u0147KA JE TADY!!!"},"content":{"rendered":"\n<p><strong>V\u00e1\u017een\u00ed \u010dten\u00e1\u0159i, <br><br>hur\u00e1, prosincov\u00e9 \u010d\u00edslo Medu\u0148ky pr\u00e1v\u011b vy\u0161lo a je pro v\u00e1s k dispozici &#8211; a\u0165 v klasick\u00e9 &#8222;pap\u00edrov\u00e9&#8220;podob\u011b nebo na odkazu <a href=\"http:\/\/emedunka.cz\">emedunka.cz<\/a><\/strong>! <br>Je to v\u00e1no\u010dn\u00ed a zimn\u00ed \u010d\u00edslo, a na ob\u00e1lku jsme tedy vybrali p\u016fvabn\u00fd obr\u00e1zek Marie Bro\u017eov\u00e9 s okat\u00fdmi v\u00e1no\u010dn\u00edmi stromky, v\u0161udyp\u0159\u00edtomn\u00fdmi ko\u010dkami a malou hol\u010di\u010dkou, kter\u00e1 se d\u00edv\u00e1 na tu kr\u00e1su. No \u0159ekn\u011bte, netou\u017eili jste jako d\u011bti tak\u00e9 po takov\u00e9m kouzeln\u00e9m v\u00e1no\u010dn\u00edm z\u00e1\u017eitku? <br>V\u00e1no\u010dn\u00ed \u010das je spojen\u00fd s poh\u00e1dkami, a to je tak\u00e9 jeden z d\u016fvod\u016f, pro\u010d jsme si <strong>v titulov\u00e9m rozhovoru popov\u00eddali s here\u010dkou Andreou \u010cernou,<\/strong> p\u0159edstavitelkou jedn\u00e9 z nejzn\u00e1m\u011bj\u0161\u00edch \u010desk\u00fdch \u017eensk\u00fdch poh\u00e1dkov\u00fdch postav &#8211; Eli\u0161kou, princeznou ze mlejna. Andrea ov\u0161em zdaleka nen\u00ed &#8222;jen&#8220; p\u0159edstavitelkou obl\u00edben\u00e9 postavy, je to v\u00fdborn\u00e1 divadeln\u00ed here\u010dka, pr\u00e1v\u011b vydala sb\u00edrku b\u00e1sn\u00ed, maluje a zp\u00edv\u00e1 s kapelou a tak\u00e9 se sna\u017e\u00ed \u017e\u00edt v souladu s p\u0159\u00edrodou a jak sama \u0159\u00edk\u00e1 &#8211; c\u00edt\u00ed se b\u00fdt malou sou\u010d\u00e1st\u00ed vesm\u00edru. O tom v\u0161em si p\u0159e\u010dtete v rozs\u00e1hl\u00e9m rozhovoru. A proto\u017ee si v\u0161ichni p\u0159ejeme proj\u00edt zimn\u00edm a v\u00e1no\u010dn\u00edm \u010dasem v klidu, nazvali jsme tak i hlavn\u00ed t\u00e9ma cel\u00e9ho \u010d\u00edsla. <strong>Jak tedy pro\u017e\u00edt V\u00c1NOCE A ZIMU V KLIDU?<\/strong> Inspirujte se v \u010dl\u00e1nc\u00edch na\u0161ich autor\u016f. P\u0159e\u010dtete si t\u0159eba, jak pe\u010dovat v zim\u011b o ple\u0165 i jak na zimn\u00ed p\u00e9\u010di o ledviny a o nohy, na\u0161e spolupracovnice zav\u00edtaly do dalek\u00fdch zem\u00ed &#8211; na Ceylon a do Indie &#8211; a napsaly o tom zaj\u00edmav\u00e9 \u010dl\u00e1nky, k adventn\u00edmu \u010dasu pat\u0159\u00ed usebr\u00e1n\u00ed a zti\u0161en\u00ed, tomu mohou napomoci \u010dl\u00e1nky J. Maz\u00e1nka a dr. V. Strej\u010dka, v Medu\u0148ce nezapom\u00edn\u00e1me na informace t\u00fdkaj\u00edc\u00ed se zdrav\u00ed a p\u00e9\u010de o n\u011bj &#8211; dal\u0161\u00ed d\u00edl seri\u00e1lu MUDr. Elekov\u00e9 o zdrav\u00e9m mozku a druh\u00fd d\u00edl \u010dl\u00e1nku o zdrav\u00fdch o\u010d\u00edch od MUDr. Zemka v\u00e1s vybav\u00ed spoustou d\u016fle\u017eit\u00fdch informac\u00ed. \u010cek\u00e1 na v\u00e1s i tarotov\u00e1 p\u0159edpov\u011b\u010f Judity Peschlov\u00e9 (nelekejte se, autorka sv\u016fj \u010dl\u00e1nek nazvala <em>\u0160\u0165astn\u00e9 konc<\/em>e) a bylinou m\u011bs\u00edce je tentokr\u00e1t divizna velkokv\u011bt\u00e1&#8230; <br><strong>Prosincov\u00e1 Medu\u0148ka m\u00e1 tedy nejen kr\u00e1snou ob\u00e1lku, ale i velmi zaj\u00edmav\u00fd obsah &#8211; a my v\u011b\u0159\u00edme, \u017ee se o tom brzy p\u0159esv\u011bd\u010d\u00edte &#8211; \u017ee si Medu\u0148ku koup\u00edte a p\u0159e\u010dtete a t\u0159eba o n\u00ed i \u0159eknete sv\u00fdm p\u0159\u00e1tel\u016fm&#8230;<br>P\u0159ejeme v\u00e1m p\u0159\u00edjemn\u00e9 \u010dten\u00ed a p\u011bkn\u00fd za\u010d\u00e1tek adventu!<\/strong><\/p>\n\n\n\n<p>                                                                     Va\u0161e redakce          <\/p>\n\n\n\n<p><\/p>\n","protected":false},"excerpt":{"rendered":"<p>V\u00e1\u017een\u00ed \u010dten\u00e1\u0159i, hur\u00e1, prosincov\u00e9 \u010d\u00edslo Medu\u0148ky pr\u00e1v\u011b vy\u0161lo a je pro v\u00e1s k dispozici &#8211; a\u0165 v klasick\u00e9 &#8222;pap\u00edrov\u00e9&#8220;podob\u011b nebo na odkazu emedunka.cz! Je to v\u00e1no\u010dn\u00ed a zimn\u00ed \u010d\u00edslo, a na ob\u00e1lku jsme tedy vybrali p\u016fvabn\u00fd obr\u00e1zek Marie Bro\u017eov\u00e9 s okat\u00fdmi v\u00e1no\u010dn\u00edmi stromky, v\u0161udyp\u0159\u00edtomn\u00fdmi ko\u010dkami a malou hol\u010di\u010dkou, kter\u00e1 se d\u00edv\u00e1 na tu kr\u00e1su. No \u0159ekn\u011bte, netou\u017eili jste jako d\u011bti tak\u00e9 po takov\u00e9m kouzeln\u00e9m v\u00e1no\u010dn\u00edm z\u00e1\u017eitku? V\u00e1no\u010dn\u00ed \u010das je spojen\u00fd s poh\u00e1dkami, a to je tak\u00e9 jeden z d\u016fvod\u016f, pro\u010d jsme si v titulov\u00e9m rozhovoru popov\u00eddali s here\u010dkou Andreou \u010cernou, p\u0159edstavitelkou jedn\u00e9 z nejzn\u00e1m\u011bj\u0161\u00edch \u010desk\u00fdch \u017eensk\u00fdch poh\u00e1dkov\u00fdch postav &#8211; Eli\u0161kou, princeznou ze mlejna. Andrea ov\u0161em zdaleka nen\u00ed &#8222;jen&#8220; p\u0159edstavitelkou obl\u00edben\u00e9 postavy, je to v\u00fdborn\u00e1 divadeln\u00ed here\u010dka, pr\u00e1v\u011b vydala sb\u00edrku b\u00e1sn\u00ed, maluje a zp\u00edv\u00e1 s kapelou a tak\u00e9 se sna\u017e\u00ed \u017e\u00edt v souladu s p\u0159\u00edrodou a jak sama \u0159\u00edk\u00e1 &#8211; c\u00edt\u00ed se b\u00fdt malou sou\u010d\u00e1st\u00ed vesm\u00edru. O tom v\u0161em si p\u0159e\u010dtete v rozs\u00e1hl\u00e9m rozhovoru. A proto\u017ee si v\u0161ichni p\u0159ejeme proj\u00edt zimn\u00edm a v\u00e1no\u010dn\u00edm \u010dasem v klidu, nazvali jsme tak i hlavn\u00ed t\u00e9ma cel\u00e9ho \u010d\u00edsla. Jak tedy pro\u017e\u00edt V\u00c1NOCE A ZIMU V KLIDU? Inspirujte se v \u010dl\u00e1nc\u00edch na\u0161ich autor\u016f. P\u0159e\u010dtete si t\u0159eba, jak pe\u010dovat v zim\u011b o ple\u0165 i jak na zimn\u00ed p\u00e9\u010di o ledviny a o nohy, na\u0161e spolupracovnice zav\u00edtaly do dalek\u00fdch zem\u00ed &#8211; na Ceylon a do Indie &#8211; a napsaly o tom zaj\u00edmav\u00e9 \u010dl\u00e1nky, k adventn\u00edmu \u010dasu pat\u0159\u00ed usebr\u00e1n\u00ed a zti\u0161en\u00ed, tomu mohou napomoci \u010dl\u00e1nky J. Maz\u00e1nka a dr. V. Strej\u010dka, v Medu\u0148ce nezapom\u00edn\u00e1me na informace t\u00fdkaj\u00edc\u00ed se zdrav\u00ed a p\u00e9\u010de o n\u011bj &#8211; dal\u0161\u00ed d\u00edl seri\u00e1lu MUDr. Elekov\u00e9 o zdrav\u00e9m mozku a druh\u00fd d\u00edl \u010dl\u00e1nku o zdrav\u00fdch o\u010d\u00edch od MUDr. Zemka v\u00e1s vybav\u00ed spoustou d\u016fle\u017eit\u00fdch informac\u00ed. \u010cek\u00e1 na v\u00e1s i tarotov\u00e1 p\u0159edpov\u011b\u010f Judity Peschlov\u00e9 (nelekejte se, autorka sv\u016fj \u010dl\u00e1nek nazvala \u0160\u0165astn\u00e9 konce) a bylinou m\u011bs\u00edce je tentokr\u00e1t divizna velkokv\u011bt\u00e1&#8230; Prosincov\u00e1 Medu\u0148ka m\u00e1 tedy nejen kr\u00e1snou ob\u00e1lku, ale i velmi zaj\u00edmav\u00fd obsah &#8211; a my v\u011b\u0159\u00edme, \u017ee se o tom brzy p\u0159esv\u011bd\u010d\u00edte &#8211; \u017ee si Medu\u0148ku koup\u00edte a p\u0159e\u010dtete a t\u0159eba o n\u00ed i \u0159eknete sv\u00fdm p\u0159\u00e1tel\u016fm&#8230;P\u0159ejeme v\u00e1m p\u0159\u00edjemn\u00e9 \u010dten\u00ed a p\u011bkn\u00fd za\u010d\u00e1tek adventu! Va\u0161e redakce<\/p>\n","protected":false},"author":3,"featured_media":11947,"comment_status":"closed","ping_status":"closed","sticky":false,"template":"","format":"standard","meta":{"footnotes":""},"categories":[1,31],"tags":[],"class_list":["post-11945","post","type-post","status-publish","format-standard","has-post-thumbnail","hentry","category-medunka","category-pro-inspiraci"],"acf":[],"_links":{"self":[{"href":"https:\/\/www.mojemedunka.cz\/index.php\/wp-json\/wp\/v2\/posts\/11945","targetHints":{"allow":["GET"]}}],"collection":[{"href":"https:\/\/www.mojemedunka.cz\/index.php\/wp-json\/wp\/v2\/posts"}],"about":[{"href":"https:\/\/www.mojemedunka.cz\/index.php\/wp-json\/wp\/v2\/types\/post"}],"author":[{"embeddable":true,"href":"https:\/\/www.mojemedunka.cz\/index.php\/wp-json\/wp\/v2\/users\/3"}],"replies":[{"embeddable":true,"href":"https:\/\/www.mojemedunka.cz\/index.php\/wp-json\/wp\/v2\/comments?post=11945"}],"version-history":[{"count":3,"href":"https:\/\/www.mojemedunka.cz\/index.php\/wp-json\/wp\/v2\/posts\/11945\/revisions"}],"predecessor-version":[{"id":11950,"href":"https:\/\/www.mojemedunka.cz\/index.php\/wp-json\/wp\/v2\/posts\/11945\/revisions\/11950"}],"wp:featuredmedia":[{"embeddable":true,"href":"https:\/\/www.mojemedunka.cz\/index.php\/wp-json\/wp\/v2\/media\/11947"}],"wp:attachment":[{"href":"https:\/\/www.mojemedunka.cz\/index.php\/wp-json\/wp\/v2\/media?parent=11945"}],"wp:term":[{"taxonomy":"category","embeddable":true,"href":"https:\/\/www.mojemedunka.cz\/index.php\/wp-json\/wp\/v2\/categories?post=11945"},{"taxonomy":"post_tag","embeddable":true,"href":"https:\/\/www.mojemedunka.cz\/index.php\/wp-json\/wp\/v2\/tags?post=11945"}],"curies":[{"name":"wp","href":"https:\/\/api.w.org\/{rel}","templated":true}]}}