{"id":11731,"date":"2025-10-01T06:00:00","date_gmt":"2025-10-01T06:00:00","guid":{"rendered":"https:\/\/www.mojemedunka.cz\/?p=11731"},"modified":"2025-09-30T08:23:42","modified_gmt":"2025-09-30T08:23:42","slug":"listujeme-rijnovou-medunkou-zenstvi-v-soucasne-evrope","status":"publish","type":"post","link":"https:\/\/www.mojemedunka.cz\/index.php\/2025\/10\/01\/listujeme-rijnovou-medunkou-zenstvi-v-soucasne-evrope\/","title":{"rendered":"Listujeme \u0159\u00edjnovou Medu\u0148kou: \u017denstv\u00ed v\u00a0sou\u010dasn\u00e9 Evrop\u011b"},"content":{"rendered":"\n<p><strong>B\u00fdt \u017eenou je v\u00fdzva, a proto jsme \u0159\u00edjnov\u00e9 \u010d\u00edslo MEDU\u0147KY, kter\u00e9 ned\u00e1vno vy\u0161lo, v\u011bnovali op\u011bt v\u0161em \u017dEN\u00c1M a na\u0161e autorky a na\u0161i auto\u0159i p\u0159ipravili u\u017eite\u010dn\u00e9 tipy, kter\u00e9 mohou \u017eeny ka\u017ed\u00e9ho v\u011bku inspirovat na jejich cest\u011b ke zdrav\u00ed a spokojenosti. V\u011b\u0159\u00edme, \u017ee pomohou i v\u00e1m.<\/strong> <strong>Z t\u00e9matu tentokr\u00e1t vyb\u00edr\u00e1me \u010d\u00e1st p\u0159\u00edsp\u011bvku v\u011bdkyn\u011b, badatelky a na\u0161\u00ed obl\u00edben\u00e9 a v\u00e1\u017een\u00e9 spolupracovnice <em>prof. Anny Struneck<\/em>\u00e9. \u0158\u00edjnov\u00e9 \u010d\u00edslo Medu\u0148ky i dal\u0161\u00ed \u010d\u00edsla m\u016f\u017eete \u010d\u00edst na <\/strong><a href=\"http:\/\/emedunka.cz\" data-type=\"link\" data-id=\"emedunka.cz\"><strong>emedunka.cz<\/strong><\/a><\/p>\n\n\n\n<p><\/p>\n\n\n\n<p><br><strong>Snahy o rovn\u00e1 pr\u00e1va obou pohlav\u00ed se v Evrop\u011b ozna\u010duj\u00ed jako \u201egenderov\u00e1 problematika\u201c a v&nbsp;mnoha materi\u00e1lech EU je jim v\u011bnov\u00e1na mimo\u0159\u00e1dn\u00e1 pozornost. Znamen\u00e1 to, \u017ee \u017eena st\u00e1le mus\u00ed o n\u011bco bojovat? \u017de st\u00e1le mus\u00ed obhajovat dosa\u017een\u00e9 pozice?<\/strong><br>Mu\u017estv\u00ed a \u017eenstv\u00ed je ve v\u0161ech kultur\u00e1ch vn\u00edm\u00e1no jako dva protip\u00f3ly, kter\u00e9 se vz\u00e1jemn\u011b p\u0159itahuj\u00ed, a proto maj\u00ed pro sv\u011bt fundament\u00e1ln\u00ed v\u00fdznam. Zd\u00e1 se v\u0161ak, \u017ee st\u00e1le neum\u00edme \u017e\u00edt ve vztaz\u00edch, kter\u00e9 zachov\u00e1vaj\u00ed na\u0161\u00ed p\u0159irozenou odli\u0161nost, a p\u0159itom jsou na v\u0161ech \u00farovn\u00edch byt\u00ed rovnocenn\u00e9. V&nbsp;pr\u016fb\u011bhu v\u00fdvoje modern\u00ed a postmodern\u00ed spole\u010dnosti jsme sv\u011bdky nepochopen\u00ed t\u00e9to z\u00e1kladn\u00ed biologick\u00e9 p\u0159irozenosti, kter\u00e9 se projevuje ve fenom\u00e9nech \u201efeminismu\u201c, stanovov\u00e1n\u00ed \u201ekv\u00f3t\u201c v&nbsp;zastoupen\u00ed mu\u017e\u016f a \u017een nebo v&nbsp;nejnov\u011bj\u0161\u00edm hesle \u201egenderov\u00e9 rovnosti\u201c. Genderov\u00e1 rovnost byla jednou z&nbsp;v\u00fdznamn\u00fdch kapitol p\u0159\u00edpravy vstupu nov\u00fdch zem\u00ed do EU.<br>Pro zdrav\u00fd v\u00fdvoj cel\u00e9 spole\u010dnosti je t\u0159eba si uv\u011bdomit, \u017ee nem\u016f\u017eeme hodnotit pouze postaven\u00ed mu\u017e\u016f a \u017een na pracovn\u00edm trhu, jejich ekonomick\u00fd p\u0159\u00ednos \u010di pod\u00edl ve st\u00e1tn\u00ed spr\u00e1v\u011b a politice. Zm\u011bnu v&nbsp;na\u0161em p\u0159\u00edstupu nezajist\u00ed ani sledov\u00e1n\u00ed statistik, vypisov\u00e1n\u00ed kv\u00f3t, dokonce ani po\u0159\u00e1d\u00e1n\u00ed konferenc\u00ed a summit\u016f o rovn\u00fdch p\u0159\u00edle\u017eitostech mu\u017e\u016f a \u017een. Je t\u0159eba celospole\u010densky p\u0159ehodnotit a zd\u016fraznit p\u0159\u00ednos hodnoty \u017eenstv\u00ed pro vytv\u00e1\u0159en\u00ed prosperuj\u00edc\u00ed spole\u010dnosti, kterou nelze vyj\u00e1d\u0159it v&nbsp;pen\u011bz\u00edch a kter\u00e1 je zd\u00e1nliv\u011b nem\u011b\u0159iteln\u00e1.<\/p>\n\n\n\n<p><strong>Sou\u010dasn\u00fd obraz \u017eenstv\u00ed v Evrop\u011b<\/strong><br>Mnoh\u00e9 klasick\u00e9 poh\u00e1dky a p\u0159\u00edb\u011bhy zpravidla odr\u00e1\u017eej\u00ed stereotypn\u00ed role \u017eeny a mu\u017ee. D\u00edvky jsou prezentov\u00e1ny jako kr\u00e1sn\u00e9, sladk\u00e9 a naivn\u00ed, p\u0159izp\u016fsobiv\u00e9 a z\u00e1visl\u00e9, zat\u00edmco chlapci jsou typicky popisov\u00e1n\u00ed jako siln\u00ed, miluj\u00edc\u00ed dobrodru\u017estv\u00ed, nez\u00e1visl\u00ed a p\u0159\u00edmo jednaj\u00edc\u00ed. Mu\u017ei maj\u00ed zpravidla role bojovn\u00edk\u016f, dobrodruh\u016f a zachr\u00e1nc\u016f, zat\u00edmco \u017eeny jsou v&nbsp;pasivn\u00edch rol\u00edch matkami, pe\u010dovatelkami nebo princeznami pot\u0159ebuj\u00edc\u00edmi z\u00e1chranu. \u017deny \u010dasto dosahuj\u00ed sv\u00fdch c\u00edl\u016f d\u00edky tomu, \u017ee jim ostatn\u00ed pom\u00e1haj\u00ed, zat\u00edmco mu\u017ei dosahuj\u00ed c\u00edl\u016f d\u00edky svoj\u00ed osobnosti a s\u00edle.<br>V&nbsp;posledn\u00ed dek\u00e1d\u011b n\u00e1m v\u0161ak tv\u016frci televizn\u00edch seri\u00e1l\u016f ukazuj\u00ed \u017eeny v&nbsp;rol\u00edch agentek a detektivek, kter\u00e9 neboj\u00e1cn\u011b riskuj\u00ed sv\u00e9 \u017eivoty v&nbsp;boji se zlo\u010dinci, tvrd\u00fdch a prohnan\u00fdch mana\u017eerek \u010di vypo\u010d\u00edtav\u00fdch milenek. Nen\u00ed pak n\u00e1hoda, \u017ee d\u00edvky se dnes ve zv\u00fd\u0161en\u00e9 m\u00ed\u0159e zaj\u00edmaj\u00ed i o boj a v\u00e1lku. Krom\u011b toho se na vytv\u00e1\u0159en\u00ed obrazu ide\u00e1ln\u00ed \u017eeny v\u017edy v\u00fdznamn\u011b pod\u00edlej\u00ed i m\u00f3dn\u00ed n\u00e1vrh\u00e1\u0159i a producenti kosmetiky. Nic z&nbsp;toho, co je t\u011bmito r\u016fzn\u00fdmi zp\u016fsoby \u017een\u00e1m p\u0159edkl\u00e1d\u00e1no, v\u0161ak neodpov\u00edd\u00e1 pot\u0159eb\u00e1m dne\u0161n\u00ed zam\u011bstnan\u00e9 \u017eeny \u2013 matky, hospodyn\u011b i milenky, u\u010ditelky, l\u00e9ka\u0159ky nebo dokonce politi\u010dky.<\/p>\n\n\n\n<p><strong>Co Evropa dlu\u017e\u00ed \u017een\u00e1m?<\/strong><br>I kdy\u017e bylo \u017een\u00e1m v Evrop\u011b po stalet\u00ed up\u00edr\u00e1no pr\u00e1vo na vzd\u011bl\u00e1n\u00ed, d\u00edky sv\u00e9 p\u0159irozen\u00e9 intuici dok\u00e1zaly leccos p\u0159edem odhadnout, na co\u017e v&nbsp;historii t\u011b\u017ece doplatily. Po t\u0159i stolet\u00ed byly v&nbsp;Evrop\u011b systematicky vyhlazov\u00e1ny moudr\u00e9 \u017eeny. Extr\u00e9mn\u00ed odhady uv\u00e1d\u011bj\u00ed, \u017ee bylo krut\u011b mu\u010deno, pov\u011b\u0161eno nebo up\u00e1leno n\u011bkolik milion\u016f \u017een r\u016fzn\u00e9ho v\u011bku. I kdy\u017e jin\u00e9 statistiky tento odhad pova\u017euj\u00ed za p\u0159ehnan\u00fd, uv\u00e1d\u011bj\u00ed pouze statis\u00edce a p\u0159ipom\u00ednaj\u00ed, \u017ee mezi up\u00e1len\u00fdmi bylo i mnoho mu\u017e\u016f, nebyl tento \u201emisogynn\u00ed holokaust\u201c dodnes pln\u011b objasn\u011bn ani od\u010din\u011bn. Na mnoha m\u00edstech Evropy prob\u00edhal hon na \u010darod\u011bjnice, kdy \u017eena byla pova\u017eov\u00e1na za n\u00e1stroj satana. Z&nbsp;historie tak\u00e9 v\u00edme, jak t\u011b\u017ek\u00fd a \u010dasto krut\u00fd byl i osud evropsk\u00fdch kr\u00e1loven.<br>\u017dena jako d\u00e1rkyn\u011b \u017eivota vybaven\u00e1 schopnost\u00ed celostn\u00edho my\u0161len\u00ed a intuice, schopnost\u00ed ob\u011btav\u00e9 pr\u00e1ce pro druh\u00e9, z\u0159eknut\u00ed se osobn\u00edch pot\u0159eb a p\u0159\u00e1n\u00ed, projevuj\u00edc\u00ed n\u011bhu, pozornost, laskavost a soucit by se m\u011bla st\u00e1t hrdinkou budoucnosti. \u017deny c\u00edt\u00ed v\u011bt\u0161\u00ed zodpov\u011bdnost za svoje d\u011bti, rodinu, domov i za sv\u016fj podnik a pr\u00e1ci. Ka\u017edodenn\u00ed pr\u00e1ce matky, u\u010ditelky \u010di l\u00e9ka\u0159ky je srovnateln\u00e1 s&nbsp;maxim\u00e1ln\u00edm pracovn\u00edm vyp\u011bt\u00edm (tedy ob\u010dasn\u00fdm) poslance i politika. Jej\u00ed ocen\u011bn\u00ed je v\u0161ak v&nbsp;porovn\u00e1n\u00ed s&nbsp;nimi dehonestuj\u00edc\u00ed; u mu\u017e\u016f p\u0159etrv\u00e1v\u00e1 jak\u00fdsi \u201epodv\u011bdom\u00fd\u201c pocit m\u00e9n\u011bcennosti \u017eensk\u00e9 \u010dinnosti. Mate\u0159stv\u00ed a povinnosti spojen\u00e9 s&nbsp;v\u00fdchovou d\u011bt\u00ed jsou pova\u017eov\u00e1ny za n\u011bco \u201evedlej\u0161\u00edho\u201c, m\u00e9n\u011b d\u016fle\u017eit\u00e9ho, nevy\u017eaduj\u00edc\u00ed \u017e\u00e1dnou kvalifikaci.&nbsp;<\/p>\n\n\n\n<p><strong>Dobr\u00e9 l\u016fno a dobr\u00fd prs<\/strong> <br>Badatel\u00e9 v&nbsp;transperson\u00e1ln\u00ed psychologii potvrzuj\u00ed zcela jednozna\u010dn\u011b to, co evropsk\u00e9 matky u\u010dil ji\u017e Jan Amos Komensk\u00fd v&nbsp;17. stolet\u00ed. Dobr\u00e9 l\u016fno, dobr\u00fd p\u0159\u00edchod na sv\u011bt a dobr\u00fd prs ovliv\u0148uj\u00ed v\u00fdrazn\u011b vlastnosti a mor\u00e1ln\u00ed hodnoty nov\u00e9ho \u010dlov\u011bka. Jestli\u017ee \u017eeny dok\u00e1\u017e\u00ed toto sv\u00fdm d\u011btem poskytnout, m\u016f\u017ee to v\u00fdrazn\u011b omezit jejich agresivitu, n\u00e1sil\u00ed, chamtivost a nespokojenost v dosp\u011blosti. Stejn\u011b tak jsou d\u016fle\u017eit\u00e1 obdob\u00ed v\u00fdvoje a v\u00fdchovy d\u011bt\u00ed a ml\u00e1de\u017ee, kdy se d\u011btem vtisk\u00e1vaj\u00ed d\u016fle\u017eit\u00e9 mor\u00e1ln\u00ed z\u00e1sady na cel\u00fd \u017eivot&#8230; <\/p>\n","protected":false},"excerpt":{"rendered":"<p>B\u00fdt \u017eenou je v\u00fdzva, a proto jsme \u0159\u00edjnov\u00e9 \u010d\u00edslo MEDU\u0147KY, kter\u00e9 ned\u00e1vno vy\u0161lo, v\u011bnovali op\u011bt v\u0161em \u017dEN\u00c1M a na\u0161e autorky a na\u0161i auto\u0159i p\u0159ipravili u\u017eite\u010dn\u00e9 tipy, kter\u00e9 mohou \u017eeny ka\u017ed\u00e9ho v\u011bku inspirovat na jejich cest\u011b ke zdrav\u00ed a spokojenosti. V\u011b\u0159\u00edme, \u017ee pomohou i v\u00e1m. Z t\u00e9matu tentokr\u00e1t vyb\u00edr\u00e1me \u010d\u00e1st p\u0159\u00edsp\u011bvku v\u011bdkyn\u011b, badatelky a na\u0161\u00ed obl\u00edben\u00e9 a v\u00e1\u017een\u00e9 spolupracovnice prof. Anny Struneck\u00e9. \u0158\u00edjnov\u00e9 \u010d\u00edslo Medu\u0148ky i dal\u0161\u00ed \u010d\u00edsla m\u016f\u017eete \u010d\u00edst na emedunka.cz Snahy o rovn\u00e1 pr\u00e1va obou pohlav\u00ed se v Evrop\u011b ozna\u010duj\u00ed jako \u201egenderov\u00e1 problematika\u201c a v&nbsp;mnoha materi\u00e1lech EU je jim v\u011bnov\u00e1na mimo\u0159\u00e1dn\u00e1 pozornost. Znamen\u00e1 to, \u017ee \u017eena st\u00e1le mus\u00ed o n\u011bco bojovat? \u017de st\u00e1le mus\u00ed obhajovat dosa\u017een\u00e9 pozice?Mu\u017estv\u00ed a \u017eenstv\u00ed je ve v\u0161ech kultur\u00e1ch vn\u00edm\u00e1no jako dva protip\u00f3ly, kter\u00e9 se vz\u00e1jemn\u011b p\u0159itahuj\u00ed, a proto maj\u00ed pro sv\u011bt fundament\u00e1ln\u00ed v\u00fdznam. Zd\u00e1 se v\u0161ak, \u017ee st\u00e1le neum\u00edme \u017e\u00edt ve vztaz\u00edch, kter\u00e9 zachov\u00e1vaj\u00ed na\u0161\u00ed p\u0159irozenou odli\u0161nost, a p\u0159itom jsou na v\u0161ech \u00farovn\u00edch byt\u00ed rovnocenn\u00e9. V&nbsp;pr\u016fb\u011bhu v\u00fdvoje modern\u00ed a postmodern\u00ed spole\u010dnosti jsme sv\u011bdky nepochopen\u00ed t\u00e9to z\u00e1kladn\u00ed biologick\u00e9 p\u0159irozenosti, kter\u00e9 se projevuje ve fenom\u00e9nech \u201efeminismu\u201c, stanovov\u00e1n\u00ed \u201ekv\u00f3t\u201c v&nbsp;zastoupen\u00ed mu\u017e\u016f a \u017een nebo v&nbsp;nejnov\u011bj\u0161\u00edm hesle \u201egenderov\u00e9 rovnosti\u201c. Genderov\u00e1 rovnost byla jednou z&nbsp;v\u00fdznamn\u00fdch kapitol p\u0159\u00edpravy vstupu nov\u00fdch zem\u00ed do EU.Pro zdrav\u00fd v\u00fdvoj cel\u00e9 spole\u010dnosti je t\u0159eba si uv\u011bdomit, \u017ee nem\u016f\u017eeme hodnotit pouze postaven\u00ed mu\u017e\u016f a \u017een na pracovn\u00edm trhu, jejich ekonomick\u00fd p\u0159\u00ednos \u010di pod\u00edl ve st\u00e1tn\u00ed spr\u00e1v\u011b a politice. Zm\u011bnu v&nbsp;na\u0161em p\u0159\u00edstupu nezajist\u00ed ani sledov\u00e1n\u00ed statistik, vypisov\u00e1n\u00ed kv\u00f3t, dokonce ani po\u0159\u00e1d\u00e1n\u00ed konferenc\u00ed a summit\u016f o rovn\u00fdch p\u0159\u00edle\u017eitostech mu\u017e\u016f a \u017een. Je t\u0159eba celospole\u010densky p\u0159ehodnotit a zd\u016fraznit p\u0159\u00ednos hodnoty \u017eenstv\u00ed pro vytv\u00e1\u0159en\u00ed prosperuj\u00edc\u00ed spole\u010dnosti, kterou nelze vyj\u00e1d\u0159it v&nbsp;pen\u011bz\u00edch a kter\u00e1 je zd\u00e1nliv\u011b nem\u011b\u0159iteln\u00e1. Sou\u010dasn\u00fd obraz \u017eenstv\u00ed v Evrop\u011bMnoh\u00e9 klasick\u00e9 poh\u00e1dky a p\u0159\u00edb\u011bhy zpravidla odr\u00e1\u017eej\u00ed stereotypn\u00ed role \u017eeny a mu\u017ee. D\u00edvky jsou prezentov\u00e1ny jako kr\u00e1sn\u00e9, sladk\u00e9 a naivn\u00ed, p\u0159izp\u016fsobiv\u00e9 a z\u00e1visl\u00e9, zat\u00edmco chlapci jsou typicky popisov\u00e1n\u00ed jako siln\u00ed, miluj\u00edc\u00ed dobrodru\u017estv\u00ed, nez\u00e1visl\u00ed a p\u0159\u00edmo jednaj\u00edc\u00ed. Mu\u017ei maj\u00ed zpravidla role bojovn\u00edk\u016f, dobrodruh\u016f a zachr\u00e1nc\u016f, zat\u00edmco \u017eeny jsou v&nbsp;pasivn\u00edch rol\u00edch matkami, pe\u010dovatelkami nebo princeznami pot\u0159ebuj\u00edc\u00edmi z\u00e1chranu. \u017deny \u010dasto dosahuj\u00ed sv\u00fdch c\u00edl\u016f d\u00edky tomu, \u017ee jim ostatn\u00ed pom\u00e1haj\u00ed, zat\u00edmco mu\u017ei dosahuj\u00ed c\u00edl\u016f d\u00edky svoj\u00ed osobnosti a s\u00edle.V&nbsp;posledn\u00ed dek\u00e1d\u011b n\u00e1m v\u0161ak tv\u016frci televizn\u00edch seri\u00e1l\u016f ukazuj\u00ed \u017eeny v&nbsp;rol\u00edch agentek a detektivek, kter\u00e9 neboj\u00e1cn\u011b riskuj\u00ed sv\u00e9 \u017eivoty v&nbsp;boji se zlo\u010dinci, tvrd\u00fdch a prohnan\u00fdch mana\u017eerek \u010di vypo\u010d\u00edtav\u00fdch milenek. Nen\u00ed pak n\u00e1hoda, \u017ee d\u00edvky se dnes ve zv\u00fd\u0161en\u00e9 m\u00ed\u0159e zaj\u00edmaj\u00ed i o boj a v\u00e1lku. Krom\u011b toho se na vytv\u00e1\u0159en\u00ed obrazu ide\u00e1ln\u00ed \u017eeny v\u017edy v\u00fdznamn\u011b pod\u00edlej\u00ed i m\u00f3dn\u00ed n\u00e1vrh\u00e1\u0159i a producenti kosmetiky. Nic z&nbsp;toho, co je t\u011bmito r\u016fzn\u00fdmi zp\u016fsoby \u017een\u00e1m p\u0159edkl\u00e1d\u00e1no, v\u0161ak neodpov\u00edd\u00e1 pot\u0159eb\u00e1m dne\u0161n\u00ed zam\u011bstnan\u00e9 \u017eeny \u2013 matky, hospodyn\u011b i milenky, u\u010ditelky, l\u00e9ka\u0159ky nebo dokonce politi\u010dky. Co Evropa dlu\u017e\u00ed \u017een\u00e1m?I kdy\u017e bylo \u017een\u00e1m v Evrop\u011b po stalet\u00ed up\u00edr\u00e1no pr\u00e1vo na vzd\u011bl\u00e1n\u00ed, d\u00edky sv\u00e9 p\u0159irozen\u00e9 intuici dok\u00e1zaly leccos p\u0159edem odhadnout, na co\u017e v&nbsp;historii t\u011b\u017ece doplatily. Po t\u0159i stolet\u00ed byly v&nbsp;Evrop\u011b systematicky vyhlazov\u00e1ny moudr\u00e9 \u017eeny. Extr\u00e9mn\u00ed odhady uv\u00e1d\u011bj\u00ed, \u017ee bylo krut\u011b mu\u010deno, pov\u011b\u0161eno nebo up\u00e1leno n\u011bkolik milion\u016f \u017een r\u016fzn\u00e9ho v\u011bku. I kdy\u017e jin\u00e9 statistiky tento odhad pova\u017euj\u00ed za p\u0159ehnan\u00fd, uv\u00e1d\u011bj\u00ed pouze statis\u00edce a p\u0159ipom\u00ednaj\u00ed, \u017ee mezi up\u00e1len\u00fdmi bylo i mnoho mu\u017e\u016f, nebyl tento \u201emisogynn\u00ed holokaust\u201c dodnes pln\u011b objasn\u011bn ani od\u010din\u011bn. Na mnoha m\u00edstech Evropy prob\u00edhal hon na \u010darod\u011bjnice, kdy \u017eena byla pova\u017eov\u00e1na za n\u00e1stroj satana. Z&nbsp;historie tak\u00e9 v\u00edme, jak t\u011b\u017ek\u00fd a \u010dasto krut\u00fd byl i osud evropsk\u00fdch kr\u00e1loven.\u017dena jako d\u00e1rkyn\u011b \u017eivota vybaven\u00e1 schopnost\u00ed celostn\u00edho my\u0161len\u00ed a intuice, schopnost\u00ed ob\u011btav\u00e9 pr\u00e1ce pro druh\u00e9, z\u0159eknut\u00ed se osobn\u00edch pot\u0159eb a p\u0159\u00e1n\u00ed, projevuj\u00edc\u00ed n\u011bhu, pozornost, laskavost a soucit by se m\u011bla st\u00e1t hrdinkou budoucnosti. \u017deny c\u00edt\u00ed v\u011bt\u0161\u00ed zodpov\u011bdnost za svoje d\u011bti, rodinu, domov i za sv\u016fj podnik a pr\u00e1ci. Ka\u017edodenn\u00ed pr\u00e1ce matky, u\u010ditelky \u010di l\u00e9ka\u0159ky je srovnateln\u00e1 s&nbsp;maxim\u00e1ln\u00edm pracovn\u00edm vyp\u011bt\u00edm (tedy ob\u010dasn\u00fdm) poslance i politika. Jej\u00ed ocen\u011bn\u00ed je v\u0161ak v&nbsp;porovn\u00e1n\u00ed s&nbsp;nimi dehonestuj\u00edc\u00ed; u mu\u017e\u016f p\u0159etrv\u00e1v\u00e1 jak\u00fdsi \u201epodv\u011bdom\u00fd\u201c pocit m\u00e9n\u011bcennosti \u017eensk\u00e9 \u010dinnosti. Mate\u0159stv\u00ed a povinnosti spojen\u00e9 s&nbsp;v\u00fdchovou d\u011bt\u00ed jsou pova\u017eov\u00e1ny za n\u011bco \u201evedlej\u0161\u00edho\u201c, m\u00e9n\u011b d\u016fle\u017eit\u00e9ho, nevy\u017eaduj\u00edc\u00ed \u017e\u00e1dnou kvalifikaci.&nbsp; Dobr\u00e9 l\u016fno a dobr\u00fd prs Badatel\u00e9 v&nbsp;transperson\u00e1ln\u00ed psychologii potvrzuj\u00ed zcela jednozna\u010dn\u011b to, co evropsk\u00e9 matky u\u010dil ji\u017e Jan Amos Komensk\u00fd v&nbsp;17. stolet\u00ed. Dobr\u00e9 l\u016fno, dobr\u00fd p\u0159\u00edchod na sv\u011bt a dobr\u00fd prs ovliv\u0148uj\u00ed v\u00fdrazn\u011b vlastnosti a mor\u00e1ln\u00ed hodnoty nov\u00e9ho \u010dlov\u011bka. Jestli\u017ee \u017eeny dok\u00e1\u017e\u00ed toto sv\u00fdm d\u011btem poskytnout, m\u016f\u017ee to v\u00fdrazn\u011b omezit jejich agresivitu, n\u00e1sil\u00ed, chamtivost a nespokojenost v dosp\u011blosti. Stejn\u011b tak jsou d\u016fle\u017eit\u00e1 obdob\u00ed v\u00fdvoje a v\u00fdchovy d\u011bt\u00ed a ml\u00e1de\u017ee, kdy se d\u011btem vtisk\u00e1vaj\u00ed d\u016fle\u017eit\u00e9 mor\u00e1ln\u00ed z\u00e1sady na cel\u00fd \u017eivot&#8230;<\/p>\n","protected":false},"author":3,"featured_media":11735,"comment_status":"closed","ping_status":"closed","sticky":false,"template":"","format":"standard","meta":{"footnotes":""},"categories":[1,31,20],"tags":[],"class_list":["post-11731","post","type-post","status-publish","format-standard","has-post-thumbnail","hentry","category-medunka","category-pro-inspiraci","category-psychologie"],"acf":[],"_links":{"self":[{"href":"https:\/\/www.mojemedunka.cz\/index.php\/wp-json\/wp\/v2\/posts\/11731","targetHints":{"allow":["GET"]}}],"collection":[{"href":"https:\/\/www.mojemedunka.cz\/index.php\/wp-json\/wp\/v2\/posts"}],"about":[{"href":"https:\/\/www.mojemedunka.cz\/index.php\/wp-json\/wp\/v2\/types\/post"}],"author":[{"embeddable":true,"href":"https:\/\/www.mojemedunka.cz\/index.php\/wp-json\/wp\/v2\/users\/3"}],"replies":[{"embeddable":true,"href":"https:\/\/www.mojemedunka.cz\/index.php\/wp-json\/wp\/v2\/comments?post=11731"}],"version-history":[{"count":2,"href":"https:\/\/www.mojemedunka.cz\/index.php\/wp-json\/wp\/v2\/posts\/11731\/revisions"}],"predecessor-version":[{"id":11734,"href":"https:\/\/www.mojemedunka.cz\/index.php\/wp-json\/wp\/v2\/posts\/11731\/revisions\/11734"}],"wp:featuredmedia":[{"embeddable":true,"href":"https:\/\/www.mojemedunka.cz\/index.php\/wp-json\/wp\/v2\/media\/11735"}],"wp:attachment":[{"href":"https:\/\/www.mojemedunka.cz\/index.php\/wp-json\/wp\/v2\/media?parent=11731"}],"wp:term":[{"taxonomy":"category","embeddable":true,"href":"https:\/\/www.mojemedunka.cz\/index.php\/wp-json\/wp\/v2\/categories?post=11731"},{"taxonomy":"post_tag","embeddable":true,"href":"https:\/\/www.mojemedunka.cz\/index.php\/wp-json\/wp\/v2\/tags?post=11731"}],"curies":[{"name":"wp","href":"https:\/\/api.w.org\/{rel}","templated":true}]}}