{"id":11708,"date":"2025-09-25T11:00:00","date_gmt":"2025-09-25T11:00:00","guid":{"rendered":"https:\/\/www.mojemedunka.cz\/?p=11708"},"modified":"2025-09-25T08:42:16","modified_gmt":"2025-09-25T08:42:16","slug":"otevrit-nove-cislo-oblibeneho-casopisu","status":"publish","type":"post","link":"https:\/\/www.mojemedunka.cz\/index.php\/2025\/09\/25\/otevrit-nove-cislo-oblibeneho-casopisu\/","title":{"rendered":"Otev\u0159\u00edt nov\u00e9 \u010d\u00edslo obl\u00edben\u00e9ho \u010dasopisu&#8230;"},"content":{"rendered":"\n<p>&#8230; je takov\u00fd mal\u00fd ritu\u00e1l. Listujeme str\u00e1nkami  a p\u0159em\u00fd\u0161l\u00edme, jak\u00fd \u010dl\u00e1nek za\u010dneme \u010d\u00edst jako prvn\u00ed&#8230;<br><strong>A p\u0159esn\u011b tento pocit v\u00e1s, mil\u00ed \u010dten\u00e1\u0159i, \u010dek\u00e1 pr\u00e1v\u011b v t\u011bchto dnech, kdy\u017e si koup\u00edte novou, \u0159\u00edjnovou Medu\u0148ku, kter\u00e1 pr\u00e1v\u011b vy\u0161la a p\u0159in\u00e1\u0161\u00ed op\u011bt spoustu zaj\u00edmav\u00e9ho \u010dten\u00ed. <\/strong>Tak vzh\u016fru do \u010dten\u00ed &#8211; a a\u0165 je v\u00e1m nov\u00e9 \u010d\u00edslo k u\u017eitku! Jako prvn\u00ed uk\u00e1zku vyb\u00edr\u00e1me \u010d\u00e1st tituln\u00edho rozhovoru s plastick\u00fdm chirurgem <strong>MUDr. Viktorem Fikerem<\/strong>. <strong>\u0158\u00edjnov\u00e9 \u010d\u00edslo Medu\u0148ky je toti\u017e v\u011bnov\u00e1no \u017dEN\u00c1M<\/strong> a MUDr. Fiker se ve sv\u00e9 praxi v\u011bnuje \u0159e\u0161en\u00ed \u0159ady pot\u00ed\u017e\u00ed, s nimi\u017e za n\u00edm p\u0159ich\u00e1zej\u00ed pr\u00e1v\u011b \u017eeny&#8230;<\/p>\n\n\n\n<p><\/p>\n\n\n\n<p><strong>O medic\u00edn\u011b budoucnosti i \u017eensk\u00e9 kr\u00e1se <\/strong><\/p>\n\n\n\n<p><strong>Sv\u011bt se m\u011bn\u00ed, a tak se objevuj\u00ed i \u201elid\u00e9 nov\u00e9 doby\u201c, kte\u0159\u00ed p\u0159ekra\u010duj\u00ed dosavadn\u00ed dogmata a vyd\u00e1vaj\u00ed se na cestu zcela nov\u00fdch mo\u017enost\u00ed. Pat\u0159\u00ed k&nbsp;nim i plastick\u00fd chirurg MUDr. Viktor Fiker, kter\u00fd se rozhodl nab\u00edzet lidem m\u00edsto operac\u00ed jin\u00e9 \u00fa\u010dinn\u00e9 postupy v\u010detn\u011b technologi\u00ed buducnosti. Navzdory slo\u017eitostem sou\u010dasn\u00e9 doby si proto trouf\u00e1m tvrdit, \u017ee se opravdu bl\u00fdsk\u00e1 na lep\u0161\u00ed \u010dasy.<\/strong><\/p>\n\n\n\n<p><strong>Jak jste se dostal k&nbsp;oboru plastick\u00e9 chirurgie?<\/strong><br>Naprosto ne\u010dekan\u011b a po\u0159\u00e1d m\u011b ta historka bav\u00ed. Rozhodoval jsem se mezi pr\u00e1vnickou fakultou a technikou, proto\u017ee m\u00e1m r\u00e1d auta a v\u016fbec jak\u00e9koliv opravov\u00e1n\u00ed. Kamar\u00e1dka si ale jednou na spole\u010dn\u00e9m v\u00fdlet\u011b na kole rozbila koleno a jizvu j\u00ed museli opravovat na plastice. Od t\u00e9 doby mi \u0159\u00edkala, \u017ee bych m\u011bl j\u00edt d\u011blat plastiku. J\u00e1 se tomu jen sm\u00e1l, \u017ee se boj\u00edm injekc\u00ed a krve, \u017ee je to nesmysl. Jednoho dne jsem se ale zamyslel, \u017ee medic\u00edna se hod\u00ed u\u017e kv\u016fli d\u011btem (lep\u0161\u00ed sv\u00e9 d\u00edt\u011b zachr\u00e1nit, ne\u017e se jako pr\u00e1vn\u00edk soudit) a za\u010dala m\u011b fascinovat mikrochirurgie, kter\u00e1 je sou\u010d\u00e1st\u00ed t\u00e9 plastick\u00e9. To spl\u0148ovalo moji touhu po jemn\u00e9 manu\u00e1ln\u00ed pr\u00e1ci.<br>Proto jsem \u0161el rovnou na 3. l\u00e9ka\u0159skou fakultu, kter\u00e1 m\u011bla plastiku nejlep\u0161\u00ed. Ve t\u0159e\u0165\u00e1ku u\u017e sem tr\u00e1vil ve\u0161ker\u00fd voln\u00fd \u010das na italsk\u00fdch klinik\u00e1ch, pozd\u011bji i v&nbsp;\u010cech\u00e1ch a N\u011bmecku. Tehdy jsem platil d\u011bde\u010dkovi hypot\u00e9ku na byt a nemohl jsem si dovolit nastoupit jako l\u00e9ka\u0159 v&nbsp;\u010cech\u00e1ch, podepsal jsem tedy smlouvu s&nbsp;n\u011bmeckou klinikou je\u0161t\u011b p\u0159ed dokon\u010den\u00edm posledn\u00edch zkou\u0161ek. Tam jsem pracoval do roku 2019, p\u0159edev\u0161\u00edm na rekonstruk\u010dn\u00ed a pop\u00e1leninov\u00e9 chirurgii a chirurgii ruky. Kdy\u017e m\u011bly d\u011bti nastoupit do \u0161koly, vr\u00e1tili jsme se s&nbsp;rodinou do \u010cech a j\u00e1 nastoupil do t\u00fdmu Perfect clinic.<\/p>\n\n\n\n<p><strong>Splnil tento obor va\u0161e o\u010dek\u00e1v\u00e1n\u00ed?<\/strong><br>V&nbsp;z\u00e1sad\u011b ano. V\u0161echno beru jako cestu plnou p\u0159ekvapen\u00ed a improvizace. Abych v&nbsp;\u010cech\u00e1ch ned\u011blal jen estetiku, uzav\u0159el jsem smlouvy se zdravotn\u00edmi poji\u0161\u0165ovnami a v\u011bnoval se chirurgii ruky alespo\u0148 ambulantn\u011b. Po stovk\u00e1ch odoperovan\u00fdch karp\u00e1ln\u00edch tunel\u016f a tzv. sk\u00e1kav\u00fdch prst\u016f, kdy se prst zasek\u00e1v\u00e1 a p\u0159i nata\u017een\u00ed \u201evyst\u0159el\u00ed\u201c, jsem dosp\u011bl k&nbsp;n\u00e1zoru, \u017ee tyto operace nebudou do budoucna v\u016fbec pot\u0159eba. Operace je \u010dist\u011b symptomatick\u00e1 a mn\u011b se poda\u0159ilo d\u00edky vibrotaktiln\u00ed technologii odstranit p\u0159\u00ed\u010dinu, co\u017e postupn\u011b vysv\u011btl\u00edm.<br>U sk\u00e1kav\u00fdch prst\u016f b\u00fdv\u00e1 postupn\u011b posti\u017eeno i v\u0161ech deset prst\u016f na rukou, co\u017e je skv\u011bl\u00fd byznys, proto\u017ee to je deset operac\u00ed u jednoho \u010dlov\u011bka. Nejsp\u00ed\u0161 jde ale o autoimunitn\u00ed probl\u00e9m, kter\u00fd by se m\u011bl \u0159e\u0161it prim\u00e1rn\u011b. P\u0159i standardn\u00edch operac\u00edch karp\u00e1l\u016f a sk\u00e1kav\u00fdch prst\u016f se vlastn\u011b jenom ud\u011bl\u00e1 v\u00edce prostoru pro z\u00e1n\u011bt. V&nbsp;m\u00edst\u011b je otok, kter\u00fd utla\u010duje \u0161lachu \u010di nerv. Operac\u00ed se ov\u0161em jen protne vaz, aby se tlak pod n\u00edm sn\u00ed\u017eil, a samotn\u00fd z\u00e1n\u011btliv\u00fd proces se v\u016fbec ne\u0159e\u0161\u00ed. Takov\u00fdch \u201eprocitnut\u00ed\u201c jsem m\u011bl v&nbsp;chirurgii v\u00edce, a to nen\u00ed pro sou\u010dasn\u00fd syst\u00e9m \u017e\u00e1douc\u00ed.&nbsp; Letos, tj. v&nbsp;roce 2025, jsem se tedy rozhodl p\u0159estat operovat \u00fapln\u011b. Nechci zahodit p\u0159\u00edle\u017eitost odbour\u00e1vat star\u00e1 dogmata a posunout my\u0161len\u00ed ve zdravotnictv\u00ed na jinou \u00farove\u0148. Akutn\u00ed medic\u00ednu nijak nezpochyb\u0148uji, ale zdravotnictv\u00ed budoucnosti by nem\u011blo b\u00fdt zalo\u017eeno na dikt\u00e1tu farmapr\u016fmyslu a zisku z&nbsp;operac\u00ed.<\/p>\n\n\n\n<p><strong>Tak\u00e9 jste byl specialistou na chirurgick\u00e9 \u0159e\u0161en\u00ed liped\u00e9mu. Co bychom o tomto zdravotn\u00edm probl\u00e9mu m\u011bli v\u011bd\u011bt?<\/strong><br>Liped\u00e9m je chronick\u00e9 progresivn\u00ed onemocn\u011bn\u00ed, vyskytuj\u00edc\u00ed se prakticky v\u00fdhradn\u011b u \u017een. Doch\u00e1z\u00ed u n\u011bj k n\u00e1r\u016fstu patologick\u00e9 tukov\u00e9 tk\u00e1n\u011b v\u00a0oblasti doln\u00edch kon\u010detin a \u010dasto i pa\u017e\u00ed. Je spojen\u00e9 s\u00a0bolestmi a nereaguje na diety, ani na sport. Jde o bolestiv\u00fd vnit\u0159n\u00ed tlak, p\u0159i sportu a\u017e o k\u0159e\u010dovit\u00e9 bolesti. K\u016f\u017ee je p\u0159ecitliv\u011bl\u00e1 na dotek a \u010dast\u011bji se vyskytuj\u00ed spont\u00e1nn\u00ed mod\u0159iny. B\u011bhem dne p\u0159ib\u00fdvaj\u00ed otoky, kter\u00e9 ale na rozd\u00edl od lymfed\u00e9mu nepostihuj\u00ed n\u00e1rty. Tyto \u017eeny jsou z\u00e1visl\u00e9 na pravideln\u00e9 lymfodren\u00e1\u017ei a kompresivn\u00edm pr\u00e1dle, aby v\u00a0b\u011b\u017en\u00e9m \u017eivot\u011b v\u016fbec mohly fungovat.<br>Neust\u00e1le sly\u0161\u00ed jen to, \u017ee maj\u00ed m\u00e9n\u011b j\u00edst a v\u00edce se h\u00fdbat. Poznal jsem jich u\u017e spoustu a mohu \u0159\u00edci, \u017ee nezn\u00e1m sv\u011bdomit\u011bj\u0161\u00ed pacientky. Opravdu d\u011blaj\u00ed, co mohou. Zaj\u00edmav\u00e9 je, \u017ee \u017e\u00e1dn\u00e1 z\u00a0nich nesnesla alkohol, proto\u017ee obt\u00ed\u017ee okam\u017eit\u011b zhor\u0161uje. Tento fakt n\u011bkdy pou\u017e\u00edv\u00e1m k\u00a0odli\u0161en\u00ed skute\u010dn\u00e9ho liped\u00e9mu od \u201eoby\u010dejn\u00e9\u201c obezity. V\u00a0sousedn\u00edm N\u011bmecku se odhaduje, \u017ee liped\u00e9mem jsou posti\u017eeny \u010dty\u0159i miliony \u017een, a celosv\u011btov\u011b jejich po\u010det p\u0159ib\u00fdv\u00e1. Za jedinou efektivn\u00ed terapii se v\u00a0sou\u010dasnosti pova\u017euje velkoobjemov\u00e1 n\u011bkolikaf\u00e1zov\u00e1 liposukce, co\u017e se stalo mou dom\u00e9nou. Cht\u011bl jsem t\u011bmto d\u00edvk\u00e1m a \u017een\u00e1m pomoci, tak\u017ee ostatn\u00ed operace \u0161ly stranou. Kdy\u017e jsem si ale uv\u011bdomil, \u017ee se z\u00a0toho st\u00e1v\u00e1 op\u011bt velk\u00fd \u201ek\u0161eft\u201c a stav\u00ed se nov\u00e9 kliniky, bylo mi jasn\u00e9, \u017ee to nen\u00ed spr\u00e1vn\u00e1 cesta.<br>P\u0159\u00ed\u010dina liped\u00e9mu zat\u00edm nen\u00ed \u00fapln\u011b jasn\u00e1 a faktor\u016f je v\u00edcero. Roli hraje p\u0159edev\u0161\u00edm genetika a hormony, ale za m\u011b jde o psychosomatickou, civiliza\u010dn\u00ed chorobu, a tak by se k\u00a0n\u00ed tak\u00e9 m\u011blo p\u0159istupovat. V\u00a0modern\u00ed v\u011bd\u011b dnes za\u010d\u00edn\u00e1me odhalovat potenci\u00e1l epigenetiky, co\u017e je velmi pozitivn\u00ed. \u00dazce toti\u017e souvis\u00ed s\u00a0na\u0161imi ment\u00e1ln\u00edmi vzorci, kter\u00e9 se mus\u00edme nau\u010dit efektivn\u011b m\u011bnit (o tom mluv\u00ed nap\u0159. Dr. Joe Dispenza). Postupn\u011b jsem se tak dostal k\u00a0celostn\u00ed medic\u00edn\u011b a psychosomatice. V\u00a0ka\u017ed\u00e9 nemoci dnes vid\u00edm p\u0159\u00edle\u017eitost k\u00a0sebereflexi a \u201eprobuzen\u00ed\u201c. Pokud je budeme \u0159e\u0161it rizikov\u00fdmi operacemi a symptomatickou farmakologickou l\u00e9\u010dbou, nikam zdrav\u00ed spole\u010dnosti neposuneme.<\/p>\n\n\n\n<p><strong>Jak lze tedy t\u011bmto d\u00edvk\u00e1m a \u017een\u00e1m pomoci jinak?<\/strong><br>V\u00a0po\u010d\u00e1te\u010dn\u00edch st\u00e1di\u00edch to na postav\u011b je\u0161t\u011b nen\u00ed tak vid\u011bt, ale doln\u00ed kon\u010detiny u\u017e ot\u00e9kaj\u00ed a bol\u00ed. Zde m\u00e1 mo\u017en\u00e1 je\u0161t\u011b smysl s\u00a0operac\u00ed vy\u010dkat, jestli nep\u0159ijde n\u011bjak\u00fd nov\u00fd objev v\u00a0l\u00e9\u010db\u011b, proto\u017ee operace je v\u00a0tomto p\u0159\u00edpad\u011b po\u0159\u00e1d velmi rizikov\u00e1. Krom\u011b komprese a lymfodren\u00e1\u017ee se mi p\u0159itom op\u011bt osv\u011bd\u010dila vibrotaktiln\u00ed technologie \u2013 konkr\u00e9tn\u011b ke zm\u00edrn\u011bn\u00ed bolest\u00ed a otok\u016f, a to i v\u00a0pokro\u010dilej\u0161\u00edch st\u00e1di\u00edch.<br>Od druh\u00e9ho st\u00e1dia, tedy ji\u017e viditeln\u00e9ho zv\u011bt\u0161en\u00ed objemu stehen, v\u00a0z\u00e1sad\u011b od operace neodrazuji, proto\u017ee jim zat\u00edm nem\u00e1m co jin\u00e9ho a stejn\u011b efektivn\u00edho nab\u00eddnout. Vzal jsem si ale na sebe z\u00e1vazek dok\u00e1zat, \u017ee to jde i jinak ne\u017e operac\u00ed. Proto nech\u00e1v\u00e1m d\u00e1le operovat kolegy, ale s\u00e1m sv\u016fj \u010das v\u011bnuji zkoum\u00e1n\u00ed alternativn\u00edch postup\u016f&#8230;<\/p>\n\n\n\n<p><strong><em>Rozhovor p\u0159ipravila redaktorka V. Keilov\u00e1, cel\u00fd rozhovor stejn\u011b jako cel\u00e9 \u010d\u00edslo Medu\u0148ky \u010d. 10 m\u016f\u017eete \u010d\u00edst na <a href=\"http:\/\/emedunka.cz\" data-type=\"link\" data-id=\"emedunka.cz\">emedunka.cz<\/a><\/em><\/strong><\/p>\n\n\n\n<p><\/p>\n","protected":false},"excerpt":{"rendered":"<p>&#8230; je takov\u00fd mal\u00fd ritu\u00e1l. Listujeme str\u00e1nkami a p\u0159em\u00fd\u0161l\u00edme, jak\u00fd \u010dl\u00e1nek za\u010dneme \u010d\u00edst jako prvn\u00ed&#8230;A p\u0159esn\u011b tento pocit v\u00e1s, mil\u00ed \u010dten\u00e1\u0159i, \u010dek\u00e1 pr\u00e1v\u011b v t\u011bchto dnech, kdy\u017e si koup\u00edte novou, \u0159\u00edjnovou Medu\u0148ku, kter\u00e1 pr\u00e1v\u011b vy\u0161la a p\u0159in\u00e1\u0161\u00ed op\u011bt spoustu zaj\u00edmav\u00e9ho \u010dten\u00ed. Tak vzh\u016fru do \u010dten\u00ed &#8211; a a\u0165 je v\u00e1m nov\u00e9 \u010d\u00edslo k u\u017eitku! Jako prvn\u00ed uk\u00e1zku vyb\u00edr\u00e1me \u010d\u00e1st tituln\u00edho rozhovoru s plastick\u00fdm chirurgem MUDr. Viktorem Fikerem. \u0158\u00edjnov\u00e9 \u010d\u00edslo Medu\u0148ky je toti\u017e v\u011bnov\u00e1no \u017dEN\u00c1M a MUDr. Fiker se ve sv\u00e9 praxi v\u011bnuje \u0159e\u0161en\u00ed \u0159ady pot\u00ed\u017e\u00ed, s nimi\u017e za n\u00edm p\u0159ich\u00e1zej\u00ed pr\u00e1v\u011b \u017eeny&#8230; O medic\u00edn\u011b budoucnosti i \u017eensk\u00e9 kr\u00e1se Sv\u011bt se m\u011bn\u00ed, a tak se objevuj\u00ed i \u201elid\u00e9 nov\u00e9 doby\u201c, kte\u0159\u00ed p\u0159ekra\u010duj\u00ed dosavadn\u00ed dogmata a vyd\u00e1vaj\u00ed se na cestu zcela nov\u00fdch mo\u017enost\u00ed. Pat\u0159\u00ed k&nbsp;nim i plastick\u00fd chirurg MUDr. Viktor Fiker, kter\u00fd se rozhodl nab\u00edzet lidem m\u00edsto operac\u00ed jin\u00e9 \u00fa\u010dinn\u00e9 postupy v\u010detn\u011b technologi\u00ed buducnosti. Navzdory slo\u017eitostem sou\u010dasn\u00e9 doby si proto trouf\u00e1m tvrdit, \u017ee se opravdu bl\u00fdsk\u00e1 na lep\u0161\u00ed \u010dasy. Jak jste se dostal k&nbsp;oboru plastick\u00e9 chirurgie?Naprosto ne\u010dekan\u011b a po\u0159\u00e1d m\u011b ta historka bav\u00ed. Rozhodoval jsem se mezi pr\u00e1vnickou fakultou a technikou, proto\u017ee m\u00e1m r\u00e1d auta a v\u016fbec jak\u00e9koliv opravov\u00e1n\u00ed. Kamar\u00e1dka si ale jednou na spole\u010dn\u00e9m v\u00fdlet\u011b na kole rozbila koleno a jizvu j\u00ed museli opravovat na plastice. Od t\u00e9 doby mi \u0159\u00edkala, \u017ee bych m\u011bl j\u00edt d\u011blat plastiku. J\u00e1 se tomu jen sm\u00e1l, \u017ee se boj\u00edm injekc\u00ed a krve, \u017ee je to nesmysl. Jednoho dne jsem se ale zamyslel, \u017ee medic\u00edna se hod\u00ed u\u017e kv\u016fli d\u011btem (lep\u0161\u00ed sv\u00e9 d\u00edt\u011b zachr\u00e1nit, ne\u017e se jako pr\u00e1vn\u00edk soudit) a za\u010dala m\u011b fascinovat mikrochirurgie, kter\u00e1 je sou\u010d\u00e1st\u00ed t\u00e9 plastick\u00e9. To spl\u0148ovalo moji touhu po jemn\u00e9 manu\u00e1ln\u00ed pr\u00e1ci.Proto jsem \u0161el rovnou na 3. l\u00e9ka\u0159skou fakultu, kter\u00e1 m\u011bla plastiku nejlep\u0161\u00ed. Ve t\u0159e\u0165\u00e1ku u\u017e sem tr\u00e1vil ve\u0161ker\u00fd voln\u00fd \u010das na italsk\u00fdch klinik\u00e1ch, pozd\u011bji i v&nbsp;\u010cech\u00e1ch a N\u011bmecku. Tehdy jsem platil d\u011bde\u010dkovi hypot\u00e9ku na byt a nemohl jsem si dovolit nastoupit jako l\u00e9ka\u0159 v&nbsp;\u010cech\u00e1ch, podepsal jsem tedy smlouvu s&nbsp;n\u011bmeckou klinikou je\u0161t\u011b p\u0159ed dokon\u010den\u00edm posledn\u00edch zkou\u0161ek. Tam jsem pracoval do roku 2019, p\u0159edev\u0161\u00edm na rekonstruk\u010dn\u00ed a pop\u00e1leninov\u00e9 chirurgii a chirurgii ruky. Kdy\u017e m\u011bly d\u011bti nastoupit do \u0161koly, vr\u00e1tili jsme se s&nbsp;rodinou do \u010cech a j\u00e1 nastoupil do t\u00fdmu Perfect clinic. Splnil tento obor va\u0161e o\u010dek\u00e1v\u00e1n\u00ed?V&nbsp;z\u00e1sad\u011b ano. V\u0161echno beru jako cestu plnou p\u0159ekvapen\u00ed a improvizace. Abych v&nbsp;\u010cech\u00e1ch ned\u011blal jen estetiku, uzav\u0159el jsem smlouvy se zdravotn\u00edmi poji\u0161\u0165ovnami a v\u011bnoval se chirurgii ruky alespo\u0148 ambulantn\u011b. Po stovk\u00e1ch odoperovan\u00fdch karp\u00e1ln\u00edch tunel\u016f a tzv. sk\u00e1kav\u00fdch prst\u016f, kdy se prst zasek\u00e1v\u00e1 a p\u0159i nata\u017een\u00ed \u201evyst\u0159el\u00ed\u201c, jsem dosp\u011bl k&nbsp;n\u00e1zoru, \u017ee tyto operace nebudou do budoucna v\u016fbec pot\u0159eba. Operace je \u010dist\u011b symptomatick\u00e1 a mn\u011b se poda\u0159ilo d\u00edky vibrotaktiln\u00ed technologii odstranit p\u0159\u00ed\u010dinu, co\u017e postupn\u011b vysv\u011btl\u00edm.U sk\u00e1kav\u00fdch prst\u016f b\u00fdv\u00e1 postupn\u011b posti\u017eeno i v\u0161ech deset prst\u016f na rukou, co\u017e je skv\u011bl\u00fd byznys, proto\u017ee to je deset operac\u00ed u jednoho \u010dlov\u011bka. Nejsp\u00ed\u0161 jde ale o autoimunitn\u00ed probl\u00e9m, kter\u00fd by se m\u011bl \u0159e\u0161it prim\u00e1rn\u011b. P\u0159i standardn\u00edch operac\u00edch karp\u00e1l\u016f a sk\u00e1kav\u00fdch prst\u016f se vlastn\u011b jenom ud\u011bl\u00e1 v\u00edce prostoru pro z\u00e1n\u011bt. V&nbsp;m\u00edst\u011b je otok, kter\u00fd utla\u010duje \u0161lachu \u010di nerv. Operac\u00ed se ov\u0161em jen protne vaz, aby se tlak pod n\u00edm sn\u00ed\u017eil, a samotn\u00fd z\u00e1n\u011btliv\u00fd proces se v\u016fbec ne\u0159e\u0161\u00ed. Takov\u00fdch \u201eprocitnut\u00ed\u201c jsem m\u011bl v&nbsp;chirurgii v\u00edce, a to nen\u00ed pro sou\u010dasn\u00fd syst\u00e9m \u017e\u00e1douc\u00ed.&nbsp; Letos, tj. v&nbsp;roce 2025, jsem se tedy rozhodl p\u0159estat operovat \u00fapln\u011b. Nechci zahodit p\u0159\u00edle\u017eitost odbour\u00e1vat star\u00e1 dogmata a posunout my\u0161len\u00ed ve zdravotnictv\u00ed na jinou \u00farove\u0148. Akutn\u00ed medic\u00ednu nijak nezpochyb\u0148uji, ale zdravotnictv\u00ed budoucnosti by nem\u011blo b\u00fdt zalo\u017eeno na dikt\u00e1tu farmapr\u016fmyslu a zisku z&nbsp;operac\u00ed. Tak\u00e9 jste byl specialistou na chirurgick\u00e9 \u0159e\u0161en\u00ed liped\u00e9mu. Co bychom o tomto zdravotn\u00edm probl\u00e9mu m\u011bli v\u011bd\u011bt?Liped\u00e9m je chronick\u00e9 progresivn\u00ed onemocn\u011bn\u00ed, vyskytuj\u00edc\u00ed se prakticky v\u00fdhradn\u011b u \u017een. Doch\u00e1z\u00ed u n\u011bj k n\u00e1r\u016fstu patologick\u00e9 tukov\u00e9 tk\u00e1n\u011b v\u00a0oblasti doln\u00edch kon\u010detin a \u010dasto i pa\u017e\u00ed. Je spojen\u00e9 s\u00a0bolestmi a nereaguje na diety, ani na sport. Jde o bolestiv\u00fd vnit\u0159n\u00ed tlak, p\u0159i sportu a\u017e o k\u0159e\u010dovit\u00e9 bolesti. K\u016f\u017ee je p\u0159ecitliv\u011bl\u00e1 na dotek a \u010dast\u011bji se vyskytuj\u00ed spont\u00e1nn\u00ed mod\u0159iny. B\u011bhem dne p\u0159ib\u00fdvaj\u00ed otoky, kter\u00e9 ale na rozd\u00edl od lymfed\u00e9mu nepostihuj\u00ed n\u00e1rty. Tyto \u017eeny jsou z\u00e1visl\u00e9 na pravideln\u00e9 lymfodren\u00e1\u017ei a kompresivn\u00edm pr\u00e1dle, aby v\u00a0b\u011b\u017en\u00e9m \u017eivot\u011b v\u016fbec mohly fungovat.Neust\u00e1le sly\u0161\u00ed jen to, \u017ee maj\u00ed m\u00e9n\u011b j\u00edst a v\u00edce se h\u00fdbat. Poznal jsem jich u\u017e spoustu a mohu \u0159\u00edci, \u017ee nezn\u00e1m sv\u011bdomit\u011bj\u0161\u00ed pacientky. Opravdu d\u011blaj\u00ed, co mohou. Zaj\u00edmav\u00e9 je, \u017ee \u017e\u00e1dn\u00e1 z\u00a0nich nesnesla alkohol, proto\u017ee obt\u00ed\u017ee okam\u017eit\u011b zhor\u0161uje. Tento fakt n\u011bkdy pou\u017e\u00edv\u00e1m k\u00a0odli\u0161en\u00ed skute\u010dn\u00e9ho liped\u00e9mu od \u201eoby\u010dejn\u00e9\u201c obezity. V\u00a0sousedn\u00edm N\u011bmecku se odhaduje, \u017ee liped\u00e9mem jsou posti\u017eeny \u010dty\u0159i miliony \u017een, a celosv\u011btov\u011b jejich po\u010det p\u0159ib\u00fdv\u00e1. Za jedinou efektivn\u00ed terapii se v\u00a0sou\u010dasnosti pova\u017euje velkoobjemov\u00e1 n\u011bkolikaf\u00e1zov\u00e1 liposukce, co\u017e se stalo mou dom\u00e9nou. Cht\u011bl jsem t\u011bmto d\u00edvk\u00e1m a \u017een\u00e1m pomoci, tak\u017ee ostatn\u00ed operace \u0161ly stranou. Kdy\u017e jsem si ale uv\u011bdomil, \u017ee se z\u00a0toho st\u00e1v\u00e1 op\u011bt velk\u00fd \u201ek\u0161eft\u201c a stav\u00ed se nov\u00e9 kliniky, bylo mi jasn\u00e9, \u017ee to nen\u00ed spr\u00e1vn\u00e1 cesta.P\u0159\u00ed\u010dina liped\u00e9mu zat\u00edm nen\u00ed \u00fapln\u011b jasn\u00e1 a faktor\u016f je v\u00edcero. Roli hraje p\u0159edev\u0161\u00edm genetika a hormony, ale za m\u011b jde o psychosomatickou, civiliza\u010dn\u00ed chorobu, a tak by se k\u00a0n\u00ed tak\u00e9 m\u011blo p\u0159istupovat. V\u00a0modern\u00ed v\u011bd\u011b dnes za\u010d\u00edn\u00e1me odhalovat potenci\u00e1l epigenetiky, co\u017e je velmi pozitivn\u00ed. \u00dazce toti\u017e souvis\u00ed s\u00a0na\u0161imi ment\u00e1ln\u00edmi vzorci, kter\u00e9 se mus\u00edme nau\u010dit efektivn\u011b m\u011bnit (o tom mluv\u00ed nap\u0159. Dr. Joe Dispenza). Postupn\u011b jsem se tak dostal k\u00a0celostn\u00ed medic\u00edn\u011b a psychosomatice. V\u00a0ka\u017ed\u00e9 nemoci dnes vid\u00edm p\u0159\u00edle\u017eitost k\u00a0sebereflexi a \u201eprobuzen\u00ed\u201c. Pokud je budeme \u0159e\u0161it rizikov\u00fdmi operacemi a symptomatickou farmakologickou l\u00e9\u010dbou, nikam zdrav\u00ed spole\u010dnosti neposuneme. Jak lze tedy t\u011bmto d\u00edvk\u00e1m a \u017een\u00e1m pomoci jinak?V\u00a0po\u010d\u00e1te\u010dn\u00edch st\u00e1di\u00edch to na postav\u011b je\u0161t\u011b nen\u00ed tak vid\u011bt, ale doln\u00ed kon\u010detiny u\u017e ot\u00e9kaj\u00ed a bol\u00ed. Zde m\u00e1 mo\u017en\u00e1 je\u0161t\u011b smysl s\u00a0operac\u00ed vy\u010dkat, jestli nep\u0159ijde n\u011bjak\u00fd nov\u00fd objev v\u00a0l\u00e9\u010db\u011b, proto\u017ee operace je v\u00a0tomto p\u0159\u00edpad\u011b po\u0159\u00e1d velmi rizikov\u00e1. Krom\u011b komprese a lymfodren\u00e1\u017ee se mi p\u0159itom op\u011bt osv\u011bd\u010dila vibrotaktiln\u00ed technologie \u2013 konkr\u00e9tn\u011b ke zm\u00edrn\u011bn\u00ed bolest\u00ed a otok\u016f, a to i v\u00a0pokro\u010dilej\u0161\u00edch st\u00e1di\u00edch.Od druh\u00e9ho st\u00e1dia, tedy ji\u017e viditeln\u00e9ho zv\u011bt\u0161en\u00ed objemu stehen, v\u00a0z\u00e1sad\u011b od operace neodrazuji, proto\u017ee jim zat\u00edm nem\u00e1m co jin\u00e9ho a stejn\u011b efektivn\u00edho nab\u00eddnout. Vzal jsem si ale na sebe z\u00e1vazek dok\u00e1zat, \u017ee to jde i jinak ne\u017e operac\u00ed. Proto nech\u00e1v\u00e1m d\u00e1le operovat kolegy, ale s\u00e1m sv\u016fj \u010das v\u011bnuji zkoum\u00e1n\u00ed alternativn\u00edch postup\u016f&#8230; Rozhovor p\u0159ipravila redaktorka V. Keilov\u00e1, cel\u00fd rozhovor stejn\u011b jako cel\u00e9 \u010d\u00edslo Medu\u0148ky \u010d. 10 m\u016f\u017eete \u010d\u00edst na emedunka.cz<\/p>\n","protected":false},"author":3,"featured_media":11706,"comment_status":"closed","ping_status":"closed","sticky":false,"template":"","format":"standard","meta":{"footnotes":""},"categories":[1,31,36],"tags":[],"class_list":["post-11708","post","type-post","status-publish","format-standard","has-post-thumbnail","hentry","category-medunka","category-pro-inspiraci","category-rozhovory"],"acf":[],"_links":{"self":[{"href":"https:\/\/www.mojemedunka.cz\/index.php\/wp-json\/wp\/v2\/posts\/11708","targetHints":{"allow":["GET"]}}],"collection":[{"href":"https:\/\/www.mojemedunka.cz\/index.php\/wp-json\/wp\/v2\/posts"}],"about":[{"href":"https:\/\/www.mojemedunka.cz\/index.php\/wp-json\/wp\/v2\/types\/post"}],"author":[{"embeddable":true,"href":"https:\/\/www.mojemedunka.cz\/index.php\/wp-json\/wp\/v2\/users\/3"}],"replies":[{"embeddable":true,"href":"https:\/\/www.mojemedunka.cz\/index.php\/wp-json\/wp\/v2\/comments?post=11708"}],"version-history":[{"count":3,"href":"https:\/\/www.mojemedunka.cz\/index.php\/wp-json\/wp\/v2\/posts\/11708\/revisions"}],"predecessor-version":[{"id":11713,"href":"https:\/\/www.mojemedunka.cz\/index.php\/wp-json\/wp\/v2\/posts\/11708\/revisions\/11713"}],"wp:featuredmedia":[{"embeddable":true,"href":"https:\/\/www.mojemedunka.cz\/index.php\/wp-json\/wp\/v2\/media\/11706"}],"wp:attachment":[{"href":"https:\/\/www.mojemedunka.cz\/index.php\/wp-json\/wp\/v2\/media?parent=11708"}],"wp:term":[{"taxonomy":"category","embeddable":true,"href":"https:\/\/www.mojemedunka.cz\/index.php\/wp-json\/wp\/v2\/categories?post=11708"},{"taxonomy":"post_tag","embeddable":true,"href":"https:\/\/www.mojemedunka.cz\/index.php\/wp-json\/wp\/v2\/tags?post=11708"}],"curies":[{"name":"wp","href":"https:\/\/api.w.org\/{rel}","templated":true}]}}