{"id":11567,"date":"2025-08-27T09:00:00","date_gmt":"2025-08-27T09:00:00","guid":{"rendered":"https:\/\/www.mojemedunka.cz\/?p=11567"},"modified":"2025-09-23T17:52:46","modified_gmt":"2025-09-23T17:52:46","slug":"skvela-zprava-zarijova-medunka-je-tady","status":"publish","type":"post","link":"https:\/\/www.mojemedunka.cz\/index.php\/2025\/08\/27\/skvela-zprava-zarijova-medunka-je-tady\/","title":{"rendered":"SKV\u011aL\u00c1 ZPR\u00c1VA: Z\u00e1\u0159ijov\u00e1 MEDU\u0147KA u\u017e k v\u00e1m let\u00ed!!"},"content":{"rendered":"\n<p><strong>Mil\u00ed \u010dten\u00e1\u0159i a p\u0159\u00e1tel\u00e9,<\/strong><\/p>\n\n\n\n<p><strong>tak\u00e9 m\u00e1te r\u00e1di ten okam\u017eik, kdy p\u0159ed v\u00e1mi le\u017e\u00ed nov\u00e9 \u010d\u00edslo va\u0161eho obl\u00edben\u00e9ho \u010dasopisu a vy se ho pr\u00e1v\u011b chyst\u00e1te otev\u0159\u00edt?! Co v n\u011bm asi bude??!! Tak tento okam\u017eik je na dosah, proto\u017ee Medu\u0148ka \u010d. 9 pr\u00e1v\u011b vych\u00e1z\u00ed a op\u011bt na v\u00e1s bude \u010dekat na obvykl\u00fdch prodejn\u00edch m\u00edstech. A samoz\u0159ejm\u011b je k dispozici i na <em><a href=\"http:\/\/emedunka.cz\" data-type=\"link\" data-id=\"emedunka.cz\">emedunka.cz <\/a><\/em>&#8211; v elektronick\u00e9 form\u011b. <\/strong><br>A co si v nov\u00e9m \u010d\u00edsle p\u0159e\u010dete? Je to spousta. V tituln\u00edm rozhovoru si V\u011bra Keilov\u00e1 pov\u00eddala s terapeutkou a pedago\u017ekou Silvi\u00ed Rei o nov\u00e9 etap\u011b lidstva. Hlavn\u00ed t\u00e9ma JAK SE P\u0158IPRAVIT NA CHLADN\u00c9 OBDOB\u00cd v\u00e1s vybav\u00ed spoustou rad a n\u00e1m\u011bt\u016f, jak vyu\u017e\u00edt \u010das, kter\u00fd n\u00e1m zanedlouho nastane &#8211; od specifick\u00e9ho j\u00eddeln\u00ed\u010dku, p\u0159es p\u00e9\u010di o t\u011blo (nap\u0159. o ledviny, kter\u00e9 velmi citliv\u011b reaguj\u00ed na chladn\u011bj\u0161\u00ed dny), p\u00e9\u010di o du\u0161i a psychickou imunitu a\u017e k otu\u017eov\u00e1n\u00ed. Reagujeme tak\u00e9 na za\u010d\u00e1tek \u0161koln\u00edho roku, tentokr\u00e1t mysl\u00edme zejm\u00e9na na prvn\u00e1\u010dky a jejich rodi\u010de (\u010dl\u00e1nek Mileny Kr\u00e1lov\u00e9), s Medu\u0148kou m\u016f\u017eete snadno a z\u00e1bavnou formou (ale velmi \u00fa\u010dinn\u011b) pe\u010dovat o o\u010di (z\u00e1v\u011br seri\u00e1lu Yvony \u0160vecov\u00e9), dozv\u00edme se dal\u0161\u00ed fundovan\u00e9 informace o na\u0161em mozku (\u010dl\u00e1nek MUDr. Elekov\u00e9), zamysl\u00edme se nad pastmi um\u011bl\u00e9 inteligence (\u010dl\u00e1nek Milo\u0161e Kuhajd\u00edka). &#8222;Kl\u00ed\u010dovou d\u00edrkou&#8220; nahl\u00e9dneme do kl\u00e1\u0161tera Bos\u00fdch Karmelitek v Drastech nedaleko Prahy (\u010dl\u00e1nek Aleny Stellnerov\u00e9) a s Juditou Peschlovou zase nahl\u00e9dneme do bl\u00edzk\u00e9 budoucnosti nad jej\u00ed tarotovou p\u0159edpov\u011bd\u00ed, kter\u00e1 je ov\u0161em v tomto \u010d\u00edsle Medu\u0148ky koncipov\u00e1na trochu jinak &#8211; podle m\u011bs\u00edce narozen\u00ed ka\u017ed\u00e9ho \u010dten\u00e1\u0159e. A vy u\u017e v\u00edte, \u017ee v Medu\u0148ce najdete je\u0161t\u011b dal\u0161\u00ed zaj\u00edmav\u00e9 \u010dten\u00ed a u\u017e to ani nemus\u00edme ps\u00e1t, \u017ee?<strong> A tak v\u00e1m sp\u00ed\u0161 cel\u00e1 na\u0161e redakce p\u0159eje, aby se v\u00e1m z\u00e1\u0159ijov\u00e9 Medu\u0148ka l\u00edbila a aby se v\u00e1m dob\u0159e \u010detla! <br>U\u017eijte si ji &#8211; a\u0165 je v\u00e1m k u\u017eitku!<\/strong><\/p>\n\n\n\n<p><\/p>\n\n\n\n<p><\/p>\n\n\n\n<p> <br>      <\/p>\n","protected":false},"excerpt":{"rendered":"<p>Mil\u00ed \u010dten\u00e1\u0159i a p\u0159\u00e1tel\u00e9, tak\u00e9 m\u00e1te r\u00e1di ten okam\u017eik, kdy p\u0159ed v\u00e1mi le\u017e\u00ed nov\u00e9 \u010d\u00edslo va\u0161eho obl\u00edben\u00e9ho \u010dasopisu a vy se ho pr\u00e1v\u011b chyst\u00e1te otev\u0159\u00edt?! Co v n\u011bm asi bude??!! Tak tento okam\u017eik je na dosah, proto\u017ee Medu\u0148ka \u010d. 9 pr\u00e1v\u011b vych\u00e1z\u00ed a op\u011bt na v\u00e1s bude \u010dekat na obvykl\u00fdch prodejn\u00edch m\u00edstech. A samoz\u0159ejm\u011b je k dispozici i na emedunka.cz &#8211; v elektronick\u00e9 form\u011b. A co si v nov\u00e9m \u010d\u00edsle p\u0159e\u010dete? Je to spousta. V tituln\u00edm rozhovoru si V\u011bra Keilov\u00e1 pov\u00eddala s terapeutkou a pedago\u017ekou Silvi\u00ed Rei o nov\u00e9 etap\u011b lidstva. Hlavn\u00ed t\u00e9ma JAK SE P\u0158IPRAVIT NA CHLADN\u00c9 OBDOB\u00cd v\u00e1s vybav\u00ed spoustou rad a n\u00e1m\u011bt\u016f, jak vyu\u017e\u00edt \u010das, kter\u00fd n\u00e1m zanedlouho nastane &#8211; od specifick\u00e9ho j\u00eddeln\u00ed\u010dku, p\u0159es p\u00e9\u010di o t\u011blo (nap\u0159. o ledviny, kter\u00e9 velmi citliv\u011b reaguj\u00ed na chladn\u011bj\u0161\u00ed dny), p\u00e9\u010di o du\u0161i a psychickou imunitu a\u017e k otu\u017eov\u00e1n\u00ed. Reagujeme tak\u00e9 na za\u010d\u00e1tek \u0161koln\u00edho roku, tentokr\u00e1t mysl\u00edme zejm\u00e9na na prvn\u00e1\u010dky a jejich rodi\u010de (\u010dl\u00e1nek Mileny Kr\u00e1lov\u00e9), s Medu\u0148kou m\u016f\u017eete snadno a z\u00e1bavnou formou (ale velmi \u00fa\u010dinn\u011b) pe\u010dovat o o\u010di (z\u00e1v\u011br seri\u00e1lu Yvony \u0160vecov\u00e9), dozv\u00edme se dal\u0161\u00ed fundovan\u00e9 informace o na\u0161em mozku (\u010dl\u00e1nek MUDr. Elekov\u00e9), zamysl\u00edme se nad pastmi um\u011bl\u00e9 inteligence (\u010dl\u00e1nek Milo\u0161e Kuhajd\u00edka). &#8222;Kl\u00ed\u010dovou d\u00edrkou&#8220; nahl\u00e9dneme do kl\u00e1\u0161tera Bos\u00fdch Karmelitek v Drastech nedaleko Prahy (\u010dl\u00e1nek Aleny Stellnerov\u00e9) a s Juditou Peschlovou zase nahl\u00e9dneme do bl\u00edzk\u00e9 budoucnosti nad jej\u00ed tarotovou p\u0159edpov\u011bd\u00ed, kter\u00e1 je ov\u0161em v tomto \u010d\u00edsle Medu\u0148ky koncipov\u00e1na trochu jinak &#8211; podle m\u011bs\u00edce narozen\u00ed ka\u017ed\u00e9ho \u010dten\u00e1\u0159e. A vy u\u017e v\u00edte, \u017ee v Medu\u0148ce najdete je\u0161t\u011b dal\u0161\u00ed zaj\u00edmav\u00e9 \u010dten\u00ed a u\u017e to ani nemus\u00edme ps\u00e1t, \u017ee? A tak v\u00e1m sp\u00ed\u0161 cel\u00e1 na\u0161e redakce p\u0159eje, aby se v\u00e1m z\u00e1\u0159ijov\u00e9 Medu\u0148ka l\u00edbila a aby se v\u00e1m dob\u0159e \u010detla! U\u017eijte si ji &#8211; a\u0165 je v\u00e1m k u\u017eitku!<\/p>\n","protected":false},"author":3,"featured_media":11572,"comment_status":"closed","ping_status":"closed","sticky":false,"template":"","format":"standard","meta":{"footnotes":""},"categories":[1,31],"tags":[],"class_list":["post-11567","post","type-post","status-publish","format-standard","has-post-thumbnail","hentry","category-medunka","category-pro-inspiraci"],"acf":[],"_links":{"self":[{"href":"https:\/\/www.mojemedunka.cz\/index.php\/wp-json\/wp\/v2\/posts\/11567","targetHints":{"allow":["GET"]}}],"collection":[{"href":"https:\/\/www.mojemedunka.cz\/index.php\/wp-json\/wp\/v2\/posts"}],"about":[{"href":"https:\/\/www.mojemedunka.cz\/index.php\/wp-json\/wp\/v2\/types\/post"}],"author":[{"embeddable":true,"href":"https:\/\/www.mojemedunka.cz\/index.php\/wp-json\/wp\/v2\/users\/3"}],"replies":[{"embeddable":true,"href":"https:\/\/www.mojemedunka.cz\/index.php\/wp-json\/wp\/v2\/comments?post=11567"}],"version-history":[{"count":4,"href":"https:\/\/www.mojemedunka.cz\/index.php\/wp-json\/wp\/v2\/posts\/11567\/revisions"}],"predecessor-version":[{"id":11573,"href":"https:\/\/www.mojemedunka.cz\/index.php\/wp-json\/wp\/v2\/posts\/11567\/revisions\/11573"}],"wp:featuredmedia":[{"embeddable":true,"href":"https:\/\/www.mojemedunka.cz\/index.php\/wp-json\/wp\/v2\/media\/11572"}],"wp:attachment":[{"href":"https:\/\/www.mojemedunka.cz\/index.php\/wp-json\/wp\/v2\/media?parent=11567"}],"wp:term":[{"taxonomy":"category","embeddable":true,"href":"https:\/\/www.mojemedunka.cz\/index.php\/wp-json\/wp\/v2\/categories?post=11567"},{"taxonomy":"post_tag","embeddable":true,"href":"https:\/\/www.mojemedunka.cz\/index.php\/wp-json\/wp\/v2\/tags?post=11567"}],"curies":[{"name":"wp","href":"https:\/\/api.w.org\/{rel}","templated":true}]}}