{"id":11283,"date":"2025-06-01T06:00:00","date_gmt":"2025-06-01T06:00:00","guid":{"rendered":"https:\/\/www.mojemedunka.cz\/?p=11283"},"modified":"2025-05-30T15:06:29","modified_gmt":"2025-05-30T15:06:29","slug":"bleskovka-skvela-pomazanka-z-repy-a-fazoli","status":"publish","type":"post","link":"https:\/\/www.mojemedunka.cz\/index.php\/2025\/06\/01\/bleskovka-skvela-pomazanka-z-repy-a-fazoli\/","title":{"rendered":"Na chv\u00edli v kuchyni: Skv\u011bl\u00e1 pomaz\u00e1nka z \u0159epy a fazol\u00ed"},"content":{"rendered":"\n<p><strong>Zdrav\u00e1 a chutn\u00e1 pomaz\u00e1nka na toasty, ope\u010den\u00e9 kousky chleba atd. Kdy\u017e koup\u00edte uva\u0159enou \u0159epu, p\u0159\u00edprava se urychl\u00ed, akor\u00e1t je t\u0159eba nechat odle\u017eet&#8230;  <\/strong><br><strong>Jak na to? <\/strong><br><strong>Suroviny: <\/strong>1 st\u0159edn\u011b velk\u00e1 \u0159epa, plechovka b\u00edl\u00fdch fazol\u00ed, 3 l\u017e\u00edce olivov\u00e9ho oleje, 1 strou\u017eek \u010desneku<br>mo\u0159sk\u00e1 s\u016fl, \u0161petka drcen\u00e9ho pep\u0159e, pa\u017eitka<br><strong>Postup:<\/strong> \u0158epu uva\u0159\u00edme (nebo koup\u00edme-:), oloupeme a nakr\u00e1j\u00edme na kousky. Fazole hod\u00edme do mix\u00e9ru, p\u0159id\u00e1me \u0159epu, prolisovan\u00fd \u010desnek, s\u016fl, olej, najemno nasekanou pa\u017eitku a pep\u0159. Po\u0159\u00e1dn\u011b rozmixujeme a nech\u00e1me do druh\u00e9ho dne odst\u00e1t, aby se chut\u011b vz\u00e1jemn\u011b prom\u00edchaly. Pod\u00e1v\u00e1me nap\u0159. s kv\u00e1skov\u00fdm chlebem.<br><strong><em>(recept je od Ivety Kulh\u00e1nkov\u00e9&#8230;)<\/em><\/strong><\/p>\n","protected":false},"excerpt":{"rendered":"<p>Zdrav\u00e1 a chutn\u00e1 pomaz\u00e1nka na toasty, ope\u010den\u00e9 kousky chleba atd. Kdy\u017e koup\u00edte uva\u0159enou \u0159epu, p\u0159\u00edprava se urychl\u00ed, akor\u00e1t je t\u0159eba nechat odle\u017eet&#8230; Jak na to? Suroviny: 1 st\u0159edn\u011b velk\u00e1 \u0159epa, plechovka b\u00edl\u00fdch fazol\u00ed, 3 l\u017e\u00edce olivov\u00e9ho oleje, 1 strou\u017eek \u010desnekumo\u0159sk\u00e1 s\u016fl, \u0161petka drcen\u00e9ho pep\u0159e, pa\u017eitkaPostup: \u0158epu uva\u0159\u00edme (nebo koup\u00edme-:), oloupeme a nakr\u00e1j\u00edme na kousky. Fazole hod\u00edme do mix\u00e9ru, p\u0159id\u00e1me \u0159epu, prolisovan\u00fd \u010desnek, s\u016fl, olej, najemno nasekanou pa\u017eitku a pep\u0159. Po\u0159\u00e1dn\u011b rozmixujeme a nech\u00e1me do druh\u00e9ho dne odst\u00e1t, aby se chut\u011b vz\u00e1jemn\u011b prom\u00edchaly. Pod\u00e1v\u00e1me nap\u0159. s kv\u00e1skov\u00fdm chlebem.(recept je od Ivety Kulh\u00e1nkov\u00e9&#8230;)<\/p>\n","protected":false},"author":3,"featured_media":11287,"comment_status":"closed","ping_status":"closed","sticky":false,"template":"","format":"standard","meta":{"footnotes":""},"categories":[1,32],"tags":[],"class_list":["post-11283","post","type-post","status-publish","format-standard","has-post-thumbnail","hentry","category-medunka","category-recepty"],"acf":[],"_links":{"self":[{"href":"https:\/\/www.mojemedunka.cz\/index.php\/wp-json\/wp\/v2\/posts\/11283","targetHints":{"allow":["GET"]}}],"collection":[{"href":"https:\/\/www.mojemedunka.cz\/index.php\/wp-json\/wp\/v2\/posts"}],"about":[{"href":"https:\/\/www.mojemedunka.cz\/index.php\/wp-json\/wp\/v2\/types\/post"}],"author":[{"embeddable":true,"href":"https:\/\/www.mojemedunka.cz\/index.php\/wp-json\/wp\/v2\/users\/3"}],"replies":[{"embeddable":true,"href":"https:\/\/www.mojemedunka.cz\/index.php\/wp-json\/wp\/v2\/comments?post=11283"}],"version-history":[{"count":2,"href":"https:\/\/www.mojemedunka.cz\/index.php\/wp-json\/wp\/v2\/posts\/11283\/revisions"}],"predecessor-version":[{"id":11286,"href":"https:\/\/www.mojemedunka.cz\/index.php\/wp-json\/wp\/v2\/posts\/11283\/revisions\/11286"}],"wp:featuredmedia":[{"embeddable":true,"href":"https:\/\/www.mojemedunka.cz\/index.php\/wp-json\/wp\/v2\/media\/11287"}],"wp:attachment":[{"href":"https:\/\/www.mojemedunka.cz\/index.php\/wp-json\/wp\/v2\/media?parent=11283"}],"wp:term":[{"taxonomy":"category","embeddable":true,"href":"https:\/\/www.mojemedunka.cz\/index.php\/wp-json\/wp\/v2\/categories?post=11283"},{"taxonomy":"post_tag","embeddable":true,"href":"https:\/\/www.mojemedunka.cz\/index.php\/wp-json\/wp\/v2\/tags?post=11283"}],"curies":[{"name":"wp","href":"https:\/\/api.w.org\/{rel}","templated":true}]}}