{"id":10942,"date":"2025-02-28T06:00:00","date_gmt":"2025-02-28T06:00:00","guid":{"rendered":"https:\/\/www.mojemedunka.cz\/?p=10942"},"modified":"2025-02-27T14:55:35","modified_gmt":"2025-02-27T14:55:35","slug":"otevirame-novou-medunku","status":"publish","type":"post","link":"https:\/\/www.mojemedunka.cz\/index.php\/2025\/02\/28\/otevirame-novou-medunku\/","title":{"rendered":"Otev\u00edr\u00e1me novou Medu\u0148ku&#8230;"},"content":{"rendered":"\n<p>&#8230;a ani nev\u00edme, kter\u00fd ze zaj\u00edmav\u00fdch \u010dl\u00e1nk\u016f tohoto \u010d\u00edsla p\u0159ipomenout d\u0159\u00edv&#8230; <strong>Za\u010dn\u011bme titulov\u00fdm rozhovorem s Mark\u00e9tou Vostrou&#8230; <\/strong>Nab\u00edz\u00edme uk\u00e1zku z \u00favodu a z bloku v\u011bnovan\u00e9ho t\u00e9matu p\u0159edk\u016f, ale za inspirativn\u00ed je cel\u00fd rozhovor&#8230; Tak si nezapome\u0148te Medu\u0148ku opat\u0159it a a\u0165 se v\u00e1m p\u0159\u00edjemn\u011b \u010dte!<\/p>\n\n\n\n<p><\/p>\n\n\n\n<p><em><strong>Uk\u00e1zka z rozhovoru:<\/strong><\/em><\/p>\n\n\n\n<p><strong>N\u00e1\u0161 \u017eivot ovliv\u0148uje \u0161est generac\u00ed p\u0159edk\u016f<\/strong><\/p>\n\n\n\n<p>Mark\u00e9ta Vostr\u00e1 je inspirativn\u00ed \u017eena &#8211; spisovatelka, astrolo\u017eka, vyklada\u010dka tarotu s&nbsp;bohatou prax\u00ed, \u0161\u00e9fredaktorka \u010dasopisu Rituals a v&nbsp;posledn\u00edch letech i kresl\u00ed\u0159ka. S&nbsp;Medu\u0148kou p\u0159ed \u010dasem spolupracovala jako autorka \u0159ady \u010dl\u00e1nk\u016f a tak\u00e9 n\u011bkolika knih, vydan\u00fdch v&nbsp;medu\u0148kov\u00e9 kni\u017en\u00ed edici (<em>Znamen\u00ed v&nbsp;n\u00e1s, Velk\u00e1 poh\u00e1dkov\u00e1 cesta aneb Co jsme v&nbsp;d\u011btstv\u00ed netu\u0161ili, Jak rozchodit rozchody<\/em>). K&nbsp;rozhovoru jsme se se\u0161ly den p\u0159ed zimn\u00edm slunovratem v&nbsp;prav\u00e9 poledne, a tento v\u00fdjime\u010dn\u00fd \u010das p\u0159edur\u010dil i n\u011bkter\u00e1 t\u00e9mata, o kter\u00fdch jsme si pov\u00eddaly\u2026&nbsp; &nbsp;&nbsp;&nbsp;&nbsp;&nbsp;<\/p>\n\n\n\n<p><strong>Osobn\u00ed cesta<\/strong><\/p>\n\n\n\n<p><strong>Mark\u00e9to, kdy jste se za\u010dala zaj\u00edmat o \u201ev\u011bci mezi nebem a zem\u00ed\u201c?&nbsp;&nbsp;<\/strong><br>Narodila jsem se z\u0159ejm\u011b s ur\u010dit\u00fdmi dispozicemi a \u017eivot mi postupn\u011b p\u0159edkl\u00e1dal r\u016fzn\u00e9 situace, kter\u00e9 m\u011b p\u0159im\u011bly dan\u00e9 schopnosti rozv\u00edjet. Mnohdy to nebylo snadn\u00e9 ani zvl\u00e1\u0161\u0165 p\u0159\u00edjemn\u00e9, ale kdyby m\u011bl \u010dlov\u011bk hn\u00edzdo sv\u00e9ho d\u011btstv\u00ed m\u011bkce vystlan\u00e9 a byl obklopen perfektn\u00edmi vztahy, nic by ho nepob\u00edzelo sna\u017eit se r\u016fst, m\u011bnit v\u011bci k&nbsp;lep\u0161\u00edmu, hledat a nach\u00e1zet. Dnes jsem vd\u011b\u010dn\u00e1 za v\u0161echny p\u0159\u00edle\u017eitosti, kter\u00e9 m\u011b formovaly a za n\u00e1stroje, kter\u00e9 mi pom\u00e1haly mnoh\u00e9 objevit a pochopit. Jedn\u00edm z&nbsp;t\u011bchto n\u00e1stroj\u016f byla astrologie.<\/p>\n\n\n\n<p><strong>Va\u0161\u00ed u\u010ditelkou byla respektovan\u00e1 pra\u017esk\u00e1 astrolo\u017eka Adina Svobodov\u00e1 Bedn\u00e1\u0159ov\u00e1\u2026<\/strong><br>P\u0159i\u0161la jsem k&nbsp;n\u00ed \u017e\u00e1dat o radu, velmi mlad\u00e1 a velmi rozt\u0159esen\u00e1 z&nbsp;toho, co se mi to d\u011bje, ona se mne ujala a za\u010dala m\u011b zadarmo u\u010dit. P\u016fj\u010dovala mi knihy, n\u011bkter\u00e9 jsem j\u00ed ani nestihla vr\u00e1tit, proto\u017ee brzy zem\u0159ela. A d\u00edky astrologii mi v\u0161echno do sebe za\u010dalo zapadat a d\u00e1vat smysl. Dal\u0161\u00ed d\u016fle\u017eitou osobou na moj\u00ed cest\u011b byla Dobra, shodou okolnost\u00ed tak\u00e9 Bedn\u00e1\u0159ov\u00e1, majitelka proslul\u00e9ho knihkupectv\u00ed v&nbsp;Celetn\u00e9 ulici. Kdykoli jsem do tohoto knihkupectv\u00ed p\u0159i\u0161la pro n\u011bjakou astrologickou literaturu, neomyln\u011b mi dala knihu, kterou pou\u017e\u00edv\u00e1m dodnes. V\u011bci se \u010dasto d\u011bj\u00ed prost\u0159ednictv\u00edm druh\u00fdch lid\u00ed.<\/p>\n\n\n\n<p><strong>M\u011bla jste v&nbsp;\u017eivot\u011b v\u016fbec n\u011bjak\u00e9 \u201eciviln\u00ed\u201c povol\u00e1n\u00ed?<\/strong><br>Samoz\u0159ejm\u011b tak\u00e9, kdy\u017e byl syn mal\u00fd, ale stejn\u011b m\u011b to neust\u00e1le vedlo k&nbsp;astrologii a tarotu. Mnoho let jsem se i sna\u017eila naj\u00edt a m\u00edt \u201eciviln\u00ed\u201c profesi, ale \u017eivot m\u011b cht\u011bl m\u00edt na jin\u00e9 cest\u011b, a tak kdy\u017e jsem se p\u0159ed mnoha lety dostala do situace, kdy se ke mn\u011b zam\u011bstnavatel zachoval nef\u00e9rov\u011b, dala jsem na radu sv\u00e9ho kamar\u00e1da, kter\u00fd mi \u0159ekl \u201eTak se u\u017e kone\u010dn\u011b naplno v\u011bnuj vykl\u00e1d\u00e1n\u00ed tarotu a p\u0159esta\u0148 ztr\u00e1cet \u010das zbyte\u010dn\u00fdmi \u010dinnostmi.\u201c A t\u00edm mne nasm\u011broval k tomu, \u010demu se v\u011bnuji u\u017e v\u00edc ne\u017e 35 let.<\/p>\n\n\n\n<p><br><strong>Ten kamar\u00e1d byl mo\u017en\u00e1 dal\u0161\u00edm \u201emezn\u00edkem\u201c nebo poslem na va\u0161\u00ed osobn\u00ed cest\u011b\u2026 &nbsp;&nbsp;<br><\/strong>V\u0161ichni lid\u00e9 jsou sv\u00fdm zp\u016fsobem poslov\u00e9 nebo inspir\u00e1to\u0159i, ukazuj\u00ed n\u00e1m, kdy m\u00e1 n\u011bco za\u010d\u00edt, nebo naopak skon\u010dit. D\u016fle\u017eit\u00ed na na\u0161\u00ed cest\u011b jsou i ti, co n\u00e1m t\u0159eba ji\u017e tak nelehkou situaci zhor\u0161\u00ed a d\u00edky nim si uv\u011bdom\u00edme sv\u00e9 hranice i svoji s\u00edlu, schopnost postavit se za sebe sama. M\u00fdm pokrok\u016fm v\u011bt\u0161inou p\u0159edch\u00e1zely obt\u00ed\u017en\u00e9 situace, kter\u00e9 jsem musela vy\u0159e\u0161it.<\/p>\n\n\n\n<p><strong>K&nbsp;va\u0161im profes\u00edm &#8211; jste astrolo\u017eka, vyklada\u010dka tarotu, spisovatelka, redaktorka, p\u0159ibyl dal\u0161\u00ed z\u00e1jem \u2013 jak jste pro sebe objevila kresbu? &nbsp;&nbsp;&nbsp;&nbsp;&nbsp;&nbsp;<\/strong><br>Kresba m\u011b l\u00e1kala odjak\u017eiva, ale aktivn\u011b jsem se j\u00ed za\u010dala v\u011bnovat, a\u017e kdy\u017e jsem se nast\u011bhovala do domu U \u010cern\u00e9ho kon\u00ed\u010dka na Mal\u00e9 Stran\u011b, kter\u00fd m\u00e1 kr\u00e1sn\u00e9 barokn\u00ed domovn\u00ed znamen\u00ed. Toto znamen\u00ed bylo prvn\u00ed, kter\u00e9 jsem nakreslila jako p\u0159\u00e1n\u00ed k&nbsp;nov\u00e9mu roku a postupn\u011b p\u0159ib\u00fdvala dal\u0161\u00ed a dal\u0161\u00ed. S&nbsp;nads\u00e1zkou \u0159\u00edk\u00e1m, \u017ee mi duch Mal\u00e9 Strany vnukl nakreslit je v\u0161echna, a t\u00edm k&nbsp;nim p\u0159it\u00e1hnout pozornost lid\u00ed. Ka\u017ed\u00fd rok vyd\u00e1v\u00e1m kalend\u00e1\u0159 s&nbsp;kresbami pr\u00e1v\u011b domovn\u00edch znamen\u00ed \u010di t\u0159eba malostransk\u00fdch Madonek. Kalend\u00e1\u0159 na rok 2025 je zam\u011b\u0159en na pra\u017esk\u00e9 Jezul\u00e1tko na malostransk\u00fdch domovn\u00edch znamen\u00edch. Tak\u00e9 p\u0159ipravuji knihu, kde budou kresby v\u0161ech domovn\u00edch znamen\u00ed Mal\u00e9 Strany a Hrad\u010dan.<\/p>\n\n\n\n<p><strong>Zn\u00ed skoro neuv\u011b\u0159iteln\u011b, \u017ee jen na Mal\u00e9 Stran\u011b je tolik dom\u016f, kter\u00e9 maj\u00ed ve sv\u00e9m domovn\u00edm znamen\u00ed motiv Madonky.<br><\/strong>V&nbsp;sou\u010dasn\u00e9 dob\u011b je jich na Mal\u00e9 Stran\u011b zachovan\u00fdch asi 40, a p\u0159edpokl\u00e1d\u00e1m, \u017ee t\u011bch nezachovan\u00fdch by bylo mnohem v\u00edc.&nbsp;&nbsp;&nbsp;<\/p>\n\n\n\n<p>\u2026&#8230;&#8230;<br><strong>P\u0159edkov\u00e9 a potomci<\/strong><\/p>\n\n\n\n<p><strong>D\u00edky sv\u00e9 bohat\u00e9 praxi jste vyslechla stovky nebo sp\u00ed\u0161 tis\u00edce lidsk\u00fdch p\u0159\u00edb\u011bh\u016f a osud\u016f. Jak se podle va\u0161ich zku\u0161enost\u00ed lid\u00e9 v&nbsp;sou\u010dasn\u00e9 dob\u011b vztahuj\u00ed ke sv\u00fdm p\u0159edk\u016fm \u2013 zaj\u00edmaj\u00ed se o n\u011b, v\u00e1\u017e\u00ed si jich, nebo maj\u00ed tendenci se od nich sp\u00ed\u0161 od\u0159\u00edznout? &nbsp;<\/strong><br>Nechci hodnotit obecn\u011b, ale p\u0159i konzultac\u00edch vedu sv\u00e9 klienty k uv\u011bdom\u011bn\u00ed, \u017ee ka\u017ed\u00fd z&nbsp;n\u00e1s je sou\u010d\u00e1st\u00ed sv\u00e9ho rodov\u00e9ho \u0159et\u011bzce. V tuto chv\u00edli jsme jeho vt\u011blenou sou\u010d\u00e1st\u00ed, ale stejn\u011b tak do n\u011bj pat\u0159\u00ed i na\u0161i nevt\u011blen\u00ed p\u0159edkov\u00e9. Pokud se za\u010dneme sv\u00fdmi p\u0159edky zab\u00fdvat, m\u016f\u017eeme odhalit a rozpoznat rodov\u00e1 traumata. N\u011bkte\u0159\u00ed v&nbsp;r\u00e1mci rodu tato traumata je\u0161t\u011b zesiluj\u00ed, aby se t\u00e9matu posl\u00e9ze ujalo potomstvo, kter\u00e9 nastav\u00ed ji\u017e zcela nov\u00e9 hodnoty. Sou\u010d\u00e1st\u00ed rodov\u00e9ho traumatu m\u016f\u017ee b\u00fdt nap\u0159\u00edklad fyzick\u00e9 \u010di psychick\u00e9 t\u00fdr\u00e1n\u00ed d\u011bt\u00ed, a pokud se&nbsp;do rodiny nenarod\u00ed ten, kter\u00fd svou l\u00e1skou a moudrost\u00ed nepovede d\u011bti jinak, trauma se kop\u00edruje rodem st\u00e1le d\u00e1l. &nbsp;&nbsp;&nbsp;<br><br><strong>Znamen\u00e1 to, \u017ee d\u00edky rodinn\u00e9mu \u0159et\u011bzci m\u00e1me kolem sebe st\u00e1le du\u0161e sv\u00fdch p\u0159edk\u016f, kter\u00e9 n\u00e1m mohou pom\u00e1hat n\u00e9st rodov\u00fd \u00fad\u011bl, nebo ho \u0159e\u0161it?<\/strong><br>Vn\u00edm\u00e1m to tak, \u017ee jde o \u0159et\u011bzce, kter\u00e9 maj\u00ed ur\u010dit\u00fd \u00fakol. Na\u0161i nevt\u011blen\u00ed p\u0159edkov\u00e9 jsou sou\u010d\u00e1st\u00ed neviditeln\u00e9ho t\u00fdmu, kter\u00fd n\u00e1m pom\u00e1h\u00e1, vytv\u00e1\u0159\u00ed synchronicity, ukazuje v&nbsp;mnoha symbolik\u00e1ch cestu, prostupuje do sn\u016f, p\u0159ipravuje n\u00e1m \u201en\u00e1hody\u201c, abychom se vyv\u00edjeli. Pokud m\u00e1me o\u010di otev\u0159en\u00e9, m\u016f\u017eeme tyto impulsy p\u0159ij\u00edmat s&nbsp;vd\u011b\u010dnost\u00ed a realizovat je ve&nbsp;hmotn\u00e9m sv\u011bt\u011b. Pokud n\u00e1m n\u011bkdo pro n\u00e1s d\u016fle\u017eit\u00fd zem\u0159e, neznamen\u00e1 to, \u017ee je od n\u00e1s daleko. M\u016f\u017eeme jej vn\u00edmat, a jeho nov\u00fd, zcela jin\u00fd vliv n\u00e1m m\u016f\u017ee pomoci nejen v&nbsp;na\u0161em vlastn\u00edm byt\u00ed, ale i v&nbsp;r\u00e1mci rodu. Berme to v\u0161ak sp\u00ed\u0161e jako neprok\u00e1zanou, i kdy\u017e i logickou teorii, ov\u0161em nepotvrzenou, proto\u017ee z&nbsp;t\u011bchto m\u00edst se zp\u011bt nikdo je\u0161t\u011b nevr\u00e1til\u2026 leda v&nbsp;dal\u0161\u00ed inkarnaci, a t\u00edm i v&nbsp;zapomn\u011bn\u00ed. Mnoho lid\u00ed m\u00e1 sv\u016fj \u201educha\u0159sk\u00fd p\u0159\u00edb\u011bh\u201c. Zjevil se mu n\u011bkter\u00fd zem\u0159el\u00fd p\u0159edek atd. \u010c\u00edm je \u010dlov\u011bk vn\u00edmav\u011bj\u0161\u00ed, t\u00edm je vz\u00e1jemn\u00e9 spojen\u00ed z\u0159eteln\u011bj\u0161\u00ed&#8230;<\/p>\n\n\n\n<p><em><strong>Cel\u00fd rozs\u00e1hl\u00fd rozhovor si p\u0159e\u010dtete v b\u0159eznov\u00e9 Medu\u0148ce.<\/strong><\/em><\/p>\n","protected":false},"excerpt":{"rendered":"<p>&#8230;a ani nev\u00edme, kter\u00fd ze zaj\u00edmav\u00fdch \u010dl\u00e1nk\u016f tohoto \u010d\u00edsla p\u0159ipomenout d\u0159\u00edv&#8230; Za\u010dn\u011bme titulov\u00fdm rozhovorem s Mark\u00e9tou Vostrou&#8230; Nab\u00edz\u00edme uk\u00e1zku z \u00favodu a z bloku v\u011bnovan\u00e9ho t\u00e9matu p\u0159edk\u016f, ale za inspirativn\u00ed je cel\u00fd rozhovor&#8230; Tak si nezapome\u0148te Medu\u0148ku opat\u0159it a a\u0165 se v\u00e1m p\u0159\u00edjemn\u011b \u010dte! Uk\u00e1zka z rozhovoru: N\u00e1\u0161 \u017eivot ovliv\u0148uje \u0161est generac\u00ed p\u0159edk\u016f Mark\u00e9ta Vostr\u00e1 je inspirativn\u00ed \u017eena &#8211; spisovatelka, astrolo\u017eka, vyklada\u010dka tarotu s&nbsp;bohatou prax\u00ed, \u0161\u00e9fredaktorka \u010dasopisu Rituals a v&nbsp;posledn\u00edch letech i kresl\u00ed\u0159ka. S&nbsp;Medu\u0148kou p\u0159ed \u010dasem spolupracovala jako autorka \u0159ady \u010dl\u00e1nk\u016f a tak\u00e9 n\u011bkolika knih, vydan\u00fdch v&nbsp;medu\u0148kov\u00e9 kni\u017en\u00ed edici (Znamen\u00ed v&nbsp;n\u00e1s, Velk\u00e1 poh\u00e1dkov\u00e1 cesta aneb Co jsme v&nbsp;d\u011btstv\u00ed netu\u0161ili, Jak rozchodit rozchody). K&nbsp;rozhovoru jsme se se\u0161ly den p\u0159ed zimn\u00edm slunovratem v&nbsp;prav\u00e9 poledne, a tento v\u00fdjime\u010dn\u00fd \u010das p\u0159edur\u010dil i n\u011bkter\u00e1 t\u00e9mata, o kter\u00fdch jsme si pov\u00eddaly\u2026&nbsp; &nbsp;&nbsp;&nbsp;&nbsp;&nbsp; Osobn\u00ed cesta Mark\u00e9to, kdy jste se za\u010dala zaj\u00edmat o \u201ev\u011bci mezi nebem a zem\u00ed\u201c?&nbsp;&nbsp;Narodila jsem se z\u0159ejm\u011b s ur\u010dit\u00fdmi dispozicemi a \u017eivot mi postupn\u011b p\u0159edkl\u00e1dal r\u016fzn\u00e9 situace, kter\u00e9 m\u011b p\u0159im\u011bly dan\u00e9 schopnosti rozv\u00edjet. Mnohdy to nebylo snadn\u00e9 ani zvl\u00e1\u0161\u0165 p\u0159\u00edjemn\u00e9, ale kdyby m\u011bl \u010dlov\u011bk hn\u00edzdo sv\u00e9ho d\u011btstv\u00ed m\u011bkce vystlan\u00e9 a byl obklopen perfektn\u00edmi vztahy, nic by ho nepob\u00edzelo sna\u017eit se r\u016fst, m\u011bnit v\u011bci k&nbsp;lep\u0161\u00edmu, hledat a nach\u00e1zet. Dnes jsem vd\u011b\u010dn\u00e1 za v\u0161echny p\u0159\u00edle\u017eitosti, kter\u00e9 m\u011b formovaly a za n\u00e1stroje, kter\u00e9 mi pom\u00e1haly mnoh\u00e9 objevit a pochopit. Jedn\u00edm z&nbsp;t\u011bchto n\u00e1stroj\u016f byla astrologie. Va\u0161\u00ed u\u010ditelkou byla respektovan\u00e1 pra\u017esk\u00e1 astrolo\u017eka Adina Svobodov\u00e1 Bedn\u00e1\u0159ov\u00e1\u2026P\u0159i\u0161la jsem k&nbsp;n\u00ed \u017e\u00e1dat o radu, velmi mlad\u00e1 a velmi rozt\u0159esen\u00e1 z&nbsp;toho, co se mi to d\u011bje, ona se mne ujala a za\u010dala m\u011b zadarmo u\u010dit. P\u016fj\u010dovala mi knihy, n\u011bkter\u00e9 jsem j\u00ed ani nestihla vr\u00e1tit, proto\u017ee brzy zem\u0159ela. A d\u00edky astrologii mi v\u0161echno do sebe za\u010dalo zapadat a d\u00e1vat smysl. Dal\u0161\u00ed d\u016fle\u017eitou osobou na moj\u00ed cest\u011b byla Dobra, shodou okolnost\u00ed tak\u00e9 Bedn\u00e1\u0159ov\u00e1, majitelka proslul\u00e9ho knihkupectv\u00ed v&nbsp;Celetn\u00e9 ulici. Kdykoli jsem do tohoto knihkupectv\u00ed p\u0159i\u0161la pro n\u011bjakou astrologickou literaturu, neomyln\u011b mi dala knihu, kterou pou\u017e\u00edv\u00e1m dodnes. V\u011bci se \u010dasto d\u011bj\u00ed prost\u0159ednictv\u00edm druh\u00fdch lid\u00ed. M\u011bla jste v&nbsp;\u017eivot\u011b v\u016fbec n\u011bjak\u00e9 \u201eciviln\u00ed\u201c povol\u00e1n\u00ed?Samoz\u0159ejm\u011b tak\u00e9, kdy\u017e byl syn mal\u00fd, ale stejn\u011b m\u011b to neust\u00e1le vedlo k&nbsp;astrologii a tarotu. Mnoho let jsem se i sna\u017eila naj\u00edt a m\u00edt \u201eciviln\u00ed\u201c profesi, ale \u017eivot m\u011b cht\u011bl m\u00edt na jin\u00e9 cest\u011b, a tak kdy\u017e jsem se p\u0159ed mnoha lety dostala do situace, kdy se ke mn\u011b zam\u011bstnavatel zachoval nef\u00e9rov\u011b, dala jsem na radu sv\u00e9ho kamar\u00e1da, kter\u00fd mi \u0159ekl \u201eTak se u\u017e kone\u010dn\u011b naplno v\u011bnuj vykl\u00e1d\u00e1n\u00ed tarotu a p\u0159esta\u0148 ztr\u00e1cet \u010das zbyte\u010dn\u00fdmi \u010dinnostmi.\u201c A t\u00edm mne nasm\u011broval k tomu, \u010demu se v\u011bnuji u\u017e v\u00edc ne\u017e 35 let. Ten kamar\u00e1d byl mo\u017en\u00e1 dal\u0161\u00edm \u201emezn\u00edkem\u201c nebo poslem na va\u0161\u00ed osobn\u00ed cest\u011b\u2026 &nbsp;&nbsp;V\u0161ichni lid\u00e9 jsou sv\u00fdm zp\u016fsobem poslov\u00e9 nebo inspir\u00e1to\u0159i, ukazuj\u00ed n\u00e1m, kdy m\u00e1 n\u011bco za\u010d\u00edt, nebo naopak skon\u010dit. D\u016fle\u017eit\u00ed na na\u0161\u00ed cest\u011b jsou i ti, co n\u00e1m t\u0159eba ji\u017e tak nelehkou situaci zhor\u0161\u00ed a d\u00edky nim si uv\u011bdom\u00edme sv\u00e9 hranice i svoji s\u00edlu, schopnost postavit se za sebe sama. M\u00fdm pokrok\u016fm v\u011bt\u0161inou p\u0159edch\u00e1zely obt\u00ed\u017en\u00e9 situace, kter\u00e9 jsem musela vy\u0159e\u0161it. K&nbsp;va\u0161im profes\u00edm &#8211; jste astrolo\u017eka, vyklada\u010dka tarotu, spisovatelka, redaktorka, p\u0159ibyl dal\u0161\u00ed z\u00e1jem \u2013 jak jste pro sebe objevila kresbu? &nbsp;&nbsp;&nbsp;&nbsp;&nbsp;&nbsp;Kresba m\u011b l\u00e1kala odjak\u017eiva, ale aktivn\u011b jsem se j\u00ed za\u010dala v\u011bnovat, a\u017e kdy\u017e jsem se nast\u011bhovala do domu U \u010cern\u00e9ho kon\u00ed\u010dka na Mal\u00e9 Stran\u011b, kter\u00fd m\u00e1 kr\u00e1sn\u00e9 barokn\u00ed domovn\u00ed znamen\u00ed. Toto znamen\u00ed bylo prvn\u00ed, kter\u00e9 jsem nakreslila jako p\u0159\u00e1n\u00ed k&nbsp;nov\u00e9mu roku a postupn\u011b p\u0159ib\u00fdvala dal\u0161\u00ed a dal\u0161\u00ed. S&nbsp;nads\u00e1zkou \u0159\u00edk\u00e1m, \u017ee mi duch Mal\u00e9 Strany vnukl nakreslit je v\u0161echna, a t\u00edm k&nbsp;nim p\u0159it\u00e1hnout pozornost lid\u00ed. Ka\u017ed\u00fd rok vyd\u00e1v\u00e1m kalend\u00e1\u0159 s&nbsp;kresbami pr\u00e1v\u011b domovn\u00edch znamen\u00ed \u010di t\u0159eba malostransk\u00fdch Madonek. Kalend\u00e1\u0159 na rok 2025 je zam\u011b\u0159en na pra\u017esk\u00e9 Jezul\u00e1tko na malostransk\u00fdch domovn\u00edch znamen\u00edch. Tak\u00e9 p\u0159ipravuji knihu, kde budou kresby v\u0161ech domovn\u00edch znamen\u00ed Mal\u00e9 Strany a Hrad\u010dan. Zn\u00ed skoro neuv\u011b\u0159iteln\u011b, \u017ee jen na Mal\u00e9 Stran\u011b je tolik dom\u016f, kter\u00e9 maj\u00ed ve sv\u00e9m domovn\u00edm znamen\u00ed motiv Madonky.V&nbsp;sou\u010dasn\u00e9 dob\u011b je jich na Mal\u00e9 Stran\u011b zachovan\u00fdch asi 40, a p\u0159edpokl\u00e1d\u00e1m, \u017ee t\u011bch nezachovan\u00fdch by bylo mnohem v\u00edc.&nbsp;&nbsp;&nbsp; \u2026&#8230;&#8230;P\u0159edkov\u00e9 a potomci D\u00edky sv\u00e9 bohat\u00e9 praxi jste vyslechla stovky nebo sp\u00ed\u0161 tis\u00edce lidsk\u00fdch p\u0159\u00edb\u011bh\u016f a osud\u016f. Jak se podle va\u0161ich zku\u0161enost\u00ed lid\u00e9 v&nbsp;sou\u010dasn\u00e9 dob\u011b vztahuj\u00ed ke sv\u00fdm p\u0159edk\u016fm \u2013 zaj\u00edmaj\u00ed se o n\u011b, v\u00e1\u017e\u00ed si jich, nebo maj\u00ed tendenci se od nich sp\u00ed\u0161 od\u0159\u00edznout? &nbsp;Nechci hodnotit obecn\u011b, ale p\u0159i konzultac\u00edch vedu sv\u00e9 klienty k uv\u011bdom\u011bn\u00ed, \u017ee ka\u017ed\u00fd z&nbsp;n\u00e1s je sou\u010d\u00e1st\u00ed sv\u00e9ho rodov\u00e9ho \u0159et\u011bzce. V tuto chv\u00edli jsme jeho vt\u011blenou sou\u010d\u00e1st\u00ed, ale stejn\u011b tak do n\u011bj pat\u0159\u00ed i na\u0161i nevt\u011blen\u00ed p\u0159edkov\u00e9. Pokud se za\u010dneme sv\u00fdmi p\u0159edky zab\u00fdvat, m\u016f\u017eeme odhalit a rozpoznat rodov\u00e1 traumata. N\u011bkte\u0159\u00ed v&nbsp;r\u00e1mci rodu tato traumata je\u0161t\u011b zesiluj\u00ed, aby se t\u00e9matu posl\u00e9ze ujalo potomstvo, kter\u00e9 nastav\u00ed ji\u017e zcela nov\u00e9 hodnoty. Sou\u010d\u00e1st\u00ed rodov\u00e9ho traumatu m\u016f\u017ee b\u00fdt nap\u0159\u00edklad fyzick\u00e9 \u010di psychick\u00e9 t\u00fdr\u00e1n\u00ed d\u011bt\u00ed, a pokud se&nbsp;do rodiny nenarod\u00ed ten, kter\u00fd svou l\u00e1skou a moudrost\u00ed nepovede d\u011bti jinak, trauma se kop\u00edruje rodem st\u00e1le d\u00e1l. &nbsp;&nbsp;&nbsp; Znamen\u00e1 to, \u017ee d\u00edky rodinn\u00e9mu \u0159et\u011bzci m\u00e1me kolem sebe st\u00e1le du\u0161e sv\u00fdch p\u0159edk\u016f, kter\u00e9 n\u00e1m mohou pom\u00e1hat n\u00e9st rodov\u00fd \u00fad\u011bl, nebo ho \u0159e\u0161it?Vn\u00edm\u00e1m to tak, \u017ee jde o \u0159et\u011bzce, kter\u00e9 maj\u00ed ur\u010dit\u00fd \u00fakol. Na\u0161i nevt\u011blen\u00ed p\u0159edkov\u00e9 jsou sou\u010d\u00e1st\u00ed neviditeln\u00e9ho t\u00fdmu, kter\u00fd n\u00e1m pom\u00e1h\u00e1, vytv\u00e1\u0159\u00ed synchronicity, ukazuje v&nbsp;mnoha symbolik\u00e1ch cestu, prostupuje do sn\u016f, p\u0159ipravuje n\u00e1m \u201en\u00e1hody\u201c, abychom se vyv\u00edjeli. Pokud m\u00e1me o\u010di otev\u0159en\u00e9, m\u016f\u017eeme tyto impulsy p\u0159ij\u00edmat s&nbsp;vd\u011b\u010dnost\u00ed a realizovat je ve&nbsp;hmotn\u00e9m sv\u011bt\u011b. Pokud n\u00e1m n\u011bkdo pro n\u00e1s d\u016fle\u017eit\u00fd zem\u0159e, neznamen\u00e1 to, \u017ee je od n\u00e1s daleko. M\u016f\u017eeme jej vn\u00edmat, a jeho nov\u00fd, zcela jin\u00fd vliv n\u00e1m m\u016f\u017ee pomoci nejen v&nbsp;na\u0161em vlastn\u00edm byt\u00ed, ale i v&nbsp;r\u00e1mci rodu. Berme to v\u0161ak sp\u00ed\u0161e jako neprok\u00e1zanou, i kdy\u017e i logickou teorii, ov\u0161em nepotvrzenou, proto\u017ee z&nbsp;t\u011bchto m\u00edst se zp\u011bt nikdo je\u0161t\u011b nevr\u00e1til\u2026 leda v&nbsp;dal\u0161\u00ed inkarnaci, a t\u00edm i v&nbsp;zapomn\u011bn\u00ed. Mnoho lid\u00ed m\u00e1 sv\u016fj \u201educha\u0159sk\u00fd p\u0159\u00edb\u011bh\u201c. Zjevil se mu n\u011bkter\u00fd zem\u0159el\u00fd p\u0159edek atd. \u010c\u00edm je \u010dlov\u011bk vn\u00edmav\u011bj\u0161\u00ed, t\u00edm je vz\u00e1jemn\u00e9 spojen\u00ed z\u0159eteln\u011bj\u0161\u00ed&#8230; Cel\u00fd rozs\u00e1hl\u00fd rozhovor si p\u0159e\u010dtete v b\u0159eznov\u00e9 Medu\u0148ce.<\/p>\n","protected":false},"author":3,"featured_media":10930,"comment_status":"closed","ping_status":"closed","sticky":false,"template":"","format":"standard","meta":{"footnotes":""},"categories":[1,31],"tags":[],"class_list":["post-10942","post","type-post","status-publish","format-standard","has-post-thumbnail","hentry","category-medunka","category-pro-inspiraci"],"acf":[],"_links":{"self":[{"href":"https:\/\/www.mojemedunka.cz\/index.php\/wp-json\/wp\/v2\/posts\/10942","targetHints":{"allow":["GET"]}}],"collection":[{"href":"https:\/\/www.mojemedunka.cz\/index.php\/wp-json\/wp\/v2\/posts"}],"about":[{"href":"https:\/\/www.mojemedunka.cz\/index.php\/wp-json\/wp\/v2\/types\/post"}],"author":[{"embeddable":true,"href":"https:\/\/www.mojemedunka.cz\/index.php\/wp-json\/wp\/v2\/users\/3"}],"replies":[{"embeddable":true,"href":"https:\/\/www.mojemedunka.cz\/index.php\/wp-json\/wp\/v2\/comments?post=10942"}],"version-history":[{"count":3,"href":"https:\/\/www.mojemedunka.cz\/index.php\/wp-json\/wp\/v2\/posts\/10942\/revisions"}],"predecessor-version":[{"id":10945,"href":"https:\/\/www.mojemedunka.cz\/index.php\/wp-json\/wp\/v2\/posts\/10942\/revisions\/10945"}],"wp:featuredmedia":[{"embeddable":true,"href":"https:\/\/www.mojemedunka.cz\/index.php\/wp-json\/wp\/v2\/media\/10930"}],"wp:attachment":[{"href":"https:\/\/www.mojemedunka.cz\/index.php\/wp-json\/wp\/v2\/media?parent=10942"}],"wp:term":[{"taxonomy":"category","embeddable":true,"href":"https:\/\/www.mojemedunka.cz\/index.php\/wp-json\/wp\/v2\/categories?post=10942"},{"taxonomy":"post_tag","embeddable":true,"href":"https:\/\/www.mojemedunka.cz\/index.php\/wp-json\/wp\/v2\/tags?post=10942"}],"curies":[{"name":"wp","href":"https:\/\/api.w.org\/{rel}","templated":true}]}}