{"id":10303,"date":"2024-09-13T06:00:00","date_gmt":"2024-09-13T06:00:00","guid":{"rendered":"https:\/\/www.mojemedunka.cz\/?p=10303"},"modified":"2024-09-12T11:49:46","modified_gmt":"2024-09-12T11:49:46","slug":"nebojte-se-trinactky","status":"publish","type":"post","link":"https:\/\/www.mojemedunka.cz\/index.php\/2024\/09\/13\/nebojte-se-trinactky\/","title":{"rendered":"Nebojme se t\u0159in\u00e1ctky!"},"content":{"rendered":"\n<p><strong>Jste tak\u00e9 aspo\u0148 trochu pov\u011br\u010div\u00ed? Pokud ano, mo\u017en\u00e1 se v\u00e1m nel\u00edb\u00ed dne\u0161n\u00ed datum &#8211; p\u00e1tek 13.  <\/strong><br>Podle <em><strong>Lun\u00e1rn\u00edho kalend\u00e1\u0159e Kr\u00e1sn\u00e9 pan\u00ed<\/strong><\/em> je ov\u0161em dne\u0161n\u00ed den <strong>DNEM \u010cOKOL\u00c1DY (!) a tak\u00e9 DNEM POZITIVN\u00cdHO MY\u0160LEN\u00cd!!<\/strong> Oboj\u00ed je dobr\u00e9, v \u010dokol\u00e1d\u011b je obsa\u017een pro zdrav\u00fd nezbytn\u00fd ho\u0159\u010d\u00edk (jak jsme se dozv\u011bd\u011bli v \u010dl\u00e1nku publikovan\u00e9ho tuto st\u0159edu) a o d\u016fle\u017eitosti pozitivn\u00edho my\u0161len\u00ed snad u\u017e ani nikdo nepochybuje&#8230; <strong>Tak\u017ee &#8211; hlavu vzh\u016fru, kousek \u010dokol\u00e1dy a pozitivn\u00ed my\u0161lenky n\u00e1s provedou cel\u00fdm dne\u0161n\u00edm dnem! <\/strong><\/p>\n\n\n\n<p><\/p>\n","protected":false},"excerpt":{"rendered":"<p>Jste tak\u00e9 aspo\u0148 trochu pov\u011br\u010div\u00ed? Pokud ano, mo\u017en\u00e1 se v\u00e1m nel\u00edb\u00ed dne\u0161n\u00ed datum &#8211; p\u00e1tek 13. Podle Lun\u00e1rn\u00edho kalend\u00e1\u0159e Kr\u00e1sn\u00e9 pan\u00ed je ov\u0161em dne\u0161n\u00ed den DNEM \u010cOKOL\u00c1DY (!) a tak\u00e9 DNEM POZITIVN\u00cdHO MY\u0160LEN\u00cd!! Oboj\u00ed je dobr\u00e9, v \u010dokol\u00e1d\u011b je obsa\u017een pro zdrav\u00fd nezbytn\u00fd ho\u0159\u010d\u00edk (jak jsme se dozv\u011bd\u011bli v \u010dl\u00e1nku publikovan\u00e9ho tuto st\u0159edu) a o d\u016fle\u017eitosti pozitivn\u00edho my\u0161len\u00ed snad u\u017e ani nikdo nepochybuje&#8230; Tak\u017ee &#8211; hlavu vzh\u016fru, kousek \u010dokol\u00e1dy a pozitivn\u00ed my\u0161lenky n\u00e1s provedou cel\u00fdm dne\u0161n\u00edm dnem!<\/p>\n","protected":false},"author":3,"featured_media":10305,"comment_status":"closed","ping_status":"closed","sticky":false,"template":"","format":"standard","meta":{"footnotes":""},"categories":[134,1],"tags":[],"class_list":["post-10303","post","type-post","status-publish","format-standard","has-post-thumbnail","hentry","category-ctenarska-sekce","category-medunka"],"acf":[],"_links":{"self":[{"href":"https:\/\/www.mojemedunka.cz\/index.php\/wp-json\/wp\/v2\/posts\/10303","targetHints":{"allow":["GET"]}}],"collection":[{"href":"https:\/\/www.mojemedunka.cz\/index.php\/wp-json\/wp\/v2\/posts"}],"about":[{"href":"https:\/\/www.mojemedunka.cz\/index.php\/wp-json\/wp\/v2\/types\/post"}],"author":[{"embeddable":true,"href":"https:\/\/www.mojemedunka.cz\/index.php\/wp-json\/wp\/v2\/users\/3"}],"replies":[{"embeddable":true,"href":"https:\/\/www.mojemedunka.cz\/index.php\/wp-json\/wp\/v2\/comments?post=10303"}],"version-history":[{"count":5,"href":"https:\/\/www.mojemedunka.cz\/index.php\/wp-json\/wp\/v2\/posts\/10303\/revisions"}],"predecessor-version":[{"id":10309,"href":"https:\/\/www.mojemedunka.cz\/index.php\/wp-json\/wp\/v2\/posts\/10303\/revisions\/10309"}],"wp:featuredmedia":[{"embeddable":true,"href":"https:\/\/www.mojemedunka.cz\/index.php\/wp-json\/wp\/v2\/media\/10305"}],"wp:attachment":[{"href":"https:\/\/www.mojemedunka.cz\/index.php\/wp-json\/wp\/v2\/media?parent=10303"}],"wp:term":[{"taxonomy":"category","embeddable":true,"href":"https:\/\/www.mojemedunka.cz\/index.php\/wp-json\/wp\/v2\/categories?post=10303"},{"taxonomy":"post_tag","embeddable":true,"href":"https:\/\/www.mojemedunka.cz\/index.php\/wp-json\/wp\/v2\/tags?post=10303"}],"curies":[{"name":"wp","href":"https:\/\/api.w.org\/{rel}","templated":true}]}}