{"id":10221,"date":"2024-08-23T06:00:00","date_gmt":"2024-08-23T06:00:00","guid":{"rendered":"https:\/\/www.mojemedunka.cz\/?p=10221"},"modified":"2024-08-07T12:46:02","modified_gmt":"2024-08-07T12:46:02","slug":"kdo-je-stastny-je-i-zdravy-peclive-zakryvany-des","status":"publish","type":"post","link":"https:\/\/www.mojemedunka.cz\/index.php\/2024\/08\/23\/kdo-je-stastny-je-i-zdravy-peclive-zakryvany-des\/","title":{"rendered":"Kdo je \u0161\u0165astn\u00fd, je i zdrav\u00fd: Pe\u010dliv\u011b zakr\u00fdvan\u00fd d\u011bs"},"content":{"rendered":"\n<p><strong>12. kapitola z knihy dr. Petra Novotn\u00e9ho <em>Kdo je \u0161\u0165astn\u00fd, je i zdrav\u00fd<\/em> informuje o nep\u0159\u00edli\u0161 radostn\u00e9 realit\u011b. Co ud\u011bl\u00e1me, aby se tyto informace v budoucnu net\u00fdkaly i n\u00e1s?  <\/strong><\/p>\n\n\n\n<p><\/p>\n\n\n\n<p><strong>Z\u00e1va\u017en\u011b nemocn\u00fd je ne\u0161\u0165astn\u00fd<\/strong> a c\u00edt\u00ed se osamocen, by\u0165 \u017eije p\u0159\u00edpadn\u011b s\u00a0partnerem a m\u00edv\u00e1 d\u011bti, vlastn\u00ed vilu s baz\u00e9nem i vlivn\u00e9 konto v\u00a0bance.<br>Rozli\u010dn\u00e1 zdravotn\u00ed str\u00e1d\u00e1n\u00ed b\u00fdvaj\u00ed pov\u011bt\u0161inou skr\u00fdv\u00e1na v\u00a0hlav\u00e1ch nemocn\u00fdch anebo jsou ukryta ve \u0161pit\u00e1lech, pe\u010dovatelsk\u00fdch domech, odleh\u010dovac\u00edch za\u0159\u00edzen\u00edch, v\u00a0alzheimercentrech, eld\u00e9enk\u00e1ch anebo v\u00a0do\u017eivotn\u00edch bytov\u00fdch v\u011bznic\u00edch.<br>Klient, jen\u017e trp\u011bl pokro\u010dilou Alzheimerovou\u00a0 nemoc\u00ed, mi ve sv\u00e9 jasn\u011bj\u0161\u00ed chvilce za\u0161eptal: \u201eCel\u00fd \u017eivot jsem naplno pracoval, dnes z\u00e1sluhou Alzheimera ve v\u0161ech ohledech naplno odpo\u010d\u00edv\u00e1m\u2026\u201c<br><strong>Ne\u0161\u0165astn\u00fdch, t\u011b\u017ece nemocn\u00fdch a trp\u00edc\u00edch jsou v \u010cR \u00a0miliony. M\u00e1lokdo si p\u0159\u00edtomnost tak obrovsk\u00e9 masy str\u00e1daj\u00edc\u00edch anebo s\u00edlu jejich bezmoci a beznad\u011bje uv\u011bdomuje.<\/strong><br>Za masou \u00a0chronicky trp\u00edc\u00edch a za nemocn\u00fdmi nestoj\u00ed \u017e\u00e1dn\u00ed optimisti\u010dt\u00ed spasitel\u00e9 ani brilantn\u00ed mluv\u010d\u00ed. Trp\u00ed na vlastn\u00ed p\u011bst mnohdy v skrytu. O jejich mno\u017estv\u00ed se ve\u0159ejn\u011b nemluv\u00ed, proto\u017ee jsou \u0161patn\u00fdm sv\u011bdom\u00edm n\u00e1s v\u0161ech v\u010detn\u011b nemor\u00e1ln\u00edch statistik\u016f a profesion\u00e1ln\u00edch lh\u00e1\u0159\u016f, jim\u017e chyb\u00ed v\u011bdom\u00ed \u0161ir\u0161\u00edch souvislost\u00ed.<br>Masy nemocn\u00fdch nezahlcuj\u00ed sv\u00fdmi \u00fatrpn\u00fdmi p\u0159\u00edb\u011bhy internetov\u00e9 port\u00e1ly, nezakl\u00e1d\u00e1j\u00ed n\u00e1tlakov\u00e1 ani lobbystick\u00e1 sdru\u017een\u00ed, \u00a0nesvol\u00e1vaj\u00ed sjezdy str\u00e1daj\u00edc\u00edch a nevol\u00ed ani svoje \u00fatrpn\u00e9 p\u0159edsednictvo.<br>I kdy\u017e vyjdou n\u011bkte\u0159\u00ed z nich do ulic, nelze na nich na prvn\u00ed pohled poznat, \u017ee trp\u00ed depresemi, bezv\u00fdchodnou diagn\u00f3zou, \u00fazkost\u00ed, rakovinou anebo p\u0159em\u00fd\u0161lej\u00ed o sebevra\u017ed\u011b. Neprobouzej\u00ed valnou pozornost, proto\u017ee soci\u00e1ln\u011b nevl\u00eddn\u00e9, \u00fatrpn\u00e9 anebo dokonce stra\u0161ideln\u00e9 \u0161krabo\u0161ky jsou v dne\u0161ku m\u00f3dn\u00ed, tak\u017ee je nos\u00ed kdekdo. \u00a0<br><strong>A i kdyby p\u0159esto jednoho dne vyrazili v\u0161ichni \u010de\u0161t\u00ed t\u011b\u017ece nemocn\u00ed, l\u00e9\u010den\u00ed a psychicky hendikepovan\u00ed do ulic, neve\u0161li by se na n\u011bkolik Letn\u00fdch ani na deset V\u00e1clav\u00e1k\u016f.<\/strong><br>Vzdor hejn\u016fm specialist\u016f, r\u00e1dc\u016f, vylep\u0161ovatel\u016f, spasitel\u016f a\u00a0 zachr\u00e1nc\u016f, nal\u00e9z\u00e1me jen m\u00e1lo vskutku zachr\u00e1n\u011bn\u00fdch, co\u017e znamen\u00e1 \u0161\u0165astn\u00fdch, soci\u00e1ln\u00edch, nestresovan\u00fdch, emo\u010dn\u011b\u00a0 vylad\u011bn\u00fdch a na soci\u00e1ln\u00edch instituc\u00edch nez\u00e1visl\u00fdch jedinc\u016f.<br><strong>Tak\u00e9 pevn\u00e9 zdrav\u00ed se v dne\u0161ku stalo u\u017e vz\u00e1cnou hodnotou, proto\u017ee nemocn\u00ed, preventivn\u011b a dlouhodob\u011b l\u00e9\u010den\u00ed jsou u n\u00e1s m\u00e1lem u\u017e v p\u0159esile. (www.uzis.cz)<\/strong><br><strong>P\u0159esto jen m\u00e1lokdo p\u0159ipust\u00ed, \u017ee se na k\u0159\u00ed\u017e sv\u00e9 nemoci pom\u00e1hal p\u0159ib\u00edt s\u00e1m a p\u0159inesl si k\u00a0tomuto \u00fa\u010delu na svou zdravotn\u00ed golgotu vlastn\u00ed kladivo i h\u0159eby.<\/strong><br>Rychle se p\u0159ibli\u017euje okam\u017eik, kdy se u n\u00e1s bude <strong>pe\u010dovat o milion onkologicky nemocn\u00fdch.<\/strong> Na rakovinu v\u00a0sou\u010dasn\u00e9 dob\u011b um\u00edr\u00e1 v\u00a0\u010cR ka\u017ed\u00fd den p\u0159ibli\u017en\u011b 80 nemocn\u00fdch, a \u00a0u\u017e brzy bude h\u016f\u0159.<br>U\u017e p\u0159ed lety p\u0159es\u00e1hl v \u010cR <strong>po\u010det preventivn\u011b l\u00e9\u010den\u00fdch a l\u00e9\u010den\u00fdch s nemocemi srdce a ob\u011bhov\u00e9ho syst\u00e9mu dvou a p\u016fl milion\u016f.<\/strong><br>Po\u010det onemocn\u011bl\u00fdch diabetem <strong>p\u0159es\u00e1hl u\u017e d\u00e1vno milion t\u0159i sta tis\u00edc. <\/strong>Tak\u00e9 <strong>statis\u00edce depresivn\u00edch pacient\u016f polykaj\u00ed ka\u017edodenn\u011b antidepresiva<\/strong>, bez nich\u017e se pov\u011bt\u0161inou u\u017e nedok\u00e1\u017eou obej\u00edt.<br>Uv\u00e1d\u011bn\u00e9 po\u010dty t\u011b\u017ece nemocn\u00fdch\u00a0 nelze\u00a0 objektivn\u011b s\u010d\u00edtat, proto\u017ee mohou b\u00fdt u \u010d\u00e1sti nemocn\u00fdch dublov\u00e1ny. V\u00fdjimkou nen\u00ed nemocn\u00fd jen\u017e trp\u00ed diabetem, rakovinou i poruchami ob\u011bhov\u00e9ho syst\u00e9mu.<br>N\u011bco v\u0161ak \u00a0se\u010d\u00edst lze. Nadv\u00e1hou a obezitou trp\u00ed 60 % \u010desk\u00e9 dosp\u011bl\u00e9 populace. Ob\u017eerstv\u00ed b\u00fdv\u00e1 v p\u0159evaze n\u00e1sledkem stresu, jen\u017ee nadv\u00e1ha nebo obezita tento stres je\u0161t\u011b zn\u00e1sob\u00ed.<br>Obezita zvy\u0161uje riziko zjeven\u00ed \u0159ady nebezpe\u010dn\u00fdch chorob, zejm\u00e9na kardiovaskul\u00e1rn\u00edch (ischemick\u00e1 choroba srde\u010dn\u00ed, arteri\u00e1ln\u00ed hypertenze, srde\u010dn\u00ed selh\u00e1n\u00ed, c\u00e9vn\u00ed mozkov\u00e1 p\u0159\u00edhoda).\u00a0<br>Ob\u00e9zn\u00ed se st\u00e1vaj\u00ed spolehliv\u011bji cukrovk\u00e1\u0159i, \u010dast\u011bji trp\u00ed i zhoubn\u00fdmi n\u00e1dory, nap\u0159\u00edklad rakovinou tlust\u00e9ho st\u0159eva \u00a0anebo rakovinou ledvin. \u00a0<br>O hr\u016fzn\u00e9m po\u010dtu d\u011bt\u00ed s\u00a0nadv\u00e1hou a obezitou a o jejich neodvratiteln\u00e9m dosp\u011bl\u00e9m zdravotn\u00edm \u00fad\u011blu rad\u011bji\u00a0 nehovo\u0159it, proto\u017ee by museli b\u00fdt obvin\u011bni jejich rodi\u010de.<br>Pokud n\u011bkdo z\u016fst\u00e1v\u00e1 v\u00a0t\u011bchto statistick\u00fdch ohledech je\u0161t\u011b optimistou a v\u011b\u0159\u00ed v\u00a0lep\u0161\u00ed p\u0159\u00ed\u0161t\u00ed, m\u011bl by se z\u00a0t\u00e9to lehkomyslnosti \u00a0ve\u0159ejn\u011b k\u00e1t.<br><br><strong>Slova klientky Anny&#8230;<\/strong><br>V\u00fd\u0161e citovan\u00e1 29let\u00e1 klientka Anna, kter\u00e9 mezit\u00edm p\u0159ibyly metast\u00e1zy do jater, mi p\u0159i osobn\u00ed n\u00e1v\u0161t\u011bv\u011b \u0159ekla:<br>\u201eZa posledn\u00edch p\u00e1r m\u011bs\u00edc\u016f jsem p\u0159e\u010detla knihy o lidech, kte\u0159\u00ed p\u0159e\u017eili nevyl\u00e9\u010ditelnou nemoc a jakoby &#8222;z\u00e1zrakem\u201d se uzdravili. V\u011b\u0159\u00edm, \u017ee je to mo\u017en\u00e9. Av\u0161ak neda\u0159\u00ed se mi to vzt\u00e1hnout na sebe, proto\u017ee jsem si jista, \u017ee se m\u011b takov\u00e9 \u0161t\u011bst\u00ed net\u00fdk\u00e1 a nikdy se m\u011b ani net\u00fdkalo. Nejsem schopna v\u00a0t\u011bchto knih\u00e1ch nal\u00e9zt svoje p\u0159\u00ed\u0161t\u00ed my\u0161lenky ani emoce, v\u00a0hlav\u011b mi hrabou st\u00e1le jen ty star\u00e9 a \u0161kodliv\u00e9. T\u011bch se zbavit nelze. Aspo\u0148 v\u00a0sob\u011b burcuji, sp\u00ed\u0161e v\u0161ak ne\u00fasp\u011b\u0161n\u011b\u00a0 v\u00edru, \u017ee se mi to poda\u0159\u00ed. Ned\u00e1vno m\u011b \u00a0bohu\u017eel napadlo, \u017ee jsem s tou nemoci i se sv\u00fdm neodvratiteln\u00fdm smrteln\u00fdm \u00fad\u011blem vlastn\u011b spokojen\u00e1. Najednou jsem n\u011b\u010d\u00edm zaj\u00edmav\u00e1, ostatn\u00ed jsou ke mn\u011b pozorn\u00ed, ohledupln\u00ed, a u\u017e nic v\u00fdznamn\u00e9ho po mn\u011b necht\u011bj\u00ed, a a\u017e spadne opona, nebudu u\u017e ni\u010d\u00edm str\u00e1dat.<br>V\u017edycky jsem tou\u017eila b\u00fdt n\u011b\u010d\u00edm v\u00fdjime\u010dn\u00e1, a\u0165 u\u017e vychrtlost\u00ed v\u00a0d\u016fsledku ment\u00e1ln\u00ed anorexie, pracovn\u00ed v\u00fdkonnost\u00ed, perfektn\u00ed znalost\u00ed angli\u010dtiny a francouz\u0161tiny nebo jinou vn\u011bj\u0161\u00ed odli\u0161nosti. No a te\u010f jsem v\u0161eho toho vysn\u011bn\u00e9ho kone\u010dn\u011b dos\u00e1hla, jsem v\u00fdjime\u010dn\u00e1 takzvan\u011b na druhou, zhoubnou nemoc\u00ed a neodvratiteln\u00fdm \u00fad\u011blem.\u201c<br><strong>P\u0159\u00edb\u011bh t\u00e9to citliv\u00e9, inteligentn\u00ed a vzd\u011blan\u00e9 mlad\u00e9 \u017eeny vyhl\u00ed\u017e\u00ed jako m\u00e1lem u\u017e \u00fasp\u011b\u0161n\u00fd pokus o sebevra\u017edu s\u00a0dopomoc\u00ed rakoviny, jako \u00fat\u011bk z\u00a0nesnesiteln\u00e9ho \u017eivota.<\/strong><\/p>\n","protected":false},"excerpt":{"rendered":"<p>12. kapitola z knihy dr. Petra Novotn\u00e9ho Kdo je \u0161\u0165astn\u00fd, je i zdrav\u00fd informuje o nep\u0159\u00edli\u0161 radostn\u00e9 realit\u011b. Co ud\u011bl\u00e1me, aby se tyto informace v budoucnu net\u00fdkaly i n\u00e1s? Z\u00e1va\u017en\u011b nemocn\u00fd je ne\u0161\u0165astn\u00fd a c\u00edt\u00ed se osamocen, by\u0165 \u017eije p\u0159\u00edpadn\u011b s\u00a0partnerem a m\u00edv\u00e1 d\u011bti, vlastn\u00ed vilu s baz\u00e9nem i vlivn\u00e9 konto v\u00a0bance.Rozli\u010dn\u00e1 zdravotn\u00ed str\u00e1d\u00e1n\u00ed b\u00fdvaj\u00ed pov\u011bt\u0161inou skr\u00fdv\u00e1na v\u00a0hlav\u00e1ch nemocn\u00fdch anebo jsou ukryta ve \u0161pit\u00e1lech, pe\u010dovatelsk\u00fdch domech, odleh\u010dovac\u00edch za\u0159\u00edzen\u00edch, v\u00a0alzheimercentrech, eld\u00e9enk\u00e1ch anebo v\u00a0do\u017eivotn\u00edch bytov\u00fdch v\u011bznic\u00edch.Klient, jen\u017e trp\u011bl pokro\u010dilou Alzheimerovou\u00a0 nemoc\u00ed, mi ve sv\u00e9 jasn\u011bj\u0161\u00ed chvilce za\u0161eptal: \u201eCel\u00fd \u017eivot jsem naplno pracoval, dnes z\u00e1sluhou Alzheimera ve v\u0161ech ohledech naplno odpo\u010d\u00edv\u00e1m\u2026\u201cNe\u0161\u0165astn\u00fdch, t\u011b\u017ece nemocn\u00fdch a trp\u00edc\u00edch jsou v \u010cR \u00a0miliony. M\u00e1lokdo si p\u0159\u00edtomnost tak obrovsk\u00e9 masy str\u00e1daj\u00edc\u00edch anebo s\u00edlu jejich bezmoci a beznad\u011bje uv\u011bdomuje.Za masou \u00a0chronicky trp\u00edc\u00edch a za nemocn\u00fdmi nestoj\u00ed \u017e\u00e1dn\u00ed optimisti\u010dt\u00ed spasitel\u00e9 ani brilantn\u00ed mluv\u010d\u00ed. Trp\u00ed na vlastn\u00ed p\u011bst mnohdy v skrytu. O jejich mno\u017estv\u00ed se ve\u0159ejn\u011b nemluv\u00ed, proto\u017ee jsou \u0161patn\u00fdm sv\u011bdom\u00edm n\u00e1s v\u0161ech v\u010detn\u011b nemor\u00e1ln\u00edch statistik\u016f a profesion\u00e1ln\u00edch lh\u00e1\u0159\u016f, jim\u017e chyb\u00ed v\u011bdom\u00ed \u0161ir\u0161\u00edch souvislost\u00ed.Masy nemocn\u00fdch nezahlcuj\u00ed sv\u00fdmi \u00fatrpn\u00fdmi p\u0159\u00edb\u011bhy internetov\u00e9 port\u00e1ly, nezakl\u00e1d\u00e1j\u00ed n\u00e1tlakov\u00e1 ani lobbystick\u00e1 sdru\u017een\u00ed, \u00a0nesvol\u00e1vaj\u00ed sjezdy str\u00e1daj\u00edc\u00edch a nevol\u00ed ani svoje \u00fatrpn\u00e9 p\u0159edsednictvo.I kdy\u017e vyjdou n\u011bkte\u0159\u00ed z nich do ulic, nelze na nich na prvn\u00ed pohled poznat, \u017ee trp\u00ed depresemi, bezv\u00fdchodnou diagn\u00f3zou, \u00fazkost\u00ed, rakovinou anebo p\u0159em\u00fd\u0161lej\u00ed o sebevra\u017ed\u011b. Neprobouzej\u00ed valnou pozornost, proto\u017ee soci\u00e1ln\u011b nevl\u00eddn\u00e9, \u00fatrpn\u00e9 anebo dokonce stra\u0161ideln\u00e9 \u0161krabo\u0161ky jsou v dne\u0161ku m\u00f3dn\u00ed, tak\u017ee je nos\u00ed kdekdo. \u00a0A i kdyby p\u0159esto jednoho dne vyrazili v\u0161ichni \u010de\u0161t\u00ed t\u011b\u017ece nemocn\u00ed, l\u00e9\u010den\u00ed a psychicky hendikepovan\u00ed do ulic, neve\u0161li by se na n\u011bkolik Letn\u00fdch ani na deset V\u00e1clav\u00e1k\u016f.Vzdor hejn\u016fm specialist\u016f, r\u00e1dc\u016f, vylep\u0161ovatel\u016f, spasitel\u016f a\u00a0 zachr\u00e1nc\u016f, nal\u00e9z\u00e1me jen m\u00e1lo vskutku zachr\u00e1n\u011bn\u00fdch, co\u017e znamen\u00e1 \u0161\u0165astn\u00fdch, soci\u00e1ln\u00edch, nestresovan\u00fdch, emo\u010dn\u011b\u00a0 vylad\u011bn\u00fdch a na soci\u00e1ln\u00edch instituc\u00edch nez\u00e1visl\u00fdch jedinc\u016f.Tak\u00e9 pevn\u00e9 zdrav\u00ed se v dne\u0161ku stalo u\u017e vz\u00e1cnou hodnotou, proto\u017ee nemocn\u00ed, preventivn\u011b a dlouhodob\u011b l\u00e9\u010den\u00ed jsou u n\u00e1s m\u00e1lem u\u017e v p\u0159esile. (www.uzis.cz)P\u0159esto jen m\u00e1lokdo p\u0159ipust\u00ed, \u017ee se na k\u0159\u00ed\u017e sv\u00e9 nemoci pom\u00e1hal p\u0159ib\u00edt s\u00e1m a p\u0159inesl si k\u00a0tomuto \u00fa\u010delu na svou zdravotn\u00ed golgotu vlastn\u00ed kladivo i h\u0159eby.Rychle se p\u0159ibli\u017euje okam\u017eik, kdy se u n\u00e1s bude pe\u010dovat o milion onkologicky nemocn\u00fdch. Na rakovinu v\u00a0sou\u010dasn\u00e9 dob\u011b um\u00edr\u00e1 v\u00a0\u010cR ka\u017ed\u00fd den p\u0159ibli\u017en\u011b 80 nemocn\u00fdch, a \u00a0u\u017e brzy bude h\u016f\u0159.U\u017e p\u0159ed lety p\u0159es\u00e1hl v \u010cR po\u010det preventivn\u011b l\u00e9\u010den\u00fdch a l\u00e9\u010den\u00fdch s nemocemi srdce a ob\u011bhov\u00e9ho syst\u00e9mu dvou a p\u016fl milion\u016f.Po\u010det onemocn\u011bl\u00fdch diabetem p\u0159es\u00e1hl u\u017e d\u00e1vno milion t\u0159i sta tis\u00edc. Tak\u00e9 statis\u00edce depresivn\u00edch pacient\u016f polykaj\u00ed ka\u017edodenn\u011b antidepresiva, bez nich\u017e se pov\u011bt\u0161inou u\u017e nedok\u00e1\u017eou obej\u00edt.Uv\u00e1d\u011bn\u00e9 po\u010dty t\u011b\u017ece nemocn\u00fdch\u00a0 nelze\u00a0 objektivn\u011b s\u010d\u00edtat, proto\u017ee mohou b\u00fdt u \u010d\u00e1sti nemocn\u00fdch dublov\u00e1ny. V\u00fdjimkou nen\u00ed nemocn\u00fd jen\u017e trp\u00ed diabetem, rakovinou i poruchami ob\u011bhov\u00e9ho syst\u00e9mu.N\u011bco v\u0161ak \u00a0se\u010d\u00edst lze. Nadv\u00e1hou a obezitou trp\u00ed 60 % \u010desk\u00e9 dosp\u011bl\u00e9 populace. Ob\u017eerstv\u00ed b\u00fdv\u00e1 v p\u0159evaze n\u00e1sledkem stresu, jen\u017ee nadv\u00e1ha nebo obezita tento stres je\u0161t\u011b zn\u00e1sob\u00ed.Obezita zvy\u0161uje riziko zjeven\u00ed \u0159ady nebezpe\u010dn\u00fdch chorob, zejm\u00e9na kardiovaskul\u00e1rn\u00edch (ischemick\u00e1 choroba srde\u010dn\u00ed, arteri\u00e1ln\u00ed hypertenze, srde\u010dn\u00ed selh\u00e1n\u00ed, c\u00e9vn\u00ed mozkov\u00e1 p\u0159\u00edhoda).\u00a0Ob\u00e9zn\u00ed se st\u00e1vaj\u00ed spolehliv\u011bji cukrovk\u00e1\u0159i, \u010dast\u011bji trp\u00ed i zhoubn\u00fdmi n\u00e1dory, nap\u0159\u00edklad rakovinou tlust\u00e9ho st\u0159eva \u00a0anebo rakovinou ledvin. \u00a0O hr\u016fzn\u00e9m po\u010dtu d\u011bt\u00ed s\u00a0nadv\u00e1hou a obezitou a o jejich neodvratiteln\u00e9m dosp\u011bl\u00e9m zdravotn\u00edm \u00fad\u011blu rad\u011bji\u00a0 nehovo\u0159it, proto\u017ee by museli b\u00fdt obvin\u011bni jejich rodi\u010de.Pokud n\u011bkdo z\u016fst\u00e1v\u00e1 v\u00a0t\u011bchto statistick\u00fdch ohledech je\u0161t\u011b optimistou a v\u011b\u0159\u00ed v\u00a0lep\u0161\u00ed p\u0159\u00ed\u0161t\u00ed, m\u011bl by se z\u00a0t\u00e9to lehkomyslnosti \u00a0ve\u0159ejn\u011b k\u00e1t. Slova klientky Anny&#8230;V\u00fd\u0161e citovan\u00e1 29let\u00e1 klientka Anna, kter\u00e9 mezit\u00edm p\u0159ibyly metast\u00e1zy do jater, mi p\u0159i osobn\u00ed n\u00e1v\u0161t\u011bv\u011b \u0159ekla:\u201eZa posledn\u00edch p\u00e1r m\u011bs\u00edc\u016f jsem p\u0159e\u010detla knihy o lidech, kte\u0159\u00ed p\u0159e\u017eili nevyl\u00e9\u010ditelnou nemoc a jakoby &#8222;z\u00e1zrakem\u201d se uzdravili. V\u011b\u0159\u00edm, \u017ee je to mo\u017en\u00e9. Av\u0161ak neda\u0159\u00ed se mi to vzt\u00e1hnout na sebe, proto\u017ee jsem si jista, \u017ee se m\u011b takov\u00e9 \u0161t\u011bst\u00ed net\u00fdk\u00e1 a nikdy se m\u011b ani net\u00fdkalo. Nejsem schopna v\u00a0t\u011bchto knih\u00e1ch nal\u00e9zt svoje p\u0159\u00ed\u0161t\u00ed my\u0161lenky ani emoce, v\u00a0hlav\u011b mi hrabou st\u00e1le jen ty star\u00e9 a \u0161kodliv\u00e9. T\u011bch se zbavit nelze. Aspo\u0148 v\u00a0sob\u011b burcuji, sp\u00ed\u0161e v\u0161ak ne\u00fasp\u011b\u0161n\u011b\u00a0 v\u00edru, \u017ee se mi to poda\u0159\u00ed. Ned\u00e1vno m\u011b \u00a0bohu\u017eel napadlo, \u017ee jsem s tou nemoci i se sv\u00fdm neodvratiteln\u00fdm smrteln\u00fdm \u00fad\u011blem vlastn\u011b spokojen\u00e1. Najednou jsem n\u011b\u010d\u00edm zaj\u00edmav\u00e1, ostatn\u00ed jsou ke mn\u011b pozorn\u00ed, ohledupln\u00ed, a u\u017e nic v\u00fdznamn\u00e9ho po mn\u011b necht\u011bj\u00ed, a a\u017e spadne opona, nebudu u\u017e ni\u010d\u00edm str\u00e1dat.V\u017edycky jsem tou\u017eila b\u00fdt n\u011b\u010d\u00edm v\u00fdjime\u010dn\u00e1, a\u0165 u\u017e vychrtlost\u00ed v\u00a0d\u016fsledku ment\u00e1ln\u00ed anorexie, pracovn\u00ed v\u00fdkonnost\u00ed, perfektn\u00ed znalost\u00ed angli\u010dtiny a francouz\u0161tiny nebo jinou vn\u011bj\u0161\u00ed odli\u0161nosti. No a te\u010f jsem v\u0161eho toho vysn\u011bn\u00e9ho kone\u010dn\u011b dos\u00e1hla, jsem v\u00fdjime\u010dn\u00e1 takzvan\u011b na druhou, zhoubnou nemoc\u00ed a neodvratiteln\u00fdm \u00fad\u011blem.\u201cP\u0159\u00edb\u011bh t\u00e9to citliv\u00e9, inteligentn\u00ed a vzd\u011blan\u00e9 mlad\u00e9 \u017eeny vyhl\u00ed\u017e\u00ed jako m\u00e1lem u\u017e \u00fasp\u011b\u0161n\u00fd pokus o sebevra\u017edu s\u00a0dopomoc\u00ed rakoviny, jako \u00fat\u011bk z\u00a0nesnesiteln\u00e9ho \u017eivota.<\/p>\n","protected":false},"author":3,"featured_media":9950,"comment_status":"closed","ping_status":"closed","sticky":false,"template":"","format":"standard","meta":{"footnotes":""},"categories":[1],"tags":[],"class_list":["post-10221","post","type-post","status-publish","format-standard","has-post-thumbnail","hentry","category-medunka"],"acf":[],"_links":{"self":[{"href":"https:\/\/www.mojemedunka.cz\/index.php\/wp-json\/wp\/v2\/posts\/10221","targetHints":{"allow":["GET"]}}],"collection":[{"href":"https:\/\/www.mojemedunka.cz\/index.php\/wp-json\/wp\/v2\/posts"}],"about":[{"href":"https:\/\/www.mojemedunka.cz\/index.php\/wp-json\/wp\/v2\/types\/post"}],"author":[{"embeddable":true,"href":"https:\/\/www.mojemedunka.cz\/index.php\/wp-json\/wp\/v2\/users\/3"}],"replies":[{"embeddable":true,"href":"https:\/\/www.mojemedunka.cz\/index.php\/wp-json\/wp\/v2\/comments?post=10221"}],"version-history":[{"count":2,"href":"https:\/\/www.mojemedunka.cz\/index.php\/wp-json\/wp\/v2\/posts\/10221\/revisions"}],"predecessor-version":[{"id":10224,"href":"https:\/\/www.mojemedunka.cz\/index.php\/wp-json\/wp\/v2\/posts\/10221\/revisions\/10224"}],"wp:featuredmedia":[{"embeddable":true,"href":"https:\/\/www.mojemedunka.cz\/index.php\/wp-json\/wp\/v2\/media\/9950"}],"wp:attachment":[{"href":"https:\/\/www.mojemedunka.cz\/index.php\/wp-json\/wp\/v2\/media?parent=10221"}],"wp:term":[{"taxonomy":"category","embeddable":true,"href":"https:\/\/www.mojemedunka.cz\/index.php\/wp-json\/wp\/v2\/categories?post=10221"},{"taxonomy":"post_tag","embeddable":true,"href":"https:\/\/www.mojemedunka.cz\/index.php\/wp-json\/wp\/v2\/tags?post=10221"}],"curies":[{"name":"wp","href":"https:\/\/api.w.org\/{rel}","templated":true}]}}